{"id":6833,"date":"2011-04-09T02:40:05","date_gmt":"2011-04-09T01:40:05","guid":{"rendered":"http:\/\/www.revue3emillenaire.com\/blog\/?p=6833"},"modified":"2011-09-17T22:30:39","modified_gmt":"2011-09-17T21:30:39","slug":"essai-de-philosophie-constructive-de-notre-temps-par-germaine-hannevart","status":"publish","type":"post","link":"https:\/\/www.revue3emillenaire.com\/blog\/essai-de-philosophie-constructive-de-notre-temps-par-germaine-hannevart\/","title":{"rendered":"Essai de Philosophie constructive de notre temps par Germaine Hannevart"},"content":{"rendered":"<p style=\"text-align: justify;\">(Revue Spiritualit\u00e9. No 50-51. Janvier-F\u00e9vrier 1949)<\/p>\n<p style=\"text-align: justify;\">\n<p style=\"text-align: right;\">\u00ab <em>Lass\u00e9 des mots, lass\u00e9 des livres, <\/em><\/p>\n<p style=\"text-align: right;\"><em>Qui ti\u00e9dissent la volont\u00e9,<\/em><\/p>\n<p style=\"text-align: right;\"><em>Je cherche, au fond de ma fiert\u00e9, <\/em><\/p>\n<p style=\"text-align: right;\"><em>L&rsquo;acte qui sauve et qui d\u00e9livre.<\/em> \u00bb<\/p>\n<p style=\"text-align: right;\">\u00c9mile VERHAEREN.<\/p>\n<p style=\"text-align: right;\">\u00ab Les Visages de la Vie\u00a0\u00bb<\/p>\n<p style=\"text-align: justify;\">\n<p style=\"text-align: justify;\">\n<p style=\"text-align: justify;\">Ivre du vertige de l&rsquo;infini, l&rsquo;homme cherche \u00e0 comprendre. Les Syst\u00e8mes de Philosophie savants et compliqu\u00e9s se succ\u00e8dent, \u00e9labor\u00e9s par les cerveaux les plus puissants, les plus abstraits, syst\u00e8mes qui font l&rsquo;objet de nos \u00e9tudes dans les universit\u00e9s, de nos recherches, de nos m\u00e9ditations, de nos discussions passionn\u00e9es. Mais, l\u2019\u00ab\u00a0Homme de la rue \u00bb, ignorant, qui s&rsquo;en soucie ?<\/p>\n<p style=\"text-align: justify;\">\n<p style=\"text-align: justify;\">Et d&rsquo;ailleurs, ce penseur \u00e9rudit, lourd de science, que la vie toute proche, palpitante et r\u00e9elle laisse presqu&rsquo;indiff\u00e9rent et ce savant qui, au soir de sa vie, d\u00e9couvre avec une sorte de d\u00e9sespoir, la vieillesse, la mort prochaine et la terreur de l&rsquo;au-del\u00e0, ont-ils une philosophie qui leur soit propre ?<\/p>\n<p style=\"text-align: justify;\">\n<p style=\"text-align: justify;\">Avoir \u00e9tudi\u00e9, \u00eatre \u00e9rudit, avoir enrichi l&rsquo;humanit\u00e9 de d\u00e9couvertes sensationnelles dont l&rsquo;application transforme la vie, c&rsquo;est infiniment respectable, mais nous parlons aujourd&rsquo;hui de Philosophie. Les abeilles font des nectars vari\u00e9s qu&rsquo;elles butinent, \u00ab\u00a0un miel qui est tout leur \u00bb.<\/p>\n<p style=\"text-align: justify;\">\n<p style=\"text-align: justify;\">Cela seul compte.<\/p>\n<p style=\"text-align: justify;\">\n<p style=\"text-align: justify;\">Chaque religion nous propose son explication du myst\u00e8re : \u00ab\u00a0D&rsquo;o\u00f9 venons-nous, o\u00f9 allons-nous ? \u00bb et sa philosophie et sa morale bas\u00e9es sur un cr\u00e9do imp\u00e9ratif. Mais&#8230; \u00ab Si les cieux sont d\u00e9serts \u00bb ? Et l&rsquo;homme que la gr\u00e2ce n&rsquo;a pas touch\u00e9 ? Et celui de qui elle s&rsquo;est retir\u00e9e et qui a le malheur de perdre la foi ? Qu&rsquo;\u00e9treignent-ils de leurs mains avides ?<\/p>\n<p style=\"text-align: justify;\">\n<p style=\"text-align: justify;\">Nous nous ber\u00e7ons de mots, de beaux grands mots : Dieu, Humanit\u00e9, Patrie, qui nous sont \u00e9tendards et raison de vivre. Mais l&rsquo;homme, le vrai, celui qui exprime sa pens\u00e9e au lieu de r\u00e9p\u00e9ter celle qu&rsquo;il a apprise ?<\/p>\n<p style=\"text-align: justify;\">\n<p style=\"text-align: justify;\">Pour le d\u00e9couvrir, je me suis pench\u00e9e sur des ignorants qu&rsquo;aucune \u00e9tude n&rsquo;avait nourris :<\/p>\n<p style=\"text-align: justify;\">\n<p style=\"text-align: justify;\">\u2014 Cette petite fille m&rsquo;a dit : \u00ab\u00a0Je ne puis pas me promener sans regarder autour de moi chaque caillou, chaque fleur, chaque petite b\u00eate qui s&rsquo;agite : c&rsquo;est beau VIVRE. \u00bb<\/p>\n<p style=\"text-align: justify;\">\n<p style=\"text-align: justify;\">\u2014 Ce jeune mineur qui rentrait chez lui apr\u00e8s 5 ans d&rsquo;absence (guerre 14-18) pleurait d&rsquo;\u00e9motion devant les terrils noirs des charbonnages du pays natal, et son camarade cr\u00e2nait: \u00ab\u00a0T&rsquo;\u00e9meus pas pour des charbons, quand y a la France qu&rsquo;est si grande et qu&rsquo;est si belle \u00bb. Ils avaient voyag\u00e9, pendant leurs permissions, et en chacun de ces \u00eatres frustes s&rsquo;\u00e9veillait une philosophie tout personnelle : amour du coin de terre natal, sentiment de fraternit\u00e9 internationale.<\/p>\n<p style=\"text-align: justify;\">\n<p style=\"text-align: justify;\">\u2014 Cette jeune femme murmurait : \u00ab\u00a0Vous n&rsquo;imaginez pas la s\u00e9r\u00e9nit\u00e9 qui vient \u00e0 songer \u00e0 notre petite place \u00e0 nous, les humains, dans le cycle de la vie, que, par l&rsquo;interm\u00e9diaire des plantes et des animaux qui les mangent, nous vivons de quelques \u00e9l\u00e9ments chimiques et de l&rsquo;\u00e9nergie du soleil; que cela durera pour chacun de nous, quelques ann\u00e9es, cent au plus, et que l&rsquo;on rentrera dans le grand cycle apr\u00e8s avoir essay\u00e9 de COMPRENDRE. \u00bb<\/p>\n<p style=\"text-align: justify;\">\n<p style=\"text-align: justify;\">Alors que je croyais encore \u00e0 l&rsquo;aur\u00e9ole des victoires, en 1920, j&rsquo;ai rencontr\u00e9 dans sa montagne, un paysan andorran <a id=\"ftnref1\" href=\"#ftn1\">[1]<\/a>, fier de 1a sup\u00e9riorit\u00e9 de sa minuscule patrie parce que, disait-il \u00ab\u00a0Elle n&rsquo;avait pas \u00e9t\u00e9 m\u00eal\u00e9e \u00e0 la guerre \u00bb. Qui, apr\u00e8s avoir particip\u00e9 \u00e0 nos sanglantes querelles, oserait r\u00e9p\u00e9ter avec lui son cr\u00e9do : \u00ab\u00a0Tous les hommes sont fr\u00e8res \u00bb ?<\/p>\n<p style=\"text-align: justify;\">\n<p style=\"text-align: justify;\">\u2014 Cette m\u00e8re dont trois ann\u00e9es de deuil n&rsquo;avaient pas apais\u00e9 la douleur m&rsquo;a dit une chose formidable : \u00ab\u00a0Je serais plus d\u00e9sesp\u00e9r\u00e9e encore si mon petit \u00e9tait mort en soldat. Il a \u00e9t\u00e9 tu\u00e9 accidentellement par la chute d&rsquo;un avion de guerre&#8230; c&rsquo;est la fatalit\u00e9, je m&rsquo;incline; mais il n&rsquo;est pas all\u00e9 au devant de la mort en tuant d&rsquo;autres hommes, pour servir un id\u00e9al que l&rsquo;apr\u00e8s-guerre a trahi. J&rsquo;ai la naus\u00e9e de ces manifestations patriotiques : on y rencontre trop de gens qui ont v\u00e9cu de la guerre, en sortent enrichis, arrogants et d\u00e9j\u00e0 pr\u00e9parent de nouveaux slogans, tout en m\u00e9nageant aux tra\u00eetres l&rsquo;impunit\u00e9.<\/p>\n<p style=\"text-align: justify;\">\n<p style=\"text-align: justify;\">\u2014 Ce vieillard, sous l&rsquo;occupation allemande, m&rsquo;\u00e9crivait : \u00ab\u00a0Un de mes fils est au combat, l&rsquo;autre prisonnier en Allemagne. La guerre sera longue mais je veux les revoir : JE VIVRAI LE TEMPS QU&rsquo;IL FAUDRA. Et il v\u00e9cut jusqu&rsquo;\u00e0 leur retour.<\/p>\n<p style=\"text-align: justify;\">\n<p style=\"text-align: justify;\">\u2014 Cette jeune femme, pendant l&rsquo;incendie de sa maison, livr\u00e9e aux pompiers, t\u00e9l\u00e9phonait pour s&rsquo;assurer d\u00e8s le lendemain, les mat\u00e9riaux qui referaient le toit d\u00e9truit.<\/p>\n<p style=\"text-align: justify;\">\n<p style=\"text-align: justify;\">\u2014 Dans notre europ\u00e9enne fourmili\u00e8re humaine d\u00e9vast\u00e9e, il faut avoir vu surgir des ruines les survivants. Sans attendre l&rsquo;aide des pouvoirs publics, \u00e0 l&rsquo;instant m\u00eame o\u00f9 le vrombissement des bombardiers s&rsquo;att\u00e9nue, chacun se met au travail, d\u00e9blaie ses ruines, trie les d\u00e9bris, se construit un refuge, recommence \u00e0 cultiver son champ, r\u00e9installe son commerce, ou reprend son m\u00e9tier et, \u00e0 la barbe de l&rsquo;occupant, plante sur les d\u00e9combres les couleurs alli\u00e9es, le drapeau national ou le V de la victoire.<\/p>\n<p style=\"text-align: justify;\">\n<p style=\"text-align: justify;\">\u2014 Ardeur \u00e0 vivre, volont\u00e9 de vivre, ces gens-l\u00e0 ne sont jamais des vaincus. S&rsquo;ils acceptent l&rsquo;aide \u00e9trang\u00e8re, avec reconnaissance, comme un pr\u00e9cieux symbole de fraternit\u00e9, ils ne la sollicitent pas, ils ne comptent pas sur elle, ni sur personne. Individualistes farouches, ils savent qu&rsquo;il faut d&rsquo;abord compter sur soi-m\u00eame : \u00ab le reste vous sera donn\u00e9 par surcro\u00eet \u00bb.<\/p>\n<p style=\"text-align: justify;\">\n<p style=\"text-align: justify;\">Tous ces \u00e9chos s&rsquo;harmonisent en un seul chant : \u00ab LE CULTE DE LA VIE \u00bb.<\/p>\n<p style=\"text-align: justify;\">\n<p style=\"text-align: justify;\">La vie vaut d&rsquo;\u00eatre v\u00e9cue pour elle-m\u00eame, et que l&rsquo;on y puise mati\u00e8re \u00e0 une philosophie constructive \u00e0 la port\u00e9e de tous les humains.<\/p>\n<p style=\"text-align: justify;\">\n<p style=\"text-align: justify;\">Cette philosophie nous la construirons plus ais\u00e9ment nous, les citoyens des petits pays, que ne pourraient le faire les citoyens des grandes puissances; car nous sommes plus pr\u00e8s de l&rsquo;HUMAIN. L&rsquo;imp\u00e9rialisme ne fausse pas nos conceptions et nous en sommes fiers. Ne r\u00eavant ni de conqu\u00e9rir le monde, n&rsquo;y d&rsquo;y faire triompher notre influence (formule des conqu\u00e9rants modestes), regardant la vie d&rsquo;un \u0153il clair, objectivement, nous d\u00e9couvrons les tares qui p\u00e8sent sur l&rsquo;humanit\u00e9 et d\u00e9terminent son destin : la PEUR, la MISERE, la CUPIDITE.<\/p>\n<p style=\"text-align: justify;\">\n<p style=\"text-align: justify;\">\u2014 PEUR, peur de l&rsquo;inconnu, de l&rsquo;avenir, de l&rsquo;au del\u00e0, peur qui rend l\u00e2che et fait accepter toutes les compromissions, emp\u00eache de vivre l&rsquo;heure pr\u00e9sente.<\/p>\n<p style=\"text-align: justify;\">\n<p style=\"text-align: justify;\">\u2014 MISERE, mis\u00e8re qui prive l&rsquo;enfant d&rsquo;\u00e9ducation, le travailleur de s\u00e9curit\u00e9, le malade de soins, le vieillard de qui\u00e9tude.<\/p>\n<p style=\"text-align: justify;\">\n<p style=\"text-align: justify;\">\u2014 CUPIDITE, soif de puissance, besoin d&rsquo;asservir d&rsquo;autres \u00eatres, qui rend odieux et vil.<\/p>\n<p style=\"text-align: justify;\">\n<p style=\"text-align: justify;\">De ces tares il nous faut lib\u00e9rer et nous-m\u00eames et les autres. Une philosophie bas\u00e9e sur le culte de la vie se construit :<\/p>\n<p style=\"text-align: justify;\">L\u2019esclave d&rsquo;hier rel\u00e8ve le front, ces guerres odieuses lui ont appris \u00e0 penser, l&rsquo;oisivet\u00e9, la souffrance des camps lui ont permis de m\u00fbrir ses r\u00e9flexions, il veut d\u00e9velopper au maximum tous les dons re\u00e7us \u00e0 la naissance et qu&rsquo;il en soit ainsi pour tous les enfants sans distinction de sexe, de race ou de religion, afin que, de cette \u00e9galit\u00e9 apparente surgisse la plus splendide, la plus r\u00e9elle et f\u00e9conde diversit\u00e9.<\/p>\n<p style=\"text-align: justify;\">\n<p style=\"text-align: justify;\">Le contact des autres hommes lui a appris l&rsquo;artificiel des fronti\u00e8res politiques, il sait qu&rsquo;il y a de braves gens partout et qu&rsquo;il compte des fr\u00e8res sous toutes les latitudes, que SON probl\u00e8me est LE PROBLEME HUMAIN. La guerre lui r\u00e9pugne parce qu&rsquo;il en a mesur\u00e9 toute la stupidit\u00e9.<\/p>\n<p style=\"text-align: justify;\">\n<p style=\"text-align: justify;\">L&rsquo;esclave d&rsquo;hier r\u00e9clame le prix de son travail (collaboration \u00e0 l&rsquo;\u0153uvre de tous).<\/p>\n<p style=\"text-align: justify;\">\n<p style=\"text-align: justify;\">Il exige une s\u00e9curit\u00e9 sociale qu&rsquo;apr\u00e8s deux guerres mondiales, chaque \u00e9tat se voit contraint d&rsquo;organiser.<\/p>\n<p style=\"text-align: justify;\">\n<p style=\"text-align: justify;\">Il r\u00eave d&rsquo;une s\u00e9curit\u00e9 mondiale dont ses dirigeants essaient \u00e0 nouveau de poser les bases.<\/p>\n<p style=\"text-align: justify;\">\n<p style=\"text-align: justify;\">L&rsquo;esclave d&rsquo;hier veut, lui aussi, voir le monde; jouir de sa beaut\u00e9, exprimer par l&rsquo;art son \u00e9motion, confronter cette expression avec celle des autres hommes. Pour lui comptent au premier plan les valeurs spirituelles, mais il veut d&rsquo;abord sa part du paradis terrestre.<\/p>\n<p style=\"text-align: justify;\">\n<p style=\"text-align: justify;\">Cette philosophie nouvelle est constructive d&rsquo;un monde nouveau. Elle n&rsquo;est plus l&rsquo;apanage d&rsquo;une \u00e9lite, mais \u00e9minemment accessible \u00e0 tous.<\/p>\n<p style=\"text-align: justify;\">\n<p style=\"text-align: justify;\">Au soir de sa vie ce nouveau philosophe regarde sans regret derri\u00e8re lui car il a essay\u00e9 de comprendre, de jouir de chaque heure, de ses peines comme de ses joies. Il n&rsquo;a gaspill\u00e9 aucune des minutes qui lui \u00e9taient compt\u00e9es. Face \u00e0 la mort il accepte \u00ab d&rsquo;\u00eatre poussi\u00e8re qui s&rsquo;en retourne \u00e0 la poussi\u00e8re \u00bb et la s\u00e9r\u00e9nit\u00e9 d\u00e9j\u00e0 l&rsquo;enveloppe tandis que, revivant sa vie, ses luttes, ses souffrances, il s&rsquo;appr\u00eate au grand sommeil qu&rsquo;il ait ou non vision d&rsquo;un au del\u00e0 surnaturel et divin.<\/p>\n<p style=\"text-align: right;\">Germaine HANNEVART<\/p>\n<p style=\"text-align: justify;\">\n<p style=\"text-align: justify;\"><em>Docteur en Biologie de l&rsquo;U.L.B., Germaine Hannevart (1887-1977) enseigna les sciences naturelles dans les \u00e9coles de la Ville de Bruxelles. Tr\u00e9sori\u00e8re de la F\u00e9d\u00e9ration belge des femmes universitaires d\u00e8s sa cr\u00e9ation en 1921, elle fut Pr\u00e9sidente de 1932 \u00e0 1952. Elle participa activement aux rencontres et \u00e0 la direction de l&rsquo;International federation of university women. Initi\u00e9e en 1927, elle dirige son atelier de la F\u00e9d\u00e9ration belge du Droit Humain en 1936. Elle se mobilisa en faveur de l&rsquo;Espagne R\u00e9publicaine notamment par une action en faveur de l&rsquo;h\u00e9bergement des enfants espagnols. Parall\u00e8lement, elle participe aux activit\u00e9s du Comit\u00e9 mondial des femmes contre la guerre et le fascisme, le C.M.F. D\u00e8s 1929, elle fait partie activement du Groupement belge de la Porte ouverte. <\/em><\/p>\n<p style=\"text-align: justify;\"><em>Sous l&rsquo;occupation allemande, elle entra dans la r\u00e9sistance et, \u00e0 la fin de la guerre, elle fit partie du Rassemblement des femmes pour la paix.<\/em><\/p>\n<p style=\"text-align: justify;\">\n<p style=\"text-align: justify;\">\n<p style=\"text-align: justify;\">\n<hr style=\"text-align: justify;\" size=\"1\" \/>\n<p style=\"text-align: justify;\"><a id=\"ftn1\" href=\"#ftnref1\">[1]<\/a> Andorran, habitant de l&rsquo;Andorre, principaut\u00e9 libre, de quelques kilom\u00e8tres carr\u00e9s (square miles) entre la France et l&rsquo;Espagne.<\/p>\n","protected":false},"excerpt":{"rendered":"<p>Chaque religion nous propose son explication du myst\u00e8re : \u00ab D\u2019o\u00f9 venons-nous, o\u00f9 allons-nous ? \u00bb et sa philosophie et sa morale bas\u00e9es sur un cr\u00e9do imp\u00e9ratif. Mais\u2026 \u00ab Si les cieux sont d\u00e9serts \u00bb ? Et l\u2019homme que la gr\u00e2ce n\u2019a pas touch\u00e9 ? Et celui de qui elle s\u2019est retir\u00e9e et qui a le malheur de perdre la foi ? Qu\u2019\u00e9treignent-ils de leurs mains avides ? Nous nous ber\u00e7ons de mots, de beaux grands mots : Dieu, Humanit\u00e9, Patrie, qui nous sont \u00e9tendards et raison de vivre. Mais l\u2019homme, le vrai, celui qui exprime sa pens\u00e9e au lieu de r\u00e9p\u00e9ter celle qu\u2019il a apprise ?<\/p>\n","protected":false},"author":1,"featured_media":0,"comment_status":"closed","ping_status":"closed","sticky":false,"template":"","format":"standard","meta":{"footnotes":""},"categories":[910],"tags":[],"class_list":["post-6833","post","type-post","status-publish","format-standard","hentry","category-hannevart-germaine"],"yoast_head":"<!-- This site is optimized with the Yoast SEO plugin v27.0 - https:\/\/yoast.com\/product\/yoast-seo-wordpress\/ -->\n<title>Essai de Philosophie constructive de notre temps par Germaine Hannevart - 3e mill\u00e9naire - Spiritualit\u00e9 - Connaissance de soi - Non-dualit\u00e9 - M\u00e9ditation<\/title>\n<meta name=\"robots\" content=\"index, follow, max-snippet:-1, max-image-preview:large, max-video-preview:-1\" \/>\n<link rel=\"canonical\" href=\"https:\/\/www.revue3emillenaire.com\/blog\/essai-de-philosophie-constructive-de-notre-temps-par-germaine-hannevart\/\" \/>\n<meta property=\"og:locale\" content=\"fr_FR\" \/>\n<meta property=\"og:type\" content=\"article\" \/>\n<meta property=\"og:title\" content=\"Essai de Philosophie constructive de notre temps par Germaine Hannevart - 3e mill\u00e9naire - Spiritualit\u00e9 - Connaissance de soi - Non-dualit\u00e9 - M\u00e9ditation\" \/>\n<meta property=\"og:description\" content=\"Chaque religion nous propose son explication du myst\u00e8re : \u00ab D\u2019o\u00f9 venons-nous, o\u00f9 allons-nous ? \u00bb et sa philosophie et sa morale bas\u00e9es sur un cr\u00e9do imp\u00e9ratif. Mais\u2026 \u00ab Si les cieux sont d\u00e9serts \u00bb ? Et l\u2019homme que la gr\u00e2ce n\u2019a pas touch\u00e9 ? Et celui de qui elle s\u2019est retir\u00e9e et qui a le malheur de perdre la foi ? Qu\u2019\u00e9treignent-ils de leurs mains avides ? Nous nous ber\u00e7ons de mots, de beaux grands mots : Dieu, Humanit\u00e9, Patrie, qui nous sont \u00e9tendards et raison de vivre. Mais l\u2019homme, le vrai, celui qui exprime sa pens\u00e9e au lieu de r\u00e9p\u00e9ter celle qu\u2019il a apprise ?\" \/>\n<meta property=\"og:url\" content=\"https:\/\/www.revue3emillenaire.com\/blog\/essai-de-philosophie-constructive-de-notre-temps-par-germaine-hannevart\/\" \/>\n<meta property=\"og:site_name\" content=\"3e mill\u00e9naire - Spiritualit\u00e9 - Connaissance de soi - Non-dualit\u00e9 - M\u00e9ditation\" \/>\n<meta property=\"article:published_time\" content=\"2011-04-09T01:40:05+00:00\" \/>\n<meta property=\"article:modified_time\" content=\"2011-09-17T21:30:39+00:00\" \/>\n<meta name=\"author\" content=\"3e mill\u00e9naire\" \/>\n<meta name=\"twitter:card\" content=\"summary_large_image\" \/>\n<meta name=\"twitter:label1\" content=\"\u00c9crit par\" \/>\n\t<meta name=\"twitter:data1\" content=\"3e mill\u00e9naire\" \/>\n\t<meta name=\"twitter:label2\" content=\"Dur\u00e9e de lecture estim\u00e9e\" \/>\n\t<meta name=\"twitter:data2\" content=\"8 minutes\" \/>\n<script type=\"application\/ld+json\" class=\"yoast-schema-graph\">{\"@context\":\"https:\/\/schema.org\",\"@graph\":[{\"@type\":\"Article\",\"@id\":\"https:\/\/www.revue3emillenaire.com\/blog\/essai-de-philosophie-constructive-de-notre-temps-par-germaine-hannevart\/#article\",\"isPartOf\":{\"@id\":\"https:\/\/www.revue3emillenaire.com\/blog\/essai-de-philosophie-constructive-de-notre-temps-par-germaine-hannevart\/\"},\"author\":{\"name\":\"3e mill\u00e9naire\",\"@id\":\"https:\/\/www.revue3emillenaire.com\/blog\/#\/schema\/person\/9a3a7cc4ccaa707f402d4394327106d5\"},\"headline\":\"Essai de Philosophie constructive de notre temps par Germaine Hannevart\",\"datePublished\":\"2011-04-09T01:40:05+00:00\",\"dateModified\":\"2011-09-17T21:30:39+00:00\",\"mainEntityOfPage\":{\"@id\":\"https:\/\/www.revue3emillenaire.com\/blog\/essai-de-philosophie-constructive-de-notre-temps-par-germaine-hannevart\/\"},\"wordCount\":1640,\"articleSection\":[\"Hannevart Germaine\"],\"inLanguage\":\"fr-FR\"},{\"@type\":\"WebPage\",\"@id\":\"https:\/\/www.revue3emillenaire.com\/blog\/essai-de-philosophie-constructive-de-notre-temps-par-germaine-hannevart\/\",\"url\":\"https:\/\/www.revue3emillenaire.com\/blog\/essai-de-philosophie-constructive-de-notre-temps-par-germaine-hannevart\/\",\"name\":\"Essai de Philosophie constructive de notre temps par Germaine Hannevart - 3e mill\u00e9naire - Spiritualit\u00e9 - Connaissance de soi - Non-dualit\u00e9 - M\u00e9ditation\",\"isPartOf\":{\"@id\":\"https:\/\/www.revue3emillenaire.com\/blog\/#website\"},\"datePublished\":\"2011-04-09T01:40:05+00:00\",\"dateModified\":\"2011-09-17T21:30:39+00:00\",\"author\":{\"@id\":\"https:\/\/www.revue3emillenaire.com\/blog\/#\/schema\/person\/9a3a7cc4ccaa707f402d4394327106d5\"},\"breadcrumb\":{\"@id\":\"https:\/\/www.revue3emillenaire.com\/blog\/essai-de-philosophie-constructive-de-notre-temps-par-germaine-hannevart\/#breadcrumb\"},\"inLanguage\":\"fr-FR\",\"potentialAction\":[{\"@type\":\"ReadAction\",\"target\":[\"https:\/\/www.revue3emillenaire.com\/blog\/essai-de-philosophie-constructive-de-notre-temps-par-germaine-hannevart\/\"]}]},{\"@type\":\"BreadcrumbList\",\"@id\":\"https:\/\/www.revue3emillenaire.com\/blog\/essai-de-philosophie-constructive-de-notre-temps-par-germaine-hannevart\/#breadcrumb\",\"itemListElement\":[{\"@type\":\"ListItem\",\"position\":1,\"name\":\"Accueil\",\"item\":\"https:\/\/www.revue3emillenaire.com\/blog\/\"},{\"@type\":\"ListItem\",\"position\":2,\"name\":\"Essai de Philosophie constructive de notre temps par Germaine Hannevart\"}]},{\"@type\":\"WebSite\",\"@id\":\"https:\/\/www.revue3emillenaire.com\/blog\/#website\",\"url\":\"https:\/\/www.revue3emillenaire.com\/blog\/\",\"name\":\"3e mill\u00e9naire - Spiritualit\u00e9 - Connaissance de soi - Non-dualit\u00e9 - M\u00e9ditation\",\"description\":\"L&#039;Homme en devenir\",\"potentialAction\":[{\"@type\":\"SearchAction\",\"target\":{\"@type\":\"EntryPoint\",\"urlTemplate\":\"https:\/\/www.revue3emillenaire.com\/blog\/?s={search_term_string}\"},\"query-input\":{\"@type\":\"PropertyValueSpecification\",\"valueRequired\":true,\"valueName\":\"search_term_string\"}}],\"inLanguage\":\"fr-FR\"},{\"@type\":\"Person\",\"@id\":\"https:\/\/www.revue3emillenaire.com\/blog\/#\/schema\/person\/9a3a7cc4ccaa707f402d4394327106d5\",\"name\":\"3e mill\u00e9naire\",\"url\":\"https:\/\/www.revue3emillenaire.com\/blog\/author\/admin\/\"}]}<\/script>\n<!-- \/ Yoast SEO plugin. -->","yoast_head_json":{"title":"Essai de Philosophie constructive de notre temps par Germaine Hannevart - 3e mill\u00e9naire - Spiritualit\u00e9 - Connaissance de soi - Non-dualit\u00e9 - M\u00e9ditation","robots":{"index":"index","follow":"follow","max-snippet":"max-snippet:-1","max-image-preview":"max-image-preview:large","max-video-preview":"max-video-preview:-1"},"canonical":"https:\/\/www.revue3emillenaire.com\/blog\/essai-de-philosophie-constructive-de-notre-temps-par-germaine-hannevart\/","og_locale":"fr_FR","og_type":"article","og_title":"Essai de Philosophie constructive de notre temps par Germaine Hannevart - 3e mill\u00e9naire - Spiritualit\u00e9 - Connaissance de soi - Non-dualit\u00e9 - M\u00e9ditation","og_description":"Chaque religion nous propose son explication du myst\u00e8re : \u00ab D\u2019o\u00f9 venons-nous, o\u00f9 allons-nous ? \u00bb et sa philosophie et sa morale bas\u00e9es sur un cr\u00e9do imp\u00e9ratif. Mais\u2026 \u00ab Si les cieux sont d\u00e9serts \u00bb ? Et l\u2019homme que la gr\u00e2ce n\u2019a pas touch\u00e9 ? Et celui de qui elle s\u2019est retir\u00e9e et qui a le malheur de perdre la foi ? Qu\u2019\u00e9treignent-ils de leurs mains avides ? Nous nous ber\u00e7ons de mots, de beaux grands mots : Dieu, Humanit\u00e9, Patrie, qui nous sont \u00e9tendards et raison de vivre. Mais l\u2019homme, le vrai, celui qui exprime sa pens\u00e9e au lieu de r\u00e9p\u00e9ter celle qu\u2019il a apprise ?","og_url":"https:\/\/www.revue3emillenaire.com\/blog\/essai-de-philosophie-constructive-de-notre-temps-par-germaine-hannevart\/","og_site_name":"3e mill\u00e9naire - Spiritualit\u00e9 - Connaissance de soi - Non-dualit\u00e9 - M\u00e9ditation","article_published_time":"2011-04-09T01:40:05+00:00","article_modified_time":"2011-09-17T21:30:39+00:00","author":"3e mill\u00e9naire","twitter_card":"summary_large_image","twitter_misc":{"\u00c9crit par":"3e mill\u00e9naire","Dur\u00e9e de lecture estim\u00e9e":"8 minutes"},"schema":{"@context":"https:\/\/schema.org","@graph":[{"@type":"Article","@id":"https:\/\/www.revue3emillenaire.com\/blog\/essai-de-philosophie-constructive-de-notre-temps-par-germaine-hannevart\/#article","isPartOf":{"@id":"https:\/\/www.revue3emillenaire.com\/blog\/essai-de-philosophie-constructive-de-notre-temps-par-germaine-hannevart\/"},"author":{"name":"3e mill\u00e9naire","@id":"https:\/\/www.revue3emillenaire.com\/blog\/#\/schema\/person\/9a3a7cc4ccaa707f402d4394327106d5"},"headline":"Essai de Philosophie constructive de notre temps par Germaine Hannevart","datePublished":"2011-04-09T01:40:05+00:00","dateModified":"2011-09-17T21:30:39+00:00","mainEntityOfPage":{"@id":"https:\/\/www.revue3emillenaire.com\/blog\/essai-de-philosophie-constructive-de-notre-temps-par-germaine-hannevart\/"},"wordCount":1640,"articleSection":["Hannevart Germaine"],"inLanguage":"fr-FR"},{"@type":"WebPage","@id":"https:\/\/www.revue3emillenaire.com\/blog\/essai-de-philosophie-constructive-de-notre-temps-par-germaine-hannevart\/","url":"https:\/\/www.revue3emillenaire.com\/blog\/essai-de-philosophie-constructive-de-notre-temps-par-germaine-hannevart\/","name":"Essai de Philosophie constructive de notre temps par Germaine Hannevart - 3e mill\u00e9naire - Spiritualit\u00e9 - Connaissance de soi - Non-dualit\u00e9 - M\u00e9ditation","isPartOf":{"@id":"https:\/\/www.revue3emillenaire.com\/blog\/#website"},"datePublished":"2011-04-09T01:40:05+00:00","dateModified":"2011-09-17T21:30:39+00:00","author":{"@id":"https:\/\/www.revue3emillenaire.com\/blog\/#\/schema\/person\/9a3a7cc4ccaa707f402d4394327106d5"},"breadcrumb":{"@id":"https:\/\/www.revue3emillenaire.com\/blog\/essai-de-philosophie-constructive-de-notre-temps-par-germaine-hannevart\/#breadcrumb"},"inLanguage":"fr-FR","potentialAction":[{"@type":"ReadAction","target":["https:\/\/www.revue3emillenaire.com\/blog\/essai-de-philosophie-constructive-de-notre-temps-par-germaine-hannevart\/"]}]},{"@type":"BreadcrumbList","@id":"https:\/\/www.revue3emillenaire.com\/blog\/essai-de-philosophie-constructive-de-notre-temps-par-germaine-hannevart\/#breadcrumb","itemListElement":[{"@type":"ListItem","position":1,"name":"Accueil","item":"https:\/\/www.revue3emillenaire.com\/blog\/"},{"@type":"ListItem","position":2,"name":"Essai de Philosophie constructive de notre temps par Germaine Hannevart"}]},{"@type":"WebSite","@id":"https:\/\/www.revue3emillenaire.com\/blog\/#website","url":"https:\/\/www.revue3emillenaire.com\/blog\/","name":"3e mill\u00e9naire - Spiritualit\u00e9 - Connaissance de soi - Non-dualit\u00e9 - M\u00e9ditation","description":"L&#039;Homme en devenir","potentialAction":[{"@type":"SearchAction","target":{"@type":"EntryPoint","urlTemplate":"https:\/\/www.revue3emillenaire.com\/blog\/?s={search_term_string}"},"query-input":{"@type":"PropertyValueSpecification","valueRequired":true,"valueName":"search_term_string"}}],"inLanguage":"fr-FR"},{"@type":"Person","@id":"https:\/\/www.revue3emillenaire.com\/blog\/#\/schema\/person\/9a3a7cc4ccaa707f402d4394327106d5","name":"3e mill\u00e9naire","url":"https:\/\/www.revue3emillenaire.com\/blog\/author\/admin\/"}]}},"_links":{"self":[{"href":"https:\/\/www.revue3emillenaire.com\/blog\/wp-json\/wp\/v2\/posts\/6833","targetHints":{"allow":["GET"]}}],"collection":[{"href":"https:\/\/www.revue3emillenaire.com\/blog\/wp-json\/wp\/v2\/posts"}],"about":[{"href":"https:\/\/www.revue3emillenaire.com\/blog\/wp-json\/wp\/v2\/types\/post"}],"author":[{"embeddable":true,"href":"https:\/\/www.revue3emillenaire.com\/blog\/wp-json\/wp\/v2\/users\/1"}],"replies":[{"embeddable":true,"href":"https:\/\/www.revue3emillenaire.com\/blog\/wp-json\/wp\/v2\/comments?post=6833"}],"version-history":[{"count":0,"href":"https:\/\/www.revue3emillenaire.com\/blog\/wp-json\/wp\/v2\/posts\/6833\/revisions"}],"wp:attachment":[{"href":"https:\/\/www.revue3emillenaire.com\/blog\/wp-json\/wp\/v2\/media?parent=6833"}],"wp:term":[{"taxonomy":"category","embeddable":true,"href":"https:\/\/www.revue3emillenaire.com\/blog\/wp-json\/wp\/v2\/categories?post=6833"},{"taxonomy":"post_tag","embeddable":true,"href":"https:\/\/www.revue3emillenaire.com\/blog\/wp-json\/wp\/v2\/tags?post=6833"}],"curies":[{"name":"wp","href":"https:\/\/api.w.org\/{rel}","templated":true}]}}