{"id":6920,"date":"2011-04-23T03:03:55","date_gmt":"2011-04-23T02:03:55","guid":{"rendered":"http:\/\/www.revue3emillenaire.com\/blog\/?p=6920"},"modified":"2014-12-30T17:26:38","modified_gmt":"2014-12-30T16:26:38","slug":"a-propos-du-cinquieme-evangile-entretien-avec-emile-gillabert-par-jean-bies","status":"publish","type":"post","link":"https:\/\/www.revue3emillenaire.com\/blog\/a-propos-du-cinquieme-evangile-entretien-avec-emile-gillabert-par-jean-bies\/","title":{"rendered":"A propos du cinqui\u00e8me \u00e9vangile entretien avec \u00c9mile Gillabert par Jean Bi\u00e8s"},"content":{"rendered":"<p style=\"text-align: justify;\">(Revue Question De. No 24. Mai-Juin 1978)<\/p>\n<p style=\"text-align: justify;\"><strong>Un cinqui\u00e8me Evangile existe, \u00ab l&rsquo;Evangile selon Thomas \u00bb, d\u00e9couvert \u00e0 Nag Hammadi (Haute-Egypte) en 1945, et traduit pour la premi\u00e8re fois du copte en 1959. De l&rsquo;avis m\u00eame des ex\u00e9g\u00e8tes de l&rsquo;Ecole biblique de J\u00e9rusalem, ce texte surprenant est plus ancien que les \u00ab Synoptiques \u00bb. Ainsi, \u00ab l&rsquo;Evangile selon Thomas \u00bb nous transmet-il peut-\u00eatre les paroles exactes prononc\u00e9es par J\u00e9sus et remet-il du m\u00eame coup en question une grande partie des bases du christianisme. Il nous r\u00e9v\u00e8le un ma\u00eetre spirituel en tous points semblables \u00e0 ceux de l&rsquo;Asie traditionnelle ; il d\u00e9bonde les sources de l&rsquo;\u00e9sot\u00e9risme chr\u00e9tien ; il peut m\u00eame amorcer un renouveau de la spiritualit\u00e9 occidentale. Telle est la th\u00e8se d\u00e9fendue par Emile Gillabert (d\u00e9c\u00e9d\u00e9 en 1995) et qui \u00e9tait directeur du groupe de recherches et d&rsquo;\u00e9tudes \u00ab M\u00e9tanoia \u00bb.<\/strong><\/p>\n<p style=\"text-align: justify;\">E. Gillabert. \u2014 Cet \u00e9vangile est un texte copte d\u00e9couvert en Haute-Egypte, pr\u00e8s de la localit\u00e9 de Nag Hammadi, en 1945, et dont les premi\u00e8res traductions datent de 1959. Le manuscrit se trouve au mus\u00e9e du Caire ; nous en poss\u00e9dons le fac-simil\u00e9. Bien entendu, une v\u00e9ritable conjuration du silence entoure cette d\u00e9couverte sans pr\u00e9c\u00e9dent, qui remet en question les bases m\u00eames du christianisme tel qu&rsquo;il nous a \u00e9t\u00e9 transmis.<\/p>\n<p style=\"text-align: justify;\"><em>J.B. \u2014 Vous dites que cet Evangile aurait \u00e9t\u00e9 dict\u00e9 par J\u00e9sus \u00e0 son disciple Thomas. Il serait une st\u00e9r\u00e9otypie des paroles m\u00eames du Ma\u00eetre&#8230;<\/em><\/p>\n<p style=\"text-align: justify;\">E.G. \u2014 L&rsquo;incipit de cet Evangile est le suivant\u00a0: \u00ab Voici les paroles secr\u00e8tes (et non pas aprocryphes ! &#8230;) que J\u00e9sus le Vivant a dites et qu&rsquo;a transcrites Didyme Judas-Thomas&#8230; \u00bb . On peut supposer que J\u00e9sus, se sentant menac\u00e9 \u00e0 la fois par les pharisiens et par les Romains, a dict\u00e9 l&rsquo;essentiel de son message au disciple susceptible de le pr\u00e9server. Nous sommes en pr\u00e9sence d&rsquo;un texte qui fut enterr\u00e9 presque aussit\u00f4t que divulgu\u00e9, et qui est rest\u00e9 \u00e0 l&rsquo;abri de toute manipulation. On n&rsquo;y trouve aucune de ces amplifications propres aux \u00ab Synoptiques \u00bb, lesquels sont l&rsquo;aboutissement de r\u00e9dactions successives : les versions que nous en avons sont de troisi\u00e8me ou quatri\u00e8me main ; Paul les a infl\u00e9chies de toute son influence (\u00ab Marc \u00bb principalement). Tr\u00e8s vite, l&rsquo;enseignement de J\u00e9sus s&rsquo;est trouv\u00e9 r\u00e9cup\u00e9r\u00e9, d\u00e9grad\u00e9 et trahi.<\/p>\n<p style=\"text-align: justify;\"><em>J.B. \u2014 La conjuration du silence \u00e0 laquelle vous faites allusion s&rsquo;explique fort bien dans la mesure o\u00f9 l&rsquo;Eglise a depuis longtemps r\u00e9cus\u00e9 toute notion d&rsquo;\u00e9sot\u00e9risme.<\/em><\/p>\n<p style=\"text-align: justify;\">E.G. \u2014 Il est commode mais abusif d&rsquo;amalgamer la gnose de Thomas en tant que \u00ab connaissance initiatique \u00bb et les gnosticismes aberrants des premiers si\u00e8cles. J\u00e9sus a dit :<\/p>\n<p style=\"text-align: justify;\">\u00ab\u00a0<em>Vous avez cach\u00e9 les clefs de la Connaissance ; non seulement vous n&rsquo;\u00eates pas entr\u00e9, mais vous emp\u00eachez les autres d&rsquo;entrer.<\/em> \u00bb De m\u00eame : \u00ab <em>Le chien dans la mangeoire ne mange ni ne laisse manger les b\u0153ufs<\/em>. \u00bb Et encore : \u00ab <em>Je dis mes myst\u00e8res \u00e0 ceux qui sont dignes de mes myst\u00e8res<\/em>&#8230; \u00bb L&rsquo;incompr\u00e9hension ne pouvait \u00eatre que totale : un dialogue de sourds, avec des disciples infantiles, interpr\u00e9tant les paraboles dans un sens quantitatif et historique, et ferm\u00e9s \u00e0 toute notion d&rsquo;int\u00e9riorit\u00e9 et d&rsquo;\u00e9ternit\u00e9. L&rsquo;aventure du Royaume est int\u00e9rieure et individuelle ; elle a \u00e9t\u00e9 comprise comme ext\u00e9rieure et collective. L&rsquo;\u00e9veil de la conscience a \u00e9t\u00e9 confondu avec la \u00ab r\u00e9surrection des morts \u00bb. Manger le pain de la Parole, s&rsquo;abreuver \u00e0 la coupe de l&rsquo;Enseignement est devenu la C\u00e8ne (alors que Jean lui-m\u00eame n&rsquo;identifie nullement la chair et le sang du Fils de l&rsquo;Homme au corps et au sang d&rsquo;une victime offerte en sacrifice : le rachat par le sang est une id\u00e9e de Paul&#8230;). L&rsquo;\u00e9preuve salvatrice de celui qui se prend en main a d\u00e9g\u00e9n\u00e9r\u00e9 en salut par la Croix de celui qui se fait prendre en charge. Le d\u00e9voilement de l&rsquo;Esprit, lorsque cesse notre c\u00e9cit\u00e9, a \u00e9t\u00e9 pris pour l&rsquo;apparition de J\u00e9sus post mortem. Le retour \u00e0 l&rsquo;Un, \u00e0 l&rsquo;Etre intemporel, la fin de tout dualisme sont devenus la \u00ab fin des temps \u00bb (alors qu&rsquo;il est d\u00e9montr\u00e9 que J\u00e9sus n&rsquo;a jamais prononc\u00e9 de discours apocalyptique).<\/p>\n<p style=\"text-align: justify;\"><strong>Mo\u00efse et Paul ont \u00e9touff\u00e9 le vrai message de J\u00e9sus<\/strong><\/p>\n<p style=\"text-align: justify;\"><em>J.B. \u2014 Mo\u00efse et Paul sont pour vous les deux grands \u00ab\u00a0parano\u00efaques \u00bb qui encadrent et \u00e9touffent le vrai message <\/em><em>de<\/em><em>J\u00e9sus. Vous les tenez m\u00eame pour responsables de la crise de l&rsquo;Occident, qui leur doit son vouloir de conqu\u00eate, son esprit juridique et litt\u00e9raliste, la destruction de la nature et de la f\u00e9minit\u00e9, le \u00ab sens de l&rsquo;Histoire \u00bb.<\/em><\/p>\n<p style=\"text-align: justify;\">E.G.\u00a0 \u2014 Le peuple d&rsquo;Isra\u00ebl, surtout \u00e0 l&rsquo;origine, \u00e9tait un peuple combattant, qui avait \u00e0 conqu\u00e9rir la Terre promise. Il avait avant tout besoin de soldats ; chacun sait que la femme, \u00ab repos du guerrier \u00bb, devient dangereuse dans l&rsquo;\u00e9conomie des moyens de conqu\u00eate. Par l&rsquo;interm\u00e9diaire de Mo\u00efse, Isra\u00ebl s&rsquo;est donn\u00e9 des lois o\u00f9 la femme et la nature sont jug\u00e9es mauvaises. Mo\u00efse a re\u00e7u ces lois sur le Sina\u00ef, sans que le peuple puisse le voir. C&rsquo;est ici que commence le discours parano\u00efaque, admirablement cons\u00adtruit, mais \u00e9tabli sur des pr\u00e9misses inv\u00e9rifiables : \u00ab Yahv\u00e9 m&rsquo;a dit&#8230; \u00bb Mo\u00efse est seul \u00e0 poss\u00e9der la v\u00e9rit\u00e9 ; il se montre intransigeant, x\u00e9nophobe, fait vivre son peuple dans un climat de culpabilit\u00e9 et de peur permanentes. Le peuple, emp\u00each\u00e9 d&rsquo;avoir un contact direct avec Yahv\u00e9, l&rsquo;est aussi de vivre une aventure spirituelle personnelle : l&rsquo;intimit\u00e9 avec Dieu lui est pratiquement interdite. La seule aventure permise est collective : la guerre.<\/p>\n<p style=\"text-align: justify;\"><em>J.B. \u2014 Il est pourtant possible d&rsquo;interpr\u00e9ter les Psaumes dans un sens symbolique de guerre int\u00e9rieure, comme on le fait pour la \u00ab guerre sainte \u00bb islamique ou pour celle d&rsquo;Arjuna dans la Bhagavad-G\u00eet\u00e2.<\/em><\/p>\n<p style=\"text-align: justify;\">E.G. \u2014 Sans doute. Il n&#8217;emp\u00eache qu&rsquo;Isra\u00ebl a voulu s&rsquo;inscrire dans le devenir historique, inscrire son action dans l&rsquo;espace-temps. En se choisissant un guide tout-puissant inspir\u00e9 par le Dieu des Arm\u00e9es, il a opt\u00e9 pour une transformation ext\u00e9rieure.<\/p>\n<p style=\"text-align: justify;\"><em>J.B. \u2014 Cet instinct guerrier provient d&rsquo;une soci\u00e9t\u00e9 patriarcale. L&rsquo;orphelin Moise s&rsquo;est fabriqu\u00e9 un P\u00e8re d&rsquo;autant plus autoritaire que la carence a \u00e9t\u00e9 plus durement v\u00e9cue. <\/em><\/p>\n<p style=\"text-align: justify;\">E.G. \u2014 Le culte rendu au P\u00e8re lui a fait condamner et maudire tout ensemble la femme, la mauvaise m\u00e8re, la nature, assimil\u00e9es \u00e0 la mort. Cela se retrouve jusque dans Freud. Mo\u00efse a confondu la sexualit\u00e9 et le p\u00e9ch\u00e9 ; d&rsquo;o\u00f9 le souci obs\u00e9dant des purifications rituelles et des expiations. L&rsquo;agressivit\u00e9 d&rsquo;Isra\u00ebl combattant vient du renoncement sexuel, de l&rsquo;autopunition reli\u00e9e \u00e0 la notion de p\u00e9ch\u00e9. La D\u00e9esse-M\u00e8re a \u00e9t\u00e9 bannie ; l&rsquo;unit\u00e9 du Ciel et de la Terre, bris\u00e9e. Le dualisme chair-esprit, instinct-raison \u00e9tait n\u00e9 ; nous voyons aujourd&rsquo;hui les cons\u00e9quences catastrophiques de cette phallocratie&#8230; Dans le christianisme m\u00eame, le culte de la Vierge Marie a pu temp\u00e9rer les rigueurs de la Loi, mais n&rsquo;a point assum\u00e9 la sexualit\u00e9. Pour le juif comme pour le chr\u00e9tien, s\u00e9par\u00e9s de la nature, il est devenu impossible de s&rsquo;int\u00e9grer \u00e0 un temps cyclique, de d\u00e9couvrir une harmonie universelle. Non seulement l&rsquo;homme n&rsquo;existe plus que collectivement, mais son but est, de plus, de transformer cette nature ennemie ; Marx est au bout.<\/p>\n<p style=\"text-align: justify;\"><strong>Paul : la triple succession parano\u00efaque, patriarcale et messianique<\/strong><\/p>\n<p style=\"text-align: justify;\"><em>J.B. \u2014 Paul n&rsquo;a fait selon vous que succ\u00e9der \u00e0 Moise dans une perspective chr\u00e9tienne. Vous \u00e9tablissez plusieurs rapprochements entre son enseignement et l&rsquo;id\u00e9ologie ess\u00e9nienne : m\u00eame r\u00eave h\u00e9g\u00e9monique, m\u00eame dualisme fondamental, m\u00eame souci de justification par les Ecritures, m\u00eame impatience messianique. Vous expliquez sa parano\u00efa en \u00e9voquant un besoin de surpuissance et de possession exclusive de la v\u00e9rit\u00e9 et r\u00e9duisez Damas \u00e0 une hallucination&#8230;<\/em><\/p>\n<p style=\"text-align: justify;\">E.G. \u2014 Le d\u00e9part de Paul ne nous satisfait pas plus que celui de Mo\u00efse. Nous ne pouvons v\u00e9rifier cette exp\u00e9rience de foi fond\u00e9e sur un Christ ressuscit\u00e9, sur cette r\u00e9anima\u00adtion d&rsquo;un cadavre&#8230; Le discours est organis\u00e9, logique, efficace ; l&rsquo;absence de preuves subsiste. Damas est pour moi une hallucination, une perception sans objet ; en termes psychanalytiques, une \u00ab r\u00e9gression \u00bb. Le psychotique pri\u00adve du tiers t\u00e9moin ne peut contempler que sa propre image.<\/p>\n<p style=\"text-align: justify;\">J.B. \u2014 Paul a accentu\u00e9 le processus de yangisation de l&rsquo;Occident ?<\/p>\n<p style=\"text-align: justify;\">E.G. \u2014 Je me suis aper\u00e7u qu&rsquo;il n&rsquo;avait fait que continuer un travail d\u00e9j\u00e0 bien avanc\u00e9, en sous-estimant l&rsquo;\u00e9l\u00e9ment<br \/>\nf\u00e9minin, yin, beaucoup plus proche que le masculin, yang, des cycles naturels. Paul a insist\u00e9 sur la Loi repr\u00e9sent\u00e9e par le P\u00e8re : autorit\u00e9, s\u00e9v\u00e9rit\u00e9, condamnation ; c&rsquo;est le P\u00e8re, non J\u00e9sus, qui a tu\u00e9 le \u00ab vieil homme \u00bb en Paul. Dans ses \u00ab Ep\u00eetres \u00bb, la femme porte le poids du p\u00e9ch\u00e9 originel. La chair est identifi\u00e9e au mal. Il ne parle de la mer que pour mentionner ses naufrages ; de la nuit, que pour en souligner l&rsquo;aspect n\u00e9gatif ; il ne fait aucune mention de la m\u00e8re de J\u00e9sus&#8230; Comparez avec \u00ab l&rsquo;Evangile de Thomas \u00bb, o\u00f9 J\u00e9sus rend sa vraie place \u00e0 la femme, r\u00e9habilite la M\u00e8re divine : \u00ab Le royaume du P\u00e8re est semblable \u00e0 une femme&#8230; \u00bb<\/p>\n<p style=\"text-align: justify;\"><em>J.B. \u2014 Vous estimez \u00e9galement que l&rsquo;aspect messianique des Evangiles est une marque de Paul.<\/em><\/p>\n<p style=\"text-align: justify;\">E.G. \u2014 Les paroles que les r\u00e9dacteurs \u00e9vang\u00e9liques pr\u00eatent \u00e0 J\u00e9sus pour montrer qu&rsquo;il venait r\u00e9aliser les proph\u00e9ties sont des ajouts ou des interpolations. M\u00eame l&rsquo;ex\u00e9g\u00e8se confessionnelle est d&rsquo;accord l\u00e0-dessus. On a confondu J\u00e9sus et le Messie des proph\u00e8tes (Daniel surtout) ; on a fait subir aux textes des manipulations pour les besoins de la cat\u00e9ch\u00e8se. Surtout dans \u00ab Matthieu \u00bb&#8230;<\/p>\n<p style=\"text-align: justify;\"><em>J.B. \u2014 Cependant, toutes les traditions connaissent la notion de fin de cycle, et vous-m\u00eame ne la niez pas. <\/em><\/p>\n<p style=\"text-align: justify;\">E.G. \u2014 \u00a0 Nous sommes effectivement \u00e0 la fin d&rsquo;un cycle. Mais la notion de cycle elle-m\u00eame est li\u00e9e au monde manifeste, elle est \u00e9trang\u00e8re \u00e0 l&rsquo;essentiel, qui est la vie int\u00e9rieure, la seule qui int\u00e9resse J\u00e9sus. Ce qui nous est demand\u00e9, c&rsquo;est de revenir \u00e0 l&rsquo;origine d&rsquo;avant le temps. Les juifs, et les disciples de J\u00e9sus \u00e0 leur suite, attendaient un Messie, et J\u00e9sus ne pr\u00e9sentait pas les caract\u00e9ristiques requises. Le Messie devait appara\u00eetre dans les nu\u00e9es du ciel, au son des trompettes, dans une sorte de branle-bas cosmique&#8230; Or, aux yeux des non-initi\u00e9s, rien ne distingue un initi\u00e9 de celui qui ne l&rsquo;est pas. Tout au long de la vie de J\u00e9sus, nous constatons que les disciples ne le comprennent pas. Ils se sont d\u00e9j\u00e0 forg\u00e9 un personnage en fonction des proph\u00e9ties ; ils vivent sur des pr\u00e9jug\u00e9s, sur des projections&#8230; En r\u00e9alit\u00e9, cette attente messianique n&rsquo;\u00e9tait qu&rsquo;une prodigieuse utopie ; cette fuite dans le r\u00eave avait pour but de d\u00e9charger l&rsquo;\u00e2me collective de sa culpabilit\u00e9.<\/p>\n<p style=\"text-align: justify;\"><strong>Que savons-nous de J\u00e9sus ?<\/strong><\/p>\n<p style=\"text-align: justify;\"><em>J.B. \u2014 Je vous entends parler de J\u00e9sus, non du Christ. Or, tout Messager porte deux noms, l&rsquo;un humain, l&rsquo;autre divin.<\/em><\/p>\n<p style=\"text-align: justify;\">E.G. \u2014 Christ est un terme juif et paulinien \u00e0 la fois, d\u00e9signant l&rsquo;Oint du Seigneur. Il appartient donc encore \u00e0 la perspective messianique que je viens de d\u00e9noncer. Le Messie devait na\u00eetre de la race de David et recevoir l&rsquo;onction. L&rsquo;on a fait na\u00eetre J\u00e9sus \u00e0 Bethl\u00e9em parce que Bethl\u00e9em est une terre de Juda, donc de la tribu de David, alors que les ex\u00e9g\u00e8tes nous disent maintenant que J\u00e9sus n&rsquo;a pas pu na\u00eetre \u00e0 Bethl\u00e9em, \u00e9tant donn\u00e9 la date du recensement de C\u00e9sar. On veut alors le faire na\u00eetre \u00e0 Nazareth, mais on rencontre une nouvelle difficult\u00e9, car Nazareth ne figure sur aucune carte ancienne !<\/p>\n<p style=\"text-align: justify;\"><em>J.B. \u2014 Mais si l&rsquo;on pr\u00e9tend remonter vraiment aux sources, pourquoi ne pas dire Yeshouah <\/em>\u2014 <em>car tel est bien le nom d&rsquo;origine ?&#8230;<\/em><\/p>\n<p style=\"text-align: justify;\">E.G. \u2014 Peut-\u00eatre&#8230; \u00a0Mais remarquez que dans \u00ab J\u00e9sus \u00bb, il y a \u00ab Je suis \u00bb. J\u00e9sus nous a laiss\u00e9 cette parole : \u00ab Celui<\/p>\n<p style=\"text-align: justify;\">qui boira de ma bouche deviendra moi, je deviendrai lui. \u00bb Il s&rsquo;agit donc bien d&rsquo;une identification. Si je deviens J\u00e9sus, je le suis.<\/p>\n<p style=\"text-align: justify;\"><strong>Les miracles et les pouvoirs sont d&rsquo;ordre exot\u00e9rique<\/strong><\/p>\n<p style=\"text-align: justify;\"><em>J.B. \u2014 Quelle importance ou cr\u00e9dibilit\u00e9 accordez-vous aux miracles de J\u00e9sus ? Vous dites que ces miracles sont des versets rajout\u00e9s.<\/em><\/p>\n<p style=\"text-align: justify;\">E.G. \u2014 Il existait depuis longtemps des recueils de miracles ; c&rsquo;est l\u00e0 qu&rsquo;ont puis\u00e9 les \u00e9vang\u00e9listes, en y ajoutant encore l&rsquo;imagination orientale, pour \u00e9laborer leur mythe. La R\u00e9surrection m&rsquo;appara\u00eet comme un ph\u00e9nom\u00e8ne explicable, mais appartenant, comme tout ph\u00e9nom\u00e8ne, \u00e0 l&rsquo;ordre de la manifestation, et donc secondaire du point de vue \u00e9sot\u00e9rique. Or, J\u00e9sus a dit : \u00ab <em>Par les choses que je vous dis, ne savez-vous pas qui je suis ?<\/em> \u00bb Il attire l&rsquo;attention sur sa parole, non sur l&rsquo;aspect merveilleux des miracles. On a voulu faire de lui un fakir, alors qu&rsquo;il r\u00e9cusait tout moyen d&rsquo;action physique.<\/p>\n<p style=\"text-align: justify;\"><em>J.B. \u2014 Est-ce \u00e0 dire que J\u00e9sus n&rsquo;a jamais fait de miracles ? Tous les sages ont \u00e9t\u00e9 investis de \u00ab pouvoirs \u00bb, m\u00eame s&rsquo;ils y ont renonc\u00e9.<\/em><\/p>\n<p style=\"text-align: justify;\">E.G. \u2014 Il en avait probablement. S&rsquo;il est issu du milieu ess\u00e9nien, comme d&rsquo;aucuns le pr\u00e9tendent, on sait par les textes de Qumr\u00e2m que les Ess\u00e9niens \u00e9taient des gu\u00e9risseurs. J\u00e9sus a fort bien pu \u00eatre un th\u00e9rapeute.<\/p>\n<p style=\"text-align: justify;\"><em>J.B. \u2014 Quant aux autres miracles, n&rsquo;est-il pas possible de leur donner une interpr\u00e9tation all\u00e9gorique, comme l&rsquo;ont fait des P\u00e8res de l&rsquo;Eglise, \u00e0 propos des noces de Cana ou de la marche sur les eaux ?<\/em><\/p>\n<p style=\"text-align: justify;\">E.G. \u2014 Je ne nie pas ces miracles, je les n\u00e9glige plut\u00f4t. Ils sont pour moi de l&rsquo;ordre ext\u00e9rieur.<\/p>\n<table style=\"text-align: justify;\" border=\"1\" cellspacing=\"0\" cellpadding=\"0\">\n<tbody>\n<tr>\n<td style=\"text-align: center;\" valign=\"top\" width=\"486\"><strong>QUELQUES EXTRAITS DE L&rsquo;EVANGILE SELON THOMAS<\/strong><\/td>\n<\/tr>\n<\/tbody>\n<\/table>\n<p>J\u00e9sus a dit:<\/p>\n<p>J&rsquo;ai jet\u00e9 un feu sur le monde, et voici que je le pr\u00e9\u00adserve jusqu&rsquo;\u00e0 ce qu&rsquo;il embrase.<\/p>\n<p>Heureux celui qui \u00e9tait d\u00e9j\u00e0 avant qu&rsquo;il existe. Si vous devenez mes disciples et entendez mes paroles, ces pierres vous serviront.<\/p>\n<p>Si la chair s&rsquo;est produite \u00e0 cause de l&rsquo;esprit, c&rsquo;est une merveille ; mais si l&rsquo;esprit s&rsquo;est produit \u00e0 cause du corps, c&rsquo;est une merveille de merveille. Mais moi, je m&rsquo;\u00e9merveille de ceci : comment cette grande richesse s&rsquo;est mise dans cette pauvret\u00e9.<\/p>\n<p>Ses disciples dirent : Quel jour te verrons-nous ? J\u00e9sus dit : Lorsque vous vous d\u00e9partirez de votre pruderie et prendrez vos v\u00eatements, les d\u00e9poserez \u00e0 vos pieds comme les tout petits enfants, les pi\u00e9tinerez, alors vous verrez le Fils de celui qui est Vivant et vous n&rsquo;aurez pas peur.<\/p>\n<p>Les pharisiens et les scribes ont pris les clefs. de la Connaissance et ils les ont cach\u00e9es. Non seulement ils ne sont pas entr\u00e9s, mais encore ils n&rsquo;ont pas laiss\u00e9 entrer ceux qui voulaient.<\/p>\n<p>Si l&rsquo;on vous interroge : Quel est le signe de votre P\u00e8re qui est en vous ? dites-leur : C&rsquo;est \u00e0 la fois un mou\u00advement et un. repos.<\/p>\n<p>Celui qui conna\u00eet le Tout, s&rsquo;il est priv\u00e9 de lui-m\u00eame, est priv\u00e9 du Tout,<\/p>\n<p>Le Tout est sorti de moi et le Tout est parvenu \u00e0 moi. Fendez du bois : je suis l\u00e0 ; soulevez la pierre et vous me trouverez l\u00e0.<\/p>\n<p>Ne comprenez-vous pas que celui qui a cr\u00e9\u00e9 l&rsquo;int\u00e9rieur est aussi celui qui a cr\u00e9\u00e9 l&rsquo;ext\u00e9rieur ?<\/p>\n<p style=\"text-align: center;\">Celui qui boit de ma bouche deviendra comme moi\u00a0: moi aussi je deviendrai lui, et ce qui est cach\u00e9 lui sera r\u00e9v\u00e9l\u00e9.<\/p>\n<p style=\"text-align: justify;\">\n<p style=\"text-align: justify;\"><strong>J\u00e9sus et la sagesse orientale<\/strong><\/p>\n<p style=\"text-align: justify;\"><em>J.B. \u2014 Quels rapprochements peut-on faire entre l&rsquo;enseignement de J\u00e9sus et les grandes traditions telles que l&rsquo;Asie les a conserv\u00e9es ?<\/em><\/p>\n<p style=\"text-align: justify;\">E.G. \u2014 Une fr\u00e9quentation prolong\u00e9e, attentive, des cent quatorze logia de J\u00e9sus r\u00e9v\u00e8le une pens\u00e9e attestant des correspondances surprenantes avec les grands enseignements orientaux. Par exemple, avec la Bhagavad-G\u00eet\u00e2 et les Upanishad, la po\u00e9sie mystique des soufis, les aphorismes du tch&rsquo;an, les koan du zen. J&rsquo;ai pu \u00e9tablir des rapprochements entre telles paroles de J\u00e9sus et Bouddha, Lao-tseu, Lin-tsi, Hui-n\u00eang, Gaudap\u00e2da. Mais c&rsquo;est encore du Tao en tant que voie du \u00ab juste milieu \u00bb que cet enseignement est le moins \u00e9loign\u00e9&#8230; Ces rapprochements portent sur l&rsquo;esprit d&rsquo;enfance et de pauvret\u00e9, sur la non-violence et le d\u00e9sengagement, les illusions du mental, l&rsquo;abolition de l&rsquo;ego, la n\u00e9cessit\u00e9 de vivre hic et nunc, la conciliation des contraires, l&rsquo;androgynie primordiale, le vide m\u00e9taphysique, le P\u00e8re en tant qu&rsquo;aspect incr\u00e9\u00e9 \u2014 le brahman sans second \u2014 \u00a0et le Fils en tant que r\u00e9alit\u00e9 manifest\u00e9e \u2014 l&rsquo;\u00e2tman.<\/p>\n<p style=\"text-align: justify;\"><em>J.B. \u2014 Inutile d&rsquo;imaginer un voyage de J\u00e9sus en Inde ou au Tibet !&#8230;<\/em><\/p>\n<p style=\"text-align: justify;\">E.G. \u2014 Compar\u00e9 aux enseignements initiatiques de l&rsquo;Asie, ce message se r\u00e9v\u00e8le dans ses dimensions d&rsquo;universalit\u00e9, permet \u00e0 l&rsquo;Orient et \u00e0 l&rsquo;Occident de parler le m\u00eame langage.<\/p>\n<p style=\"text-align: justify;\"><strong>L&rsquo;Evangile du troisi\u00e8me mill\u00e9naire<\/strong><\/p>\n<p style=\"text-align: justify;\"><em>J.B. \u2014 \u00ab L&rsquo;Evangile selon Thomas \u00bb oblige \u00e0 une r\u00e9vision compl\u00e8te des dogmes de l&rsquo;Eglise. La question qu&rsquo;on peut se poser est celle-ci : que va-t-il rester de l&rsquo;\u00e9difice ?<\/em><\/p>\n<p style=\"text-align: justify;\">E.G. \u2014 Il faut s&rsquo;attendre \u00e0 des r\u00e9visions p\u00e9nibles et d\u00e9chirantes. C&rsquo;est le prix \u00e0 payer pour retrouver la v\u00e9rit\u00e9 originelle et obtenir la lib\u00e9ration. Il reste bien peu de paroles authentiques de J\u00e9sus dans les Evangiles canoniques. L&rsquo;\u00e9vacuation de l&rsquo;\u00e9sot\u00e9risme d\u00e8s le d\u00e9but condamne aujourd&rsquo;hui l&rsquo;Eglise soit \u00e0 se replier sur des positions historiques et s\u00e9curisantes de moins en moins tol\u00e9rables, soit \u00e0 foncer dans le social. Or, on ne peut rien comprendre \u00e0 cet \u00e9sot\u00e9risme sans le pr\u00e9alable retournement, l&rsquo;indispensable metanoia de tout son \u00eatre, pour revenir \u00e0 la \u00ab source bouillonnante \u00bb que J\u00e9sus a \u00ab mesur\u00e9e \u00bb.<\/p>\n<p style=\"text-align: justify;\"><em>J.B. <\/em><em>\u2014 <\/em><em>Et c&rsquo;est ce retournement qui fait peur. Il est renonciation \u00e0 toute s\u00e9curit\u00e9.<\/em><\/p>\n<p style=\"text-align: justify;\">E.G. \u2014 J\u00e9sus a dit : \u00ab <em>Quand ils auront rejet\u00e9 leur vin, alors ils changeront de mentalit\u00e9<\/em>. \u00bb Je pense que \u00ab l&rsquo;Evan\u00adgile selon Thomas \u00bb ne peut trouver d&rsquo;\u00e9cho que chez ceux qui ont commenc\u00e9 leur propre remise en question et sont dispos\u00e9s au sacrifice total du Moi. Nous ne pouvons comprendre et vivre le message de J\u00e9sus que si nous parvenons \u00e0 nous lib\u00e9rer des forces paralysantes de notre inconscient, impr\u00e9gn\u00e9 de l\u00e9galisme juif et de dogmatisme chr\u00e9tien. Ce travail ne pourra se faire que sur plusieurs g\u00e9n\u00e9rations.<\/p>\n<p style=\"text-align: justify;\"><em>J.B. <\/em><em>\u2014 <\/em><em>Certains, se r\u00e9f\u00e9rant \u00e0 la loi selon laquelle toute fin de cycle en rejoint le commencement, pourront penser que la d\u00e9couverte de ce cinqui\u00e8me Evangile, qui, en fait, est le premier, constitue une nouvelle preuve de la fin du cycle chr\u00e9tien.<\/em><\/p>\n<p style=\"text-align: justify;\">E.G. \u2014 Pour moi, elle indiquerait plut\u00f4t la renaissance de la spiritualit\u00e9 occidentale. Cette d\u00e9couverte est une chance insigne offerte \u00e0 l&rsquo;homme de notre temps, juste au moment o\u00f9 les Eglises ne peuvent plus r\u00e9pondre \u00e0 ses interrogations essentielles. A maladie mortelle, rem\u00e8de radical&#8230; Tandis que le jud\u00e9o-christianisme se meurt sous nos yeux, r\u00e9duit \u00e0 un \u00e9piph\u00e9nom\u00e8ne de civilisation, \u00ab l&rsquo;Evangile selon Tho\u00admas \u00bb inaugure un nouveau cycle, ouvre d\u00e9j\u00e0 la voie de r\u00e9alisation aux hommes du troisi\u00e8me mill\u00e9naire.<\/p>\n<p style=\"text-align: justify;\"><strong>A lire<\/strong><\/p>\n<p style=\"text-align: justify;\">Philippe de Suarez : <em>l&rsquo;Evangile selon Thomas<\/em> (1975).<\/p>\n<p style=\"text-align: justify;\">Emile Gillabert : Saint Paul, ou le Colosse aux pieds d&rsquo;ar\u00adgile (1974) ; Paroles de J\u00e9sus et Pens\u00e9e orientale (1974) ; Mo\u00efse et le Ph\u00e9nom\u00e8ne jud\u00e9o-chr\u00e9tien (1976), etc.<\/p>\n","protected":false},"excerpt":{"rendered":"<p>L&rsquo;incompr\u00e9hension ne pouvait \u00eatre que totale : un dialogue de sourds, avec des disciples infantiles, interpr\u00e9tant les paraboles dans un sens quantitatif et historique, et ferm\u00e9s \u00e0 toute notion d&rsquo;int\u00e9riorit\u00e9 et d&rsquo;\u00e9ternit\u00e9. L&rsquo;aventure du Royaume est int\u00e9rieure et individuelle ; elle a \u00e9t\u00e9 comprise comme ext\u00e9rieure et collective. L&rsquo;\u00e9veil de la conscience a \u00e9t\u00e9 confondu avec la \u00ab r\u00e9surrection des morts \u00bb. Manger le pain de la Parole, s&rsquo;abreuver \u00e0 la coupe de l&rsquo;Enseignement est devenu la C\u00e8ne (alors que Jean lui-m\u00eame n&rsquo;identifie nullement la chair et le sang du Fils de l&rsquo;Homme au corps et au sang d&rsquo;une victime offerte en sacrifice : le rachat par le sang est une id\u00e9e de Paul&#8230;). L&rsquo;\u00e9preuve salvatrice de celui qui se prend en main a d\u00e9g\u00e9n\u00e9r\u00e9 en salut par la Croix de celui qui se fait prendre en charge. Le d\u00e9voilement de l&rsquo;Esprit, lorsque cesse notre c\u00e9cit\u00e9, a \u00e9t\u00e9 pris pour l&rsquo;apparition de J\u00e9sus post mortem. Le retour \u00e0 l&rsquo;Un, \u00e0 l&rsquo;Etre intemporel, la fin de tout dualisme sont devenus la \u00ab fin des temps \u00bb&#8230; <\/p>\n","protected":false},"author":1,"featured_media":16401,"comment_status":"closed","ping_status":"closed","sticky":false,"template":"","format":"standard","meta":{"footnotes":""},"categories":[595,5,915],"tags":[280,397,8],"class_list":["post-6920","post","type-post","status-publish","format-standard","has-post-thumbnail","hentry","category-bies-jean","category-interview","category-gillabert-emile","tag-christianisme","tag-gnose","tag-non-dualite"],"yoast_head":"<!-- This site is optimized with the Yoast SEO plugin v27.0 - https:\/\/yoast.com\/product\/yoast-seo-wordpress\/ -->\n<title>A propos du cinqui\u00e8me \u00e9vangile entretien avec \u00c9mile Gillabert par Jean Bi\u00e8s - 3e mill\u00e9naire - Spiritualit\u00e9 - Connaissance de soi - Non-dualit\u00e9 - M\u00e9ditation<\/title>\n<meta name=\"robots\" content=\"index, follow, max-snippet:-1, max-image-preview:large, max-video-preview:-1\" \/>\n<link rel=\"canonical\" href=\"https:\/\/www.revue3emillenaire.com\/blog\/a-propos-du-cinquieme-evangile-entretien-avec-emile-gillabert-par-jean-bies\/\" \/>\n<meta property=\"og:locale\" content=\"fr_FR\" \/>\n<meta property=\"og:type\" content=\"article\" \/>\n<meta property=\"og:title\" content=\"A propos du cinqui\u00e8me \u00e9vangile entretien avec \u00c9mile Gillabert par Jean Bi\u00e8s - 3e mill\u00e9naire - Spiritualit\u00e9 - Connaissance de soi - Non-dualit\u00e9 - M\u00e9ditation\" \/>\n<meta property=\"og:description\" content=\"L&#039;incompr\u00e9hension ne pouvait \u00eatre que totale : un dialogue de sourds, avec des disciples infantiles, interpr\u00e9tant les paraboles dans un sens quantitatif et historique, et ferm\u00e9s \u00e0 toute notion d&#039;int\u00e9riorit\u00e9 et d&#039;\u00e9ternit\u00e9. L&#039;aventure du Royaume est int\u00e9rieure et individuelle ; elle a \u00e9t\u00e9 comprise comme ext\u00e9rieure et collective. L&#039;\u00e9veil de la conscience a \u00e9t\u00e9 confondu avec la \u00ab r\u00e9surrection des morts \u00bb. Manger le pain de la Parole, s&#039;abreuver \u00e0 la coupe de l&#039;Enseignement est devenu la C\u00e8ne (alors que Jean lui-m\u00eame n&#039;identifie nullement la chair et le sang du Fils de l&#039;Homme au corps et au sang d&#039;une victime offerte en sacrifice : le rachat par le sang est une id\u00e9e de Paul...). L&#039;\u00e9preuve salvatrice de celui qui se prend en main a d\u00e9g\u00e9n\u00e9r\u00e9 en salut par la Croix de celui qui se fait prendre en charge. Le d\u00e9voilement de l&#039;Esprit, lorsque cesse notre c\u00e9cit\u00e9, a \u00e9t\u00e9 pris pour l&#039;apparition de J\u00e9sus post mortem. Le retour \u00e0 l&#039;Un, \u00e0 l&#039;Etre intemporel, la fin de tout dualisme sont devenus la \u00ab fin des temps \u00bb...\" \/>\n<meta property=\"og:url\" content=\"https:\/\/www.revue3emillenaire.com\/blog\/a-propos-du-cinquieme-evangile-entretien-avec-emile-gillabert-par-jean-bies\/\" \/>\n<meta property=\"og:site_name\" content=\"3e mill\u00e9naire - Spiritualit\u00e9 - Connaissance de soi - Non-dualit\u00e9 - M\u00e9ditation\" \/>\n<meta property=\"article:published_time\" content=\"2011-04-23T02:03:55+00:00\" \/>\n<meta property=\"article:modified_time\" content=\"2014-12-30T16:26:38+00:00\" \/>\n<meta property=\"og:image\" content=\"https:\/\/www.revue3emillenaire.com\/blog\/wp-content\/uploads\/2014\/12\/Gillabert.jpg\" \/>\n\t<meta property=\"og:image:width\" content=\"92\" \/>\n\t<meta property=\"og:image:height\" content=\"112\" \/>\n\t<meta property=\"og:image:type\" content=\"image\/jpeg\" \/>\n<meta name=\"author\" content=\"3e mill\u00e9naire\" \/>\n<meta name=\"twitter:card\" content=\"summary_large_image\" \/>\n<meta name=\"twitter:label1\" content=\"\u00c9crit par\" \/>\n\t<meta name=\"twitter:data1\" content=\"3e mill\u00e9naire\" \/>\n\t<meta name=\"twitter:label2\" content=\"Dur\u00e9e de lecture estim\u00e9e\" \/>\n\t<meta name=\"twitter:data2\" content=\"16 minutes\" \/>\n<script type=\"application\/ld+json\" class=\"yoast-schema-graph\">{\"@context\":\"https:\/\/schema.org\",\"@graph\":[{\"@type\":\"Article\",\"@id\":\"https:\/\/www.revue3emillenaire.com\/blog\/a-propos-du-cinquieme-evangile-entretien-avec-emile-gillabert-par-jean-bies\/#article\",\"isPartOf\":{\"@id\":\"https:\/\/www.revue3emillenaire.com\/blog\/a-propos-du-cinquieme-evangile-entretien-avec-emile-gillabert-par-jean-bies\/\"},\"author\":{\"name\":\"3e mill\u00e9naire\",\"@id\":\"https:\/\/www.revue3emillenaire.com\/blog\/#\/schema\/person\/9a3a7cc4ccaa707f402d4394327106d5\"},\"headline\":\"A propos du cinqui\u00e8me \u00e9vangile entretien avec \u00c9mile Gillabert par Jean Bi\u00e8s\",\"datePublished\":\"2011-04-23T02:03:55+00:00\",\"dateModified\":\"2014-12-30T16:26:38+00:00\",\"mainEntityOfPage\":{\"@id\":\"https:\/\/www.revue3emillenaire.com\/blog\/a-propos-du-cinquieme-evangile-entretien-avec-emile-gillabert-par-jean-bies\/\"},\"wordCount\":3282,\"image\":{\"@id\":\"https:\/\/www.revue3emillenaire.com\/blog\/a-propos-du-cinquieme-evangile-entretien-avec-emile-gillabert-par-jean-bies\/#primaryimage\"},\"thumbnailUrl\":\"https:\/\/www.revue3emillenaire.com\/blog\/wp-content\/uploads\/2014\/12\/Gillabert.jpg\",\"keywords\":[\"christianisme\",\"gnose\",\"Non-dualit\u00e9\"],\"articleSection\":[\"Bi\u00e8s Jean\",\"Entretien\/Interview\",\"Gillabert Emile\"],\"inLanguage\":\"fr-FR\"},{\"@type\":\"WebPage\",\"@id\":\"https:\/\/www.revue3emillenaire.com\/blog\/a-propos-du-cinquieme-evangile-entretien-avec-emile-gillabert-par-jean-bies\/\",\"url\":\"https:\/\/www.revue3emillenaire.com\/blog\/a-propos-du-cinquieme-evangile-entretien-avec-emile-gillabert-par-jean-bies\/\",\"name\":\"A propos du cinqui\u00e8me \u00e9vangile entretien avec \u00c9mile Gillabert par Jean Bi\u00e8s - 3e mill\u00e9naire - Spiritualit\u00e9 - Connaissance de soi - Non-dualit\u00e9 - M\u00e9ditation\",\"isPartOf\":{\"@id\":\"https:\/\/www.revue3emillenaire.com\/blog\/#website\"},\"primaryImageOfPage\":{\"@id\":\"https:\/\/www.revue3emillenaire.com\/blog\/a-propos-du-cinquieme-evangile-entretien-avec-emile-gillabert-par-jean-bies\/#primaryimage\"},\"image\":{\"@id\":\"https:\/\/www.revue3emillenaire.com\/blog\/a-propos-du-cinquieme-evangile-entretien-avec-emile-gillabert-par-jean-bies\/#primaryimage\"},\"thumbnailUrl\":\"https:\/\/www.revue3emillenaire.com\/blog\/wp-content\/uploads\/2014\/12\/Gillabert.jpg\",\"datePublished\":\"2011-04-23T02:03:55+00:00\",\"dateModified\":\"2014-12-30T16:26:38+00:00\",\"author\":{\"@id\":\"https:\/\/www.revue3emillenaire.com\/blog\/#\/schema\/person\/9a3a7cc4ccaa707f402d4394327106d5\"},\"breadcrumb\":{\"@id\":\"https:\/\/www.revue3emillenaire.com\/blog\/a-propos-du-cinquieme-evangile-entretien-avec-emile-gillabert-par-jean-bies\/#breadcrumb\"},\"inLanguage\":\"fr-FR\",\"potentialAction\":[{\"@type\":\"ReadAction\",\"target\":[\"https:\/\/www.revue3emillenaire.com\/blog\/a-propos-du-cinquieme-evangile-entretien-avec-emile-gillabert-par-jean-bies\/\"]}]},{\"@type\":\"ImageObject\",\"inLanguage\":\"fr-FR\",\"@id\":\"https:\/\/www.revue3emillenaire.com\/blog\/a-propos-du-cinquieme-evangile-entretien-avec-emile-gillabert-par-jean-bies\/#primaryimage\",\"url\":\"https:\/\/www.revue3emillenaire.com\/blog\/wp-content\/uploads\/2014\/12\/Gillabert.jpg\",\"contentUrl\":\"https:\/\/www.revue3emillenaire.com\/blog\/wp-content\/uploads\/2014\/12\/Gillabert.jpg\",\"width\":92,\"height\":112},{\"@type\":\"BreadcrumbList\",\"@id\":\"https:\/\/www.revue3emillenaire.com\/blog\/a-propos-du-cinquieme-evangile-entretien-avec-emile-gillabert-par-jean-bies\/#breadcrumb\",\"itemListElement\":[{\"@type\":\"ListItem\",\"position\":1,\"name\":\"Accueil\",\"item\":\"https:\/\/www.revue3emillenaire.com\/blog\/\"},{\"@type\":\"ListItem\",\"position\":2,\"name\":\"A propos du cinqui\u00e8me \u00e9vangile entretien avec \u00c9mile Gillabert par Jean Bi\u00e8s\"}]},{\"@type\":\"WebSite\",\"@id\":\"https:\/\/www.revue3emillenaire.com\/blog\/#website\",\"url\":\"https:\/\/www.revue3emillenaire.com\/blog\/\",\"name\":\"3e mill\u00e9naire - Spiritualit\u00e9 - Connaissance de soi - Non-dualit\u00e9 - M\u00e9ditation\",\"description\":\"L&#039;Homme en devenir\",\"potentialAction\":[{\"@type\":\"SearchAction\",\"target\":{\"@type\":\"EntryPoint\",\"urlTemplate\":\"https:\/\/www.revue3emillenaire.com\/blog\/?s={search_term_string}\"},\"query-input\":{\"@type\":\"PropertyValueSpecification\",\"valueRequired\":true,\"valueName\":\"search_term_string\"}}],\"inLanguage\":\"fr-FR\"},{\"@type\":\"Person\",\"@id\":\"https:\/\/www.revue3emillenaire.com\/blog\/#\/schema\/person\/9a3a7cc4ccaa707f402d4394327106d5\",\"name\":\"3e mill\u00e9naire\",\"url\":\"https:\/\/www.revue3emillenaire.com\/blog\/author\/admin\/\"}]}<\/script>\n<!-- \/ Yoast SEO plugin. -->","yoast_head_json":{"title":"A propos du cinqui\u00e8me \u00e9vangile entretien avec \u00c9mile Gillabert par Jean Bi\u00e8s - 3e mill\u00e9naire - Spiritualit\u00e9 - Connaissance de soi - Non-dualit\u00e9 - M\u00e9ditation","robots":{"index":"index","follow":"follow","max-snippet":"max-snippet:-1","max-image-preview":"max-image-preview:large","max-video-preview":"max-video-preview:-1"},"canonical":"https:\/\/www.revue3emillenaire.com\/blog\/a-propos-du-cinquieme-evangile-entretien-avec-emile-gillabert-par-jean-bies\/","og_locale":"fr_FR","og_type":"article","og_title":"A propos du cinqui\u00e8me \u00e9vangile entretien avec \u00c9mile Gillabert par Jean Bi\u00e8s - 3e mill\u00e9naire - Spiritualit\u00e9 - Connaissance de soi - Non-dualit\u00e9 - M\u00e9ditation","og_description":"L'incompr\u00e9hension ne pouvait \u00eatre que totale : un dialogue de sourds, avec des disciples infantiles, interpr\u00e9tant les paraboles dans un sens quantitatif et historique, et ferm\u00e9s \u00e0 toute notion d'int\u00e9riorit\u00e9 et d'\u00e9ternit\u00e9. L'aventure du Royaume est int\u00e9rieure et individuelle ; elle a \u00e9t\u00e9 comprise comme ext\u00e9rieure et collective. L'\u00e9veil de la conscience a \u00e9t\u00e9 confondu avec la \u00ab r\u00e9surrection des morts \u00bb. Manger le pain de la Parole, s'abreuver \u00e0 la coupe de l'Enseignement est devenu la C\u00e8ne (alors que Jean lui-m\u00eame n'identifie nullement la chair et le sang du Fils de l'Homme au corps et au sang d'une victime offerte en sacrifice : le rachat par le sang est une id\u00e9e de Paul...). L'\u00e9preuve salvatrice de celui qui se prend en main a d\u00e9g\u00e9n\u00e9r\u00e9 en salut par la Croix de celui qui se fait prendre en charge. Le d\u00e9voilement de l'Esprit, lorsque cesse notre c\u00e9cit\u00e9, a \u00e9t\u00e9 pris pour l'apparition de J\u00e9sus post mortem. Le retour \u00e0 l'Un, \u00e0 l'Etre intemporel, la fin de tout dualisme sont devenus la \u00ab fin des temps \u00bb...","og_url":"https:\/\/www.revue3emillenaire.com\/blog\/a-propos-du-cinquieme-evangile-entretien-avec-emile-gillabert-par-jean-bies\/","og_site_name":"3e mill\u00e9naire - Spiritualit\u00e9 - Connaissance de soi - Non-dualit\u00e9 - M\u00e9ditation","article_published_time":"2011-04-23T02:03:55+00:00","article_modified_time":"2014-12-30T16:26:38+00:00","og_image":[{"width":92,"height":112,"url":"https:\/\/www.revue3emillenaire.com\/blog\/wp-content\/uploads\/2014\/12\/Gillabert.jpg","type":"image\/jpeg"}],"author":"3e mill\u00e9naire","twitter_card":"summary_large_image","twitter_misc":{"\u00c9crit par":"3e mill\u00e9naire","Dur\u00e9e de lecture estim\u00e9e":"16 minutes"},"schema":{"@context":"https:\/\/schema.org","@graph":[{"@type":"Article","@id":"https:\/\/www.revue3emillenaire.com\/blog\/a-propos-du-cinquieme-evangile-entretien-avec-emile-gillabert-par-jean-bies\/#article","isPartOf":{"@id":"https:\/\/www.revue3emillenaire.com\/blog\/a-propos-du-cinquieme-evangile-entretien-avec-emile-gillabert-par-jean-bies\/"},"author":{"name":"3e mill\u00e9naire","@id":"https:\/\/www.revue3emillenaire.com\/blog\/#\/schema\/person\/9a3a7cc4ccaa707f402d4394327106d5"},"headline":"A propos du cinqui\u00e8me \u00e9vangile entretien avec \u00c9mile Gillabert par Jean Bi\u00e8s","datePublished":"2011-04-23T02:03:55+00:00","dateModified":"2014-12-30T16:26:38+00:00","mainEntityOfPage":{"@id":"https:\/\/www.revue3emillenaire.com\/blog\/a-propos-du-cinquieme-evangile-entretien-avec-emile-gillabert-par-jean-bies\/"},"wordCount":3282,"image":{"@id":"https:\/\/www.revue3emillenaire.com\/blog\/a-propos-du-cinquieme-evangile-entretien-avec-emile-gillabert-par-jean-bies\/#primaryimage"},"thumbnailUrl":"https:\/\/www.revue3emillenaire.com\/blog\/wp-content\/uploads\/2014\/12\/Gillabert.jpg","keywords":["christianisme","gnose","Non-dualit\u00e9"],"articleSection":["Bi\u00e8s Jean","Entretien\/Interview","Gillabert Emile"],"inLanguage":"fr-FR"},{"@type":"WebPage","@id":"https:\/\/www.revue3emillenaire.com\/blog\/a-propos-du-cinquieme-evangile-entretien-avec-emile-gillabert-par-jean-bies\/","url":"https:\/\/www.revue3emillenaire.com\/blog\/a-propos-du-cinquieme-evangile-entretien-avec-emile-gillabert-par-jean-bies\/","name":"A propos du cinqui\u00e8me \u00e9vangile entretien avec \u00c9mile Gillabert par Jean Bi\u00e8s - 3e mill\u00e9naire - Spiritualit\u00e9 - Connaissance de soi - Non-dualit\u00e9 - M\u00e9ditation","isPartOf":{"@id":"https:\/\/www.revue3emillenaire.com\/blog\/#website"},"primaryImageOfPage":{"@id":"https:\/\/www.revue3emillenaire.com\/blog\/a-propos-du-cinquieme-evangile-entretien-avec-emile-gillabert-par-jean-bies\/#primaryimage"},"image":{"@id":"https:\/\/www.revue3emillenaire.com\/blog\/a-propos-du-cinquieme-evangile-entretien-avec-emile-gillabert-par-jean-bies\/#primaryimage"},"thumbnailUrl":"https:\/\/www.revue3emillenaire.com\/blog\/wp-content\/uploads\/2014\/12\/Gillabert.jpg","datePublished":"2011-04-23T02:03:55+00:00","dateModified":"2014-12-30T16:26:38+00:00","author":{"@id":"https:\/\/www.revue3emillenaire.com\/blog\/#\/schema\/person\/9a3a7cc4ccaa707f402d4394327106d5"},"breadcrumb":{"@id":"https:\/\/www.revue3emillenaire.com\/blog\/a-propos-du-cinquieme-evangile-entretien-avec-emile-gillabert-par-jean-bies\/#breadcrumb"},"inLanguage":"fr-FR","potentialAction":[{"@type":"ReadAction","target":["https:\/\/www.revue3emillenaire.com\/blog\/a-propos-du-cinquieme-evangile-entretien-avec-emile-gillabert-par-jean-bies\/"]}]},{"@type":"ImageObject","inLanguage":"fr-FR","@id":"https:\/\/www.revue3emillenaire.com\/blog\/a-propos-du-cinquieme-evangile-entretien-avec-emile-gillabert-par-jean-bies\/#primaryimage","url":"https:\/\/www.revue3emillenaire.com\/blog\/wp-content\/uploads\/2014\/12\/Gillabert.jpg","contentUrl":"https:\/\/www.revue3emillenaire.com\/blog\/wp-content\/uploads\/2014\/12\/Gillabert.jpg","width":92,"height":112},{"@type":"BreadcrumbList","@id":"https:\/\/www.revue3emillenaire.com\/blog\/a-propos-du-cinquieme-evangile-entretien-avec-emile-gillabert-par-jean-bies\/#breadcrumb","itemListElement":[{"@type":"ListItem","position":1,"name":"Accueil","item":"https:\/\/www.revue3emillenaire.com\/blog\/"},{"@type":"ListItem","position":2,"name":"A propos du cinqui\u00e8me \u00e9vangile entretien avec \u00c9mile Gillabert par Jean Bi\u00e8s"}]},{"@type":"WebSite","@id":"https:\/\/www.revue3emillenaire.com\/blog\/#website","url":"https:\/\/www.revue3emillenaire.com\/blog\/","name":"3e mill\u00e9naire - Spiritualit\u00e9 - Connaissance de soi - Non-dualit\u00e9 - M\u00e9ditation","description":"L&#039;Homme en devenir","potentialAction":[{"@type":"SearchAction","target":{"@type":"EntryPoint","urlTemplate":"https:\/\/www.revue3emillenaire.com\/blog\/?s={search_term_string}"},"query-input":{"@type":"PropertyValueSpecification","valueRequired":true,"valueName":"search_term_string"}}],"inLanguage":"fr-FR"},{"@type":"Person","@id":"https:\/\/www.revue3emillenaire.com\/blog\/#\/schema\/person\/9a3a7cc4ccaa707f402d4394327106d5","name":"3e mill\u00e9naire","url":"https:\/\/www.revue3emillenaire.com\/blog\/author\/admin\/"}]}},"_links":{"self":[{"href":"https:\/\/www.revue3emillenaire.com\/blog\/wp-json\/wp\/v2\/posts\/6920","targetHints":{"allow":["GET"]}}],"collection":[{"href":"https:\/\/www.revue3emillenaire.com\/blog\/wp-json\/wp\/v2\/posts"}],"about":[{"href":"https:\/\/www.revue3emillenaire.com\/blog\/wp-json\/wp\/v2\/types\/post"}],"author":[{"embeddable":true,"href":"https:\/\/www.revue3emillenaire.com\/blog\/wp-json\/wp\/v2\/users\/1"}],"replies":[{"embeddable":true,"href":"https:\/\/www.revue3emillenaire.com\/blog\/wp-json\/wp\/v2\/comments?post=6920"}],"version-history":[{"count":0,"href":"https:\/\/www.revue3emillenaire.com\/blog\/wp-json\/wp\/v2\/posts\/6920\/revisions"}],"wp:featuredmedia":[{"embeddable":true,"href":"https:\/\/www.revue3emillenaire.com\/blog\/wp-json\/wp\/v2\/media\/16401"}],"wp:attachment":[{"href":"https:\/\/www.revue3emillenaire.com\/blog\/wp-json\/wp\/v2\/media?parent=6920"}],"wp:term":[{"taxonomy":"category","embeddable":true,"href":"https:\/\/www.revue3emillenaire.com\/blog\/wp-json\/wp\/v2\/categories?post=6920"},{"taxonomy":"post_tag","embeddable":true,"href":"https:\/\/www.revue3emillenaire.com\/blog\/wp-json\/wp\/v2\/tags?post=6920"}],"curies":[{"name":"wp","href":"https:\/\/api.w.org\/{rel}","templated":true}]}}