{"id":7099,"date":"2011-05-16T15:55:34","date_gmt":"2011-05-16T14:55:34","guid":{"rendered":"http:\/\/www.revue3emillenaire.com\/blog\/?p=7099"},"modified":"2011-05-16T15:55:34","modified_gmt":"2011-05-16T14:55:34","slug":"le-visiteur-divin-par-pierre-herdner","status":"publish","type":"post","link":"https:\/\/www.revue3emillenaire.com\/blog\/le-visiteur-divin-par-pierre-herdner\/","title":{"rendered":"Le Visiteur Divin par Pierre Herdner"},"content":{"rendered":"<p style=\"text-align: justify;\">(Revue \u00catre Libre. N<sup>o<\/sup> 104-107. Mai-Ao\u00fbt 1954)<\/p>\n<p style=\"text-align: justify;\">Le Sage errait alors, r\u00e9pandant la Lumi\u00e8re.<\/p>\n<p style=\"text-align: justify;\">La foule se pressait pour entendre sa voix.<\/p>\n<p style=\"text-align: justify;\">Il allait de village en village, et parfois<\/p>\n<p style=\"text-align: justify;\">Entrait se reposer dans une humble chaumi\u00e8re.<\/p>\n<p style=\"text-align: justify;\">Il savait deviner parmi le peuple vain<\/p>\n<p style=\"text-align: justify;\">Ceux qui pouvaient saisir sa v\u00e9rit\u00e9 profonde.<\/p>\n<p style=\"text-align: justify;\">Le Sage errait alors sur les chemins du monde,<\/p>\n<p style=\"text-align: justify;\">Et beaucoup recevaient le message divin.<\/p>\n<p style=\"text-align: justify;\">Et nous avions soudain pressenti sa venue.<\/p>\n<p style=\"text-align: justify;\">Notre oreille, attentive au murmure subtil<\/p>\n<p style=\"text-align: justify;\">De la nature, avait, en cette aube d&rsquo;avril,<\/p>\n<p style=\"text-align: justify;\">Entendu frissonner une joie inconnue.<\/p>\n<p style=\"text-align: justify;\">\n<p style=\"text-align: justify;\">Les voix du vent, de l&rsquo;onde, avaient plus de douceur,<\/p>\n<p style=\"text-align: justify;\">Et le silence m\u00eame \u00e9tait plein de myst\u00e8re.<\/p>\n<p style=\"text-align: justify;\">Nous sentions que bient\u00f4t notre clos solitaire<\/p>\n<p style=\"text-align: justify;\">Fr\u00e9mirait sous les pas du divin visiteur.<\/p>\n<p style=\"text-align: justify;\">Nous v\u00eemes un matin, sur notre seuil, le Sage,<\/p>\n<p style=\"text-align: justify;\">Le front aur\u00e9ol\u00e9 de limpide clart\u00e9.<\/p>\n<p style=\"text-align: justify;\">Par\u00e9 de joie candide et de simplicit\u00e9,<\/p>\n<p style=\"text-align: justify;\">A notre humble demeure il portait son message.<\/p>\n<p style=\"text-align: justify;\">Les vierges ont chant\u00e9, v\u00eatues de blanc, des ch\u0153urs.<\/p>\n<p style=\"text-align: justify;\">La lumi\u00e8re du ciel s&rsquo;\u00e9tait faite plus pure.<\/p>\n<p style=\"text-align: justify;\">Le sol s&rsquo;\u00e9tait couvert d&rsquo;une tendre verdure<\/p>\n<p style=\"text-align: justify;\">Afin que ses pieds nus marchent parmi les fleurs.<\/p>\n<p style=\"text-align: justify;\">Les arbres de l&rsquo;all\u00e9e effleur\u00e8rent sa t\u00eate,<\/p>\n<p style=\"text-align: justify;\">Versant sur ses cheveux les larmes du matin.<\/p>\n<p style=\"text-align: justify;\">Le clocher du vallon tissait dans l&rsquo;air serein<\/p>\n<p style=\"text-align: justify;\">Les notes de cristal d&rsquo;un carillon de f\u00eate.<\/p>\n<p style=\"text-align: justify;\">Il voulut demeurer notre h\u00f4te tout un jour.<\/p>\n<p style=\"text-align: justify;\">Sa voix claire chantait l&rsquo;hymne de d\u00e9livrance.<\/p>\n<p style=\"text-align: justify;\">Sous les arbres en fleurs, \u00e0 ses pieds, en silence,<\/p>\n<p style=\"text-align: justify;\">Nous ouvr\u00eemes notre \u00e2me au flot de son amour.<\/p>\n<p style=\"text-align: justify;\">\n<p style=\"text-align: justify;\">Amis, nous disait-il, d&rsquo;un long et triste r\u00eave<\/p>\n<p style=\"text-align: justify;\">Je viens de m&rsquo;\u00e9veiller, soudain, dans la clart\u00e9.<\/p>\n<p style=\"text-align: justify;\">Respirez le parfum de ma f\u00e9licit\u00e9,<\/p>\n<p style=\"text-align: justify;\">Car je suis enfin libre et mon destin s&rsquo;ach\u00e8ve.<\/p>\n<p style=\"text-align: justify;\">A pas lourds, j&rsquo;ai gravi mon sentier douloureux,<\/p>\n<p style=\"text-align: justify;\">De vie en vie, captif de mes limites vaines.<\/p>\n<p style=\"text-align: justify;\">Puis mon \u00e2me, \u00e9tonn\u00e9e de voir tomber ses cha\u00eenes,<\/p>\n<p style=\"text-align: justify;\">Enfin s&rsquo;est \u00e9veill\u00e9e au terme bienheureux.<\/p>\n<p style=\"text-align: justify;\">Oh ! joie d&rsquo;\u00eatre baign\u00e9 par l&rsquo;oc\u00e9an sans rives !<\/p>\n<p style=\"text-align: justify;\">De sentir battre en moi le c\u0153ur de l&rsquo;Univers !<\/p>\n<p style=\"text-align: justify;\">Et de contempler l&rsquo;UN face \u00e0 face, \u00e0 travers<\/p>\n<p style=\"text-align: justify;\">La mouvante splendeur des formes fugitives !<\/p>\n<p style=\"text-align: justify;\">Le Monde immense est Ta demeure, \u00f4 Bien-Aim\u00e9 !<\/p>\n<p style=\"text-align: justify;\">Dans les oiseaux des bois, dans l&rsquo;arbre et dans la pierre,<\/p>\n<p style=\"text-align: justify;\">Dans le souffle du vent, dans la blanche Lumi\u00e8re,<\/p>\n<p style=\"text-align: justify;\">Et dans le ciel obscur d&rsquo;\u00e9toiles parsem\u00e9.<\/p>\n<p style=\"text-align: justify;\">Dans les hommes fervents qui peinent en silence,<\/p>\n<p style=\"text-align: justify;\">Le manant et le roi, le saint, le criminel :<\/p>\n<p style=\"text-align: justify;\">Partout j&rsquo;ai reconnu Ton symbole \u00e9ternel,<\/p>\n<p style=\"text-align: justify;\">Tout \u00eatre m&rsquo;a chant\u00e9 l&rsquo;hymne de Ta pr\u00e9sence.<\/p>\n<p style=\"text-align: justify;\">Ainsi qu&rsquo;aux jours anciens le bienheureux Bouddha,<\/p>\n<p style=\"text-align: justify;\">Je me perds comme un fleuve au sein des mers profondes.<\/p>\n<p style=\"text-align: justify;\">Mon \u00eatre, p\u00e9n\u00e9trant les myst\u00e8res des mondes,<\/p>\n<p style=\"text-align: justify;\">Se m\u00eale au Jeu Divin, \u00e0 la sainte Lil\u00e2.<\/p>\n<p style=\"text-align: justify;\">Comme la fleur des monts qui s&rsquo;entr&rsquo;ouvre \u00e0 l&rsquo;aurore<\/p>\n<p style=\"text-align: justify;\">Et livre son parfum, j&rsquo;exhale la douceur<\/p>\n<p style=\"text-align: justify;\">Et le parfum subtil du supr\u00eame Bonheur,<\/p>\n<p style=\"text-align: justify;\">Car au divin Soleil mon \u00e2me vient d&rsquo;\u00e9clore.<\/p>\n<p style=\"text-align: justify;\">Amis, ce flot de joie inondera vos c\u0153urs.<\/p>\n<p style=\"text-align: justify;\">Un prodige ineffable en tout \u00eatre sommeille.<\/p>\n<p style=\"text-align: justify;\">Il peut jaillir soudain, si vous pr\u00eatez l&rsquo;oreille<\/p>\n<p style=\"text-align: justify;\">Aux \u00e9chos ignor\u00e9s surgis des profondeurs.<\/p>\n<p style=\"text-align: justify;\">Au Pr\u00e9sent cr\u00e9ateur ouvrez-vous en silence.<\/p>\n<p style=\"text-align: justify;\">Lib\u00e9rez-vous du temps, des fins, du devenir.<\/p>\n<p style=\"text-align: justify;\">Les sources de la Joie sont pr\u00eates \u00e0 jaillir.<\/p>\n<p style=\"text-align: justify;\">Aupr\u00e8s de cette Joie, toute joie est souffrance !<\/p>\n<p style=\"text-align: justify;\">Point de rites, d&rsquo;autels, de livres, de gourous !<\/p>\n<p style=\"text-align: justify;\">Gardez-vous \u00e0 jamais d&rsquo;enclore dans un vase<\/p>\n<p style=\"text-align: justify;\">Le flot torrentiel de votre vierge extase,<\/p>\n<p style=\"text-align: justify;\">Dont la source est cach\u00e9e au plus profond de vous.<\/p>\n<p style=\"text-align: justify;\">Laissez-vous envahir par la fluide Essence.<\/p>\n<p style=\"text-align: justify;\">Votre ferveur \u00e9touffe en des temples obscurs.<\/p>\n<p style=\"text-align: justify;\">Le souffle de l&rsquo;Esprit fera crouler les murs.<\/p>\n<p style=\"text-align: justify;\">Les for\u00eats et les monts vous offrent leur silence&#8230;<\/p>\n<p style=\"text-align: justify;\">Aimez-moi comme un fr\u00e8re et ne m&rsquo;adorez pas.<\/p>\n<p style=\"text-align: justify;\">Je montre le chemin vers les plus hautes cimes.<\/p>\n<p style=\"text-align: justify;\">Quand vous contemplerez les horizons sublimes,<\/p>\n<p style=\"text-align: justify;\">Oubliez quel ami voulut guider vos pas.<\/p>\n<p style=\"text-align: justify;\">Dans la Totalit\u00e9 que votre Moi se fonde.<\/p>\n<p style=\"text-align: justify;\">Plus d&rsquo;\u00eatres s\u00e9par\u00e9s : toute \u00e2me est une s\u0153ur.<\/p>\n<p style=\"text-align: justify;\">Levez le voile obscur que tissait votre erreur,<\/p>\n<p style=\"text-align: justify;\">Et que votre d\u00e9sir soit le d\u00e9sir du Monde.<\/p>\n<p style=\"text-align: justify;\">En vous-m\u00eames la Vie a son temple \u00e9ternel,<\/p>\n<p style=\"text-align: justify;\">Dans la limpidit\u00e9 des \u00e2mes cristallines.<\/p>\n<p style=\"text-align: justify;\">Et les \u00e2mes, pench\u00e9es sur les sources divines,<\/p>\n<p style=\"text-align: justify;\">Voient leur blancheur m\u00eal\u00e9e \u00e0 la clart\u00e9 du ciel&#8230;<\/p>\n<p style=\"text-align: justify;\">Et le Sage se tut. Les ombres vesp\u00e9rales<\/p>\n<p style=\"text-align: justify;\">Des fins rameaux dansaient sur le gazon l\u00e9ger.<\/p>\n<p style=\"text-align: justify;\">Et sur nos r\u00eaveries les arbres du verger<\/p>\n<p style=\"text-align: justify;\">A la brise d&rsquo;avril ont neig\u00e9 leurs p\u00e9tales.<\/p>\n<p style=\"text-align: justify;\">Il quitta notre clos, serrant nos mains, le soir.<\/p>\n<p style=\"text-align: justify;\">Le tilleul, s&rsquo;inclinant, baisa sa chevelure.<\/p>\n<p style=\"text-align: justify;\">Et quand il disparut sur notre sente obscure,<\/p>\n<p style=\"text-align: justify;\">Notre c\u0153ur d\u00e9bordait d&rsquo;un merveilleux espoir.<\/p>\n<p style=\"text-align: justify;\">\n<p style=\"text-align: justify;\">Et les mois ont pass\u00e9, m\u00fbrissant la semence<\/p>\n<p style=\"text-align: justify;\">Qu&rsquo;avait jet\u00e9e le Sage en ce beau jour d&rsquo;avril.<\/p>\n<p style=\"text-align: justify;\">Lentement s&rsquo;\u00e9veillait un renouveau subtil.<\/p>\n<p style=\"text-align: justify;\">Des \u00e9chos de sa voix chantaient dans le silence.<\/p>\n<p style=\"text-align: justify;\">Un matin, en errant par les taillis d\u00e9serts,<\/p>\n<p style=\"text-align: justify;\">Nous admirions, muets, du haut de la colline,<\/p>\n<p style=\"text-align: justify;\">La limpide candeur de l&rsquo;aube cristalline,<\/p>\n<p style=\"text-align: justify;\">Et le ruisseau chantant parmi les trembles verts.<\/p>\n<p style=\"text-align: justify;\">Quand le jaillissement d&rsquo;une extase profonde<\/p>\n<p style=\"text-align: justify;\">Nous submergea comme les vagues d&rsquo;un torrent.<\/p>\n<p style=\"text-align: justify;\">L&rsquo;espace autour de nous devenait transparent.<\/p>\n<p style=\"text-align: justify;\">Un lien se tissait entre nous et le Monde.<\/p>\n<p style=\"text-align: justify;\">Les plantes, les rochers, avaient chang\u00e9 d&rsquo;aspect.<\/p>\n<p style=\"text-align: justify;\">Un \u00e9cho fraternel surgi de toute chose<\/p>\n<p style=\"text-align: justify;\">Proclamait une Essence o\u00f9 tout \u00eatre repose.<\/p>\n<p style=\"text-align: justify;\">Tout vibrait, lumineux, dans une immense paix.<\/p>\n<p style=\"text-align: justify;\">Les voix de l&rsquo;Univers m\u00ealaient leur harmonie.<\/p>\n<p style=\"text-align: justify;\">Dans la blanche Unit\u00e9 se fondaient les couleurs&#8230;<\/p>\n<p style=\"text-align: justify;\">D&rsquo;all\u00e9gresse, longtemps, nous vers\u00e2mes des pleurs.<\/p>\n<p style=\"text-align: justify;\">Puis, lentement, mourut cette extase b\u00e9nie.<\/p>\n<p style=\"text-align: justify;\">Ce n&rsquo;\u00e9tait qu&rsquo;une aurore. Ah ! que vienne le jour !<\/p>\n<p style=\"text-align: justify;\">Que du supr\u00eame instant le grand soleil se l\u00e8ve !<\/p>\n<p style=\"text-align: justify;\">Que dans l&rsquo;auguste paix notre destin s&rsquo;ach\u00e8ve !<\/p>\n<p style=\"text-align: justify;\">Et que s&rsquo;\u00e9panche en nous l&rsquo;universel Amour !<\/p>\n<p style=\"text-align: justify;\">O douce Certitude, \u00e9claire notre voie !<\/p>\n<p style=\"text-align: justify;\">L&rsquo;Univers dans ses flots nous berce, fraternel.<\/p>\n<p style=\"text-align: justify;\">L&rsquo;acte, unifi\u00e9, prend un sens \u00e9ternel.<\/p>\n<p style=\"text-align: justify;\">La douleur se consume aux flammes de la Joie.<\/p>\n<p style=\"text-align: justify;\">Le c\u0153ur rempli d&rsquo;amour et le front plus serein,<\/p>\n<p style=\"text-align: justify;\">Nous achevons en paix les \u0153uvres de la Terre,<\/p>\n<p style=\"text-align: justify;\">Depuis qu&rsquo;un jour d&rsquo;avril notre clos solitaire<\/p>\n<p style=\"text-align: justify;\">A fr\u00e9mi sous les pas du visiteur divin.<\/p>\n<p style=\"text-align: right;\">Pierre HERDNER<\/p>\n<p style=\"text-align: justify;\">\n","protected":false},"excerpt":{"rendered":"<p>Le Sage errait alors, r\u00e9pandant la Lumi\u00e8re.<\/p>\n<p>La foule se pressait pour entendre sa voix.<\/p>\n<p>Il allait de village en village, et parfois<\/p>\n<p>Entrait se reposer dans une humble chaumi\u00e8re.<\/p>\n","protected":false},"author":1,"featured_media":0,"comment_status":"closed","ping_status":"closed","sticky":false,"template":"","format":"standard","meta":{"footnotes":""},"categories":[258,922],"tags":[],"class_list":["post-7099","post","type-post","status-publish","format-standard","hentry","category-p-herdner","category-poesie-et-spiritualite"],"yoast_head":"<!-- This site is optimized with the Yoast SEO plugin v27.0 - https:\/\/yoast.com\/product\/yoast-seo-wordpress\/ -->\n<title>Le Visiteur Divin par Pierre Herdner - 3e mill\u00e9naire - Spiritualit\u00e9 - Connaissance de soi - Non-dualit\u00e9 - M\u00e9ditation<\/title>\n<meta name=\"robots\" content=\"index, follow, max-snippet:-1, max-image-preview:large, max-video-preview:-1\" \/>\n<link rel=\"canonical\" href=\"https:\/\/www.revue3emillenaire.com\/blog\/le-visiteur-divin-par-pierre-herdner\/\" \/>\n<meta property=\"og:locale\" content=\"fr_FR\" \/>\n<meta property=\"og:type\" content=\"article\" \/>\n<meta property=\"og:title\" content=\"Le Visiteur Divin par Pierre Herdner - 3e mill\u00e9naire - Spiritualit\u00e9 - Connaissance de soi - Non-dualit\u00e9 - M\u00e9ditation\" \/>\n<meta property=\"og:description\" content=\"Le Sage errait alors, r\u00e9pandant la Lumi\u00e8re.  La foule se pressait pour entendre sa voix.  Il allait de village en village, et parfois  Entrait se reposer dans une humble chaumi\u00e8re.\" \/>\n<meta property=\"og:url\" content=\"https:\/\/www.revue3emillenaire.com\/blog\/le-visiteur-divin-par-pierre-herdner\/\" \/>\n<meta property=\"og:site_name\" content=\"3e mill\u00e9naire - Spiritualit\u00e9 - Connaissance de soi - Non-dualit\u00e9 - M\u00e9ditation\" \/>\n<meta property=\"article:published_time\" content=\"2011-05-16T14:55:34+00:00\" \/>\n<meta name=\"author\" content=\"3e mill\u00e9naire\" \/>\n<meta name=\"twitter:card\" content=\"summary_large_image\" \/>\n<meta name=\"twitter:label1\" content=\"\u00c9crit par\" \/>\n\t<meta name=\"twitter:data1\" content=\"3e mill\u00e9naire\" \/>\n\t<meta name=\"twitter:label2\" content=\"Dur\u00e9e de lecture estim\u00e9e\" \/>\n\t<meta name=\"twitter:data2\" content=\"5 minutes\" \/>\n<script type=\"application\/ld+json\" class=\"yoast-schema-graph\">{\"@context\":\"https:\/\/schema.org\",\"@graph\":[{\"@type\":\"Article\",\"@id\":\"https:\/\/www.revue3emillenaire.com\/blog\/le-visiteur-divin-par-pierre-herdner\/#article\",\"isPartOf\":{\"@id\":\"https:\/\/www.revue3emillenaire.com\/blog\/le-visiteur-divin-par-pierre-herdner\/\"},\"author\":{\"name\":\"3e mill\u00e9naire\",\"@id\":\"https:\/\/www.revue3emillenaire.com\/blog\/#\/schema\/person\/9a3a7cc4ccaa707f402d4394327106d5\"},\"headline\":\"Le Visiteur Divin par Pierre Herdner\",\"datePublished\":\"2011-05-16T14:55:34+00:00\",\"mainEntityOfPage\":{\"@id\":\"https:\/\/www.revue3emillenaire.com\/blog\/le-visiteur-divin-par-pierre-herdner\/\"},\"wordCount\":1073,\"articleSection\":[\"Herdner Pierre\",\"Po\u00e9sie, litt\u00e9rature et Spiritualit\u00e9\"],\"inLanguage\":\"fr-FR\"},{\"@type\":\"WebPage\",\"@id\":\"https:\/\/www.revue3emillenaire.com\/blog\/le-visiteur-divin-par-pierre-herdner\/\",\"url\":\"https:\/\/www.revue3emillenaire.com\/blog\/le-visiteur-divin-par-pierre-herdner\/\",\"name\":\"Le Visiteur Divin par Pierre Herdner - 3e mill\u00e9naire - Spiritualit\u00e9 - Connaissance de soi - Non-dualit\u00e9 - M\u00e9ditation\",\"isPartOf\":{\"@id\":\"https:\/\/www.revue3emillenaire.com\/blog\/#website\"},\"datePublished\":\"2011-05-16T14:55:34+00:00\",\"author\":{\"@id\":\"https:\/\/www.revue3emillenaire.com\/blog\/#\/schema\/person\/9a3a7cc4ccaa707f402d4394327106d5\"},\"breadcrumb\":{\"@id\":\"https:\/\/www.revue3emillenaire.com\/blog\/le-visiteur-divin-par-pierre-herdner\/#breadcrumb\"},\"inLanguage\":\"fr-FR\",\"potentialAction\":[{\"@type\":\"ReadAction\",\"target\":[\"https:\/\/www.revue3emillenaire.com\/blog\/le-visiteur-divin-par-pierre-herdner\/\"]}]},{\"@type\":\"BreadcrumbList\",\"@id\":\"https:\/\/www.revue3emillenaire.com\/blog\/le-visiteur-divin-par-pierre-herdner\/#breadcrumb\",\"itemListElement\":[{\"@type\":\"ListItem\",\"position\":1,\"name\":\"Accueil\",\"item\":\"https:\/\/www.revue3emillenaire.com\/blog\/\"},{\"@type\":\"ListItem\",\"position\":2,\"name\":\"Le Visiteur Divin par Pierre Herdner\"}]},{\"@type\":\"WebSite\",\"@id\":\"https:\/\/www.revue3emillenaire.com\/blog\/#website\",\"url\":\"https:\/\/www.revue3emillenaire.com\/blog\/\",\"name\":\"3e mill\u00e9naire - Spiritualit\u00e9 - Connaissance de soi - Non-dualit\u00e9 - M\u00e9ditation\",\"description\":\"L&#039;Homme en devenir\",\"potentialAction\":[{\"@type\":\"SearchAction\",\"target\":{\"@type\":\"EntryPoint\",\"urlTemplate\":\"https:\/\/www.revue3emillenaire.com\/blog\/?s={search_term_string}\"},\"query-input\":{\"@type\":\"PropertyValueSpecification\",\"valueRequired\":true,\"valueName\":\"search_term_string\"}}],\"inLanguage\":\"fr-FR\"},{\"@type\":\"Person\",\"@id\":\"https:\/\/www.revue3emillenaire.com\/blog\/#\/schema\/person\/9a3a7cc4ccaa707f402d4394327106d5\",\"name\":\"3e mill\u00e9naire\",\"url\":\"https:\/\/www.revue3emillenaire.com\/blog\/author\/admin\/\"}]}<\/script>\n<!-- \/ Yoast SEO plugin. -->","yoast_head_json":{"title":"Le Visiteur Divin par Pierre Herdner - 3e mill\u00e9naire - Spiritualit\u00e9 - Connaissance de soi - Non-dualit\u00e9 - M\u00e9ditation","robots":{"index":"index","follow":"follow","max-snippet":"max-snippet:-1","max-image-preview":"max-image-preview:large","max-video-preview":"max-video-preview:-1"},"canonical":"https:\/\/www.revue3emillenaire.com\/blog\/le-visiteur-divin-par-pierre-herdner\/","og_locale":"fr_FR","og_type":"article","og_title":"Le Visiteur Divin par Pierre Herdner - 3e mill\u00e9naire - Spiritualit\u00e9 - Connaissance de soi - Non-dualit\u00e9 - M\u00e9ditation","og_description":"Le Sage errait alors, r\u00e9pandant la Lumi\u00e8re.  La foule se pressait pour entendre sa voix.  Il allait de village en village, et parfois  Entrait se reposer dans une humble chaumi\u00e8re.","og_url":"https:\/\/www.revue3emillenaire.com\/blog\/le-visiteur-divin-par-pierre-herdner\/","og_site_name":"3e mill\u00e9naire - Spiritualit\u00e9 - Connaissance de soi - Non-dualit\u00e9 - M\u00e9ditation","article_published_time":"2011-05-16T14:55:34+00:00","author":"3e mill\u00e9naire","twitter_card":"summary_large_image","twitter_misc":{"\u00c9crit par":"3e mill\u00e9naire","Dur\u00e9e de lecture estim\u00e9e":"5 minutes"},"schema":{"@context":"https:\/\/schema.org","@graph":[{"@type":"Article","@id":"https:\/\/www.revue3emillenaire.com\/blog\/le-visiteur-divin-par-pierre-herdner\/#article","isPartOf":{"@id":"https:\/\/www.revue3emillenaire.com\/blog\/le-visiteur-divin-par-pierre-herdner\/"},"author":{"name":"3e mill\u00e9naire","@id":"https:\/\/www.revue3emillenaire.com\/blog\/#\/schema\/person\/9a3a7cc4ccaa707f402d4394327106d5"},"headline":"Le Visiteur Divin par Pierre Herdner","datePublished":"2011-05-16T14:55:34+00:00","mainEntityOfPage":{"@id":"https:\/\/www.revue3emillenaire.com\/blog\/le-visiteur-divin-par-pierre-herdner\/"},"wordCount":1073,"articleSection":["Herdner Pierre","Po\u00e9sie, litt\u00e9rature et Spiritualit\u00e9"],"inLanguage":"fr-FR"},{"@type":"WebPage","@id":"https:\/\/www.revue3emillenaire.com\/blog\/le-visiteur-divin-par-pierre-herdner\/","url":"https:\/\/www.revue3emillenaire.com\/blog\/le-visiteur-divin-par-pierre-herdner\/","name":"Le Visiteur Divin par Pierre Herdner - 3e mill\u00e9naire - Spiritualit\u00e9 - Connaissance de soi - Non-dualit\u00e9 - M\u00e9ditation","isPartOf":{"@id":"https:\/\/www.revue3emillenaire.com\/blog\/#website"},"datePublished":"2011-05-16T14:55:34+00:00","author":{"@id":"https:\/\/www.revue3emillenaire.com\/blog\/#\/schema\/person\/9a3a7cc4ccaa707f402d4394327106d5"},"breadcrumb":{"@id":"https:\/\/www.revue3emillenaire.com\/blog\/le-visiteur-divin-par-pierre-herdner\/#breadcrumb"},"inLanguage":"fr-FR","potentialAction":[{"@type":"ReadAction","target":["https:\/\/www.revue3emillenaire.com\/blog\/le-visiteur-divin-par-pierre-herdner\/"]}]},{"@type":"BreadcrumbList","@id":"https:\/\/www.revue3emillenaire.com\/blog\/le-visiteur-divin-par-pierre-herdner\/#breadcrumb","itemListElement":[{"@type":"ListItem","position":1,"name":"Accueil","item":"https:\/\/www.revue3emillenaire.com\/blog\/"},{"@type":"ListItem","position":2,"name":"Le Visiteur Divin par Pierre Herdner"}]},{"@type":"WebSite","@id":"https:\/\/www.revue3emillenaire.com\/blog\/#website","url":"https:\/\/www.revue3emillenaire.com\/blog\/","name":"3e mill\u00e9naire - Spiritualit\u00e9 - Connaissance de soi - Non-dualit\u00e9 - M\u00e9ditation","description":"L&#039;Homme en devenir","potentialAction":[{"@type":"SearchAction","target":{"@type":"EntryPoint","urlTemplate":"https:\/\/www.revue3emillenaire.com\/blog\/?s={search_term_string}"},"query-input":{"@type":"PropertyValueSpecification","valueRequired":true,"valueName":"search_term_string"}}],"inLanguage":"fr-FR"},{"@type":"Person","@id":"https:\/\/www.revue3emillenaire.com\/blog\/#\/schema\/person\/9a3a7cc4ccaa707f402d4394327106d5","name":"3e mill\u00e9naire","url":"https:\/\/www.revue3emillenaire.com\/blog\/author\/admin\/"}]}},"_links":{"self":[{"href":"https:\/\/www.revue3emillenaire.com\/blog\/wp-json\/wp\/v2\/posts\/7099","targetHints":{"allow":["GET"]}}],"collection":[{"href":"https:\/\/www.revue3emillenaire.com\/blog\/wp-json\/wp\/v2\/posts"}],"about":[{"href":"https:\/\/www.revue3emillenaire.com\/blog\/wp-json\/wp\/v2\/types\/post"}],"author":[{"embeddable":true,"href":"https:\/\/www.revue3emillenaire.com\/blog\/wp-json\/wp\/v2\/users\/1"}],"replies":[{"embeddable":true,"href":"https:\/\/www.revue3emillenaire.com\/blog\/wp-json\/wp\/v2\/comments?post=7099"}],"version-history":[{"count":0,"href":"https:\/\/www.revue3emillenaire.com\/blog\/wp-json\/wp\/v2\/posts\/7099\/revisions"}],"wp:attachment":[{"href":"https:\/\/www.revue3emillenaire.com\/blog\/wp-json\/wp\/v2\/media?parent=7099"}],"wp:term":[{"taxonomy":"category","embeddable":true,"href":"https:\/\/www.revue3emillenaire.com\/blog\/wp-json\/wp\/v2\/categories?post=7099"},{"taxonomy":"post_tag","embeddable":true,"href":"https:\/\/www.revue3emillenaire.com\/blog\/wp-json\/wp\/v2\/tags?post=7099"}],"curies":[{"name":"wp","href":"https:\/\/api.w.org\/{rel}","templated":true}]}}