{"id":7195,"date":"2011-05-26T22:19:56","date_gmt":"2011-05-26T21:19:56","guid":{"rendered":"http:\/\/www.revue3emillenaire.com\/blog\/?p=7195"},"modified":"2011-09-17T22:07:04","modified_gmt":"2011-09-17T21:07:04","slug":"la-grande-diaspora-par-aime-michel","status":"publish","type":"post","link":"https:\/\/www.revue3emillenaire.com\/blog\/la-grande-diaspora-par-aime-michel\/","title":{"rendered":"La grande diaspora par Aim\u00e9 Michel"},"content":{"rendered":"<p style=\"text-align: justify;\"><strong><em>Les donn\u00e9es de cet article sont aujourd&rsquo;hui bien d\u00e9pass\u00e9es. Mais la r\u00e9flexion d&rsquo;Aim\u00e9 Michel reste int\u00e9ressante. 3M<\/em><\/strong><\/p>\n<p style=\"text-align: justify;\">(Revue Question De. N<sup>o<\/sup> 26. Septembre-Octobre 1978)<\/p>\n<p style=\"text-align: justify;\">\n<p style=\"text-align: justify;\">Il y a vingt, vingt-cinq ans, quand Pauwels, Bergier et moi errions comme des \u00e9trangers dans le cul-de-basse-fosse d&rsquo;un monde qui nous semblait pr\u00e9historique, quand les grandes pr\u00e9occupations des intellectuels fran\u00e7ais \u00e9taient de savoir si l&rsquo;existence pr\u00e9c\u00e8de l&rsquo;essence et si Ramadier devait \u00eatre consid\u00e9r\u00e9 comme un ennemi de classe ou comme une superstructure, nous allions r\u00e9p\u00e9tant, pour garder le moral, la maxime d&rsquo;Efremov que Bergier nous avait apprise: \u00ab\u00a0<em>La terre est le berceau de l&rsquo;humanit\u00e9 mais on ne passe pas sa vie au berceau<\/em> \u00bb.<\/p>\n<p style=\"text-align: justify;\">\n<p style=\"text-align: justify;\">Et nous r\u00eavions de ces temps lointains o\u00f9 nos arri\u00e8re-petits-neveux, peut-\u00eatre, se rappelleraient trois malheureux \u00e9gar\u00e9s dans le pass\u00e9 et qui avaient, avec espoir, parl\u00e9 de la Grande Diaspora !<\/p>\n<p style=\"text-align: justify;\">\n<p style=\"text-align: justify;\"><strong>L&rsquo;AVENIR, C&rsquo;EST AUJOURD&rsquo;HUI<\/strong><\/p>\n<p style=\"text-align: justify;\">\n<p style=\"text-align: justify;\">Comme c&rsquo;est curieux ! Ces temps naissent sous nos yeux et personne n&rsquo;en parle. Pourquoi ? Serait-ce que les esprits se sont habitu\u00e9s ?<\/p>\n<p style=\"text-align: justify;\">\n<p style=\"text-align: justify;\">Je lis beaucoup et, ma foi non, ils ne sont pas habitu\u00e9s. La Grande Diaspora est en train de mettre son dispositif en place et, en Europe du moins, tout le monde continue de croire que la Terre est plate et le ciel vide, orn\u00e9 de ses deux vieux calendosses appel\u00e9s Lune et Soleil, allant et venant selon des lois qu&rsquo;il appartient \u00e0 quelques t\u00e2cherons de luxe appel\u00e9s astronomes de conna\u00eetre. La science est-elle utile ? se demande gravement tel de nos ma\u00eetres. Et de r\u00e9pondre que, du moins, elle peut se rendre utile si elle sert la politique, la bonne politique s&rsquo;entend, celle pour laquelle on s&rsquo;entre-tue.<\/p>\n<p style=\"text-align: justify;\">\n<p style=\"text-align: justify;\">Avec l&rsquo;\u00e2ge vient la sagesse, para\u00eet-il. Il y a vingt, vingt-cinq ans, nous \u00e9tions indign\u00e9s. Nous grimpions sur les toits pour crier : R\u00e9veillez-vous ! Vous vivez la plus grande \u00e9poque de l&rsquo;histoire et vous ne le savez pas ! Vous ne voulez pas le voir ! Alors nous avons fait Plan\u00e8te. Si vous en avez la collection, relisez-la. Tout ce que nous annoncions est arriv\u00e9. Nous nous sommes tromp\u00e9s sur un point capital : ce que nous annoncions pour un jour lointain, nous le voyons de nos yeux. Voici quelques faits actuels et que l&rsquo;on peut continuer de ne pas voir. L&rsquo;homme est install\u00e9 dans l&rsquo;espace. Plus de mille satellites \u00ab y travaillent pour nous \u00bb comme les poids lourds. J&rsquo;ai entendu l&rsquo;autre jour un concert en direct donn\u00e9 par le Grand Orchestre de P\u00e9kin et retransmis par l&rsquo;espace. Au programme, il y avait du Berlioz, que le Grand Timonier, proprement crev\u00e9 entretemps, avait jet\u00e9 dans les poubelles de l&rsquo;histoire.<\/p>\n<p style=\"text-align: justify;\">\n<p style=\"text-align: justify;\">Ce n&rsquo;est rien. On a march\u00e9 sur la Lune. Ce n&rsquo;est rien non plus. L&rsquo;espace est devenu l&rsquo;une des affaires financi\u00e8res les plus s\u00fbres, rapportant beaucoup plus que la culture des pommes de terre, l&rsquo;extraction du charbon, la fabrication des autos. Comment ? En louant ses moyens de t\u00e9l\u00e9communication, de t\u00e9l\u00e9prospection, de surveillance du temps, de surveillance agricole (la Bourse des c\u00e9r\u00e9ales, \u00e0 Chicago, calcule ses prix de la saison prochaine et pr\u00e9pare ses stocks en fonction des photos des champs de bl\u00e9 ukrainiens prises jour apr\u00e8s jour du haut de l&rsquo;espace). Ce n&rsquo;est rien non plus. On pr\u00e9pare une nouvelle m\u00e9tallurgie, une nouvelle chimie, une nouvelle \u00e9lectronique, une nouvelle biologie en milieu naturellement vide et sans pesanteur. Et tout cela n&rsquo;est rien, vous dis-je ! C&rsquo;est seulement la fin des programmes de la NASA con\u00e7us (les plus r\u00e9cents) il y a dix ans.<\/p>\n<p style=\"text-align: justify;\">\n<p style=\"text-align: justify;\"><strong>C&rsquo;\u00c9TAIT UN THEME DE SCIENCE-FICTION<\/strong><\/p>\n<p style=\"text-align: justify;\">\n<p style=\"text-align: justify;\">Non, tout cela n&rsquo;est rien. Von Braun est mort ayant r\u00e9alis\u00e9 son r\u00eave, la conqu\u00eate de la Lune. Le proph\u00e8te du r\u00eave suivant apr\u00e8s la N.A.S.A., apr\u00e8s Von Braun c&rsquo;est G\u00e9rard O&rsquo;Neil.<\/p>\n<p style=\"text-align: justify;\">\n<p style=\"text-align: justify;\">Il a cinquante ans, une vitalit\u00e9 de cheval, une formidable comp\u00e9tence \u00e0 la fois d&rsquo;ing\u00e9nieur et de savant (c&rsquo;est lui qui a invent\u00e9 l&rsquo;anneau de stockage des particules, qui donne leur forme circulaire si curieuse aux grands acc\u00e9l\u00e9rateurs d&rsquo;o\u00f9 nous vient la connaissance des hautes \u00e9nergies, des quarks, etc.). Il est professeur \u00e0 Princeton, apr\u00e8s des ann\u00e9es au M.I.T. Il a rassembl\u00e9 autour de lui des \u00e9quipes de savants \u00e0 son image, et tous sont poss\u00e9d\u00e9s par une seule id\u00e9e (comme l&rsquo;id\u00e9e fixe de Von Braun d&rsquo;aller sur la Lune) : les temps sont venus pour l&rsquo;homme, disent-ils de se lever de son berceau, de dire adieu \u00e0 la Terre et de commencer la Grande Diaspora. La Grande Diaspora o\u00f9 ?<\/p>\n<p style=\"text-align: justify;\">\n<p style=\"text-align: justify;\">Dans les \u00e9toiles. Dans toutes les \u00e9toiles de la galaxie, au nombre de cent ou deux cents milliards, qui, toutes, sont des soleils.<\/p>\n<p style=\"text-align: justify;\">\n<p style=\"text-align: justify;\">Voil\u00e0 l&rsquo;obsession de ces hommes qui ont commenc\u00e9 \u00e0 r\u00e9aliser l&rsquo;apr\u00e8s-N.A.S.A. Il y a dix ans, la Grande Diaspora \u00e9tait un th\u00e8me de science-fiction : on lisait encore comme une \u00e9pop\u00e9e du lointain avenir Fondation, d&rsquo;Isaac Asimov. En r\u00e9alit\u00e9, peu y croyaient et plusieurs, y compris moi, avaient d\u00e9montr\u00e9 l&rsquo;impossibilit\u00e9 de ce r\u00eave au moins pour les si\u00e8cles \u00e0 venir. L&rsquo;argument apparemment sans r\u00e9plique \u00e9tait la dur\u00e9e du voyage le plus bref : du Soleil \u00e0 la plus proche \u00e9toile, cette dur\u00e9e devait \u00eatre \u00e9valu\u00e9e en si\u00e8cles. On ne pouvait donc l&rsquo;imaginer qu&rsquo;au prix de l&rsquo;un ou l&rsquo;autre de deux moyens alors \u00e9galement impossibles : l&rsquo;hibernation des voyageurs qui suspendrait leur vie pendant toute cette dur\u00e9e, comme dans le film 2001, Odyss\u00e9e de l&rsquo;espace ou bien leur d\u00e9part avec tous les moyens de vivre en autonomie et de se reproduire pendant des g\u00e9n\u00e9rations \u00e0 l&rsquo;int\u00e9rieur d&rsquo;immenses mondes artificiels. Ces deux moyens semblaient l&rsquo;un et l&rsquo;autre illusoires.<\/p>\n<p style=\"text-align: justify;\">\n<p style=\"text-align: justify;\"><strong>UN PROJET TRES AVANCE&#8230;<\/strong><\/p>\n<p style=\"text-align: justify;\">\n<p style=\"text-align: justify;\">Sur ce, vers le d\u00e9but des ann\u00e9es 70, G\u00e9rard O&rsquo;Neil fut frapp\u00e9 par un slogan des contestataires de l&rsquo;\u00e9cologie politique d\u00e9non\u00e7ant le saccage de \u00ab notre vaisseau spatial, la Terre\u00a0\u00bb. Et il commen\u00e7a de r\u00e9fl\u00e9chir sur ce vaisseau spatial naturel, de r\u00e9fl\u00e9chir tr\u00e8s vite, d&rsquo;en discuter avec toutes sortes de sp\u00e9cialistes. En moins de deux ans, il parvint \u00e0 la conclusion que la construction de mondes artificiels de dimensions kilom\u00e9triques ne pr\u00e9sentait aucune difficult\u00e9 technique qui n&rsquo;e\u00fbt \u00e9t\u00e9 d\u00e9j\u00e0 r\u00e9solue au cours de la premi\u00e8re flamb\u00e9e de l&rsquo;astronautique. Non sans saisissement, il dut admettre que les seules difficult\u00e9s \u00e9taient d&rsquo;ordre \u00e9conomique : on pouvait, avec les seules connaissances d\u00e9j\u00e0 utilis\u00e9es alors, construire dans l&rsquo;espace ces mondes fabuleux d\u00e9crits par Asimov ou Aldis, longs de dizaines de kilom\u00e8tres, \u00e9pais de cinq ou six, et les lancer \u00e0 la conqu\u00eate des \u00e9toiles.<\/p>\n<p style=\"text-align: justify;\">\n<p style=\"text-align: justify;\">Ayant converti un nombre suffisant de ses coll\u00e8gues, ils se mirent au travail pour examiner chaque d\u00e9tail. Ils aboutirent vers 1972 au sc\u00e9nario suivant : D&rsquo;abord, organiser une m\u00e9tallurgie spatiale \u00e0 partir des mati\u00e8res premi\u00e8res lunaires maintenant bien connues, illimit\u00e9es en quantit\u00e9, moins ch\u00e8res que sur terre, plus faciles \u00e0 arracher \u00e0 une attraction faible et \u00e0 transporter aux emplacements voulus.<\/p>\n<p style=\"text-align: justify;\">\n<p style=\"text-align: justify;\">Quels emplacements ? Deux sont tout indiqu\u00e9s : les \u00ab points \u00bb de Lagrange \u00bb 4 et 5 qui sont, dans l&rsquo;espace, deux pointes fixes par rapport \u00e0 la Terre et \u00e0 la Lune, et o\u00f9 les acc\u00e9l\u00e9rations s&rsquo;annulent (ils sont appel\u00e9s \u00ab points de Lagrange \u00bb du nom du math\u00e9maticien fran\u00e7ais qui les calcula au si\u00e8cle dernier comme une simple curiosit\u00e9). Convoy\u00e9s jusqu&rsquo;aux \u00ab points de Lagrange \u00bb, ces mat\u00e9riaux seraient trait\u00e9s sans probl\u00e8me dans le vide, gr\u00e2ce \u00e0 une source d&rsquo;\u00e9nergie illimit\u00e9e : le soleil, donnant par millions de tonnes l&rsquo;acier, l&rsquo;aluminium, le titane, le magn\u00e9sium, le calcium, le silicium, l&rsquo;oxyg\u00e8ne, etc.<\/p>\n<p style=\"text-align: justify;\">\n<p style=\"text-align: justify;\">Alors commencerait la construction proprement dite, aboutissant \u00e0 la cr\u00e9ation d&rsquo;un monde artificiel capable, pour commencer, d&rsquo;accueillir quelques centaines ou milliers d&rsquo;individus formant une petite soci\u00e9t\u00e9 autonome dans une pesanteur artificielle assur\u00e9e par rotation et une micronature enti\u00e8rement reconstitu\u00e9e : plantes, arbres, jours, nuits et atmosph\u00e8re aux mouvements et pr\u00e9cipitations soigneusement r\u00e9gl\u00e9s, etc.<\/p>\n<p style=\"text-align: justify;\">\n<p style=\"text-align: justify;\">Ici, on est saisi d&rsquo;un doute. Ces savants ne sont-ils pas fous ? O\u00f9 prendre l&rsquo;argent de projets aussi monstrueux ? Et \u00e0 supposer qu&rsquo;on le trouve, \u00e0 quoi bon ce gaspillage, quand la Terre est encore aux deux tiers sous-d\u00e9velopp\u00e9e ?<\/p>\n<p style=\"text-align: justify;\">\n<p style=\"text-align: justify;\"><strong>&#8230; ECONOMIQUEMENT RENTABLE<\/strong><\/p>\n<p style=\"text-align: justify;\">\n<p style=\"text-align: justify;\">Des \u00e9conomistes collaborent \u00e0 ces projets. C&rsquo;est peut-\u00eatre d&rsquo;eux qu&rsquo;est venue la plus grande surprise. Car, apr\u00e8s tout, des projets d\u00e9lirants ont toujours exist\u00e9 dans les cartons de savants fous. Encore faut-il qu&rsquo;ils soient \u00e9conomiquement justifiables.<\/p>\n<p style=\"text-align: justify;\">\n<p style=\"text-align: justify;\">Or, d\u00e8s 1975 (un an apr\u00e8s le d\u00e9but de la crise mondiale), les \u00e9conomistes montraient chiffres en main que, si l&rsquo;on entreprenait aussit\u00f4t de r\u00e9aliser ces projets, ils commenceraient quinze ans plus tard en 1990 \u00e0 devenir b\u00e9n\u00e9ficiaires, et qu&rsquo;en une d\u00e9cennie de plus ils seraient capables de r\u00e9gler d\u00e9finitivement pour la Terre le probl\u00e8me de l&rsquo;\u00e9nergie en transmettant sous forme de faisceaux d&rsquo;ondes concentr\u00e9s autant d&rsquo;\u00e9nergie d\u2019origine solaire que 1\u2019on voudrait.<\/p>\n<p style=\"text-align: justify;\">\n<p style=\"text-align: justify;\">Quant aux prix, toujours en 1975, les chiffres suivants \u00e9taient fournis. Compte tenu du prix de revient du canal de Panama (r\u00e9duit en dollars 1975) : 2 milliards, du prix du programme de la navette spatiale (d\u00e9j\u00e0 bien avanc\u00e9e, comme on sait) : 8 milliards de dollars, du projet Apollo (termin\u00e9) : 39 milliards de dollars, compte tenu de tous ces projets \u00ab d\u00e9lirants \u00bb du pass\u00e9, le co\u00fbt du projet \u00ab Ind\u00e9pendance \u00bb (le vaisseau spatial enti\u00e8rement autonome) devait \u00eatre fix\u00e9 \u00e0 600 ou 2000 milliards de dollars, selon la dimension du premier plan retenu.<\/p>\n<p style=\"text-align: justify;\">\n<p style=\"text-align: justify;\"><strong>LE V\u00c9RITABLE DOMAINE DE L&rsquo;HOMME<\/strong><\/p>\n<p style=\"text-align: justify;\">Maintenant, laissons aux techniciens les d\u00e9tails techniques (qui ont \u00e9t\u00e9 publi\u00e9s dans Nature, Physic Today, Science, etc., et dont on trouvera une bibliographie extensible dans <em>Spaces Colonies<\/em>, livre collectif, niveau bonne vulgarisation, Penguin Books, 1977) et attachons-nous plut\u00f4t aux id\u00e9es qui d\u00e9coulent de la colonisation spatiale pr\u00e9par\u00e9e par les savants qui sont en train de prendre la suite de la N.A.S.A.<\/p>\n<p style=\"text-align: justify;\">\n<p style=\"text-align: justify;\">La premi\u00e8re id\u00e9e d\u00e9j\u00e0 proclam\u00e9e au d\u00e9but du si\u00e8cle par le visionnaire Tsiolkowski est que la surface d&rsquo;une plan\u00e8te n&rsquo;est pas le lieu requis pour l&rsquo;expansion d&rsquo;une civilisation technologique. Les plan\u00e8tes sont le lieu o\u00f9 \u00e9voluent les esp\u00e8ces v\u00e9g\u00e9tales et animales, ainsi que l&rsquo;intelligence cr\u00e9atrice, jusqu&rsquo;au moment o\u00f9 l&rsquo;espace lui devient accessible. C&rsquo;est-\u00e0-dire, pour l&rsquo;homme, jusqu&rsquo;\u00e0 notre temps. Mais toutes les technologies d\u00e9velopp\u00e9es par l&rsquo;homme trouvent avantage \u00e0 se lib\u00e9rer de la pesanteur. Le domaine propre de l&rsquo;homme n&rsquo;est pas la Terre, c&rsquo;est l&rsquo;Espace.<\/p>\n<p style=\"text-align: justify;\">\n<p style=\"text-align: justify;\">Remarquons l&rsquo;une des plus curieuses pr\u00e9adaptations de l&rsquo;homme \u00e0 l&rsquo;espace : toutes les esp\u00e8ces terrestres ob\u00e9issent \u00e0 une loi \u00e9cologique qui en limite et en \u00e9quilibre l&rsquo;expansion, toutes sauf l&rsquo;homme.<\/p>\n<p style=\"text-align: justify;\">\n<p style=\"text-align: justify;\">Il y a une dizaine d&rsquo;ann\u00e9es, consid\u00e9rant que l&rsquo;explosion d\u00e9mographique humaine \u00e9tait le premier ph\u00e9nom\u00e8ne vivant explosif ne comportant aucun frein et donc vou\u00e9 par sa nature m\u00eame \u00e0 la catastrophe, j&rsquo;\u00e9crivais que \u00ab au moment o\u00f9 il cr\u00e9ait l&rsquo;homme, Dieu ne savait malheureusement pas encore que la Terre est ronde\u00a0\u00bb.<\/p>\n<p style=\"text-align: justify;\">\n<p style=\"text-align: justify;\">Il faut oser reconna\u00eetre ses torts : je pr\u00e9sente donc mes excuses \u00e0 Dieu pour cette remarque erron\u00e9e ; il semble en effet que, au moment o\u00f9 il cr\u00e9ait l&rsquo;homme, Dieu savait bel et bien, non seulement que la Terre est ronde, mais encore que son domaine pr\u00e9destin\u00e9 n&rsquo;est pas la surface limit\u00e9e d&rsquo;une sph\u00e8re, mais bien l&rsquo;espace infini dont le centre est partout et la surface nulle part.<\/p>\n<p style=\"text-align: justify;\">\n<p style=\"text-align: justify;\">Le lecteur qui n&rsquo;a encore rien lu sur les projets dont il est ici question doit maintenant s&rsquo;asseoir et prendre son souffle \u00a0\u2014 et peut-\u00eatre un cordial. Car il va \u00eatre question des dimensions de ces projets. Les techniciens am\u00e9ricains montrent facilement que tout cela sera utile en proportion de sa grandeur. Par le seul poids de l&rsquo;int\u00e9r\u00eat qu&rsquo;y trouveront les hommes, les mondes artificiels auront tendance \u00e0 \u00eatre aussi vastes que possible. La limite est donc celle de la r\u00e9sistance des mat\u00e9riaux, ce qui donne actuellement des projets de mondes artificiels peupl\u00e9s de un \u00e0 deux millions d&rsquo;individus, ayant cinquante kilom\u00e8tres de long, comportant des for\u00eats, des rivi\u00e8res, une ou plusieurs petites mers, des prairies avec des vaches, etc.<\/p>\n<p style=\"text-align: justify;\">\n<p style=\"text-align: justify;\">Folie ? Mais, en 1940, qui n&rsquo;eut dit \u00ab folie \u00bb en lisant une description du monde actuel ? Il y a moins de cent ans, Jules Verne d\u00e9crivait dans une nouvelle qu&rsquo;il croyait, et que chacun croyait, plus qu&rsquo;anticipatrice : d\u00e9raisonnable, folle, \u00ab\u00a0Une journ\u00e9e de l&rsquo;an 3000\u00a0\u00bb. Or, tout ce qu&rsquo;il avait pr\u00e9vu est r\u00e9alis\u00e9 depuis longtemps (moins d&rsquo;un si\u00e8cle apr\u00e8s, r\u00e9p\u00e9tons-le) et il n&rsquo;avait pas su pr\u00e9voir le plus important (l&rsquo;ordinateur, l&rsquo;\u00e9nergie nucl\u00e9aire, etc.). R\u00e9p\u00e9tons aussi que l&rsquo;espace est d\u00e9j\u00e0 une affaire financi\u00e8re excellente et que ses richesses deviendront in\u00e9puisables par la franche colonisation c&rsquo;est-\u00e0-dire la Diaspora. Comme le dit O&rsquo;Neil, l&rsquo;espace est la Nouvelle Fronti\u00e8re (nom que donnaient les Am\u00e9ricains \u00e0 leur Far West) mais une fronti\u00e8re illimit\u00e9e, o\u00f9 les hommes et les femmes qui ne peuvent supporter leur diversit\u00e9 pourront s&rsquo;assembler par affinit\u00e9s, partir \u00e0 jamais, s&rsquo;en aller essaimer autour des autres \u00e9toiles.<\/p>\n<p style=\"text-align: justify;\"><strong>OU SONT LES AUTRES ?<\/strong><\/p>\n<p style=\"text-align: justify;\">\n<p style=\"text-align: justify;\">Avec les seuls moyens actuels, si ces mondes artificiels commencent \u00e0 quitter la Terre dans quelques d\u00e9cennies et \u00e0 se multiplier d&rsquo;\u00e9toile en \u00e9toile, une \u00e9valuation grossi\u00e8re faite par Stephen Dole montre que la galaxie enti\u00e8re peut \u00eatre colonis\u00e9e par l&rsquo;homme d&rsquo;ici un \u00e0 dix millions d&rsquo;ann\u00e9es. Quand on y r\u00e9fl\u00e9chit, pourtant, il y a dans cette perspective quelque chose qui cloche : s\u2019il ne faut que dix millions d&rsquo;ann\u00e9es \u00e0 une esp\u00e8ce intelligente pour coloniser la galaxie, il suffit qu&rsquo;il ait exist\u00e9 une seule esp\u00e8ce intelligente il y a plus de dix millions d&rsquo;ann\u00e9es pour que toute la galaxie soit d\u00e9j\u00e0 colonis\u00e9e, notre syst\u00e8me solaire compris ! Or, les astronomes pensent qu&rsquo;il existe des milliards d&rsquo;esp\u00e8ces intelligentes et que beaucoup l&rsquo;\u00e9taient del\u00e0 il y a des milliards d&rsquo;ann\u00e9es. Donc, les \u00ab Autres \u00bb sont l\u00e0 depuis un temps incalculable. Mais alors, o\u00f9 sont-ils ? Pourquoi ne les voit-on pas ?<\/p>\n<p style=\"text-align: justify;\">\n<p style=\"text-align: justify;\">\u00ab Pourquoi ne les voit-on pas ? \u00bb d\u00e9j\u00e0 Charles Fort se posait la question. Mais vraiment, ne les voit-on pas ? Relisons le paragraphe pr\u00e9c\u00e9dent : il suppose que les colonies spatiales d&rsquo;O&rsquo;Neil se multiplieront dans l&rsquo;espace sans \u00e9voluer. Ce qui est \u00e9videmment une folie, la plus aberrante, celle de se croire le nombril du monde. Si l&rsquo;espace est parcouru depuis des milliards d&rsquo;ann\u00e9es par des \u00eatres poursuivant leur \u00e9volution, que pouvons-nous dire d&rsquo;eux ? De l&rsquo;homme, que peut dire l&rsquo;escargot ? Quant \u00e0 moi, je crois que nous les voyons (A. Michel : <em>Myst\u00e9rieux Objets c\u00e9lestes<\/em> (Seghers, 1978). Je donne dans ce livre le point le plus r\u00e9cent de mes r\u00e9flexions sur ce sujet) et que les r\u00e9flexions auxquelles ils nous obligent ne font que commencer d&rsquo;\u00e9branler les id\u00e9es traditionnelles de l&rsquo;homme sur sa nature et sur sa destin\u00e9e (Bertrand M\u00e9heust <em>Science-Fiction et Soucoupes volantes<\/em> (Mercure de France, 1978). Je suis surpris que ce livre \u00e9tonnant n&rsquo;ait pas encore fait plus de bruit).<\/p>\n<p style=\"text-align: justify;\">\n<p style=\"text-align: justify;\">Sur ces questions, il faut, selon moi, tout reprendre \u00e0 z\u00e9ro. Les philosophes reculent, quelques-uns sourient. Pendant ce temps, O&rsquo;Neil pr\u00e9pare tranquillement la Grande Diaspora. Ce qui ne viendra pas des philosophes viendra des techniciens. N&rsquo;oublions pas que la navette spatiale ce machin dont les journaux nous parlent \u00e0 peine \u2014 poursuit sa petite carri\u00e8re d&rsquo;engin spatial peu spectaculaire. Elle sera bient\u00f4t au point. Et la navette spatiale est le premier outil de l&rsquo;\u00e9norme projet, son premier pas, qui entra\u00eenera tout le reste.<\/p>\n<p style=\"text-align: right;\">Aim\u00e9 Michel<\/p>\n<p style=\"text-align: justify;\">\n","protected":false},"excerpt":{"rendered":"<p>Il y a une dizaine d&rsquo;ann\u00e9es, consid\u00e9rant que l&rsquo;explosion d\u00e9mographique humaine \u00e9tait le premier ph\u00e9nom\u00e8ne vivant explosif ne comportant aucun frein et donc vou\u00e9 par sa nature m\u00eame \u00e0 la catastrophe, j&rsquo;\u00e9crivais que \u00ab au moment o\u00f9 il cr\u00e9ait l&rsquo;homme, Dieu ne savait malheureusement pas encore que la Terre est ronde \u00bb. Il faut oser reconna\u00eetre ses torts : je pr\u00e9sente donc mes excuses \u00e0 Dieu pour cette remarque erron\u00e9e ; il semble en effet que, au moment o\u00f9 il cr\u00e9ait l&rsquo;homme, Dieu savait bel et bien, non seulement que la Terre est ronde, mais encore que son domaine pr\u00e9destin\u00e9 n&rsquo;est pas la surface limit\u00e9e d&rsquo;une sph\u00e8re, mais bien l&rsquo;espace infini dont le centre est partout et la surface nulle part.<\/p>\n","protected":false},"author":1,"featured_media":0,"comment_status":"closed","ping_status":"closed","sticky":false,"template":"","format":"standard","meta":{"footnotes":""},"categories":[534],"tags":[],"class_list":["post-7195","post","type-post","status-publish","format-standard","hentry","category-michel-aime"],"yoast_head":"<!-- This site is optimized with the Yoast SEO plugin v27.0 - https:\/\/yoast.com\/product\/yoast-seo-wordpress\/ -->\n<title>La grande diaspora par Aim\u00e9 Michel - 3e mill\u00e9naire - Spiritualit\u00e9 - Connaissance de soi - Non-dualit\u00e9 - M\u00e9ditation<\/title>\n<meta name=\"robots\" content=\"index, follow, max-snippet:-1, max-image-preview:large, max-video-preview:-1\" \/>\n<link rel=\"canonical\" href=\"https:\/\/www.revue3emillenaire.com\/blog\/la-grande-diaspora-par-aime-michel\/\" \/>\n<meta property=\"og:locale\" content=\"fr_FR\" \/>\n<meta property=\"og:type\" content=\"article\" \/>\n<meta property=\"og:title\" content=\"La grande diaspora par Aim\u00e9 Michel - 3e mill\u00e9naire - Spiritualit\u00e9 - Connaissance de soi - Non-dualit\u00e9 - M\u00e9ditation\" \/>\n<meta property=\"og:description\" content=\"Il y a une dizaine d&#039;ann\u00e9es, consid\u00e9rant que l&#039;explosion d\u00e9mographique humaine \u00e9tait le premier ph\u00e9nom\u00e8ne vivant explosif ne comportant aucun frein et donc vou\u00e9 par sa nature m\u00eame \u00e0 la catastrophe, j&#039;\u00e9crivais que \u00ab au moment o\u00f9 il cr\u00e9ait l&#039;homme, Dieu ne savait malheureusement pas encore que la Terre est ronde \u00bb. Il faut oser reconna\u00eetre ses torts : je pr\u00e9sente donc mes excuses \u00e0 Dieu pour cette remarque erron\u00e9e ; il semble en effet que, au moment o\u00f9 il cr\u00e9ait l&#039;homme, Dieu savait bel et bien, non seulement que la Terre est ronde, mais encore que son domaine pr\u00e9destin\u00e9 n&#039;est pas la surface limit\u00e9e d&#039;une sph\u00e8re, mais bien l&#039;espace infini dont le centre est partout et la surface nulle part.\" \/>\n<meta property=\"og:url\" content=\"https:\/\/www.revue3emillenaire.com\/blog\/la-grande-diaspora-par-aime-michel\/\" \/>\n<meta property=\"og:site_name\" content=\"3e mill\u00e9naire - Spiritualit\u00e9 - Connaissance de soi - Non-dualit\u00e9 - M\u00e9ditation\" \/>\n<meta property=\"article:published_time\" content=\"2011-05-26T21:19:56+00:00\" \/>\n<meta property=\"article:modified_time\" content=\"2011-09-17T21:07:04+00:00\" \/>\n<meta name=\"author\" content=\"3e mill\u00e9naire\" \/>\n<meta name=\"twitter:card\" content=\"summary_large_image\" \/>\n<meta name=\"twitter:label1\" content=\"\u00c9crit par\" \/>\n\t<meta name=\"twitter:data1\" content=\"3e mill\u00e9naire\" \/>\n\t<meta name=\"twitter:label2\" content=\"Dur\u00e9e de lecture estim\u00e9e\" \/>\n\t<meta name=\"twitter:data2\" content=\"13 minutes\" \/>\n<script type=\"application\/ld+json\" class=\"yoast-schema-graph\">{\"@context\":\"https:\/\/schema.org\",\"@graph\":[{\"@type\":\"Article\",\"@id\":\"https:\/\/www.revue3emillenaire.com\/blog\/la-grande-diaspora-par-aime-michel\/#article\",\"isPartOf\":{\"@id\":\"https:\/\/www.revue3emillenaire.com\/blog\/la-grande-diaspora-par-aime-michel\/\"},\"author\":{\"name\":\"3e mill\u00e9naire\",\"@id\":\"https:\/\/www.revue3emillenaire.com\/blog\/#\/schema\/person\/9a3a7cc4ccaa707f402d4394327106d5\"},\"headline\":\"La grande diaspora par Aim\u00e9 Michel\",\"datePublished\":\"2011-05-26T21:19:56+00:00\",\"dateModified\":\"2011-09-17T21:07:04+00:00\",\"mainEntityOfPage\":{\"@id\":\"https:\/\/www.revue3emillenaire.com\/blog\/la-grande-diaspora-par-aime-michel\/\"},\"wordCount\":2667,\"articleSection\":[\"Michel Aim\u00e9\"],\"inLanguage\":\"fr-FR\"},{\"@type\":\"WebPage\",\"@id\":\"https:\/\/www.revue3emillenaire.com\/blog\/la-grande-diaspora-par-aime-michel\/\",\"url\":\"https:\/\/www.revue3emillenaire.com\/blog\/la-grande-diaspora-par-aime-michel\/\",\"name\":\"La grande diaspora par Aim\u00e9 Michel - 3e mill\u00e9naire - Spiritualit\u00e9 - Connaissance de soi - Non-dualit\u00e9 - M\u00e9ditation\",\"isPartOf\":{\"@id\":\"https:\/\/www.revue3emillenaire.com\/blog\/#website\"},\"datePublished\":\"2011-05-26T21:19:56+00:00\",\"dateModified\":\"2011-09-17T21:07:04+00:00\",\"author\":{\"@id\":\"https:\/\/www.revue3emillenaire.com\/blog\/#\/schema\/person\/9a3a7cc4ccaa707f402d4394327106d5\"},\"breadcrumb\":{\"@id\":\"https:\/\/www.revue3emillenaire.com\/blog\/la-grande-diaspora-par-aime-michel\/#breadcrumb\"},\"inLanguage\":\"fr-FR\",\"potentialAction\":[{\"@type\":\"ReadAction\",\"target\":[\"https:\/\/www.revue3emillenaire.com\/blog\/la-grande-diaspora-par-aime-michel\/\"]}]},{\"@type\":\"BreadcrumbList\",\"@id\":\"https:\/\/www.revue3emillenaire.com\/blog\/la-grande-diaspora-par-aime-michel\/#breadcrumb\",\"itemListElement\":[{\"@type\":\"ListItem\",\"position\":1,\"name\":\"Accueil\",\"item\":\"https:\/\/www.revue3emillenaire.com\/blog\/\"},{\"@type\":\"ListItem\",\"position\":2,\"name\":\"La grande diaspora par Aim\u00e9 Michel\"}]},{\"@type\":\"WebSite\",\"@id\":\"https:\/\/www.revue3emillenaire.com\/blog\/#website\",\"url\":\"https:\/\/www.revue3emillenaire.com\/blog\/\",\"name\":\"3e mill\u00e9naire - Spiritualit\u00e9 - Connaissance de soi - Non-dualit\u00e9 - M\u00e9ditation\",\"description\":\"L&#039;Homme en devenir\",\"potentialAction\":[{\"@type\":\"SearchAction\",\"target\":{\"@type\":\"EntryPoint\",\"urlTemplate\":\"https:\/\/www.revue3emillenaire.com\/blog\/?s={search_term_string}\"},\"query-input\":{\"@type\":\"PropertyValueSpecification\",\"valueRequired\":true,\"valueName\":\"search_term_string\"}}],\"inLanguage\":\"fr-FR\"},{\"@type\":\"Person\",\"@id\":\"https:\/\/www.revue3emillenaire.com\/blog\/#\/schema\/person\/9a3a7cc4ccaa707f402d4394327106d5\",\"name\":\"3e mill\u00e9naire\",\"url\":\"https:\/\/www.revue3emillenaire.com\/blog\/author\/admin\/\"}]}<\/script>\n<!-- \/ Yoast SEO plugin. -->","yoast_head_json":{"title":"La grande diaspora par Aim\u00e9 Michel - 3e mill\u00e9naire - Spiritualit\u00e9 - Connaissance de soi - Non-dualit\u00e9 - M\u00e9ditation","robots":{"index":"index","follow":"follow","max-snippet":"max-snippet:-1","max-image-preview":"max-image-preview:large","max-video-preview":"max-video-preview:-1"},"canonical":"https:\/\/www.revue3emillenaire.com\/blog\/la-grande-diaspora-par-aime-michel\/","og_locale":"fr_FR","og_type":"article","og_title":"La grande diaspora par Aim\u00e9 Michel - 3e mill\u00e9naire - Spiritualit\u00e9 - Connaissance de soi - Non-dualit\u00e9 - M\u00e9ditation","og_description":"Il y a une dizaine d'ann\u00e9es, consid\u00e9rant que l'explosion d\u00e9mographique humaine \u00e9tait le premier ph\u00e9nom\u00e8ne vivant explosif ne comportant aucun frein et donc vou\u00e9 par sa nature m\u00eame \u00e0 la catastrophe, j'\u00e9crivais que \u00ab au moment o\u00f9 il cr\u00e9ait l'homme, Dieu ne savait malheureusement pas encore que la Terre est ronde \u00bb. Il faut oser reconna\u00eetre ses torts : je pr\u00e9sente donc mes excuses \u00e0 Dieu pour cette remarque erron\u00e9e ; il semble en effet que, au moment o\u00f9 il cr\u00e9ait l'homme, Dieu savait bel et bien, non seulement que la Terre est ronde, mais encore que son domaine pr\u00e9destin\u00e9 n'est pas la surface limit\u00e9e d'une sph\u00e8re, mais bien l'espace infini dont le centre est partout et la surface nulle part.","og_url":"https:\/\/www.revue3emillenaire.com\/blog\/la-grande-diaspora-par-aime-michel\/","og_site_name":"3e mill\u00e9naire - Spiritualit\u00e9 - Connaissance de soi - Non-dualit\u00e9 - M\u00e9ditation","article_published_time":"2011-05-26T21:19:56+00:00","article_modified_time":"2011-09-17T21:07:04+00:00","author":"3e mill\u00e9naire","twitter_card":"summary_large_image","twitter_misc":{"\u00c9crit par":"3e mill\u00e9naire","Dur\u00e9e de lecture estim\u00e9e":"13 minutes"},"schema":{"@context":"https:\/\/schema.org","@graph":[{"@type":"Article","@id":"https:\/\/www.revue3emillenaire.com\/blog\/la-grande-diaspora-par-aime-michel\/#article","isPartOf":{"@id":"https:\/\/www.revue3emillenaire.com\/blog\/la-grande-diaspora-par-aime-michel\/"},"author":{"name":"3e mill\u00e9naire","@id":"https:\/\/www.revue3emillenaire.com\/blog\/#\/schema\/person\/9a3a7cc4ccaa707f402d4394327106d5"},"headline":"La grande diaspora par Aim\u00e9 Michel","datePublished":"2011-05-26T21:19:56+00:00","dateModified":"2011-09-17T21:07:04+00:00","mainEntityOfPage":{"@id":"https:\/\/www.revue3emillenaire.com\/blog\/la-grande-diaspora-par-aime-michel\/"},"wordCount":2667,"articleSection":["Michel Aim\u00e9"],"inLanguage":"fr-FR"},{"@type":"WebPage","@id":"https:\/\/www.revue3emillenaire.com\/blog\/la-grande-diaspora-par-aime-michel\/","url":"https:\/\/www.revue3emillenaire.com\/blog\/la-grande-diaspora-par-aime-michel\/","name":"La grande diaspora par Aim\u00e9 Michel - 3e mill\u00e9naire - Spiritualit\u00e9 - Connaissance de soi - Non-dualit\u00e9 - M\u00e9ditation","isPartOf":{"@id":"https:\/\/www.revue3emillenaire.com\/blog\/#website"},"datePublished":"2011-05-26T21:19:56+00:00","dateModified":"2011-09-17T21:07:04+00:00","author":{"@id":"https:\/\/www.revue3emillenaire.com\/blog\/#\/schema\/person\/9a3a7cc4ccaa707f402d4394327106d5"},"breadcrumb":{"@id":"https:\/\/www.revue3emillenaire.com\/blog\/la-grande-diaspora-par-aime-michel\/#breadcrumb"},"inLanguage":"fr-FR","potentialAction":[{"@type":"ReadAction","target":["https:\/\/www.revue3emillenaire.com\/blog\/la-grande-diaspora-par-aime-michel\/"]}]},{"@type":"BreadcrumbList","@id":"https:\/\/www.revue3emillenaire.com\/blog\/la-grande-diaspora-par-aime-michel\/#breadcrumb","itemListElement":[{"@type":"ListItem","position":1,"name":"Accueil","item":"https:\/\/www.revue3emillenaire.com\/blog\/"},{"@type":"ListItem","position":2,"name":"La grande diaspora par Aim\u00e9 Michel"}]},{"@type":"WebSite","@id":"https:\/\/www.revue3emillenaire.com\/blog\/#website","url":"https:\/\/www.revue3emillenaire.com\/blog\/","name":"3e mill\u00e9naire - Spiritualit\u00e9 - Connaissance de soi - Non-dualit\u00e9 - M\u00e9ditation","description":"L&#039;Homme en devenir","potentialAction":[{"@type":"SearchAction","target":{"@type":"EntryPoint","urlTemplate":"https:\/\/www.revue3emillenaire.com\/blog\/?s={search_term_string}"},"query-input":{"@type":"PropertyValueSpecification","valueRequired":true,"valueName":"search_term_string"}}],"inLanguage":"fr-FR"},{"@type":"Person","@id":"https:\/\/www.revue3emillenaire.com\/blog\/#\/schema\/person\/9a3a7cc4ccaa707f402d4394327106d5","name":"3e mill\u00e9naire","url":"https:\/\/www.revue3emillenaire.com\/blog\/author\/admin\/"}]}},"_links":{"self":[{"href":"https:\/\/www.revue3emillenaire.com\/blog\/wp-json\/wp\/v2\/posts\/7195","targetHints":{"allow":["GET"]}}],"collection":[{"href":"https:\/\/www.revue3emillenaire.com\/blog\/wp-json\/wp\/v2\/posts"}],"about":[{"href":"https:\/\/www.revue3emillenaire.com\/blog\/wp-json\/wp\/v2\/types\/post"}],"author":[{"embeddable":true,"href":"https:\/\/www.revue3emillenaire.com\/blog\/wp-json\/wp\/v2\/users\/1"}],"replies":[{"embeddable":true,"href":"https:\/\/www.revue3emillenaire.com\/blog\/wp-json\/wp\/v2\/comments?post=7195"}],"version-history":[{"count":0,"href":"https:\/\/www.revue3emillenaire.com\/blog\/wp-json\/wp\/v2\/posts\/7195\/revisions"}],"wp:attachment":[{"href":"https:\/\/www.revue3emillenaire.com\/blog\/wp-json\/wp\/v2\/media?parent=7195"}],"wp:term":[{"taxonomy":"category","embeddable":true,"href":"https:\/\/www.revue3emillenaire.com\/blog\/wp-json\/wp\/v2\/categories?post=7195"},{"taxonomy":"post_tag","embeddable":true,"href":"https:\/\/www.revue3emillenaire.com\/blog\/wp-json\/wp\/v2\/tags?post=7195"}],"curies":[{"name":"wp","href":"https:\/\/api.w.org\/{rel}","templated":true}]}}