{"id":7223,"date":"2011-05-28T21:08:42","date_gmt":"2011-05-28T20:08:42","guid":{"rendered":"http:\/\/www.revue3emillenaire.com\/blog\/?p=7223"},"modified":"2015-03-03T15:47:25","modified_gmt":"2015-03-03T14:47:25","slug":"les-emissions-dues-aux-formes-entretien-avec-jacques-ravatin","status":"publish","type":"post","link":"https:\/\/www.revue3emillenaire.com\/blog\/les-emissions-dues-aux-formes-entretien-avec-jacques-ravatin\/","title":{"rendered":"Les \u00e9missions dues aux formes. Entretien avec Jacques Ravatin"},"content":{"rendered":"<p style=\"text-align: justify;\"><em><strong>Jacques Ravatin nous a quitt\u00e9 en Mars 2011. C&rsquo;est par cet entretien de 1978 &#8211; ci-dessous &#8211; que nous l&rsquo;avons d\u00e9couvert. Il \u00e9tait la continuation et la synth\u00e8se d&rsquo;une longue lign\u00e9e de chercheurs et de scientifiques d&rsquo;avant-garde qui, \u00e0 la fois, pratiquement et th\u00e9oriquement \u00e9tudiaient les liens du visible et de l&rsquo;invisible, de leurs implications et de la possibilit\u00e9 de changer de conscience. Son \u0153uvre reste relativement m\u00e9connu et il est dommage que plusieurs farfelus s&rsquo;en inspirent. Ravatin continua ses travaux avec sa fondation Ark&rsquo;all et publia de nombreuses \u00e9tudes, parfois sous le pseudonyme de Vladimir Rosgnilk. Ses th\u00e8ses restent \u00e0 \u00eatre v\u00e9rifier par une communaut\u00e9 plus large de chercheurs&#8230; <\/strong><\/em><\/p>\n<p style=\"text-align: justify;\">(Revue Psi International. N<sup>o<\/sup> 7. Octobre-Novembre-D\u00e9cembre 1978)<\/p>\n<p style=\"text-align: justify;\">Une nouvelle approche de l&rsquo;Univers&#8230; Un reportage de Jo\u00ebl Andr\u00e9<\/p>\n<p style=\"text-align: justify;\"><em>Si les math\u00e9matiques, l&rsquo;architecture et l&rsquo;esth\u00e9tique apportent d&rsquo;innombrables donn\u00e9es descriptives et analytiques concernant les Formes, aucune science actuelle ne semble pourtant poser le probl\u00e8me fondamental : \u00ab Que sont les Formes ? \u00bb. Et surtout : \u00ab Que font les Formes ? \u00bb.<\/em><\/p>\n<p style=\"text-align: justify;\"><em>D\u00e8s 1930, Andr\u00e9 de B\u00e9lizal et les ing\u00e9nieurs Chaumery et Morel abordaient n\u00e9anmoins la question et aboutissaient, dans une sorte de tentative de conciliation entre la radiesth\u00e9sie et l&rsquo;\u00e9lectromagn\u00e9tisme, \u00e0 la notion d&rsquo;Ondes de Forme.<\/em><\/p>\n<p style=\"text-align: justify;\"><em>Une seconde g\u00e9n\u00e9ration de chercheurs, entre autres l&rsquo;arch\u00e9ologue Enel, puis Jean de la Foye et Roger de Lafforest, reprenaient les r\u00e9sultats des pionniers et accumulaient les v\u00e9rifications exp\u00e9rimentales. On ignorait toujours la nature exacte de ces \u00ab Ondes de Forme \u00bb, mais l&rsquo;influence de ces myst\u00e9rieuses \u00e9manations sur le v\u00e9g\u00e9tal et le vivant pouvait \u00eatre reproduite \u00e0 partir d&rsquo;\u00e9metteurs artificiels, d\u00e9cel\u00e9e par des d\u00e9tecteurs et utilis\u00e9e \u00e0 des fins pr\u00e9cises.<\/em><\/p>\n<p style=\"text-align: justify;\"><em>L&rsquo;entretien qui va suivre \u00e9voque, bien entendu, ces \u00e9tapes pr\u00e9liminaires sans lesquelles les recherches actuelles resteraient incompr\u00e9hensibles. Sans s&rsquo;y attarder, toutefois, et ceci pour deux raisons.<\/em><\/p>\n<p style=\"text-align: justify;\"><em>Il n&rsquo;est pas souhaitable de donner trop de pr\u00e9cisions pratiques sur les dispositifs exp\u00e9rimentaux utilis\u00e9s dans ce domaine. Leur simplicit\u00e9 apparente dissimule des potentialit\u00e9s redoutables que le d\u00e9butant enthousiaste (comme parfois le chercheur confirm\u00e9) risque de d\u00e9couvrir \u00e0 ses d\u00e9pens et&#8230; \u00e0 ceux des autres !<\/em><\/p>\n<p style=\"text-align: justify;\"><em>Mais surtout, les travaux men\u00e9s actuellement par le Groupe ARK&rsquo;ALL constituent une sorte de r\u00e9volution par rapport au pass\u00e9. On ne parle plus d&rsquo;Ondes de Forme mais d&rsquo;\u00c9missions dues aux Formes. Pourquoi ? Parce que l&rsquo;on n&rsquo;a pas \u00e0 faire \u00e0 des ondes, ni celles du spectre \u00e9lectromagn\u00e9tique, ni celles de tout autre syst\u00e8me vibratoire connu. En bref : les \u00c9missions dues aux Formes n&rsquo;appartiennent pas \u00e0 notre Univers physique&#8230;<\/em><\/p>\n<p style=\"text-align: justify;\"><em>On trouvera bien d&rsquo;autres propos \u00ab insoutenables \u00bb tout au long de cet entretien avec Jacques Ravatin. Les Initi\u00e9s de l&rsquo;Antiquit\u00e9 conversaient-ils avec les Dieux ? L&rsquo;alphabet h\u00e9breu rec\u00e8le-t-il l&rsquo;\u00e9tat latent de toute r\u00e9alit\u00e9 ? Les Pyramides, les statues de l\u2019\u00eele de P\u00e2ques et les Cath\u00e9drales sont-elles autant de gigantesques \u00c9metteurs ? Et par-l\u00e0 m\u00eame des v\u00e9hicules vers ce que le diagramme relativiste du Temps d\u00e9signe comme \u00ab Ailleurs \u00bb ? Encore s&rsquo;agirait-il d&rsquo;un Ailleurs&#8230; autre que celui des physiciens. Notre univers physique ne serait qu&rsquo;une restriction de l&rsquo;univers r\u00e9el, du Global. <\/em><\/p>\n<p style=\"text-align: justify;\"><em>On ne saurait rester insensible aux propos de Jacques Ravatin en tant qu&rsquo;ils concernent les aspects les plus fondamentaux de. la connaissance. Et des questions plus imm\u00e9diates telles que l&rsquo;habitat, l&rsquo;environnement, la m\u00e9decine et la technologie du Futur. M\u00eame sur ces th\u00e8mes de civilisation, on verra que les formulations d\u00e9fient toutes nos habitudes de pens\u00e9e.<\/em><\/p>\n<p style=\"text-align: justify;\"><em>Mais alors, fallait-il publier ces propos, ou encore n&rsquo;\u00e9tait-il pas trop t\u00f4t pour le faire ?<\/em><\/p>\n<p style=\"text-align: justify;\"><em>De deux choses l&rsquo;une : ou bien les affirmations de Jacques Ravatin sont exactes et les recherches de son groupe sont en passe de r\u00e9volutionner la science actuelle. Il serait alors impardonnable de faire obstacle \u00e0 leur diffusion et \u00e0 leur libre appr\u00e9ciation par tous. Ou bien elles rel\u00e8vent d&rsquo;un enthousiasme exag\u00e9r\u00e9 et d&rsquo;un manque total de prudence scientifique, auquel cas, selon la formule consacr\u00e9e, elles n&rsquo;engagent que leur auteur, sa bonne foi et ses comp\u00e9tences universitaires.<\/em><\/p>\n<p style=\"text-align: justify;\"><em>Dans un cas comme dans l&rsquo;autre, Jacques Ravatin nous a paru capable de prendre ses responsabilit\u00e9s. Sa carri\u00e8re universitaire (apr\u00e8s un doctorat en physique math\u00e9matique, il enseigne aujourd&rsquo;hui cette discipline \u00e0 l&rsquo;Universit\u00e9 d&rsquo;Amiens) ne le laisse pas sans r\u00e9pondant sur le plan pol\u00e9mique. Sa pratique exp\u00e9rimentale (il fut \u00e9galement ing\u00e9nieur-chimiste au C.N.R.S.) laisse esp\u00e9rer qu&rsquo;il a su garder les yeux ouverts lors de ses investigations. L&rsquo;assurance avec laquelle il se propose d&rsquo;op\u00e9rer les principales transformations physico-chimiques connues par des voies enti\u00e8rement ignor\u00e9es de nos laboratoires serait insens\u00e9e si elle ne reposait sur un acquis v\u00e9rifiable. Les th\u00e8ses et brevets se multiplient d&rsquo;ailleurs autour des travaux du Groupe Ark&rsquo;All et l&rsquo;industrie priv\u00e9e leur accorde d\u00e9j\u00e0 un soutien non n\u00e9gligeable.<\/em><\/p>\n<p style=\"text-align: justify;\"><em>Mais supposons que les propos qui vont suivre ne rel\u00e8vent que d&rsquo;extrapolations sans fondement ou encore d&rsquo;observations r\u00e9elles mais h\u00e2tivement g\u00e9n\u00e9ralis\u00e9es, bref d&rsquo;un abus d&rsquo;interpr\u00e9tation. Il n&rsquo;en serait pas moins n\u00e9cessaire de les lire et de les relire. Einstein ne disait-il pas avoir recueilli certaines id\u00e9es majeures de ses th\u00e9ories \u00e0 la lecture&#8230; d&rsquo;ouvrages de science-fiction !<\/em><\/p>\n<p style=\"text-align: justify;\"><strong>Question &#8211; Jo\u00ebl Andr\u00e9 : \u00c9tant donn\u00e9 le domaine insolite que nous allons aborder, il serait bon de donner une id\u00e9e de votre formation scientifique et des fondements de vos pr\u00e9sentes recherches.<\/strong><\/p>\n<p style=\"text-align: justify;\">R\u00e9ponse &#8211; Jacques Ravatin : D\u00e8s la fin de mes \u00e9tudes secondaires, j&rsquo;\u00e9tais pr\u00e9occup\u00e9 par l&rsquo;existence de r\u00e9alit\u00e9s inconnues de la science classique. Je pensais que certains ph\u00e9nom\u00e8nes relevaient d&rsquo;une approche diff\u00e9rente.<\/p>\n<p style=\"text-align: justify;\">Je me mis \u00e0 la recherche de ce que j&rsquo;appelle des Syst\u00e8mes non-Cart\u00e9siens. Dans les milieux universitaires, les avis sur l&rsquo;existence de tels syst\u00e8mes \u00e9taient tr\u00e8s partag\u00e9s.<\/p>\n<p style=\"text-align: justify;\">En 1965, dans ma th\u00e8se de physique math\u00e9matique, je montrais que certains grands probl\u00e8mes de la Physique \u00e9taient justiciables d&rsquo;autres syst\u00e8mes de r\u00e9f\u00e9rence, d&rsquo;autres approches que celles utilis\u00e9es jusqu&rsquo;\u00e0 pr\u00e9sent.<\/p>\n<p style=\"text-align: justify;\">Le Jury de Th\u00e8se \u00e9tait pr\u00e9sid\u00e9 par le Pr Depommier, aujourd&rsquo;hui Directeur d&rsquo;un grand Laboratoire de Physique \u00e0 Montr\u00e9al. Il fut tr\u00e8s int\u00e9ress\u00e9 par la notion de Syst\u00e8mes non-Cart\u00e9siens et m&rsquo;encouragea \u00e0 poursuivre mes recherches.<\/p>\n<p style=\"text-align: justify;\">D\u00e9sirant approfondir mes connaissances math\u00e9matiques, j&rsquo;ai travaill\u00e9 un certain temps sur des alg\u00e8bres tr\u00e8s sp\u00e9ciales. Puis, j&rsquo;entrepris des recherches au C.N.R.S.<\/p>\n<p style=\"text-align: justify;\">Je continuais \u00e0 penser aux Syst\u00e8mes non-Cart\u00e9siens, jusqu&rsquo;au jour o\u00f9 j&rsquo;entendis Roger de Lafforest, au cours d&rsquo;une \u00e9mission t\u00e9l\u00e9vis\u00e9e, parler de certaines recherches sur les Formes et leurs effets insolites sur les \u00eatres vivants.<\/p>\n<p style=\"text-align: justify;\">R. de Lafforest mentionna mes recherches th\u00e9oriques comme susceptibles d&rsquo;\u00e9clairer les r\u00e9sultats obtenus par plusieurs chercheurs, dont lui-m\u00eame, sur le plan exp\u00e9rimental. J&rsquo;ai donc pris contact avec lui et il m&rsquo;a permis de faire connaissance avec les travaux dus \u00e0 Andr\u00e9 de B\u00e9lizal sur ce que l&rsquo;on appelait alors les \u00ab Ondes de Forme\u00a0\u00bb. Il m&rsquo;a fait d\u00e9couvrir entre autres les curieuses propri\u00e9t\u00e9s d&rsquo;une forme \u00e9gyptienne dite \u00ab Louksor \u00bb, celle que l&rsquo;on retrouve sur la bague protectrice que M. de B\u00e9lizal avait baptis\u00e9e \u00ab bague atlante\u00a0\u00bb.<\/p>\n<p style=\"text-align: justify;\">Les propri\u00e9t\u00e9s insoup\u00e7onn\u00e9es des Formes me donnaient acc\u00e8s \u00e0 l&rsquo;un de ces Syst\u00e8mes non-Cart\u00e9siens dont j&rsquo;avais cherch\u00e9 si longtemps un exemple r\u00e9el. De leur c\u00f4t\u00e9, les pionniers comme Turenne, de B\u00e9lizal, Chaumery, Enel et les chercheurs de la seconde g\u00e9n\u00e9ration tels que Jean de la Foye et R. de Lafforest avaient beaucoup exp\u00e9riment\u00e9 et raisonn\u00e9 par analogie. En reprenant leurs r\u00e9sultats \u00e0 la lumi\u00e8re des mod\u00e8les non-cart\u00e9siens que j&rsquo;avais \u00e9labor\u00e9 sur le plan abstrait, on pouvait enfin avancer et savoir de quel aspect du r\u00e9el relevaient les \u00e9nigmatiques influences \u00e9mises par les Formes.<\/p>\n<table style=\"text-align: justify;\" border=\"1\" width=\"504\" cellspacing=\"0\" cellpadding=\"0\">\n<tbody>\n<tr>\n<td valign=\"top\" width=\"504\"><a href=\"http:\/\/www.revue3emillenaire.com\/blog\/wp-content\/uploads\/2011\/05\/Ravatin1.jpg\"><img loading=\"lazy\" decoding=\"async\" class=\"alignleft size-medium wp-image-7226\" title=\"Ravatin1\" src=\"http:\/\/www.revue3emillenaire.com\/blog\/wp-content\/uploads\/2011\/05\/Ravatin1-66x300.jpg\" alt=\"\" width=\"66\" height=\"300\" srcset=\"https:\/\/www.revue3emillenaire.com\/blog\/wp-content\/uploads\/2011\/05\/Ravatin1-66x300.jpg 66w, https:\/\/www.revue3emillenaire.com\/blog\/wp-content\/uploads\/2011\/05\/Ravatin1-226x1024.jpg 226w, https:\/\/www.revue3emillenaire.com\/blog\/wp-content\/uploads\/2011\/05\/Ravatin1.jpg 258w\" sizes=\"auto, (max-width: 66px) 100vw, 66px\" \/><\/a><\/td>\n<\/tr>\n<\/tbody>\n<\/table>\n<p>La Forme \u00ab Louksor \u00bb. Elle figurait sur une bague en gr\u00e8s noir retrouv\u00e9e en \u00c9gypte vers la fin du XIX<sup>e<\/sup> si\u00e8cle.<\/p>\n<p>A. de B\u00e9lizal avait constat\u00e9 les effets de cette bague sur divers aspects de sa vie quotidienne, sur le plan tant physique que psychique. Ce fut l&rsquo;origine de ses recherches sur ce qu&rsquo;il baptisa par la suite \u00ab Ondes de Forme \u00bb.<\/p>\n<p>Selon Jacques Ravatin, cette bague compense les effets n\u00e9fastes de certaines \u00c9missions dues aux Formes. L&rsquo;arch\u00e9ologue Carter la portait lors de l&rsquo;ouverture du tombeau de Tout Ankh Amon en 1922. Il fut le seul rescap\u00e9 de la vague de d\u00e9c\u00e8s inexpliqu\u00e9s qui frappa dix-huit personnes associ\u00e9es de pr\u00e8s aux fouilles de la mission Carter-Carnavon, celle qui devait aboutir \u00e0 l&rsquo;invention de la tombe du pharaon et du c\u00e9l\u00e8bre tr\u00e9sor. Les chercheurs auraient \u00e9t\u00e9 atteints par des \u00c9missions nocives dues au d\u00e9placement des objets fun\u00e9raires : la disposition de ces derniers dans les s\u00e9pultures \u00e9gyptiennes r\u00e9pond en effet \u00e0 des notions d&rsquo;\u00e9quilibre des Formes et leur agencement tr\u00e8s particulier ne peut \u00eatre boulevers\u00e9 sans risques.<\/p>\n<p style=\"text-align: justify;\"><strong>Q &#8211; Pouvez-vous, en un bref historique, relater les principales \u00e9tapes qui ont marqu\u00e9 l&rsquo;\u00e9volution du probl\u00e8me jusqu&rsquo;\u00e0 sa forme actuelle ?<\/strong><\/p>\n<p style=\"text-align: justify;\">R -Pour ce qui va suivre, il convient d&rsquo;abord de parer \u00e0 un argument trop connu d\u00e8s que l&rsquo;on parle de radiesth\u00e9sie. L&rsquo;usage du pendule est en effet contest\u00e9 sous pr\u00e9texte que sa giration serait due \u00e0 d&rsquo;imperceptibles mouvements musculaires, conscients ou non, de la part du sujet qui le manipule.<\/p>\n<p style=\"text-align: justify;\">Or, d\u00e8s 1850, le baron de Reichenbach avait mis au point un type de pendule qui excluait l&rsquo;action musculaire du sujet. Il s&rsquo;agit d&rsquo;un pendule dont le fil, \u00e0 une certaine hauteur, est enroul\u00e9 un bon nombre de fois autour d&rsquo;un cylindre fixe. Le sujet n&rsquo;avait d&rsquo;autre contact avec le pendule que l&rsquo;extr\u00e9mit\u00e9 de l&rsquo;index pos\u00e9 sur le fil au niveau du cylindre d&rsquo;enroulement. L&rsquo;intervention des secousses musculaires, m\u00eame importantes, \u00e9tait donc exclue, ce qui n&#8217;emp\u00eachait pas le pendule d&rsquo;entrer en giration selon les principes habituels.<\/p>\n<p style=\"text-align: justify;\">Apr\u00e8s cette pr\u00e9cision indispensable, j&rsquo;en viens \u00e0 une autre exp\u00e9rience due \u00e9galement \u00e0 Reichenbach et directement li\u00e9e \u00e0 ce qui nous int\u00e9resse. Sur le p\u00f4le positif, orient\u00e9 au Nord, d&rsquo;un aimant droit, on pla\u00e7ait un cylindre en bois. On demandait alors \u00e0 un clairvoyant, plac\u00e9 dans une chambre noire, de concentrer son attention sur le cylindre. Au bout d&rsquo;une heure environ, le sujet voyait appara\u00eetre autour de la circonf\u00e9rence du cylindre un disque de couleurs rang\u00e9es dans l&rsquo;ordre du spectre lumineux que nous connaissons en optique.<\/p>\n<p style=\"text-align: justify;\">Vers 1905, le colonel de Rochas avait lui aussi d\u00e9couvert par diverses exp\u00e9riences des \u00e9missions n&rsquo;appartenant pas au spectre \u00e9lectromagn\u00e9tique connu. Ces exp\u00e9riences furent reprises et d\u00e9velopp\u00e9es par l&rsquo;ing\u00e9nieur Turenne en 1928, puis par de B\u00e9lizal, Chaumery et Morel. Les m\u00eames \u00e9missions furent rep\u00e9r\u00e9es et comme c&rsquo;\u00e9tait l&rsquo;\u00e2ge d&rsquo;or des applications de l&rsquo;\u00e9lectromagn\u00e9tisme, les chercheurs que je viens de citer ont tent\u00e9 de concilier leurs d\u00e9couvertes avec les th\u00e9ories r\u00e9gnantes. Ils ont donc baptis\u00e9 les \u00e9missions du nom des couleurs-t\u00e9moins \u00e0 partir desquelles le pendule entrait en giration et ils ont distingu\u00e9 deux aspects de ces \u00ab ondes de forme \u00bb, magn\u00e9tique et \u00e9lectrique. On pensait \u00e0 l&rsquo;\u00e9poque qu&rsquo;il s&rsquo;agissait d&rsquo;une bande encore inexplor\u00e9e du spectre \u00e9lectromagn\u00e9tique.<\/p>\n<p style=\"text-align: justify;\">Nous savons aujourd&rsquo;hui que les pr\u00e9tendues \u00ab ondes de forme \u00bb ne sont pas des ondes et n&rsquo;appartiennent pas aux champs \u00e9lectromagn\u00e9tiques. C&rsquo;est pourquoi nous parlons \u00e0 pr\u00e9sent des \u00ab \u00c9missions dues aux Formes \u00bb.<\/p>\n<table style=\"text-align: justify;\" border=\"1\" width=\"510\" cellspacing=\"0\" cellpadding=\"0\">\n<tbody>\n<tr>\n<td valign=\"top\" width=\"510\"><a href=\"http:\/\/www.revue3emillenaire.com\/blog\/wp-content\/uploads\/2011\/05\/Ravatin2.jpg\"><img loading=\"lazy\" decoding=\"async\" class=\"alignleft size-medium wp-image-7227\" title=\"Ravatin2\" src=\"http:\/\/www.revue3emillenaire.com\/blog\/wp-content\/uploads\/2011\/05\/Ravatin2-287x300.jpg\" alt=\"\" width=\"287\" height=\"300\" srcset=\"https:\/\/www.revue3emillenaire.com\/blog\/wp-content\/uploads\/2011\/05\/Ravatin2-287x300.jpg 287w, https:\/\/www.revue3emillenaire.com\/blog\/wp-content\/uploads\/2011\/05\/Ravatin2-980x1024.jpg 980w, https:\/\/www.revue3emillenaire.com\/blog\/wp-content\/uploads\/2011\/05\/Ravatin2.jpg 1008w\" sizes=\"auto, (max-width: 287px) 100vw, 287px\" \/><\/a><\/td>\n<\/tr>\n<\/tbody>\n<\/table>\n<p>La \u00ab d\u00e9composition du spectre des couleurs par la sph\u00e8re \u00bb selon B\u00e9lizal et Chaumery. Les abr\u00e9viations sont les suivantes : V = vert ; Bu = bleu ; I = indigo ; Vi = violet ; UV = ultra-violet ; Bc = blanc ; N = noir ; IR = infra-rouge ; R = rouge ; O = orang\u00e9 ; J = jaune.<\/p>\n<p>Sch\u00e9ma de Jean de La Foye, paru dans son livre \u00ab <em>Ondes de vie, Ondes de mort<\/em> \u00bb.<\/p>\n<p style=\"text-align: justify;\">\n<p style=\"text-align: justify;\"><strong>Q &#8211; Avant de voir comment vous en \u00eates venu \u00e0 cette conclusion, pouvez-vous donner un aper\u00e7u de la fa\u00e7on dont les pionniers que vous venez de citer ont en quelque sorte \u00ab d\u00e9frich\u00e9 \u00bb la question ?<\/strong><\/p>\n<p style=\"text-align: justify;\">R &#8211; Aucun d\u00e9tecteur classique n&rsquo;\u00e9tant sensible aux \u00e9missions dont nous parlons, Chaumery et de B\u00e9lizal ont utilis\u00e9 la m\u00e9thode radiesth\u00e9sique, en y apportant d&rsquo;ailleurs quelques am\u00e9liorations sensibles.<\/p>\n<p style=\"text-align: justify;\">Sur une sph\u00e8re en bois, ils ont essay\u00e9 de rep\u00e9rer au pendule des points \u00e9metteurs de ce qu&rsquo;ils appelaient \u00ab ondes de forme \u00bb. La m\u00e9thode \u00e9tait celle du \u00ab t\u00e9moin \u00bb, classique en radiesth\u00e9sie. Un exemple : tenez de la main gauche un morceau de tissu ou de papier rouge ; de la main droite, lancez le pendule en oscillation rectiligne au-dessus de la sph\u00e8re. A la verticale d&rsquo;un point pr\u00e9cis, le pendule entre en giration. Le point ainsi rep\u00e9r\u00e9 est dit \u00ab \u00e9metteur \u00bb de la couleur rouge. Suivant le sens de giration du pendule, la \u00ab couleur \u00bb sera dite n\u00e9gative ou positive. On aura par exemple au p\u00f4le Nord de la sph\u00e8re un point d&rsquo;\u00e9mission faisant tourner le pendule pour un tissu-t\u00e9moin vert et dans le sens des aiguilles d&rsquo;une montre : ce point re\u00e7oit l&rsquo;appellation de Vert positif ou V+. Le point diam\u00e9tralement oppos\u00e9 re\u00e7oit le nom de Vert n\u00e9gatif ou V-.<\/p>\n<p style=\"text-align: justify;\">Chaumery et B\u00e9lizal ont constat\u00e9 que les points-couleurs se r\u00e9partissaient \u00e0 la surface de la sph\u00e8re selon des spirales r\u00e9guli\u00e8res qui subissent un certain d\u00e9calage en fonction du mouvement de la Terre. Pour \u00ab fixer \u00bb la position de ces spirales, ils ont eu l&rsquo;id\u00e9e de percer deux trous diam\u00e9tralement oppos\u00e9s sur l&rsquo;\u00e9quateur de la sph\u00e8re.<\/p>\n<p style=\"text-align: justify;\"><strong>Q &#8211; Ces pr\u00e9liminaires sont \u00e0 l&rsquo;origine de l&rsquo;ing\u00e9nieux \u00ab pendule universel \u00bb qui a permis d&rsquo;\u00e9tudier bien des propri\u00e9t\u00e9s et effets de Forme, sur des objets actuels ou antiques&#8230;<\/strong><\/p>\n<p style=\"text-align: justify;\">R &#8211; Le Pendule universel est en effet constitu\u00e9 d&rsquo;une masse sph\u00e9rique en bois sur laquelle sont report\u00e9s les points-couleurs identifi\u00e9s par B\u00e9lizal et Chaumery. Le fil coulisse sur une anse mobile fix\u00e9e au pendule et peut ainsi \u00eatre r\u00e9gl\u00e9 au-dessus du point d&rsquo;\u00e9mission d\u00e9sir\u00e9. La giration se produira \u00e0 la verticale d&rsquo;un objet \u00e9mettant selon les caract\u00e9ristiques du point \u00e9metteur s\u00e9lectionn\u00e9 sur le pendule.<\/p>\n<p style=\"text-align: justify;\">C&rsquo;est un instrument tr\u00e8s utile, tout comme le pendule \u00e9quatorial mis au point par les m\u00eames auteurs. Et les acquis des premiers chercheurs n&rsquo;ont rien perdu de leur valeur pratique. Simplement la terminologie \u00e9tait inad\u00e9quate et les Emissions rep\u00e9r\u00e9es appartenaient \u00e0 un champ restreint, dont nos investigations actuelles continuent de tenir compte sous le nom de \u00ab Champ de Taofel de B\u00e9lizal \u00bb.<\/p>\n<p style=\"text-align: justify;\">Ce qu&rsquo;il faut bien comprendre si l&rsquo;on veut acc\u00e9der aux recherches actuelles sur les Emissions dues aux Formes, c&rsquo;est qu&rsquo;elles n&rsquo;ont rien \u00e0 voir avec ce que nous connaissons sous le nom d&rsquo;ondes ou de vibrations et que les \u00ab Couleurs \u00bb \u00e9mises par divers points de la sph\u00e8re ou d&rsquo;autres solides sont d&rsquo;une autre nature que les couleurs per\u00e7ues par nos sens. Elles n&rsquo;appartiennent pas \u00e0 notre univers physique.<\/p>\n<p style=\"text-align: justify;\"><strong>Q &#8211; Comment est-on pass\u00e9 des recherches concr\u00e8tes et des analogies \u00e9lectromagn\u00e9tiques ou chromatiques aux conceptions infiniment plus abstraites que vous soutenez \u00e0 pr\u00e9sent ?<\/strong><\/p>\n<p style=\"text-align: justify;\">R &#8211; Je pense que les recherches d&rsquo;Enel ont \u00e9t\u00e9 d\u00e9terminantes. Avant m\u00eame de s&rsquo;int\u00e9resser aux \u00c9missions dues aux Formes, Enel \u00e9tait initi\u00e9 aux doctrines \u00e9sot\u00e9riques de l&rsquo;Antiquit\u00e9. Il a sans doute \u00e9t\u00e9 le premier \u00e0 comprendre que les pouvoirs des Formes relevaient d&rsquo;un mode de pens\u00e9e radicalement diff\u00e9rent du n\u00f4tre. Plut\u00f4t que de se tourner vers les crit\u00e8res scientifiques du moment, il a consid\u00e9r\u00e9 le probl\u00e8me du point de vue de la Kabbale h\u00e9bra\u00efque et des grands syst\u00e8mes cosmogoniques de l&rsquo;Inde et de l&rsquo;Egypte anciennes. Cela lui a permis d&rsquo;approfondir le sens des architectures sacr\u00e9es qui sont, pour la pens\u00e9e mat\u00e9rialiste, rigoureusement incompr\u00e9hensibles. Enel fut aussi un des premiers \u00e0 soup\u00e7onner la relation entre Emissions dues aux Formes et cancer. Il a m\u00eame d\u00e9couvert une \u00c9mission agissant sur les cellules canc\u00e9reuses, celle que nous appelons l&rsquo;\u00c9mission Cancer d &lsquo;Enel.<\/p>\n<table style=\"text-align: justify;\" border=\"1\" cellspacing=\"0\" cellpadding=\"0\">\n<tbody>\n<tr>\n<td valign=\"top\" width=\"468\"><a href=\"http:\/\/www.revue3emillenaire.com\/blog\/wp-content\/uploads\/2011\/05\/Ravatin3.jpg\"><img loading=\"lazy\" decoding=\"async\" class=\"alignleft size-medium wp-image-7228\" title=\"Ravatin3\" src=\"http:\/\/www.revue3emillenaire.com\/blog\/wp-content\/uploads\/2011\/05\/Ravatin3-241x300.jpg\" alt=\"\" width=\"241\" height=\"300\" srcset=\"https:\/\/www.revue3emillenaire.com\/blog\/wp-content\/uploads\/2011\/05\/Ravatin3-241x300.jpg 241w, https:\/\/www.revue3emillenaire.com\/blog\/wp-content\/uploads\/2011\/05\/Ravatin3.jpg 791w\" sizes=\"auto, (max-width: 241px) 100vw, 241px\" \/><\/a><\/td>\n<\/tr>\n<\/tbody>\n<\/table>\n<p>Plac\u00e9e sur un disque de bois convenablement perc\u00e9 et orient\u00e9, cette figure kabbalistique, dite de la Synth\u00e8se, engendre des \u00c9missions Dynamiques dont les effets sont remarquables sur le vivant et les eaux.<\/p>\n<table style=\"text-align: justify;\" border=\"1\" width=\"468\" cellspacing=\"0\" cellpadding=\"0\">\n<tbody>\n<tr>\n<td valign=\"top\" width=\"468\"><a href=\"http:\/\/www.revue3emillenaire.com\/blog\/wp-content\/uploads\/2011\/05\/Ravatin4.jpg\"><img loading=\"lazy\" decoding=\"async\" class=\"aligncenter size-medium wp-image-7229\" title=\"Ravatin4\" src=\"http:\/\/www.revue3emillenaire.com\/blog\/wp-content\/uploads\/2011\/05\/Ravatin4-300x289.jpg\" alt=\"\" width=\"300\" height=\"289\" srcset=\"https:\/\/www.revue3emillenaire.com\/blog\/wp-content\/uploads\/2011\/05\/Ravatin4-300x289.jpg 300w, https:\/\/www.revue3emillenaire.com\/blog\/wp-content\/uploads\/2011\/05\/Ravatin4.jpg 979w\" sizes=\"auto, (max-width: 300px) 100vw, 300px\" \/><\/a><\/td>\n<\/tr>\n<\/tbody>\n<\/table>\n<p>Le Pa-Kua, figure chinoise combinant le cercle Yin\/Yang et les trigrammes du Yi-King. Il \u00e9met des \u00c9missions au Champ \u00ab B\u00e9lizal \u00bb et d&rsquo;autres \u00e0 caract\u00e8re \u00ab M\u00f6bius \u00bb. Bien que poss\u00e9dant des propri\u00e9t\u00e9s th\u00e9rapeutiques, il est d&rsquo;un emploi d\u00e9licat : en \u00e9tat \u00ab KSh Ph \u00bb ou \u00a0\u00a0Magie, ses effets sont inattendus et puissants.<\/p>\n<p style=\"text-align: justify;\"><strong>Q &#8211; Venons-en maintenant \u00e0 votre affirmation la plus audacieuse : les \u00c9missions dues aux Formes n&rsquo;appartiennent pas \u00e0 notre univers physique ! Sur quoi repose cette conviction ?<\/strong><\/p>\n<p style=\"text-align: justify;\">R &#8211; Du point de vue m\u00eame de la science, la condition essentielle pour la connaissance de l&rsquo;Univers est que l&rsquo;on puisse partout et toujours se donner un ou plusieurs rep\u00e8res : distance, vitesse, temps, force, etc. Tant que nous pouvons aborder les ph\u00e9nom\u00e8nes dans le cadre d&rsquo;un syst\u00e8me de rep\u00e8res, nous avons la possibilit\u00e9 d&rsquo;analyser, de nommer ou de compter, de mesurer ou de comparer.<\/p>\n<p style=\"text-align: justify;\">Mais n&rsquo;existe-t-il pas dans l&rsquo;univers des domaines o\u00f9 les rep\u00e8res eux-m\u00eames deviennent instables ou disparaissent ?<\/p>\n<p style=\"text-align: justify;\">Nous avons d\u00e9couvert l&rsquo;existence de tels syst\u00e8mes, de r\u00e9alit\u00e9s pour lesquelles normes et rep\u00e8res s&rsquo;estompent ou font compl\u00e8tement d\u00e9faut. L&rsquo;Univers physique n&rsquo;est donc qu&rsquo;un aspect, un cas particulier, d&rsquo;un domaine plus vaste. Notre univers physique, restreint est ce que nous appelons le Local, puisque l&rsquo;on peut toujours y localiser un objet. Quant \u00e0 l&rsquo;Univers total, celui o\u00f9 les rep\u00e8res du Local disparaissent, nous l&rsquo;appelons le Global.<\/p>\n<p style=\"text-align: justify;\">Il existe des domaines interm\u00e9diaires entre ces deux faces du r\u00e9el, des passages du Local au Global et des projections du Global dans le Local. Les transitions entre ces deux r\u00e9alit\u00e9s ne sont autres que nos fameuses \u00ab \u00c9missions dues aux Formes \u00bb.<\/p>\n<p style=\"text-align: justify;\"><strong>Q &#8211; Ainsi le domaine des \u00c9missions dues aux Formes serait celui o\u00f9 il demeure possible, malgr\u00e9 l&rsquo;\u00e9vanescence des rep\u00e8res, de comprendre ce qui se passe au seuil de l&rsquo;incompr\u00e9hensible ?<\/strong><\/p>\n<p style=\"text-align: justify;\">R &#8211; C&rsquo;est cela, une sorte de compromis entre le Global, au sein duquel les rep\u00e8res sont dissous, et le Local o\u00f9 les rep\u00e8res sont partout pr\u00e9sents.<\/p>\n<p style=\"text-align: justify;\"><strong>Q &#8211; C&rsquo;est une extension consid\u00e9rable des notions de l&rsquo;\u00e9poque des \u00ab Ondes de Forme \u00bb. La pratique exp\u00e9rimentale a-t-elle connu elle aussi des variations importantes ?<\/strong><\/p>\n<p style=\"text-align: justify;\">R &#8211; Nous construisons des appareils \u00e9metteurs beaucoup plus puissants que ceux de B\u00e9lizal et Chaumery et nous amplifions les \u00c9missions par des tensions \u00e9lectriques de plus en plus \u00e9lev\u00e9es. Mais en recherche courante, pour la d\u00e9tection ou l&rsquo;analyse, nous utilisons toujours les pendules universels, \u00e9quatoriaux, etc. Nous disposons \u00e9galement de pendules permettant de d\u00e9terminer la polarit\u00e9 d&rsquo;une Forme (si elle en a une) et surtout de \u00ab pendules h\u00e9breux \u00bb pour conna\u00eetre certaines qualit\u00e9s fondamentales que nous appelons des \u00c9tats.<\/p>\n<p style=\"text-align: justify;\">Cette notion est capitale car certaines \u00c9missions r\u00e9put\u00e9es b\u00e9n\u00e9fiques peuvent avoir une influence d\u00e9sastreuse uniquement parce qu&rsquo;elles se trouvent dans un \u00c9tat n\u00e9faste.<\/p>\n<p style=\"text-align: justify;\"><strong>Q &#8211; Pouvez-vous pr\u00e9ciser cette nouvelle notion et la m\u00e9thode utilis\u00e9e pour mettre en \u00e9vidence l&rsquo;\u00c9tat d&rsquo;une Emission ?<\/strong><\/p>\n<p style=\"text-align: justify;\">R &#8211; En physique, on d\u00e9finit l&rsquo;\u00e9tat d&rsquo;un objet par sa position et sa vitesse. Mais puisque les \u00c9missions dues aux Formes sont en dehors du domaine physique, leurs diverses caract\u00e9ristiques ne correspondent pas aux crit\u00e8res du Local. Malgr\u00e9 cette d\u00e9localisation, certaines diff\u00e9renciations restent possibles. On peut ainsi distinguer les niveaux qualitatifs du Physique, du Vital, du Psychique, pour ne citer que les cat\u00e9gories les plus simples. Cette m\u00e9thode ne rel\u00e8ve pas, comme il pourrait sembler, de pr\u00e9suppos\u00e9s m\u00e9taphysiques, mais des propri\u00e9t\u00e9s de la langue h\u00e9bra\u00efque et de l&rsquo;alphabet dit \u00ab H\u00e9breu carr\u00e9 \u00bb.<\/p>\n<p style=\"text-align: justify;\">Les alphabets contemporains sont des ensembles de signes purement conventionnels, mais il n&rsquo;en va pas de m\u00eame des alphabets antiques dont chaque signe \u00e9tait porteur d&rsquo;une puissance latente en liaison avec les diff\u00e9rents aspects cosmiques que l&rsquo;\u00e9criture se proposait de refl\u00e9ter et d&rsquo;influencer. La puissance de chaque signe \u00e9tait susceptible d&rsquo;amplification, d&rsquo;activation, d&rsquo;o\u00f9 la possibilit\u00e9 d&rsquo;utiliser les hi\u00e9roglyphes, les alphabets hi\u00e9ratiques et les noms sacr\u00e9s pour p\u00e9n\u00e9trer des \u00e9tats secrets du r\u00e9el ou acc\u00e9der \u00e0 des \u00e9tats de conscience \u00e9lev\u00e9s. Nous v\u00e9rifions chaque jour la puissance, l&rsquo;efficience, de ces symboles qu&rsquo;il faut d&rsquo;ailleurs manier avec prudence.<\/p>\n<p style=\"text-align: justify;\">Parmi les divers alphabets hi\u00e9ratiques, c&rsquo;est-\u00e0-dire sacr\u00e9s, l&rsquo;h\u00e9breu carr\u00e9 est sans doute celui qui nous est parvenu sous sa forme la plus authentique, la moins d\u00e9g\u00e9n\u00e9r\u00e9e. C&rsquo;est sans doute pour cette raison que les caract\u00e8res et les mots h\u00e9breux trac\u00e9s \u00e0 l&rsquo;aide de cet alphabet sont d&rsquo;une telle sensibilit\u00e9 \u00e0 des qualit\u00e9s et des diff\u00e9rences que notre pens\u00e9e actuelle a perdues de vue. Entre autres, les diff\u00e9rents \u00ab \u00e9tats \u00bb que peuvent rev\u00eatir les \u00c9missions dues aux Formes.<\/p>\n<table style=\"text-align: justify;\" border=\"1\" width=\"438\" cellspacing=\"0\" cellpadding=\"0\">\n<tbody>\n<tr>\n<td valign=\"top\" width=\"438\"><a href=\"http:\/\/www.revue3emillenaire.com\/blog\/wp-content\/uploads\/2011\/05\/Ravatin5.jpg\"><img loading=\"lazy\" decoding=\"async\" class=\"aligncenter size-medium wp-image-7230\" title=\"Ravatin5\" src=\"http:\/\/www.revue3emillenaire.com\/blog\/wp-content\/uploads\/2011\/05\/Ravatin5-300x260.jpg\" alt=\"\" width=\"300\" height=\"260\" srcset=\"https:\/\/www.revue3emillenaire.com\/blog\/wp-content\/uploads\/2011\/05\/Ravatin5-300x260.jpg 300w, https:\/\/www.revue3emillenaire.com\/blog\/wp-content\/uploads\/2011\/05\/Ravatin5-1024x887.jpg 1024w, https:\/\/www.revue3emillenaire.com\/blog\/wp-content\/uploads\/2011\/05\/Ravatin5.jpg 1278w\" sizes=\"auto, (max-width: 300px) 100vw, 300px\" \/><\/a><\/td>\n<\/tr>\n<\/tbody>\n<\/table>\n<p>Six pendules, dont cinq \u00e0 caract\u00e8res h\u00e9bra\u00efques et le dernier (en bas \u00e0 droite) pour d\u00e9tecter les transferts entre Formes et Syst\u00e8mes de Formes. Les cercles sont le symbole du \u00ab N\u0153ud de Vie \u00bb. importante \u00c9mission du Champ Vital que l&rsquo;on rep\u00e8re sur un v\u00e9g\u00e9tal au niveau du sol et chez un \u00eatre humain au niveau du plexus ombilical.<\/p>\n<p style=\"text-align: justify;\">La m\u00e9thode consiste \u00e0 graver sur un pendule cylindrique dit \u00ab pendule h\u00e9breu \u00bb le mot qualifiant un \u00c9tat donn\u00e9. Le mot h\u00e9breu signifiant \u00ab Terre \u00bb interagit avec les \u00c9tats du niveau physique, le mot \u00ab Souffle de Vie \u00bb d\u00e9c\u00e8le les Etats propres au Vivant, le mot \u00ab Esprit \u00bb implique ceux du psychique ou du spirituel, etc.<\/p>\n<table style=\"text-align: justify;\" border=\"1\" width=\"444\" cellspacing=\"0\" cellpadding=\"0\">\n<tbody>\n<tr>\n<td valign=\"top\" width=\"444\"><a href=\"http:\/\/www.revue3emillenaire.com\/blog\/wp-content\/uploads\/2011\/05\/Ravatin6.jpg\"><img loading=\"lazy\" decoding=\"async\" class=\"alignright size-medium wp-image-7231\" title=\"Ravatin6\" src=\"http:\/\/www.revue3emillenaire.com\/blog\/wp-content\/uploads\/2011\/05\/Ravatin6-216x300.jpg\" alt=\"\" width=\"216\" height=\"300\" srcset=\"https:\/\/www.revue3emillenaire.com\/blog\/wp-content\/uploads\/2011\/05\/Ravatin6-216x300.jpg 216w, https:\/\/www.revue3emillenaire.com\/blog\/wp-content\/uploads\/2011\/05\/Ravatin6-737x1024.jpg 737w, https:\/\/www.revue3emillenaire.com\/blog\/wp-content\/uploads\/2011\/05\/Ravatin6.jpg 865w\" sizes=\"auto, (max-width: 216px) 100vw, 216px\" \/><\/a><\/td>\n<\/tr>\n<\/tbody>\n<\/table>\n<p>Les principaux mots h\u00e9breux utilis\u00e9s pour la d\u00e9tection des \u00c9tats. Ils permettent de situer les qualit\u00e9s intrins\u00e8ques de la r\u00e9alit\u00e9 \u00e9tudi\u00e9e.<\/p>\n<p style=\"text-align: justify;\">Nous pourrons de la m\u00eame mani\u00e8re mettre en \u00e9vidence des \u00c9tats tels que \u00ab Parole \u00bb, \u00ab Nuit \u00bb, \u00ab Lumi\u00e8re \u00bb, chaque mot h\u00e9breu fix\u00e9 au pendule faisant r\u00e9agir ce dernier lorsque l&rsquo;\u00c9tat symbolis\u00e9 par le mot est pr\u00e9sent dans l&rsquo;objet ou le ph\u00e9nom\u00e8ne \u00e9tudi\u00e9. A un niveau tr\u00e8s simple, cette m\u00e9thode recoupe d&rsquo;ailleurs les r\u00e9sultats de la radiesth\u00e9sie classique : le pendule portant le mot h\u00e9breu \u00ab Il-jaillira-de-l&rsquo;eau \u00bb r\u00e9agira positivement \u00e0 la verticale d&rsquo;une nappe ou d&rsquo;une source souterraine.<\/p>\n<p style=\"text-align: justify;\">Mais nous pouvons d\u00e9celer des \u00c9tats beaucoup moins familiers, beaucoup moins simples \u00e0 d\u00e9finir, m\u00eame si la puissance de leurs effets ne laisse aucun doute quant \u00e0 leur existence.<\/p>\n<p style=\"text-align: justify;\">Le mot \u00ab K Sh Ph \u00bb d\u00e9finit ainsi l&rsquo;\u00c9tat \u00ab Magie \u00bb et caract\u00e9rise en effet des situations o\u00f9 les rep\u00e8res sont boulevers\u00e9s, surtout lorsque nous avons affaire en m\u00eame temps \u00e0 l&rsquo;\u00c9tat \u00ab Shin renvers\u00e9 \u00bb qui implique des influences anti-humaines de tr\u00e8s mauvais augure.<\/p>\n<p style=\"text-align: justify;\"><strong>Q &#8211; Comment cela se traduit-il dans notre r\u00e9alit\u00e9 ?<\/strong><\/p>\n<p style=\"text-align: justify;\">R &#8211; Il existe de nombreuses vari\u00e9t\u00e9s de l&rsquo;\u00c9tat \u00ab K Sh Ph \u00bb. Nous les rep\u00e9rons sur certaines statuettes \u00e9gyptiennes dont les bras sont crois\u00e9s sur la poitrine, sur des pyramides mal orient\u00e9es, sur des instruments de musique tels que le violon, etc. Les constructions modernes, les complexes technologiques importants t\u00e9moignent souvent de cet Etat, qui peut d&rsquo;ailleurs \u00e9maner d&rsquo;une \u0153uvre d&rsquo;art, d&rsquo;une musique ou de certains propos. Un discours d&rsquo;Hitler manifeste ainsi un Etat \u00ab K Sh Ph \u00bb avec Shin Renvers\u00e9.<\/p>\n<table style=\"text-align: justify;\" border=\"1\" width=\"462\" cellspacing=\"0\" cellpadding=\"0\">\n<tbody>\n<tr>\n<td valign=\"top\" width=\"462\"><a href=\"http:\/\/www.revue3emillenaire.com\/blog\/wp-content\/uploads\/2011\/05\/Ravatin7.jpg\"><img loading=\"lazy\" decoding=\"async\" class=\"alignleft size-medium wp-image-7232\" title=\"Ravatin7\" src=\"http:\/\/www.revue3emillenaire.com\/blog\/wp-content\/uploads\/2011\/05\/Ravatin7-236x300.jpg\" alt=\"\" width=\"236\" height=\"300\" srcset=\"https:\/\/www.revue3emillenaire.com\/blog\/wp-content\/uploads\/2011\/05\/Ravatin7-236x300.jpg 236w, https:\/\/www.revue3emillenaire.com\/blog\/wp-content\/uploads\/2011\/05\/Ravatin7-807x1024.jpg 807w, https:\/\/www.revue3emillenaire.com\/blog\/wp-content\/uploads\/2011\/05\/Ravatin7.jpg 1333w\" sizes=\"auto, (max-width: 236px) 100vw, 236px\" \/><\/a><\/td>\n<\/tr>\n<\/tbody>\n<\/table>\n<p>Statuettes fun\u00e9raires. Comme toutes les Formes \u00e9gyptiennes, elles rec\u00e8lent des potentialit\u00e9s insoup\u00e7onn\u00e9es et sont \u00e0 d\u00e9placer avec prudence.<\/p>\n<p style=\"text-align: justify;\">Voyons maintenant comment cet \u00c9tat affecte les \u00c9missions dues aux Formes. Prenons par exemple l&rsquo;\u00c9mission dite V<sup>&#8211;<\/sup><sub>M<\/sub> qui appartient au Champ de Taofel \u00ab de B\u00e9lizal \u00bb. Elle intervient notamment sur le corps humain au niveau du syst\u00e8me nerveux. A l&rsquo;\u00e9tat normal, le V<sup>&#8211;<\/sup><sub>M<\/sub> dissipe la fatigue et les diff\u00e9rentes tensions, r\u00e9g\u00e9n\u00e8re le m\u00e9tabolisme de la cellule nerveuse, etc.<\/p>\n<p style=\"text-align: justify;\">Mais si cette \u00c9mission se trouve afflig\u00e9e de l&rsquo;\u00c9tat \u00ab K Sh Ph \u00bb avec \u00ab Shin renvers\u00e9 \u00bb, elle induit une situation d&rsquo;anomalie profonde, magique, et des effets anti-humains (le Shin en position normale \u00e9tant le crit\u00e8re de l&rsquo;humain non essentiellement perturb\u00e9).<\/p>\n<p style=\"text-align: justify;\">Que se passera-t-il alors ? L&rsquo;\u00c9tat \u00ab Magie \u00bb perturbant toutes les fonctionnalit\u00e9s habituelles du monde quotidien et le \u00ab Shin \u00bb renvers\u00e9 bouleversant profond\u00e9ment la conscience du monde ext\u00e9rieur, le sujet ne ma\u00eetrisera plus, ou tr\u00e8s mal, ses rapports avec les objets mat\u00e9riels et la situation d&rsquo;ensemble. Supposons qu&rsquo;il se trouve affect\u00e9 par l&rsquo;\u00c9mission anormale alors qu&rsquo;il est au volant de sa voiture, le v\u00e9hicule quittera la route sans raison apparente et ce sera l&rsquo;accident \u00ab inexplicable \u00bb.<\/p>\n<p style=\"text-align: justify;\">Vous voyez donc qu&rsquo;une \u00c9mission \u00e0 l\u2019origine b\u00e9n\u00e9fique peut \u00eatre affect\u00e9e par l&rsquo;\u00c9tat selon lequel elle prend effet.<\/p>\n<table style=\"text-align: justify;\" border=\"1\" width=\"498\" cellspacing=\"0\" cellpadding=\"0\">\n<tbody>\n<tr>\n<td valign=\"top\" width=\"498\"><a href=\"http:\/\/www.revue3emillenaire.com\/blog\/wp-content\/uploads\/2011\/05\/Ravatin8.jpg\"><img loading=\"lazy\" decoding=\"async\" class=\"alignleft size-medium wp-image-7233\" title=\"Ravatin8\" src=\"http:\/\/www.revue3emillenaire.com\/blog\/wp-content\/uploads\/2011\/05\/Ravatin8-300x95.jpg\" alt=\"\" width=\"300\" height=\"95\" srcset=\"https:\/\/www.revue3emillenaire.com\/blog\/wp-content\/uploads\/2011\/05\/Ravatin8-300x95.jpg 300w, https:\/\/www.revue3emillenaire.com\/blog\/wp-content\/uploads\/2011\/05\/Ravatin8-1024x325.jpg 1024w, https:\/\/www.revue3emillenaire.com\/blog\/wp-content\/uploads\/2011\/05\/Ravatin8.jpg 1353w\" sizes=\"auto, (max-width: 300px) 100vw, 300px\" \/><\/a><a href=\"http:\/\/www.revue3emillenaire.com\/blog\/wp-content\/uploads\/2011\/05\/Ravatin9.jpg\"><img loading=\"lazy\" decoding=\"async\" class=\"alignright size-medium wp-image-7234\" title=\"Ravatin9\" src=\"http:\/\/www.revue3emillenaire.com\/blog\/wp-content\/uploads\/2011\/05\/Ravatin9-300x168.jpg\" alt=\"\" width=\"300\" height=\"168\" srcset=\"https:\/\/www.revue3emillenaire.com\/blog\/wp-content\/uploads\/2011\/05\/Ravatin9-300x168.jpg 300w, https:\/\/www.revue3emillenaire.com\/blog\/wp-content\/uploads\/2011\/05\/Ravatin9-1024x576.jpg 1024w, https:\/\/www.revue3emillenaire.com\/blog\/wp-content\/uploads\/2011\/05\/Ravatin9.jpg 1203w\" sizes=\"auto, (max-width: 300px) 100vw, 300px\" \/><\/a><\/td>\n<\/tr>\n<\/tbody>\n<\/table>\n<p>Sur les cordes de ce violon, le pendule h\u00e9breu d\u00e9tectant l&rsquo;\u00e9tat \u00ab K SH Ph \u00bb. Cet \u00e9tat est rep\u00e9rable au-dessus de tout violon, jou\u00e9 ou non. Il dispara\u00eet si on enl\u00e8ve l&rsquo;\u00ab \u00e2me \u00bb, petite pi\u00e8ce de bois situ\u00e9e \u00e0 l&rsquo;int\u00e9rieur de la table d&rsquo;harmonie et qui semble \u00eatre \u00e0 l&rsquo;origine du caract\u00e8re \u00ab magique \u00bb de l&rsquo;instrument. Les grands luthiers d&rsquo;autrefois confectionnaient l&rsquo;\u00ab \u00e2me \u00bb de leur violon \u00e0 partir des ossements d&rsquo;enfants d\u00e9c\u00e9d\u00e9s \u00e0 l&rsquo;\u00e2ge tendre.<\/p>\n<p style=\"text-align: justify;\"><strong>Q &#8211; Comment \u00e9viter les erreurs d&rsquo;interpr\u00e9tation dues \u00e0 la subjectivit\u00e9 du chercheur et \u00e0 l&rsquo;\u00c9tat de son psychisme ou du lieu dans lequel il op\u00e8re ?<\/strong><\/p>\n<p style=\"text-align: justify;\">R &#8211; Nous disposons de compensateurs qui \u00e9liminent les influences accidentelles des objets environnants, du sous-sol, du b\u00e2timent lui-m\u00eame, etc.<\/p>\n<p style=\"text-align: justify;\">Quant \u00e0 la subjectivit\u00e9, lorsqu&rsquo;il y a le moindre doute, nous faisons \u00e9tudier le ph\u00e9nom\u00e8ne concern\u00e9 par deux, trois, parfois jusqu&rsquo;\u00e0 une quinzaine de chercheurs diff\u00e9rents. Chacun travaille s\u00e9par\u00e9ment puis nous confrontons les r\u00e9sultats. Lorsqu&rsquo;ils sont concordants, nous les consid\u00e9rons comme concluants, selon les principes m\u00eames de la science exp\u00e9rimentale.<\/p>\n<table style=\"text-align: justify;\" border=\"1\" width=\"504\" cellspacing=\"0\" cellpadding=\"0\">\n<tbody>\n<tr>\n<td valign=\"top\" width=\"504\"><a href=\"http:\/\/www.revue3emillenaire.com\/blog\/wp-content\/uploads\/2011\/05\/Ravatin10.jpg\"><img loading=\"lazy\" decoding=\"async\" class=\"alignleft size-medium wp-image-7235\" title=\"Ravatin10\" src=\"http:\/\/www.revue3emillenaire.com\/blog\/wp-content\/uploads\/2011\/05\/Ravatin10-112x300.jpg\" alt=\"\" width=\"112\" height=\"300\" srcset=\"https:\/\/www.revue3emillenaire.com\/blog\/wp-content\/uploads\/2011\/05\/Ravatin10-112x300.jpg 112w, https:\/\/www.revue3emillenaire.com\/blog\/wp-content\/uploads\/2011\/05\/Ravatin10.jpg 334w\" sizes=\"auto, (max-width: 112px) 100vw, 112px\" \/><\/a><\/td>\n<\/tr>\n<\/tbody>\n<\/table>\n<p>Cette forme est un r\u00e9\u00e9quilibreur d&rsquo;ambiances \u00e0 condition de savoir la percer pour en activer l&rsquo;Ext. D&rsquo;une port\u00e9e de 60 m, elle \u00e9limine les \u00c9missions nocives du Champ \u00ab\u00a0b\u00e9lizal \u00bb telle que le V<sup>&#8211;<\/sup><sub>E<\/sub>.<\/p>\n<p style=\"text-align: justify;\"><strong>Q &#8211; Envisagez-vous de remplacer un jour les diff\u00e9rents pendules par des d\u00e9tecteurs ou enregistreurs du genre de ceux qu&rsquo;utilisent les laboratoires actuels ?<\/strong><\/p>\n<p style=\"text-align: justify;\">R &#8211; Ce n&rsquo;est pas exclu, encore qu&rsquo;aucun d\u00e9tecteur artificiel ne puisse \u00e9galer la sensibilit\u00e9 et l&rsquo;intuition humaines.<\/p>\n<p style=\"text-align: justify;\">Le pendule favorise l&rsquo;\u00e9veil de ces qualit\u00e9s latentes et chacun peut se convaincre, apr\u00e8s trois cent heures de pratique environ, des m\u00e9rites de cet instrument.<\/p>\n<p style=\"text-align: justify;\">En ce qui me concerne, ma formation scientifique m&rsquo;avait plut\u00f4t habitu\u00e9 aux mod\u00e8les et m\u00e9thodes de la physique moderne. La recherche au pendule ne me para\u00eet ni moins s\u00fbre ni moins rigoureuse. Nous pourrons d&rsquo;ailleurs bient\u00f4t d\u00e9tecter les Champs de Taofel gr\u00e2ce aux propri\u00e9t\u00e9s nouvelles que nous avons d\u00e9couvertes sur les cristaux.<\/p>\n<p style=\"text-align: justify;\"><strong>Q &#8211; Parlons un peu de ces Champs de Taofel, qui \u00e9largissent le domaine des Emissions dues aux Formes bien au-del\u00e0 de ce que soup\u00e7onnaient B\u00e9lizal et Chaumery&#8230;<\/strong><\/p>\n<p style=\"text-align: justify;\">R &#8211; La d\u00e9couverte de nouveaux Champs de Taofel a \u00e9t\u00e9 due \u00e0 la r\u00e9alisation de nouveaux appareils \u00e9metteurs, tel que celui construit voici un an et gr\u00e2ce auquel nous avons d\u00e9tect\u00e9 des Emissions d\u00e9passant largement le Champ \u00ab B\u00e9lizal \u00bb. Celui que nous construirons sera encore plus puissant et nous ouvrira des possibilit\u00e9s dont je ne parlerai pas pour l&rsquo;instant.<\/p>\n<p style=\"text-align: justify;\">Le Champ de Taofel imm\u00e9diatement sup\u00e9rieur au Champ \u00ab B\u00e9lizal \u00bb a re\u00e7u le nom d&rsquo; \u00ab Unit\u00e9-Sprink \u00bb. Sprink avait construit d\u00e8s 1934 un appareil donnant des \u00c9missions de ce niveau mais il n&rsquo;a jamais su \u00e0 quoi \u00e9taient dus les effets de son appareil. R\u00e9cemment, on nous a demand\u00e9 d&rsquo;\u00e9tudier le dispositif en question. Il s&rsquo;agit d&rsquo;un cadre de bois octogonal muni d&rsquo;\u00e9clateurs, mis sous tension \u00e9lectrique et reli\u00e9 \u00e0 la terre. Rien de tr\u00e8s complexe mais les effets produits sont remarquables.<\/p>\n<p style=\"text-align: justify;\">Sprink, qui ignorait tout des \u00c9missions dues aux Formes, avait fait constater par les plus grands chercheurs du moment les possibilit\u00e9s de son appareil. Des roches port\u00e9es \u00e0 700\u00b0 et expos\u00e9es \u00e0 son dispositif pr\u00e9sentaient des empreintes hexagonales en \u00ab nid d&rsquo;abeille \u00bb. Sprink avait \u00e9galement soumis le personnel de plusieurs usines \u00e0 l&rsquo;action de son appareil. L&rsquo;effet revigorant et apaisant \u00e9tait imm\u00e9diatement ressenti par tous.<\/p>\n<table style=\"text-align: justify;\" border=\"1\" width=\"474\" cellspacing=\"0\" cellpadding=\"0\">\n<tbody>\n<tr>\n<td valign=\"top\" width=\"474\"><a href=\"http:\/\/www.revue3emillenaire.com\/blog\/wp-content\/uploads\/2011\/05\/Ravatin11.jpg\"><img loading=\"lazy\" decoding=\"async\" class=\"aligncenter size-medium wp-image-7236\" title=\"Ravatin11\" src=\"http:\/\/www.revue3emillenaire.com\/blog\/wp-content\/uploads\/2011\/05\/Ravatin11-300x187.jpg\" alt=\"\" width=\"300\" height=\"187\" srcset=\"https:\/\/www.revue3emillenaire.com\/blog\/wp-content\/uploads\/2011\/05\/Ravatin11-300x187.jpg 300w, https:\/\/www.revue3emillenaire.com\/blog\/wp-content\/uploads\/2011\/05\/Ravatin11-1023x640.jpg 1023w, https:\/\/www.revue3emillenaire.com\/blog\/wp-content\/uploads\/2011\/05\/Ravatin11.jpg 1765w\" sizes=\"auto, (max-width: 300px) 100vw, 300px\" \/><\/a><\/td>\n<\/tr>\n<\/tbody>\n<\/table>\n<p>Disque \u00e9metteur surmont\u00e9 de formes et aimants orient\u00e9s. Permet diverses extensions des Champs de Taofel.<\/p>\n<p style=\"text-align: justify;\">En testant moi-m\u00eame l&rsquo;engin, j&rsquo;ai rep\u00e9r\u00e9 une tr\u00e8s puissante \u00c9mission de V<sup>&#8211;<\/sup><sub>M<\/sub>. J&rsquo;ai d\u00e9cid\u00e9 de construire une version am\u00e9lior\u00e9e de l&rsquo;invention de Sprink.<\/p>\n<p style=\"text-align: justify;\">Le cadre en bois octogonal fut remplac\u00e9 par un polygone \u00e0 16 c\u00f4t\u00e9s, la tension \u00e9lectrique fut consid\u00e9rablement augment\u00e9e, etc. C&rsquo;est alors que nous avons identifi\u00e9, au-del\u00e0 du V<sup>&#8211;<\/sup><sub>M<\/sub>, un autre type d&rsquo;\u00c9mission, beaucoup plus pur. C&rsquo;est ce nouveau Champ que nous appelons \u00ab Unit\u00e9-Sprink \u00bb.<\/p>\n<p style=\"text-align: justify;\">Les objets de l&rsquo;Antiquit\u00e9 peuvent \u00e9galement \u00eatre \u00e0 l&rsquo;origine d&rsquo;une d\u00e9couverte semblable. L&rsquo;Arche d&rsquo;Alliance \u00e9met des Champs de Taofel tr\u00e8s \u00e9lev\u00e9s, au-del\u00e0 d&rsquo;\u00ab Unit\u00e9-Sprink \u00bb. Nous les avons baptis\u00e9s Champs de Taofel \u00ab Terre Promise \u00bb.<\/p>\n<p style=\"text-align: justify;\"><strong>Q &#8211; Connaissez-vous d&rsquo;autres Champs de Taofel au-del\u00e0 de \u00ab Terre Promise \u00bb ?<\/strong><\/p>\n<p style=\"text-align: justify;\">R &#8211; Certainement. M\u00eame au-del\u00e0 du Champ que nous consid\u00e9rions comme le plus \u00e9lev\u00e9 et que nous avions d\u00e9nomm\u00e9 \u00ab Entit\u00e9-Dieu \u00bb, nous avons eu la surprise de d\u00e9couvrir un Champ de Taofel sup\u00e9rieur encore. Nous avions d\u00fb \u00eatre trop enthousiastes en baptisant le Champ pr\u00e9c\u00e9dent !<\/p>\n<p style=\"text-align: justify;\">De plus, chaque Champ de Taofel poss\u00e8de des extensions dans un type d&rsquo;\u00c9missions dites \u00c9missions Dynamiques. On peut faire se chevaucher les diff\u00e9rents Champs et \u00c9missions, de sorte que les possibilit\u00e9s sont innombrables.<\/p>\n<p style=\"text-align: justify;\"><strong>Q &#8211; En quoi peut-on dire qu&rsquo;un Champ de Taofel est plus \u00e9lev\u00e9 qu&rsquo;un autre ?<\/strong><\/p>\n<p style=\"text-align: justify;\">R &#8211; Le Champ \u00ab B\u00e9lizal \u00bb, par exemple, produit des effets accessibles \u00e0 l&rsquo;observation progressive et indirecte : croissance des plantes, am\u00e9lioration de sant\u00e9, etc. Avec les Champs plus \u00e9lev\u00e9s, nous agissons directement sur la structure de la mati\u00e8re et les constantes physiques.<\/p>\n<p style=\"text-align: justify;\">Au Champ de Taofel \u00ab Unit\u00e9-Sprink \u00bb nous obtenons d\u00e9j\u00e0 des variations dans les valeurs des composantes du champ magn\u00e9tique terrestre, des modifications de la constante de gravitation, de l&rsquo;indice de r\u00e9fraction de l&rsquo;air, de la constante de solubilit\u00e9 du chlorure de sodium ou de tout autre sel dans l&rsquo;eau&#8230; Bref, les puissantes \u00c9missions dues aux Formes, dans les Champs de Taofel \u00e9lev\u00e9s, modifient ou bouleversent les principales constantes connues en physique et en chimie.<\/p>\n<p style=\"text-align: justify;\"><strong>Q &#8211; Vous retrouvez l\u00e0 des possibilit\u00e9s d&rsquo;objectivation et de mesure aussi pr\u00e9cises que celles des sciences dites exactes ?<\/strong><\/p>\n<p style=\"text-align: justify;\">R &#8211; Absolument. Nous mesurons l&rsquo;action des \u00c9missions dues aux Formes sur des param\u00e8tres chiffrables et reconnus par tous. Les physiciens eux-m\u00eames ne font pas autre chose. Nous avons par exemple r\u00e9duit la constante de gravitation G d&rsquo;un dixi\u00e8me de sa valeur. Mais nos appareils nous permettent des effets ignor\u00e9s de la physique actuelle et qui recoupent sans doute des connaissances alchimiques incomprises jusqu&rsquo;ici. Nous savons maintenant que les alchimistes, plus ou moins intuitivement, soumettaient la mati\u00e8re \u00e0 des Champs de Taofel de plus en plus \u00e9lev\u00e9s, lui ajoutant \u00e0 chaque transition des propri\u00e9t\u00e9s en principe r\u00e9serv\u00e9es aux structures vivantes et au psychisme.<\/p>\n<p style=\"text-align: justify;\">De m\u00eame, au lieu d&rsquo;ajouter de l&rsquo;\u00e9nergie dans un champ donn\u00e9 pour modifier les caract\u00e9ristiques de l&rsquo;objet qui s&rsquo;y trouve, nous sortons l&rsquo;objet de son champ pour le resituer dans un Champ plus \u00e9lev\u00e9&#8230;<\/p>\n<p style=\"text-align: justify;\">Q &#8211; Vous transf\u00e9rez l&rsquo;objet dans ce que l&rsquo;on pourrait appeler un \u00ab Champ de Transmutation \u00bb ?<\/p>\n<p style=\"text-align: justify;\">R &#8211; En quelque sorte. C&rsquo;est d&rsquo;ailleurs pourquoi nous utilisons des arithm\u00e9tiques sp\u00e9ciales selon le Champ de Taofel dans lequel nous voulons plonger l&rsquo;objet.<\/p>\n<p style=\"text-align: justify;\">Ces arithm\u00e9tiques sont dites \u00ab \u00e0 Cumulo-d\u00e9calaire \u00bb. Elles reposent sur les propri\u00e9t\u00e9s des Nombres consid\u00e9r\u00e9s comme des entit\u00e9s munies d&rsquo;un coefficient donn\u00e9 d&rsquo;existence ou de non-existence. La puissance r\u00e9elle de ces arithm\u00e9tiques est d\u00e9montr\u00e9e par le fait suivant : il suffit d&rsquo;\u00e9crire l&rsquo;arithm\u00e9tique appropri\u00e9e pour un Champ de Taofel donn\u00e9, le Champ en question se manifeste imm\u00e9diatement. De m\u00eame, si nous construisons l&rsquo;arithm\u00e9tique correspondant \u00e0 un \u00eatre humain, toute permutation ou inversion des termes de cette arithm\u00e9tique aura des effets consid\u00e9rables sur la personne concern\u00e9e.<\/p>\n<p style=\"text-align: justify;\"><strong>Q &#8211; Nous retrouvons les conceptions de la Kabbale. Mais vous n&rsquo;avez pas encore fait allusion aux Formes si myst\u00e9rieuses que sont les momies, les pyramides, les statues de l&rsquo;\u00eele de P\u00e2ques et autres cath\u00e9drales&#8230;<\/strong><\/p>\n<p style=\"text-align: justify;\">R &#8211; Pour comprendre les momies et pyramides, il faut faire appel \u00e0 la notion d&rsquo;Ext. L&rsquo;Ext d&rsquo;une Forme n&rsquo;est pas inclus dans la Forme elle-m\u00eame, c&rsquo;est une transition entre la Forme dans le Local et cette m\u00eame Forme d\u00e9localis\u00e9e. Par exemple, en per\u00e7ant quelques trous dans une sph\u00e8re pleine, on lui ajoute des propri\u00e9t\u00e9s nouvelles sans commune mesure avec l&rsquo;objet lui-m\u00eame ou la banalit\u00e9 de l&rsquo;intervention. Cette r\u00e9alit\u00e9 de la Forme, au-del\u00e0 de son substrat physique est ce que nous appelons l&rsquo;Ext.<\/p>\n<table style=\"text-align: justify;\" border=\"1\" cellspacing=\"0\" cellpadding=\"0\">\n<tbody>\n<tr>\n<td valign=\"top\" width=\"492\"><a href=\"http:\/\/www.revue3emillenaire.com\/blog\/wp-content\/uploads\/2011\/05\/Ravatin12.jpg\"><img loading=\"lazy\" decoding=\"async\" class=\"alignleft size-medium wp-image-7238\" title=\"Ravatin12\" src=\"http:\/\/www.revue3emillenaire.com\/blog\/wp-content\/uploads\/2011\/05\/Ravatin12-184x300.jpg\" alt=\"\" width=\"184\" height=\"300\" srcset=\"https:\/\/www.revue3emillenaire.com\/blog\/wp-content\/uploads\/2011\/05\/Ravatin12-184x300.jpg 184w, https:\/\/www.revue3emillenaire.com\/blog\/wp-content\/uploads\/2011\/05\/Ravatin12-630x1024.jpg 630w, https:\/\/www.revue3emillenaire.com\/blog\/wp-content\/uploads\/2011\/05\/Ravatin12.jpg 829w\" sizes=\"auto, (max-width: 184px) 100vw, 184px\" \/><\/a>Momie de femme \u00e9gyptienne (1000 ans avant J.C.). Le corps momifi\u00e9 maintiendrait la psych\u00e9 du d\u00e9funt en relation avec le monde des vivants.<\/td>\n<\/tr>\n<\/tbody>\n<\/table>\n<p style=\"text-align: justify;\">Lorsqu&rsquo;un \u00eatre meurt, c&rsquo;est-\u00e0-dire est d\u00e9localis\u00e9 par rapport \u00e0 notre monde, son Ext reste en relation avec le cadavre, ainsi qu&rsquo;avec l&rsquo;individu d\u00e9localis\u00e9. Ainsi en pr\u00e9servant le corps du d\u00e9funt, on garde la possibilit\u00e9 d&rsquo;agir sur son Ext et par l\u00e0-m\u00eame sur la personne d\u00e9c\u00e9d\u00e9e. C&rsquo;est pourquoi dans certaines peuplades, les momies participent aux d\u00e9lib\u00e9rations collectives. Les conquistadors espagnols ont m\u00eame observ\u00e9 en Am\u00e9rique du Sud des mariages o\u00f9 le conjoint porte une momie \u00e0 la place de son \u00e9pouse. Les pyramides, du moins les grandes pyramides \u00e9gyptiennes, poss\u00e8dent \u00e9galement un Ext qui relie les Champs d&rsquo;\u00c9missions de la Pyramide \u00e0 la Constellation c\u00e9leste situ\u00e9e \u00e0 la verticale du monument. Les Constellations sont des Formes et \u00e9mettent des \u00c9missions dynamiques extr\u00eamement puissantes. L&rsquo;Ext de la Pyramide capte ces \u00c9missions et les fait passer \u00e0 des Champs de Taofel sup\u00e9rieurs. Si un individu conna\u00eet la fa\u00e7on de se placer en dualit\u00e9 dynamique avec l&rsquo;Ext de la Pyramide, d&rsquo;extraordinaires possibilit\u00e9s s&rsquo;offrent \u00e0 lui : \u00e9tats de conscience sup\u00e9rieurs, d\u00e9localisation de la mati\u00e8re, acc\u00e8s \u00e0 d&rsquo;autres r\u00e9els et d&rsquo;autres univers, communications avec des \u00eatres quasi-divins qui sont des \u00ab brisures \u00bb du Global.<\/p>\n<table style=\"text-align: justify;\" border=\"1\" width=\"498\" cellspacing=\"0\" cellpadding=\"0\">\n<tbody>\n<tr>\n<td valign=\"top\" width=\"498\"><a href=\"http:\/\/www.revue3emillenaire.com\/blog\/wp-content\/uploads\/2011\/05\/Ravatin13.jpg\"><img loading=\"lazy\" decoding=\"async\" class=\"aligncenter size-medium wp-image-7239\" title=\"Ravatin13\" src=\"http:\/\/www.revue3emillenaire.com\/blog\/wp-content\/uploads\/2011\/05\/Ravatin13-300x122.jpg\" alt=\"\" width=\"300\" height=\"122\" srcset=\"https:\/\/www.revue3emillenaire.com\/blog\/wp-content\/uploads\/2011\/05\/Ravatin13-300x122.jpg 300w, https:\/\/www.revue3emillenaire.com\/blog\/wp-content\/uploads\/2011\/05\/Ravatin13-1023x418.jpg 1023w, https:\/\/www.revue3emillenaire.com\/blog\/wp-content\/uploads\/2011\/05\/Ravatin13.jpg 1753w\" sizes=\"auto, (max-width: 300px) 100vw, 300px\" \/><\/a>Les pyramides de Gizeh : Kh\u00e9ops (la plus grande), Kephren et Mykerinos. La Grande Pyramide a fait r\u00e9cemment l&rsquo;objet d&rsquo;une mission de recherches dirig\u00e9e par un des meilleurs math\u00e9maticiens-analystes des Etats-Unis.<\/td>\n<\/tr>\n<\/tbody>\n<\/table>\n<p>Pour chaque endroit de la pyramide, les relev\u00e9s spectrographiques diff\u00e9raient compl\u00e8tement d&rsquo;heure en heure ! Le math\u00e9maticien a reconnu qu&rsquo;\u00e9tant donn\u00e9 les pr\u00e9cautions prises et la qualit\u00e9 du mat\u00e9riel utilis\u00e9, les variations constat\u00e9es \u00e9taient incompr\u00e9hensibles.<\/p>\n<p style=\"text-align: justify;\"><strong>Q &#8211; Quel est le \u00ab v\u00e9hicule \u00bb qui permet ces franchissements des barri\u00e8res spatio-temporelles, des limites de notre dimension ?<\/strong><\/p>\n<p style=\"text-align: justify;\">R &#8211; Nous faisons appel \u00e0 la notion d&rsquo;Objet Fractal, qui fut introduite \u00e0 la fin du XIX<sup>e<\/sup> si\u00e8cle par le grand math\u00e9maticien Georg Cantor. Il s&rsquo;agit au d\u00e9part d&rsquo;une figure qui ne peut jamais \u00eatre achev\u00e9e car son trac\u00e9 requiert un nombre infini de modifications de la figure initiale.<\/p>\n<p style=\"text-align: justify;\">Nous avons constat\u00e9 qu&rsquo;en envoyant une \u00c9mission du Champ \u00ab B\u00e9lizal \u00bb sur un objet fractal, nous la faisions passer au Champ sup\u00e9rieur, \u00ab Unit\u00e9-Sprink \u00bb. Nous avons \u00e9tendu la notion d&rsquo;objet fractal \u00e0 tous les syst\u00e8mes qui, soumis \u00e0 des \u00e9missions dues aux Formes, nous permettent ainsi de passer sans cesse d&rsquo;un Champ au Champ sup\u00e9rieur. Nous avons l\u00e0 le \u00ab v\u00e9hicule \u00bb ou la passerelle qui donne acc\u00e8s aux Champs de Taofel du plus imm\u00e9diat au plus \u00e9lev\u00e9.<\/p>\n<table style=\"text-align: justify;\" border=\"1\" cellspacing=\"0\" cellpadding=\"0\">\n<tbody>\n<tr>\n<td valign=\"top\" width=\"492\"><a href=\"http:\/\/www.revue3emillenaire.com\/blog\/wp-content\/uploads\/2011\/05\/Ravatin14.jpg\"><img loading=\"lazy\" decoding=\"async\" class=\"aligncenter size-medium wp-image-7240\" title=\"Ravatin14\" src=\"http:\/\/www.revue3emillenaire.com\/blog\/wp-content\/uploads\/2011\/05\/Ravatin14-300x241.jpg\" alt=\"\" width=\"300\" height=\"241\" srcset=\"https:\/\/www.revue3emillenaire.com\/blog\/wp-content\/uploads\/2011\/05\/Ravatin14-300x241.jpg 300w, https:\/\/www.revue3emillenaire.com\/blog\/wp-content\/uploads\/2011\/05\/Ravatin14-1024x823.jpg 1024w, https:\/\/www.revue3emillenaire.com\/blog\/wp-content\/uploads\/2011\/05\/Ravatin14.jpg 1334w\" sizes=\"auto, (max-width: 300px) 100vw, 300px\" \/><\/a>Un objet fractal, au sens math\u00e9matique. Sa dimension est interm\u00e9diaire entre celle d&rsquo;une surface et celle d&rsquo;un volume.<\/td>\n<\/tr>\n<\/tbody>\n<\/table>\n<p style=\"text-align: justify;\">Nous construisons nous-m\u00eames des Objets Fractals. Nos arithm\u00e9tiques \u00e0 cumulo-d\u00e9calaire<\/p>\n<p style=\"text-align: justify;\">nous permettent de leur imposer des structures Espace-Temps diff\u00e9rentes de la n\u00f4tre.<\/p>\n<p style=\"text-align: justify;\">A l&rsquo;\u00e9tat naturel c&rsquo;est ce qui se produit au fameux Triangle des Bermudes o\u00f9 apparaissent des Objets Fractals probablement engendr\u00e9s par la rotation de la Terre. Les Objets Fractals peuvent avoir une entr\u00e9e et une sortie, une entr\u00e9e seulement ou ni l&rsquo;une ni l&rsquo;autre. Dans le Triangle des Bermudes, la plupart des Objets Fractals n&rsquo;ont pas de sortie, d&rsquo;o\u00f9 certaines disparitions.<\/p>\n<table style=\"text-align: justify;\" border=\"1\" width=\"492\" cellspacing=\"0\" cellpadding=\"0\">\n<tbody>\n<tr>\n<td valign=\"top\" width=\"492\"><a href=\"http:\/\/www.revue3emillenaire.com\/blog\/wp-content\/uploads\/2011\/05\/Ravatin15.jpg\"><img loading=\"lazy\" decoding=\"async\" class=\"alignright size-medium wp-image-7241\" title=\"Ravatin15\" src=\"http:\/\/www.revue3emillenaire.com\/blog\/wp-content\/uploads\/2011\/05\/Ravatin15-296x300.jpg\" alt=\"\" width=\"296\" height=\"300\" srcset=\"https:\/\/www.revue3emillenaire.com\/blog\/wp-content\/uploads\/2011\/05\/Ravatin15-296x300.jpg 296w, https:\/\/www.revue3emillenaire.com\/blog\/wp-content\/uploads\/2011\/05\/Ravatin15.jpg 919w\" sizes=\"auto, (max-width: 296px) 100vw, 296px\" \/><\/a>Un Objet Fractal (au sens de la Th\u00e9orie des \u00c9missions dues aux Formes). Permet d&rsquo;activer les processus de transformation essentielle de diverses substances. Transforme les Champs de Taofel les uns en les autres.<\/td>\n<\/tr>\n<\/tbody>\n<\/table>\n<p style=\"text-align: justify;\"><strong>Q &#8211; Pouvez-vous citer un cas de transition vers Ailleurs par l&rsquo;interm\u00e9diaire d&rsquo;un Objet Fractal ?<\/strong><\/p>\n<p style=\"text-align: justify;\">R &#8211; Les sensitifs avec lesquels nous travaillons ont effectu\u00e9 de nombreux d\u00e9doublements vers des \u00e9poques r\u00e9volues ou des lieux inaccessibles.<\/p>\n<p style=\"text-align: justify;\">Samuel Franeric a accompli un d\u00e9doublement pour d\u00e9couvrir ce que devenait la Grande Pyramide lors du passage d&rsquo;une constellation donn\u00e9e.<\/p>\n<p style=\"text-align: justify;\">Nous avons ainsi appris que le Grand Pr\u00eatre s&rsquo;y d\u00e9localisait et entrait en relation avec des Formes Pensantes du Global. Il ne mentait donc pas lorsqu&rsquo;il disait avoir \u00ab parl\u00e9 aux Dieux \u00bb. Et c&rsquo;est la dualit\u00e9 dynamique entre l&rsquo;Ext du Grand Pr\u00eatre et celui de la pyramide, d&rsquo;une part, entre les \u00c9missions dues aux Formes du monument et les \u00c9missions dynamiques de la constellation d&rsquo;autre part, qui constituait l&rsquo;Objet Fractal rendant possible la d\u00e9localisation du Grand Pr\u00eatre.<\/p>\n<table style=\"text-align: justify;\" border=\"1\" cellspacing=\"0\" cellpadding=\"0\">\n<tbody>\n<tr>\n<td valign=\"top\" width=\"480\"><a href=\"http:\/\/www.revue3emillenaire.com\/blog\/wp-content\/uploads\/2011\/05\/Ravatin16.jpg\"><img loading=\"lazy\" decoding=\"async\" class=\"aligncenter size-medium wp-image-7242\" title=\"Ravatin16\" src=\"http:\/\/www.revue3emillenaire.com\/blog\/wp-content\/uploads\/2011\/05\/Ravatin16-203x300.jpg\" alt=\"\" width=\"203\" height=\"300\" srcset=\"https:\/\/www.revue3emillenaire.com\/blog\/wp-content\/uploads\/2011\/05\/Ravatin16-203x300.jpg 203w, https:\/\/www.revue3emillenaire.com\/blog\/wp-content\/uploads\/2011\/05\/Ravatin16-693x1024.jpg 693w, https:\/\/www.revue3emillenaire.com\/blog\/wp-content\/uploads\/2011\/05\/Ravatin16.jpg 824w\" sizes=\"auto, (max-width: 203px) 100vw, 203px\" \/><\/a>L&rsquo;Arche d&rsquo;Alliance, figur\u00e9e \u00e0 partir de certaines descriptions bibliques. Aux \u00c9tats-Unis r\u00e9cemment, un physicien et ses \u00e9l\u00e8ves ont tent\u00e9 d&rsquo;en construire un prototype fid\u00e8le. Il fallut interrompre le projet : \u00e0 mesure que le mod\u00e8le se pr\u00e9cisait, les exp\u00e9riences en cours dans les laboratoires voisins de l&rsquo;Universit\u00e9 se trouvaient gravement perturb\u00e9s. Le ph\u00e9nom\u00e8ne n&rsquo;a jamais pu \u00eatre expliqu\u00e9.<\/td>\n<\/tr>\n<\/tbody>\n<\/table>\n<p style=\"text-align: justify;\"><strong>Q &#8211; Tous les monuments et objets de culte des Anciens sont-ils des Objets Fractals au sens o\u00f9 vous l&rsquo;entendez ?<\/strong><\/p>\n<p style=\"text-align: justify;\">R &#8211; Disons plut\u00f4t qu&rsquo;ils le deviennent sous certaines conditions. Les statues de l&rsquo;\u00eele de P\u00e2ques, par exemple, sont des Formes d\u00e9polaris\u00e9es qui deviennent des Objets Fractals si elles sont regard\u00e9es sur fond de ciel nuageux.<\/p>\n<p style=\"text-align: justify;\">L&rsquo;Arche d&rsquo;Alliance n&rsquo;est pas non plus \u00e0 proprement parler un Objet Fractal : elle provoque la cr\u00e9ation de structures fractales par effondrement de la structure Espace-Temps. C&rsquo;est ce qui a d&rsquo;ailleurs permis \u00e0 Mo\u00efse d&rsquo; \u00ab ouvrir \u00bb les eaux de la Mer Rouge pour permettre le passage des H\u00e9breux en fuite. D&rsquo;autre part, l&rsquo;\u00e9branlement de la structure spatio-temporelle brise le Global qui projette alors dans notre univers local des fragments d&rsquo;un autre r\u00e9el. C&rsquo;est ainsi que surgit dans l&rsquo;esprit humain le \u00ab monde des dieux \u00bb.<\/p>\n<table style=\"text-align: justify;\" border=\"1\" width=\"480\" cellspacing=\"0\" cellpadding=\"0\">\n<tbody>\n<tr>\n<td valign=\"top\" width=\"480\"><a href=\"http:\/\/www.revue3emillenaire.com\/blog\/wp-content\/uploads\/2011\/05\/Ravatin17.jpg\"><img loading=\"lazy\" decoding=\"async\" class=\"aligncenter size-medium wp-image-7243\" title=\"Ravatin17\" src=\"http:\/\/www.revue3emillenaire.com\/blog\/wp-content\/uploads\/2011\/05\/Ravatin17-300x198.jpg\" alt=\"\" width=\"300\" height=\"198\" srcset=\"https:\/\/www.revue3emillenaire.com\/blog\/wp-content\/uploads\/2011\/05\/Ravatin17-300x198.jpg 300w, https:\/\/www.revue3emillenaire.com\/blog\/wp-content\/uploads\/2011\/05\/Ravatin17-1024x678.jpg 1024w, https:\/\/www.revue3emillenaire.com\/blog\/wp-content\/uploads\/2011\/05\/Ravatin17.jpg 1750w\" sizes=\"auto, (max-width: 300px) 100vw, 300px\" \/><\/a>Statues de l&rsquo;\u00eele de P\u00e2ques inachev\u00e9es. Outre leurs puissantes Emissions, elles auraient permis des d\u00e9localisations d&rsquo;\u00eatres humains. Des relations auraient pu \u00eatre ainsi nou\u00e9es avec d&rsquo;autres civilisations, malgr\u00e9 l&rsquo;isolement de cette petite \u00eele en plein Pacifique.<\/td>\n<\/tr>\n<\/tbody>\n<\/table>\n<p style=\"text-align: justify;\"><strong>Q &#8211; Les dieux mythologiques seraient donc r\u00e9els en tant qu&rsquo;entit\u00e9s issues de l&rsquo;\u00e9mergence du Global dans le Local ?<\/strong><\/p>\n<p style=\"text-align: justify;\">R &#8211; C&rsquo;est ce que nous avons v\u00e9rifi\u00e9 \u00e0 maintes reprises. Par les brisures du Global, se relocalisent dans notre monde des formes d&rsquo;entit\u00e9s qui r\u00e9pondent aux noms et \u00e9vocations que leur assignaient les religions anciennes et les pratiques magiques. Il faut d&rsquo;ailleurs \u00eatre extr\u00eamement prudent lorsque l&rsquo;on a affaire \u00e0 ces irruptions du Global. On est souvent oblig\u00e9 de battre en retraite et de neutraliser les Emissions et les Champs concern\u00e9s lorsqu&rsquo;on d\u00e9couvre ce qui se cache derri\u00e8re certaines r\u00e9alit\u00e9s d\u00e9localis\u00e9es.<\/p>\n<p style=\"text-align: justify;\"><strong>Q &#8211; Cela constitue une justification des croyances aux pouvoirs du nom, de l&rsquo;incantation rythm\u00e9e et de la musique sacr\u00e9e&#8230;<\/strong><\/p>\n<p style=\"text-align: justify;\">R &#8211; En particulier, il existe des \u00c9missions dues aux Rythmes qui poss\u00e8dent leurs propres Champs de Taofel et qui permettent de dynamiser les Emissions dues aux Formes.<\/p>\n<p style=\"text-align: justify;\">Les rythmes et incantations des \u00ab danses de la pluie \u00bb, par exemple, progressent selon des Champs de Taofel de plus en plus \u00e9lev\u00e9s qui abolissent les distances et provoquent la d\u00e9localisation\/relocalisation du ph\u00e9nom\u00e8ne \u00ab Pluie \u00bb. On peut voir ainsi tomber la pluie sous un soleil radieux. Wilhelm Reich a obtenu des pluies en plein d\u00e9sert en dirigeant vers le ciel certaines formes tubulaires. Nous les avons test\u00e9es : elles \u00e9mettent en \u00ab Unit\u00e9-Sprink \u00bb et, partiellement, \u00ab Terre promise \u00bb.<\/p>\n<p style=\"text-align: justify;\"><strong>Q &#8211; Parmi les \u00ab Grands Initi\u00e9s \u00bb, lesquels vous semblent avoir atteint les connaissances les plus avanc\u00e9es dans le domaine des Emissions dues aux Formes ?<\/strong><\/p>\n<p style=\"text-align: justify;\">R &#8211; Les pr\u00eatres d&rsquo;\u00c9gypte et ceux de Delphes. Le Grand Pr\u00eatre du Temple de J\u00e9rusalem, qui suscitait une fois par an des Champs de Taofel tellement \u00e9lev\u00e9s, par la prononciation du nom de Dieu, que nous comprenons pourquoi il devait \u00eatre seul dans le Temple et dire le nom sacr\u00e9 \u00e0 voix basse. Mo\u00efse, capable de revenir de Champs qui auraient d\u00e9localis\u00e9 tout autre individu \u00e0 jamais. Le fameux occultiste John Dee dont le miroir, utilis\u00e9 avec un alphabet et des Formes appropri\u00e9es, faisait surgir du Global des entit\u00e9s extr\u00eamement puissantes.<\/p>\n<p style=\"text-align: justify;\">J\u00e9sus-Christ est un \u00eatre encore plus \u00e9nigmatique. Nous avons des raisons de penser qu&rsquo;entre la Crucifixion et la descente de Croix, il a projet\u00e9 sur le monde quelque chose d&rsquo;incroyablement \u00e9lev\u00e9 que nous n&rsquo;avons pas r\u00e9ussi \u00e0 d\u00e9finir mais dont l&rsquo;influence est rest\u00e9e vivace jusqu&rsquo;\u00e0 nos jours. Je me demande d&rsquo;ailleurs si nous n&rsquo;avons pas l\u00e0 une r\u00e9alit\u00e9 qui transcende le domaine des Emissions dues aux Formes et des Champs de Taofel, si \u00e9lev\u00e9s soient-ils.<\/p>\n<table style=\"text-align: justify;\" border=\"1\" width=\"486\" cellspacing=\"0\" cellpadding=\"0\">\n<tbody>\n<tr>\n<td valign=\"top\" width=\"486\"><a href=\"http:\/\/www.revue3emillenaire.com\/blog\/wp-content\/uploads\/2011\/05\/Ravatin18.jpg\"><img loading=\"lazy\" decoding=\"async\" class=\"aligncenter size-medium wp-image-7244\" title=\"Ravatin18\" src=\"http:\/\/www.revue3emillenaire.com\/blog\/wp-content\/uploads\/2011\/05\/Ravatin18-291x300.jpg\" alt=\"\" width=\"291\" height=\"300\" srcset=\"https:\/\/www.revue3emillenaire.com\/blog\/wp-content\/uploads\/2011\/05\/Ravatin18-291x300.jpg 291w, https:\/\/www.revue3emillenaire.com\/blog\/wp-content\/uploads\/2011\/05\/Ravatin18.jpg 953w\" sizes=\"auto, (max-width: 291px) 100vw, 291px\" \/><\/a>Table utilis\u00e9e par John Dee. En disposant des Formes sur cette Table, on obtient des \u00c9missions pulsantes, \u00e0 tr\u00e8s grande port\u00e9e, dans des \u00c9tats extr\u00eamement particuliers.<\/td>\n<\/tr>\n<\/tbody>\n<\/table>\n<p style=\"text-align: justify;\"><strong>Q &#8211; La conscience surplomberait le Local et le Global, voire commanderait \u00e0 leur mutuelle p\u00e9n\u00e9tration ?<\/strong><\/p>\n<p style=\"text-align: justify;\">R &#8211; Nous savons en tout cas que la pri\u00e8re poss\u00e8de ce pouvoir. Andr\u00e9 de B\u00e9lizal a pu, en priant intens\u00e9ment et pendant plusieurs heures, inverser une Emission nocive de V<sup>&#8211;<\/sup><sub>E<\/sub> en Emission b\u00e9n\u00e9fique V<sup>&#8211;<\/sup><sub>M<\/sub>. Le r\u00e9sultat s&rsquo;est maintenu pendant plus de deux ans avant que la source de V<sup>&#8211;<\/sup><sub>E<\/sub> ne se manifeste de nouveau.<\/p>\n<p style=\"text-align: justify;\"><strong>Q &#8211; Revenons sur les recherches faisant intervenir le d\u00e9doublement. Comment travaillez-vous et \u00e0 partir de quelles hypoth\u00e8ses ?<\/strong><\/p>\n<p style=\"text-align: justify;\">R &#8211; Nous travaillons avec des sensitifs accoutum\u00e9s \u00e0 cette pratique. Il arrive fr\u00e9quemment que plusieurs d&rsquo;entre eux se projettent simultan\u00e9ment sur un m\u00eame lieu ou vers une m\u00eame \u00e9poque pour nous permettre de v\u00e9rifier les informations par recoupement. Un sensitif comme Raymond R\u00e9ant, qui est un des membres actifs de la Fondation Ark&rsquo;All, emploie le d\u00e9doublement physique, c&rsquo;est-\u00e0-dire s&rsquo;ext\u00e9riorise sous la forme d&rsquo;une substance qui reste toutefois reli\u00e9e au corps par une sorte de filament dont la rupture entra\u00eenerait la mort imm\u00e9diate. C&rsquo;est ce que les occultistes appellent le corps astral et le \u00ab cordon d&rsquo;argent \u00bb. Le d\u00e9doublement mental, qu&#8217;emploient par exemple David et Samuel Franeric, est moins dangereux puisqu&rsquo;il repose sur la clairvoyance.<\/p>\n<p style=\"text-align: justify;\">Mais qu&rsquo;est-ce que le d\u00e9doublement lui-m\u00eame ? Nous retrouvons la notion d&rsquo;Objet Fractal. L&rsquo;\u00eatre humain appartient \u00e0 deux univers : celui o\u00f9 les formes apparaissent et celui o\u00f9 elles s&rsquo;engendrent. Ces deux univers sont en dualit\u00e9 dynamique, \u00e0 la mani\u00e8re du Yin\/Yang de la pens\u00e9e chinoise. Mais notre pens\u00e9e scientifique brise cette dualit\u00e9 dynamique en ne consid\u00e9rant que les formes apparentes au d\u00e9triment des Formes constituantes. Le d\u00e9doublement r\u00e9tablit la relation entre les deux univers. Le sensitif passe de l&rsquo;un \u00e0 l&rsquo;autre et les structures qui s&rsquo;\u00e9changent ainsi entre l&rsquo;univers apparent et celui des Formes constituent un Objet Fractal, dont nous avons vu les propri\u00e9t\u00e9s en mati\u00e8re de d\u00e9localisation et de d\u00e9temporalisation. Nous pouvons donner \u00e0 l&rsquo;Objet Fractal ainsi cr\u00e9\u00e9 des propri\u00e9t\u00e9s plus pr\u00e9cises gr\u00e2ce aux arithm\u00e9tiques dont j&rsquo;ai parl\u00e9 : il suffit de transposer les propri\u00e9t\u00e9s de Champ ou d&rsquo;\u00c9tat du syst\u00e8me que nous voulons \u00e9tudier pour construire le mod\u00e8le de notre Objet Fractal. Le sensitif qui se projette au moyen de cet Objet Fractal atteindra ainsi les domaines, lieux ou \u00e9poques, plan\u00e8tes ou galaxies, qui nous int\u00e9ressent.<\/p>\n<p style=\"text-align: justify;\"><strong>Q &#8211; Quelques exemples, dans le temps ou&#8230; le cosmos !<\/strong><\/p>\n<p style=\"text-align: justify;\">R &#8211; Je ne peux citer pour l&rsquo;instant les plus int\u00e9ressants, soit parce que les recherches sont encore en cours, soit parce qu&rsquo;il est des domaines dont il vaut mieux ne pas parler une fois qu&rsquo;on a une id\u00e9e de ce qui s&rsquo;y trouve. Encourager des amateurs \u00e0 tenter leur chance serait les exposer \u00e0 des risques graves. Disons que nous avons eu des r\u00e9sultats int\u00e9ressants concernant la Lune et d&rsquo;autres plan\u00e8tes, ainsi qu&rsquo;\u00e0 propos de la N\u00e9buleuse d&rsquo;Androm\u00e8de. Nous avons aussi d\u00e9couvert que l&rsquo;anneau de Saturne \u00e9met en \u00c9tat \u00ab K Sh Ph\u00a0\u00bb.<\/p>\n<p style=\"text-align: justify;\">Pour le pass\u00e9 terrestre, je peux vous citer un exemple \u00ab innocent\u00a0\u00bb. Vous connaissez peut-\u00eatre l&rsquo;origine de l&rsquo;\u0153uvre de Tartini intitul\u00e9e \u00ab\u00a0Le Trille du Diable \u00bb. Tartini, violoniste italien, disait qu&rsquo;il avait \u00e9t\u00e9 r\u00e9veill\u00e9 la nuit par un air que jouait \u00e0 c\u00f4t\u00e9 de son lit une cr\u00e9ature faisant penser au diable. Le lendemain, Tartini entreprit de transcrire la musique entendue mais ne put jamais \u00e9crire le morceau complet.<\/p>\n<p style=\"text-align: justify;\">David et Samuel Franeric ont accompli un d\u00e9doublement pour savoir ce qui s&rsquo;\u00e9tait r\u00e9ellement pass\u00e9 Cette nuit-l\u00e0. Nous savons qu&rsquo;il y a eu une importante d\u00e9localisation, un passage par une structure Fractale dans laquelle Tartini a bel et bien \u00e9t\u00e9 mis en pr\u00e9sence de l&rsquo;entit\u00e9-diable qui lui a jou\u00e9 la musique en question. Samuel Franeric a pu entendre les passages qui manquent dans la version du \u00ab Trille du diable \u00bb que nous connaissons. Lorsqu&rsquo;il aura compl\u00e9t\u00e9 sa formation musicale, nous reprendrons avec lui ce d\u00e9doublement afin qu&rsquo;il puisse noter ou dicter les fragments in\u00e9dits.<\/p>\n<p style=\"text-align: justify;\"><strong>Q &#8211; Je suppose que ce genre d&rsquo;investigations n&rsquo;est pas d\u00e9pourvu d&rsquo;obstacles et de pi\u00e8ges&#8230;<\/strong><\/p>\n<p style=\"text-align: justify;\">R &#8211; En effet. Parmi tant d&rsquo;autres je citerai une sorte d&rsquo;obstacle que nous avons d\u00e9couvert presque par hasard et que nous appelons maintenant une Grille.<\/p>\n<p style=\"text-align: justify;\">En cherchant des points d&rsquo;eau sur un terrain en Haute-Provence, je m&rsquo;aper\u00e7us que le pendule ne r\u00e9agissait que sporadiquement : impossible de d\u00e9tecter l&rsquo;eau sur une ligne continue. D&rsquo;autres chercheurs constat\u00e8rent le ph\u00e9nom\u00e8ne. Je me suis alors demand\u00e9 si nous n&rsquo;avions pas affaire \u00e0 une sorte d&rsquo;\u00e9cran naturel qui dissimulait la plus grande partie du r\u00e9seau d&rsquo;eau souterraine \u00e0 nos recherches. J&rsquo;ai donc \u00e9tudi\u00e9 la nature et la r\u00e9partition de cet \u00e9cran et trouv\u00e9 les Formes et Emissions qui supprimaient l&rsquo;obstacle. Ainsi est n\u00e9e la notion de Grilles et du m\u00eame coup nous avons appris \u00e0 lever ces Grilles lorsqu&rsquo;elles se pr\u00e9sentent.<\/p>\n<p style=\"text-align: justify;\"><strong>Q &#8211; A part les Grilles naturelles, rencontrez-vous des Grilles intentionnelles, des obstacles ou des \u00e9crans psychiques dispos\u00e9s volontairement pour prot\u00e9ger le secret de certains lieux ?<\/strong><\/p>\n<p style=\"text-align: justify;\">R &#8211; Tr\u00e8s fr\u00e9quemment. Vous connaissez la c\u00e9l\u00e8bre Chapelle Sansevero \u00e0 Naples, o\u00f9 l&rsquo;on a retrouv\u00e9 deux momies d&rsquo;un genre tr\u00e8s particulier. Il s&rsquo;agit d&rsquo;un homme et d&rsquo;une femme dont, \u00e0 part le squelette, seul subsiste le syst\u00e8me vasculaire : tous les vaisseaux sanguins ont \u00e9t\u00e9 int\u00e9gralement conserv\u00e9s par un proc\u00e9d\u00e9 d&rsquo;infiltration inconnu d\u00e9couvert par le prince Paul Sanseveri, qui avait d&rsquo;ailleurs eu des d\u00e9m\u00eal\u00e9s avec l&rsquo;Inquisition pour ses recherches en anatomie et en chimie. On pensait jusqu&rsquo;ici que les deux corps d\u00e9couverts dans la crypte avaient \u00e9t\u00e9 trait\u00e9s imm\u00e9diatement apr\u00e8s la mort, d&rsquo;o\u00f9 l&rsquo;excellente conservation des vaisseaux sanguins. On serait d&rsquo;ailleurs bien en peine de reproduire une telle intervention aujourd&rsquo;hui.<\/p>\n<p style=\"text-align: justify;\">Samuel Franeric s&rsquo;est d\u00e9doubl\u00e9 dans la crypte de Sansevero \u00e0 l&rsquo;\u00e9poque des myst\u00e9rieuses op\u00e9rations du prince Sanseveri. Il s&rsquo;est heurt\u00e9 alors \u00e0 une r\u00e9sistance tr\u00e8s forte qui n&rsquo;\u00e9tait autre qu&rsquo;une Grille magique. Nous restions en contact avec S. Franeric par l&rsquo;interm\u00e9diaire d&rsquo;un autre sensitif en d\u00e9doublement mental. Les indications re\u00e7ues nous ont permis de lever la Grille.<\/p>\n<p style=\"text-align: justify;\">S. Franeric a pu alors nous donner un aper\u00e7u fort int\u00e9ressant de ce qui se passait r\u00e9ellement \u00e0 cette \u00e9poque. Les recherches du prince Sanseveri \u00e9taient de nature \u00e0 la fois magique et alchimique. Lui et ses complices cherchaient \u00e0 obtenir des sortes d&rsquo;automates vivants auxquels n&rsquo;\u00e9taient laiss\u00e9es que les fonctions \u00e9l\u00e9mentaires n\u00e9cessaires \u00e0 l&rsquo;ex\u00e9cution aveugle de certains ordres, assassinats notamment.<\/p>\n<p style=\"text-align: justify;\">L&rsquo;op\u00e9ration avait lieu sur des sujets vivants. Le liquide inject\u00e9 dans les vaisseaux \u00e9tait une sorte de mercure alchimique. Une phase importante du processus \u00e9tait l&rsquo;immersion des corps ainsi trait\u00e9s dans une rivi\u00e8re souterraine proche du V\u00e9suve. Lorsque les sujets \u00e9taient ainsi transform\u00e9s, on pouvait les manipuler en agissant sur leur Ext. Mais le succ\u00e8s n&rsquo;a jamais \u00e9t\u00e9 d\u00e9finitif, les sujets mouraient peu de temps apr\u00e8s.<\/p>\n<p style=\"text-align: justify;\"><strong>Q &#8211; Vous tenez l\u00e0 une m\u00e9thode qui pourrait r\u00e9soudre bien des pol\u00e9miques entre historiens ou arch\u00e9ologues. Ainsi d&rsquo;ailleurs qu&rsquo;entre partisans et d\u00e9tracteurs du ph\u00e9nom\u00e8ne par exemple&#8230;<\/strong><\/p>\n<p style=\"text-align: justify;\">R &#8211; On peut comprendre ce que sont les O.V.N.I. \u00e0 partir des notions que je viens de d\u00e9velopper. Nous avons vu que dans certaines conditions, le passage par un Objet Fractal notamment, l&rsquo;\u00eatre humain peut se projeter du Local dans le Global ou faire \u00e9clater le Global pour en faire surgir certaines r\u00e9alit\u00e9s, personnalis\u00e9es ou non.<\/p>\n<p style=\"text-align: justify;\">Allons un peu plus loin. A toute r\u00e9alit\u00e9 de notre monde local, correspond dans le Global un mod\u00e8le qui est \u00e0 la fois ensemble et \u00e9l\u00e9ment : c&rsquo;est ce que nous appelons un Enel. Les choses localis\u00e9es sont des r\u00e9pliques de l&rsquo;Enel qui existe pour elles dans le Global.<\/p>\n<p style=\"text-align: justify;\"><strong>Q &#8211; Les Enel seraient des sortes d&rsquo;arch\u00e9types ou d&rsquo;hyper-objets dont le Local ne d\u00e9tiendrait que des copies plus ou moins fid\u00e8les ?<\/strong><\/p>\n<p style=\"text-align: justify;\">R &#8211; Et parfois m\u00eame de v\u00e9ritables caricatures ! C&rsquo;est exactement ce que sont les O.V.N.I., comme nous l&rsquo;ont montr\u00e9 nos recherches aussi bien sur des photos que sur des lieux ou des personnes \u00ab contact\u00e9es \u00bb. Le ph\u00e9nom\u00e8ne O.V.N.I. s&rsquo;accompagne d&rsquo;ailleurs d&rsquo;\u00c9tats du type \u00ab K Sh Ph \u00bb extr\u00eamement dangereux et les br\u00fblures, troubles psychiques et autres sympt\u00f4mes chez ceux qui ont approch\u00e9 un O.V.N.I. proc\u00e8dent d&rsquo;\u00c9missions dues aux Formes et de Champs de Taofel que nous connaissons bien. Vous remarquerez d&rsquo;ailleurs le nombre de t\u00e9moignages faisant \u00e9tat de d\u00e9localisations. Les sujets disent avoir \u00e9t\u00e9 entra\u00een\u00e9s \u00e0 l&rsquo;int\u00e9rieur de l&rsquo;O.V.N.I. et transport\u00e9s \u00ab sur une autre plan\u00e8te \u00bb, etc. En fait ils ont tout simplement \u00e9t\u00e9 pris dans la structure d&rsquo;Objet Fractal de l&rsquo;O.V.N.I.<\/p>\n<p style=\"text-align: justify;\"><strong>Q &#8211; Mais qui manipule l&rsquo;Objet Fractal et de quoi les O.V.N.I. sont-ils la caricature ?<\/strong><\/p>\n<p style=\"text-align: justify;\">R &#8211; Le manipulateur inconscient n&rsquo;est autre que la collectivit\u00e9 humaine et les O.V.N.I. sont les r\u00e9pliques d\u00e9form\u00e9es des Objets techniques de notre civilisation.<\/p>\n<table style=\"text-align: justify;\" border=\"1\" width=\"498\" cellspacing=\"0\" cellpadding=\"0\">\n<tbody>\n<tr>\n<td valign=\"top\" width=\"498\"><a href=\"http:\/\/www.revue3emillenaire.com\/blog\/wp-content\/uploads\/2011\/05\/Ravatin19.jpg\"><img loading=\"lazy\" decoding=\"async\" class=\"aligncenter size-medium wp-image-7245\" title=\"Ravatin19\" src=\"http:\/\/www.revue3emillenaire.com\/blog\/wp-content\/uploads\/2011\/05\/Ravatin19-233x300.jpg\" alt=\"\" width=\"233\" height=\"300\" srcset=\"https:\/\/www.revue3emillenaire.com\/blog\/wp-content\/uploads\/2011\/05\/Ravatin19-233x300.jpg 233w, https:\/\/www.revue3emillenaire.com\/blog\/wp-content\/uploads\/2011\/05\/Ravatin19-798x1024.jpg 798w, https:\/\/www.revue3emillenaire.com\/blog\/wp-content\/uploads\/2011\/05\/Ravatin19.jpg 909w\" sizes=\"auto, (max-width: 233px) 100vw, 233px\" \/><\/a>Chaque \u00e9poque conna\u00eet des O.V.N.I. diff\u00e9rents qui \u00ab\u00a0Imitent \u00bb la civilisation elle-m\u00eame. (Gravure de Gavarni pour les \u00ab\u00a0Voyages de Gulliver \u00bb, de Swift).<\/td>\n<\/tr>\n<\/tbody>\n<\/table>\n<p style=\"text-align: justify;\">Les Objets techniques sont, par d\u00e9finition, des Formes non-naturelles, voire parfois anti-naturelles. L&rsquo;accumulation de ces objets cr\u00e9e dans notre espace des cumulo-d\u00e9calaires par lesquels certaines de nos r\u00e9alisations technologiques se d\u00e9localisent et sont projet\u00e9es dans le Global. Par \u00e9branlement de l&rsquo;Enel correspondant \u00e0 l&rsquo;Objet Technique d\u00e9localis\u00e9, le Global renvoie dans notre espace, cette fois en passant par des anti-d\u00e9calaires, des \u00ab singeries \u00bb de notre technologie actuelle : ces O.V.N.I. dont les caract\u00e9ristiques et les performances sont celles de nos propres engins mais amplifi\u00e9es et m\u00eame outr\u00e9es. De m\u00eame que les Grands Initi\u00e9s obtenaient du Global des entit\u00e9s surhumaines, divines ou infernales selon l&rsquo;esprit de celui qui activait les Champs de Taofel et passait dans l&rsquo;Objet Fractal, de m\u00eame la saturation technologique de notre \u00e9poque fait surgir du Global ces ph\u00e9nom\u00e8nes dangereux et ironiques que sont les O.V.N.I.<\/p>\n<p style=\"text-align: justify;\"><strong>Q &#8211; Chaque \u00e9poque conna\u00eet d\u2019ailleurs des O.V.N.I. diff\u00e9rents, qui \u00ab imitent \u00bb les Objets Techniques du moment, mais en transforment les fonctionnalit\u00e9s. Si les O.V.N.I. refl\u00e8tent la finalit\u00e9 de notre technologie, les caract\u00e9ristiques d&rsquo;\u00c9missions et d&rsquo;\u00c9tat que vous leur pr\u00eatez ne sont gu\u00e8re rassurants\u2026<\/strong><\/p>\n<p style=\"text-align: justify;\">R &#8211; Nous connaissons suffisamment cet \u00c9tat \u00ab K Sh Ph \u00bb avec Shin renvers\u00e9, qui est celui des O.V.N.I., pour que le doute ne soit plus permis.<\/p>\n<p style=\"text-align: justify;\">Mais je dois pr\u00e9ciser que ce n&rsquo;est pas l&rsquo;Objet Technique en lui-m\u00eame qui est \u00e0 remettre en question. Ce sont les fonctionnalit\u00e9s antinaturelles que nous assignons \u00e0 ces objets, leur surnombre aussi, qui rendent impossible leur int\u00e9gration aux cycles et aux syst\u00e8mes de la Nature. Les fonctionnalit\u00e9s qui ne peuvent \u00eatre int\u00e9gr\u00e9es et harmonis\u00e9es dans le monde naturel sont projet\u00e9es dans le Global qui nous renvoie&#8230;<\/p>\n<p style=\"text-align: justify;\"><strong>Q &#8211; &#8230; Des fonctionnalit\u00e9s encore plus dysharmoniques et anti.<\/strong><\/p>\n<p style=\"text-align: justify;\">R &#8211; N\u00e9cessairement, puisque la projection du Local dans le Global suscite toujours une \u00ab r\u00e9ponse \u00bb amplifi\u00e9e. Si notre technologie respecte les fonctionnalit\u00e9s inh\u00e9rentes \u00e0 l&rsquo;harmonie naturelle et \u00e0 l&rsquo;\u00e9quilibre des \u00eatres vivants, les brisures du Global introduiront dans notre monde des mod\u00e8les semblables. Pour l&rsquo;instant, nous conf\u00e9rons aux Objets Techniques des finalit\u00e9s oppos\u00e9es \u00e0 la vie. Nous attirons donc du Global des finalit\u00e9s qui, en se relocalisant, forment de v\u00e9ritables cancers dans notre univers.<\/p>\n<p style=\"text-align: justify;\">Les relocalisations d&rsquo;Objets Techniques ont d&rsquo;ailleurs, du point de vue des Emissions de Formes et des \u00c9tats, toutes les caract\u00e9ristiques du cancer tel qu&rsquo;il se d\u00e9veloppe sur les organismes vivants, se fixant sur l&rsquo;Ext dans un premier temps puis s&rsquo;en prenant au corps physique.<\/p>\n<p style=\"text-align: justify;\">Q &#8211; Il serait bon de rappeler \u00e0 ce sujet le r\u00f4le de l&rsquo;\u00c9mission dite V<sup>&#8211;<\/sup><sub>E<\/sub>, tant au niveau de l&rsquo;environnement et de l&rsquo;habitat que des nuisances artificielles.<\/p>\n<p style=\"text-align: justify;\">R &#8211; R. de Lafforest et Jean de la Foye ont v\u00e9rifi\u00e9 les travaux de B\u00e9lizal, Chaumery et Morel dans ce domaine. Une habitation construite au-dessus d&rsquo;une nappe d&rsquo;eau souterraine re\u00e7oit des \u00c9missions V<sup>&#8211;<\/sup><sub>E<\/sub> et N<sup>&#8211;<\/sup><sub>E<\/sub>, toutes deux tr\u00e8s nocives. En g\u00e9n\u00e9ral, ces Emissions sont compens\u00e9es au niveau du sol. Mais il peut se produire ce que B\u00e9lizal appelait une rupture des Forces compens\u00e9es. Lorsque les habitants sont expos\u00e9s \u00e0 une telle influence, les risques de cancer ou de leuc\u00e9mie augmentent de fa\u00e7on inqui\u00e9tante.<\/p>\n<p style=\"text-align: justify;\">Les formes et les mat\u00e9riaux des constructions modernes sont \u00e9galement \u00e0 l&rsquo;origine d&rsquo;\u00c9missions dangereuses. Les lignes haute-tension, elles, \u00e9mettent un V<sup>&#8211;<\/sup><sub>E<\/sub> sur 150 \u00e0 500 m pour une tension dans la ligne de 200 000 volts.<\/p>\n<table style=\"text-align: justify;\" border=\"1\" width=\"504\" cellspacing=\"0\" cellpadding=\"0\">\n<tbody>\n<tr>\n<td valign=\"top\" width=\"504\"><a href=\"http:\/\/www.revue3emillenaire.com\/blog\/wp-content\/uploads\/2011\/05\/Ravatin20.jpg\"><img loading=\"lazy\" decoding=\"async\" class=\"alignleft size-medium wp-image-7246\" title=\"Ravatin20\" src=\"http:\/\/www.revue3emillenaire.com\/blog\/wp-content\/uploads\/2011\/05\/Ravatin20-264x300.jpg\" alt=\"\" width=\"264\" height=\"300\" srcset=\"https:\/\/www.revue3emillenaire.com\/blog\/wp-content\/uploads\/2011\/05\/Ravatin20-264x300.jpg 264w, https:\/\/www.revue3emillenaire.com\/blog\/wp-content\/uploads\/2011\/05\/Ravatin20.jpg 836w\" sizes=\"auto, (max-width: 264px) 100vw, 264px\" \/><\/a>Centrales nucl\u00e9aires et lignes haute-tension cr\u00e9ent dans notre environnement des perturbations que n&rsquo;enregistrent pas les d\u00e9tecteurs de la science classique. L&rsquo;effet n&rsquo;en est pas moins d\u00e9sastreux sur les populations qui ont la malchance de se trouver \u00e0 proximit\u00e9.<\/td>\n<\/tr>\n<\/tbody>\n<\/table>\n<p style=\"text-align: justify;\">A ce niveau, nous disposons de r\u00e9\u00e9quilibreurs-\u00e9metteurs qui compensent les ambiances nocives et font dispara\u00eetre les sympt\u00f4mes avant-coureurs de maladies plus graves (fatigue, insomnie, troubles nerveux, etc.). Je dois dire d&rsquo;ailleurs que bien des troubles de ce genre dispara\u00eetraient spontan\u00e9ment si les gens donnaient \u00e0 leur lit une orientation correcte, \u00e9vitaient certaines dispositions des meubles et des appareils \u00e9lectriques et apprenaient \u00e0 se m\u00e9fier de certains objets d\u00e9coratifs ou bijoux qui v\u00e9hiculent des \u00c9missions d\u00e9s\u00e9quilibrantes. Bien des cas de d\u00e9pression, d&rsquo;\u00e9puisement ou d&rsquo;angoisse rel\u00e8vent de causes semblables dont l&rsquo;action est d&rsquo;autant plus pernicieuse qu&rsquo;elle est invisible et ignor\u00e9e de la plupart des gens. Beaucoup plus grave est le probl\u00e8me pos\u00e9 par les centrales nucl\u00e9aires : tout ce que les \u00c9missions de Forme comportent de mal\u00e9fique est engendr\u00e9 par ces \u00e9difices dans un rayon de 50 km : Champs de Taofel invers\u00e9s du type Anti-Sprink, etc.<\/p>\n<p style=\"text-align: justify;\"><strong>Q &#8211; Reste \u00e0 esp\u00e9rer que vos recherches fourniront la parade en temps voulu. Avez-vous \u00e9tudi\u00e9 les moyens de prot\u00e9ger ou de stimuler les cellules vivantes qui doivent faire face \u00e0 toutes ces agressions ?<\/strong><\/p>\n<p style=\"text-align: justify;\">R &#8211; Nous avons soumis des eaux et des huiles \u00e0 l&rsquo;action de Champs de Taofel \u00e9lev\u00e9s. Dans ces liquides, nous avons plac\u00e9 des cellules vivantes : elles sont pass\u00e9es aux Champs des liquides eux-m\u00eames. Nos observations de cellules ainsi trait\u00e9es montrent une prolif\u00e9ration acc\u00e9l\u00e9r\u00e9e, une am\u00e9lioration du potentiel vital et des capacit\u00e9s de d\u00e9fense, etc. Prochainement commenceront des exp\u00e9riences sur les eaux pollu\u00e9es : des micro-organismes stimul\u00e9s par les Champs de Taofel appropri\u00e9s devraient, selon nous, \u00e9liminer les impuret\u00e9s de toute sorte.<\/p>\n<table style=\"text-align: justify;\" border=\"1\" width=\"480\" cellspacing=\"0\" cellpadding=\"0\">\n<tbody>\n<tr>\n<td valign=\"top\" width=\"480\"><a href=\"http:\/\/www.revue3emillenaire.com\/blog\/wp-content\/uploads\/2011\/05\/Ravatin22.jpg\"><img loading=\"lazy\" decoding=\"async\" class=\"alignleft size-medium wp-image-7247\" title=\"Ravatin22\" src=\"http:\/\/www.revue3emillenaire.com\/blog\/wp-content\/uploads\/2011\/05\/Ravatin22-195x300.jpg\" alt=\"\" width=\"195\" height=\"300\" srcset=\"https:\/\/www.revue3emillenaire.com\/blog\/wp-content\/uploads\/2011\/05\/Ravatin22-195x300.jpg 195w, https:\/\/www.revue3emillenaire.com\/blog\/wp-content\/uploads\/2011\/05\/Ravatin22-666x1024.jpg 666w, https:\/\/www.revue3emillenaire.com\/blog\/wp-content\/uploads\/2011\/05\/Ravatin22.jpg 826w\" sizes=\"auto, (max-width: 195px) 100vw, 195px\" \/><\/a>Dans ce cylindre en verre entour\u00e9 d&rsquo;une double h\u00e9lice aux caract\u00e9ristiques minutieusement \u00e9tablies, sont immerg\u00e9es des formes min\u00e9rales qui conf\u00e8rent \u00e0 l&rsquo;eau des \u00c9missions tr\u00e8s \u00e9lev\u00e9es. Des cellules vivantes plong\u00e9es dans cette eau acqui\u00e8rent des propri\u00e9t\u00e9s biologiques utilisables dans le traitement des eaux pollu\u00e9es.<\/td>\n<\/tr>\n<\/tbody>\n<\/table>\n<p style=\"text-align: justify;\"><strong>Q &#8211; A quand une m\u00e9decine des \u00c9missions de Forme ?<\/strong><\/p>\n<p style=\"text-align: justify;\">R &#8211; Cela d\u00e9pend des m\u00e9decins eux-m\u00eames. Les possibilit\u00e9s sont immenses, y compris celle de soigner \u00e0 distance.<\/p>\n<p style=\"text-align: justify;\">Nous avons trait\u00e9 une huile de table par des Champs de Taofel tr\u00e8s \u00e9lev\u00e9s : elle poss\u00e8de maintenant des propri\u00e9t\u00e9s toniques et r\u00e9g\u00e9n\u00e9ratrices \u00e9tonnantes. Nous pouvons traiter ainsi n&rsquo;importe quelle substance alimentaire, l&rsquo;eau, le vin, etc. En traitant par exemple un miel ordinaire, nous obtenons un produit dont les propri\u00e9t\u00e9s biologiques sont sup\u00e9rieures \u00e0 celles de la gel\u00e9e royale. Au niveau des substances pharmaceutiques, il existe sans doute des possibilit\u00e9s du m\u00eame genre.<\/p>\n<p style=\"text-align: justify;\">Nous pouvons diagnostiquer un cancer deux ans avant qu&rsquo;il ne soit rep\u00e9rable dans le corps humain. Comme je l&rsquo;ai indiqu\u00e9, le cancer se fixe d&rsquo;abord sur l&rsquo;Ext d&rsquo;un individu. Nous pouvons le rep\u00e9rer d\u00e8s ce moment et l&#8217;emp\u00eacher de passer dans le corps.<\/p>\n<table style=\"text-align: justify;\" border=\"1\" width=\"480\" cellspacing=\"0\" cellpadding=\"0\">\n<tbody>\n<tr>\n<td valign=\"top\" width=\"480\"><a href=\"http:\/\/www.revue3emillenaire.com\/blog\/wp-content\/uploads\/2011\/05\/Ravatin23.jpg\"><img loading=\"lazy\" decoding=\"async\" class=\"aligncenter size-medium wp-image-7248\" title=\"Ravatin23\" src=\"http:\/\/www.revue3emillenaire.com\/blog\/wp-content\/uploads\/2011\/05\/Ravatin23-300x207.jpg\" alt=\"\" width=\"300\" height=\"207\" srcset=\"https:\/\/www.revue3emillenaire.com\/blog\/wp-content\/uploads\/2011\/05\/Ravatin23-300x207.jpg 300w, https:\/\/www.revue3emillenaire.com\/blog\/wp-content\/uploads\/2011\/05\/Ravatin23-1024x707.jpg 1024w, https:\/\/www.revue3emillenaire.com\/blog\/wp-content\/uploads\/2011\/05\/Ravatin23.jpg 1360w\" sizes=\"auto, (max-width: 300px) 100vw, 300px\" \/><\/a>R\u00e9tablissement \u00e0 distance d&rsquo;un Champ Vital perturb\u00e9. Au centre, sur la photo du sujet, le pendule \u00e0 Shin droit point\u00e9 en son milieu, Aux quatre points cardinaux, les quatre composantes du Champ Vital.<\/td>\n<\/tr>\n<\/tbody>\n<\/table>\n<table style=\"text-align: justify;\" border=\"1\" width=\"480\" cellspacing=\"0\" cellpadding=\"0\">\n<tbody>\n<tr>\n<td valign=\"top\" width=\"480\"><a href=\"http:\/\/www.revue3emillenaire.com\/blog\/wp-content\/uploads\/2011\/05\/Ravatin24.jpg\"><img loading=\"lazy\" decoding=\"async\" class=\"aligncenter size-medium wp-image-7249\" title=\"Ravatin24\" src=\"http:\/\/www.revue3emillenaire.com\/blog\/wp-content\/uploads\/2011\/05\/Ravatin24-300x236.jpg\" alt=\"\" width=\"300\" height=\"236\" srcset=\"https:\/\/www.revue3emillenaire.com\/blog\/wp-content\/uploads\/2011\/05\/Ravatin24-300x236.jpg 300w, https:\/\/www.revue3emillenaire.com\/blog\/wp-content\/uploads\/2011\/05\/Ravatin24-1024x807.jpg 1024w, https:\/\/www.revue3emillenaire.com\/blog\/wp-content\/uploads\/2011\/05\/Ravatin24.jpg 1369w\" sizes=\"auto, (max-width: 300px) 100vw, 300px\" \/><\/a>Forme inspir\u00e9e des \u00ab Tables des Compagnons \u00bb de l&rsquo;\u00e9sot\u00e9risme m\u00e9di\u00e9val, avec min\u00e9ral au centre. Une tension \u00e9lectrique \u00e9lev\u00e9e compl\u00e8te le dispositif qui, plac\u00e9 sous un lit, procure un sommeil r\u00e9parateur.<\/td>\n<\/tr>\n<\/tbody>\n<\/table>\n<table style=\"text-align: justify;\" border=\"1\" width=\"480\" cellspacing=\"0\" cellpadding=\"0\">\n<tbody>\n<tr>\n<td valign=\"top\" width=\"480\"><a href=\"http:\/\/www.revue3emillenaire.com\/blog\/wp-content\/uploads\/2011\/05\/Ravatin25.jpg\"><img loading=\"lazy\" decoding=\"async\" class=\"aligncenter size-medium wp-image-7250\" title=\"Ravatin25\" src=\"http:\/\/www.revue3emillenaire.com\/blog\/wp-content\/uploads\/2011\/05\/Ravatin25-300x214.jpg\" alt=\"\" width=\"300\" height=\"214\" srcset=\"https:\/\/www.revue3emillenaire.com\/blog\/wp-content\/uploads\/2011\/05\/Ravatin25-300x214.jpg 300w, https:\/\/www.revue3emillenaire.com\/blog\/wp-content\/uploads\/2011\/05\/Ravatin25-1024x733.jpg 1024w, https:\/\/www.revue3emillenaire.com\/blog\/wp-content\/uploads\/2011\/05\/Ravatin25.jpg 1741w\" sizes=\"auto, (max-width: 300px) 100vw, 300px\" \/><\/a>Transformation d&rsquo;huiles par passage dans des Champs de Taofel tr\u00e8s \u00e9lev\u00e9s. Les produits ainsi trait\u00e9s sont utilis\u00e9s en th\u00e9rapeutique. Leurs propri\u00e9t\u00e9s sont analogues \u00e0 celles de certaines liqueurs alchimiques mais l&rsquo;obtention en est beaucoup plus rapide (36 heures environ).<\/td>\n<\/tr>\n<\/tbody>\n<\/table>\n<p style=\"text-align: justify;\"><strong>Q &#8211; Les \u00c9missions dues aux Formes apportent-elles une alternative \u00e0 la technologie et \u00e0 l&rsquo;industrie actuelle, donc aux dangers que vous signaliez tout \u00e0 l&rsquo;heure ?<\/strong><\/p>\n<p style=\"text-align: justify;\">R &#8211; Bien entendu, sans quoi nos r\u00e9sultats sur le v\u00e9g\u00e9tal et le corps humain n&rsquo;auraient qu&rsquo;une valeur approximative. Et les modifications radicales que nous obtenons sur la mati\u00e8re inorganique sont la meilleure confirmation exp\u00e9rimentale de l&rsquo;hypoth\u00e8se des Champs de Taofel : lorsque nous r\u00e9ussissons gr\u00e2ce \u00e0 eux des catalyses chimiques sans catalyseur, on peut difficilement contester l&rsquo;ampleur de leurs effets ou parler de r\u00e9sultats subjectifs. Nous pouvons d&rsquo;ailleurs, par le m\u00eame moyen, effectuer la polym\u00e9risation des mol\u00e9cules, qui est une des op\u00e9rations essentielles de l&rsquo;industrie actuelle. Il est possible \u00e9galement de modifier les propri\u00e9t\u00e9s de divers corps. On peut obtenir par exemple un mercure de densit\u00e9 15 au lieu de 13,6, modifier les temp\u00e9ratures de vaporisation ou de fusion, etc.<\/p>\n<p style=\"text-align: justify;\">En agriculture, nous sommes d\u00e8s \u00e0 pr\u00e9sent en mesure d&rsquo;obtenir les transmutations biologiques pr\u00e9vues par L. Kervran. Quant \u00e0 la physique pure, les \u00c9missions dues aux Formes en modifient les principales constantes, comme je vous l&rsquo;ai expliqu\u00e9. L&rsquo;alternative dont vous parlez est possible car sans contester l&rsquo;Objet Technique, nous lui assignons des fonctionnalit\u00e9s non localis\u00e9es, des extensions harmonis\u00e9es \u00e0 la nature. Nous \u00e9vitons ainsi l&rsquo;accumulation, le pi\u00e9tinement malsain dont j&rsquo;ai parl\u00e9 \u00e0 propos des O.V.N.I. et qui est \u00e9galement \u00e0 l&rsquo;origine de toutes les formes de pollution.<\/p>\n<p style=\"text-align: justify;\"><strong>Q &#8211; Vous ne sous-estimez d&rsquo;ailleurs pas la part de danger inh\u00e9rente \u00e0 vos propres recherches&#8230;<\/strong><\/p>\n<p style=\"text-align: justify;\">R &#8211; Vous savez que Chaumery, le premier collaborateur de M. de B\u00e9lizal, est mort d&rsquo;une utilisation imprudente des \u00c9missions dues aux Formes. Encore ne travaillait-on \u00e0 cette \u00e9poque que sur le Champs de Taofel \u00ab de B\u00e9lizal \u00bb. Les Champs de Taofel sur lesquels nous op\u00e9rons aujourd&rsquo;hui sont beaucoup plus \u00e9lev\u00e9s et infiniment plus dangereux.<\/p>\n<p style=\"text-align: justify;\">N&rsquo;oubliez pas qu&rsquo;une \u00c9mission mal dirig\u00e9e ou dont l&rsquo;orientation a \u00e9t\u00e9 perturb\u00e9e par un minime d\u00e9placement du dispositif peut soudain s&rsquo;inverser ou entrer en \u00c9tat \u00ab K Sh Ph \u00bb, faisant ainsi sauter d&rsquo;un seul coup tous les rep\u00e8res environnants. Vous imaginez les situations que cela peut provoquer.<\/p>\n<table style=\"text-align: justify;\" border=\"1\" width=\"504\" cellspacing=\"0\" cellpadding=\"0\">\n<tbody>\n<tr>\n<td valign=\"top\" width=\"504\"><a href=\"http:\/\/www.revue3emillenaire.com\/blog\/wp-content\/uploads\/2011\/05\/Ravatin26.jpg\"><img loading=\"lazy\" decoding=\"async\" class=\"aligncenter size-medium wp-image-7251\" title=\"Ravatin26\" src=\"http:\/\/www.revue3emillenaire.com\/blog\/wp-content\/uploads\/2011\/05\/Ravatin26-271x300.jpg\" alt=\"\" width=\"271\" height=\"300\" srcset=\"https:\/\/www.revue3emillenaire.com\/blog\/wp-content\/uploads\/2011\/05\/Ravatin26-271x300.jpg 271w, https:\/\/www.revue3emillenaire.com\/blog\/wp-content\/uploads\/2011\/05\/Ravatin26-927x1024.jpg 927w, https:\/\/www.revue3emillenaire.com\/blog\/wp-content\/uploads\/2011\/05\/Ravatin26.jpg 985w\" sizes=\"auto, (max-width: 271px) 100vw, 271px\" \/><\/a>Labyrinthe de la Cath\u00e9drale de Chartres et labyrinthe d&rsquo;Amiens (ci-dessous). Ces r\u00e9seaux de l&rsquo;\u00e9sot\u00e9risme m\u00e9di\u00e9val permettent les transferts de Formes et la cr\u00e9ation d&rsquo;Objets Fractals.<\/td>\n<\/tr>\n<\/tbody>\n<\/table>\n<p><a href=\"http:\/\/www.revue3emillenaire.com\/blog\/wp-content\/uploads\/2011\/05\/Ravatin27.jpg\"><img loading=\"lazy\" decoding=\"async\" class=\"aligncenter size-medium wp-image-7252\" title=\"Ravatin27\" src=\"http:\/\/www.revue3emillenaire.com\/blog\/wp-content\/uploads\/2011\/05\/Ravatin27-300x106.jpg\" alt=\"\" width=\"300\" height=\"106\" srcset=\"https:\/\/www.revue3emillenaire.com\/blog\/wp-content\/uploads\/2011\/05\/Ravatin27-300x106.jpg 300w, https:\/\/www.revue3emillenaire.com\/blog\/wp-content\/uploads\/2011\/05\/Ravatin27-1023x362.jpg 1023w, https:\/\/www.revue3emillenaire.com\/blog\/wp-content\/uploads\/2011\/05\/Ravatin27.jpg 1771w\" sizes=\"auto, (max-width: 300px) 100vw, 300px\" \/><\/a>Un acc\u00e8s \u00e0 l&rsquo;Univers total&#8230; ?<\/p>\n<p style=\"text-align: justify;\">Nous risquons les m\u00eames accidents que les magiciens d&rsquo;autrefois, la Magie \u00e9tant d&rsquo;ailleurs un cas particulier d&rsquo;utilisation des \u00c9missions dues aux Formes. Br\u00fblures, arr\u00eat du c\u0153ur, an\u00e9vrisme c\u00e9r\u00e9bral&#8230; ou pire, voil\u00e0 ce qui attend ceux qui se risqueraient \u00e0 travailler dans ce domaine sans avoir \u00e9t\u00e9 d\u00fbment form\u00e9s par un chercheur exp\u00e9riment\u00e9.<\/p>\n<p style=\"text-align: justify;\"><strong>Q &#8211; D&rsquo;ailleurs, au point o\u00f9 en sont vos formulations et exp\u00e9riences, quiconque voudrait y acc\u00e9der devrait d&rsquo;abord accomplir une v\u00e9ritable conversion mentale, pour ne pas dire une mutation de la pens\u00e9e&#8230;<\/strong><\/p>\n<p style=\"text-align: justify;\">R &#8211; En effet. La pens\u00e9e rationaliste ne peut que d\u00e9naturer les r\u00e9alit\u00e9s dont nous nous occupons. Notre travail exige de penser sans cesse \u00ab autrement \u00bb.<\/p>\n<p style=\"text-align: justify;\">L&rsquo;\u00e9volution scientifique n&rsquo;aura pas \u00e9t\u00e9 inutile. La science future obtiendra des Emissions plus puissantes que celles connues des Anciens, notamment gr\u00e2ce aux alliages que nous connaissons aujourd&rsquo;hui.<\/p>\n<p style=\"text-align: justify;\">La civilisation technique s&rsquo;arr\u00eate au technique comme les \u00ab Ondes de Forme \u00bb s&rsquo;arr\u00eataient au Champ \u00ab B\u00e9lizal \u00bb. Quant \u00e0 nous, nous allons vers des Champs de plus en plus \u00e9lev\u00e9s pour obtenir du Global des projections, des brisures de plus en plus riches. Jusqu&rsquo;au jour o\u00f9 l&rsquo;\u00eatre humain pourra d\u00e9finitivement d\u00e9laisser le Local et \u00e9tablir sa demeure&#8230; dans le Global !<\/p>\n","protected":false},"excerpt":{"rendered":"<p>Ces arithm\u00e9tiques sont dites \u00ab \u00e0 Cumulo-d\u00e9calaire \u00bb. Elles reposent sur les propri\u00e9t\u00e9s des Nombres consid\u00e9r\u00e9s comme des entit\u00e9s munies d&rsquo;un coefficient donn\u00e9 d&rsquo;existence ou de non-existence. La puissance r\u00e9elle de ces arithm\u00e9tiques est d\u00e9montr\u00e9e par le fait suivant : il suffit d&rsquo;\u00e9crire l&rsquo;arithm\u00e9tique appropri\u00e9e pour un Champ de Taofel donn\u00e9, le Champ en question se manifeste imm\u00e9diatement. De m\u00eame, si nous construisons l&rsquo;arithm\u00e9tique correspondant \u00e0 un \u00eatre humain, toute permutation ou inversion des termes de cette arithm\u00e9tique aura des effets consid\u00e9rables sur la personne concern\u00e9e.<\/p>\n","protected":false},"author":1,"featured_media":0,"comment_status":"closed","ping_status":"closed","sticky":false,"template":"","format":"standard","meta":{"footnotes":""},"categories":[1299,5,85,929],"tags":[209,930,353,376,1350],"class_list":["post-7223","post","type-post","status-publish","format-standard","hentry","category-andre-joel","category-interview","category-parapsychologie","category-ravatin-jacques","tag-cabale","tag-forme","tag-initiation","tag-magie","tag-parapsychologie"],"yoast_head":"<!-- This site is optimized with the Yoast SEO plugin v27.0 - https:\/\/yoast.com\/product\/yoast-seo-wordpress\/ -->\n<title>Les \u00e9missions dues aux formes. Entretien avec Jacques Ravatin - 3e mill\u00e9naire - Spiritualit\u00e9 - Connaissance de soi - Non-dualit\u00e9 - M\u00e9ditation<\/title>\n<meta name=\"robots\" content=\"index, follow, max-snippet:-1, max-image-preview:large, max-video-preview:-1\" \/>\n<link rel=\"canonical\" href=\"https:\/\/www.revue3emillenaire.com\/blog\/les-emissions-dues-aux-formes-entretien-avec-jacques-ravatin\/\" \/>\n<meta property=\"og:locale\" content=\"fr_FR\" \/>\n<meta property=\"og:type\" content=\"article\" \/>\n<meta property=\"og:title\" content=\"Les \u00e9missions dues aux formes. Entretien avec Jacques Ravatin - 3e mill\u00e9naire - Spiritualit\u00e9 - Connaissance de soi - Non-dualit\u00e9 - M\u00e9ditation\" \/>\n<meta property=\"og:description\" content=\"Ces arithm\u00e9tiques sont dites \u00ab \u00e0 Cumulo-d\u00e9calaire \u00bb. Elles reposent sur les propri\u00e9t\u00e9s des Nombres consid\u00e9r\u00e9s comme des entit\u00e9s munies d&#039;un coefficient donn\u00e9 d&#039;existence ou de non-existence. La puissance r\u00e9elle de ces arithm\u00e9tiques est d\u00e9montr\u00e9e par le fait suivant : il suffit d&#039;\u00e9crire l&#039;arithm\u00e9tique appropri\u00e9e pour un Champ de Taofel donn\u00e9, le Champ en question se manifeste imm\u00e9diatement. De m\u00eame, si nous construisons l&#039;arithm\u00e9tique correspondant \u00e0 un \u00eatre humain, toute permutation ou inversion des termes de cette arithm\u00e9tique aura des effets consid\u00e9rables sur la personne concern\u00e9e.\" \/>\n<meta property=\"og:url\" content=\"https:\/\/www.revue3emillenaire.com\/blog\/les-emissions-dues-aux-formes-entretien-avec-jacques-ravatin\/\" \/>\n<meta property=\"og:site_name\" content=\"3e mill\u00e9naire - Spiritualit\u00e9 - Connaissance de soi - Non-dualit\u00e9 - M\u00e9ditation\" \/>\n<meta property=\"article:published_time\" content=\"2011-05-28T20:08:42+00:00\" \/>\n<meta property=\"article:modified_time\" content=\"2015-03-03T14:47:25+00:00\" \/>\n<meta property=\"og:image\" content=\"http:\/\/www.revue3emillenaire.com\/blog\/wp-content\/uploads\/2011\/05\/Ravatin1-66x300.jpg\" \/>\n<meta name=\"author\" content=\"3e mill\u00e9naire\" \/>\n<meta name=\"twitter:card\" content=\"summary_large_image\" \/>\n<meta name=\"twitter:label1\" content=\"\u00c9crit par\" \/>\n\t<meta name=\"twitter:data1\" content=\"3e mill\u00e9naire\" \/>\n\t<meta name=\"twitter:label2\" content=\"Dur\u00e9e de lecture estim\u00e9e\" \/>\n\t<meta name=\"twitter:data2\" content=\"53 minutes\" \/>\n<script type=\"application\/ld+json\" class=\"yoast-schema-graph\">{\"@context\":\"https:\/\/schema.org\",\"@graph\":[{\"@type\":\"Article\",\"@id\":\"https:\/\/www.revue3emillenaire.com\/blog\/les-emissions-dues-aux-formes-entretien-avec-jacques-ravatin\/#article\",\"isPartOf\":{\"@id\":\"https:\/\/www.revue3emillenaire.com\/blog\/les-emissions-dues-aux-formes-entretien-avec-jacques-ravatin\/\"},\"author\":{\"name\":\"3e mill\u00e9naire\",\"@id\":\"https:\/\/www.revue3emillenaire.com\/blog\/#\/schema\/person\/9a3a7cc4ccaa707f402d4394327106d5\"},\"headline\":\"Les \u00e9missions dues aux formes. Entretien avec Jacques Ravatin\",\"datePublished\":\"2011-05-28T20:08:42+00:00\",\"dateModified\":\"2015-03-03T14:47:25+00:00\",\"mainEntityOfPage\":{\"@id\":\"https:\/\/www.revue3emillenaire.com\/blog\/les-emissions-dues-aux-formes-entretien-avec-jacques-ravatin\/\"},\"wordCount\":10693,\"image\":{\"@id\":\"https:\/\/www.revue3emillenaire.com\/blog\/les-emissions-dues-aux-formes-entretien-avec-jacques-ravatin\/#primaryimage\"},\"thumbnailUrl\":\"http:\/\/www.revue3emillenaire.com\/blog\/wp-content\/uploads\/2011\/05\/Ravatin1-66x300.jpg\",\"keywords\":[\"cabale\",\"Forme\",\"Initiation\",\"magie\",\"Parapsychologie \/ Ph\u00e9nom\u00e8nes\"],\"articleSection\":[\"Andr\u00e9 Jo\u00ebl\",\"Entretien\/Interview\",\"Parapsychologie \/ Ph\u00e9nom\u00e8nes\",\"Ravatin Jacques\"],\"inLanguage\":\"fr-FR\"},{\"@type\":\"WebPage\",\"@id\":\"https:\/\/www.revue3emillenaire.com\/blog\/les-emissions-dues-aux-formes-entretien-avec-jacques-ravatin\/\",\"url\":\"https:\/\/www.revue3emillenaire.com\/blog\/les-emissions-dues-aux-formes-entretien-avec-jacques-ravatin\/\",\"name\":\"Les \u00e9missions dues aux formes. Entretien avec Jacques Ravatin - 3e mill\u00e9naire - Spiritualit\u00e9 - Connaissance de soi - Non-dualit\u00e9 - M\u00e9ditation\",\"isPartOf\":{\"@id\":\"https:\/\/www.revue3emillenaire.com\/blog\/#website\"},\"primaryImageOfPage\":{\"@id\":\"https:\/\/www.revue3emillenaire.com\/blog\/les-emissions-dues-aux-formes-entretien-avec-jacques-ravatin\/#primaryimage\"},\"image\":{\"@id\":\"https:\/\/www.revue3emillenaire.com\/blog\/les-emissions-dues-aux-formes-entretien-avec-jacques-ravatin\/#primaryimage\"},\"thumbnailUrl\":\"http:\/\/www.revue3emillenaire.com\/blog\/wp-content\/uploads\/2011\/05\/Ravatin1-66x300.jpg\",\"datePublished\":\"2011-05-28T20:08:42+00:00\",\"dateModified\":\"2015-03-03T14:47:25+00:00\",\"author\":{\"@id\":\"https:\/\/www.revue3emillenaire.com\/blog\/#\/schema\/person\/9a3a7cc4ccaa707f402d4394327106d5\"},\"breadcrumb\":{\"@id\":\"https:\/\/www.revue3emillenaire.com\/blog\/les-emissions-dues-aux-formes-entretien-avec-jacques-ravatin\/#breadcrumb\"},\"inLanguage\":\"fr-FR\",\"potentialAction\":[{\"@type\":\"ReadAction\",\"target\":[\"https:\/\/www.revue3emillenaire.com\/blog\/les-emissions-dues-aux-formes-entretien-avec-jacques-ravatin\/\"]}]},{\"@type\":\"ImageObject\",\"inLanguage\":\"fr-FR\",\"@id\":\"https:\/\/www.revue3emillenaire.com\/blog\/les-emissions-dues-aux-formes-entretien-avec-jacques-ravatin\/#primaryimage\",\"url\":\"http:\/\/www.revue3emillenaire.com\/blog\/wp-content\/uploads\/2011\/05\/Ravatin1-66x300.jpg\",\"contentUrl\":\"http:\/\/www.revue3emillenaire.com\/blog\/wp-content\/uploads\/2011\/05\/Ravatin1-66x300.jpg\"},{\"@type\":\"BreadcrumbList\",\"@id\":\"https:\/\/www.revue3emillenaire.com\/blog\/les-emissions-dues-aux-formes-entretien-avec-jacques-ravatin\/#breadcrumb\",\"itemListElement\":[{\"@type\":\"ListItem\",\"position\":1,\"name\":\"Accueil\",\"item\":\"https:\/\/www.revue3emillenaire.com\/blog\/\"},{\"@type\":\"ListItem\",\"position\":2,\"name\":\"Les \u00e9missions dues aux formes. Entretien avec Jacques Ravatin\"}]},{\"@type\":\"WebSite\",\"@id\":\"https:\/\/www.revue3emillenaire.com\/blog\/#website\",\"url\":\"https:\/\/www.revue3emillenaire.com\/blog\/\",\"name\":\"3e mill\u00e9naire - Spiritualit\u00e9 - Connaissance de soi - Non-dualit\u00e9 - M\u00e9ditation\",\"description\":\"L&#039;Homme en devenir\",\"potentialAction\":[{\"@type\":\"SearchAction\",\"target\":{\"@type\":\"EntryPoint\",\"urlTemplate\":\"https:\/\/www.revue3emillenaire.com\/blog\/?s={search_term_string}\"},\"query-input\":{\"@type\":\"PropertyValueSpecification\",\"valueRequired\":true,\"valueName\":\"search_term_string\"}}],\"inLanguage\":\"fr-FR\"},{\"@type\":\"Person\",\"@id\":\"https:\/\/www.revue3emillenaire.com\/blog\/#\/schema\/person\/9a3a7cc4ccaa707f402d4394327106d5\",\"name\":\"3e mill\u00e9naire\",\"url\":\"https:\/\/www.revue3emillenaire.com\/blog\/author\/admin\/\"}]}<\/script>\n<!-- \/ Yoast SEO plugin. -->","yoast_head_json":{"title":"Les \u00e9missions dues aux formes. Entretien avec Jacques Ravatin - 3e mill\u00e9naire - Spiritualit\u00e9 - Connaissance de soi - Non-dualit\u00e9 - M\u00e9ditation","robots":{"index":"index","follow":"follow","max-snippet":"max-snippet:-1","max-image-preview":"max-image-preview:large","max-video-preview":"max-video-preview:-1"},"canonical":"https:\/\/www.revue3emillenaire.com\/blog\/les-emissions-dues-aux-formes-entretien-avec-jacques-ravatin\/","og_locale":"fr_FR","og_type":"article","og_title":"Les \u00e9missions dues aux formes. Entretien avec Jacques Ravatin - 3e mill\u00e9naire - Spiritualit\u00e9 - Connaissance de soi - Non-dualit\u00e9 - M\u00e9ditation","og_description":"Ces arithm\u00e9tiques sont dites \u00ab \u00e0 Cumulo-d\u00e9calaire \u00bb. Elles reposent sur les propri\u00e9t\u00e9s des Nombres consid\u00e9r\u00e9s comme des entit\u00e9s munies d'un coefficient donn\u00e9 d'existence ou de non-existence. La puissance r\u00e9elle de ces arithm\u00e9tiques est d\u00e9montr\u00e9e par le fait suivant : il suffit d'\u00e9crire l'arithm\u00e9tique appropri\u00e9e pour un Champ de Taofel donn\u00e9, le Champ en question se manifeste imm\u00e9diatement. De m\u00eame, si nous construisons l'arithm\u00e9tique correspondant \u00e0 un \u00eatre humain, toute permutation ou inversion des termes de cette arithm\u00e9tique aura des effets consid\u00e9rables sur la personne concern\u00e9e.","og_url":"https:\/\/www.revue3emillenaire.com\/blog\/les-emissions-dues-aux-formes-entretien-avec-jacques-ravatin\/","og_site_name":"3e mill\u00e9naire - Spiritualit\u00e9 - Connaissance de soi - Non-dualit\u00e9 - M\u00e9ditation","article_published_time":"2011-05-28T20:08:42+00:00","article_modified_time":"2015-03-03T14:47:25+00:00","og_image":[{"url":"http:\/\/www.revue3emillenaire.com\/blog\/wp-content\/uploads\/2011\/05\/Ravatin1-66x300.jpg","type":"","width":"","height":""}],"author":"3e mill\u00e9naire","twitter_card":"summary_large_image","twitter_misc":{"\u00c9crit par":"3e mill\u00e9naire","Dur\u00e9e de lecture estim\u00e9e":"53 minutes"},"schema":{"@context":"https:\/\/schema.org","@graph":[{"@type":"Article","@id":"https:\/\/www.revue3emillenaire.com\/blog\/les-emissions-dues-aux-formes-entretien-avec-jacques-ravatin\/#article","isPartOf":{"@id":"https:\/\/www.revue3emillenaire.com\/blog\/les-emissions-dues-aux-formes-entretien-avec-jacques-ravatin\/"},"author":{"name":"3e mill\u00e9naire","@id":"https:\/\/www.revue3emillenaire.com\/blog\/#\/schema\/person\/9a3a7cc4ccaa707f402d4394327106d5"},"headline":"Les \u00e9missions dues aux formes. Entretien avec Jacques Ravatin","datePublished":"2011-05-28T20:08:42+00:00","dateModified":"2015-03-03T14:47:25+00:00","mainEntityOfPage":{"@id":"https:\/\/www.revue3emillenaire.com\/blog\/les-emissions-dues-aux-formes-entretien-avec-jacques-ravatin\/"},"wordCount":10693,"image":{"@id":"https:\/\/www.revue3emillenaire.com\/blog\/les-emissions-dues-aux-formes-entretien-avec-jacques-ravatin\/#primaryimage"},"thumbnailUrl":"http:\/\/www.revue3emillenaire.com\/blog\/wp-content\/uploads\/2011\/05\/Ravatin1-66x300.jpg","keywords":["cabale","Forme","Initiation","magie","Parapsychologie \/ Ph\u00e9nom\u00e8nes"],"articleSection":["Andr\u00e9 Jo\u00ebl","Entretien\/Interview","Parapsychologie \/ Ph\u00e9nom\u00e8nes","Ravatin Jacques"],"inLanguage":"fr-FR"},{"@type":"WebPage","@id":"https:\/\/www.revue3emillenaire.com\/blog\/les-emissions-dues-aux-formes-entretien-avec-jacques-ravatin\/","url":"https:\/\/www.revue3emillenaire.com\/blog\/les-emissions-dues-aux-formes-entretien-avec-jacques-ravatin\/","name":"Les \u00e9missions dues aux formes. Entretien avec Jacques Ravatin - 3e mill\u00e9naire - Spiritualit\u00e9 - Connaissance de soi - Non-dualit\u00e9 - M\u00e9ditation","isPartOf":{"@id":"https:\/\/www.revue3emillenaire.com\/blog\/#website"},"primaryImageOfPage":{"@id":"https:\/\/www.revue3emillenaire.com\/blog\/les-emissions-dues-aux-formes-entretien-avec-jacques-ravatin\/#primaryimage"},"image":{"@id":"https:\/\/www.revue3emillenaire.com\/blog\/les-emissions-dues-aux-formes-entretien-avec-jacques-ravatin\/#primaryimage"},"thumbnailUrl":"http:\/\/www.revue3emillenaire.com\/blog\/wp-content\/uploads\/2011\/05\/Ravatin1-66x300.jpg","datePublished":"2011-05-28T20:08:42+00:00","dateModified":"2015-03-03T14:47:25+00:00","author":{"@id":"https:\/\/www.revue3emillenaire.com\/blog\/#\/schema\/person\/9a3a7cc4ccaa707f402d4394327106d5"},"breadcrumb":{"@id":"https:\/\/www.revue3emillenaire.com\/blog\/les-emissions-dues-aux-formes-entretien-avec-jacques-ravatin\/#breadcrumb"},"inLanguage":"fr-FR","potentialAction":[{"@type":"ReadAction","target":["https:\/\/www.revue3emillenaire.com\/blog\/les-emissions-dues-aux-formes-entretien-avec-jacques-ravatin\/"]}]},{"@type":"ImageObject","inLanguage":"fr-FR","@id":"https:\/\/www.revue3emillenaire.com\/blog\/les-emissions-dues-aux-formes-entretien-avec-jacques-ravatin\/#primaryimage","url":"http:\/\/www.revue3emillenaire.com\/blog\/wp-content\/uploads\/2011\/05\/Ravatin1-66x300.jpg","contentUrl":"http:\/\/www.revue3emillenaire.com\/blog\/wp-content\/uploads\/2011\/05\/Ravatin1-66x300.jpg"},{"@type":"BreadcrumbList","@id":"https:\/\/www.revue3emillenaire.com\/blog\/les-emissions-dues-aux-formes-entretien-avec-jacques-ravatin\/#breadcrumb","itemListElement":[{"@type":"ListItem","position":1,"name":"Accueil","item":"https:\/\/www.revue3emillenaire.com\/blog\/"},{"@type":"ListItem","position":2,"name":"Les \u00e9missions dues aux formes. Entretien avec Jacques Ravatin"}]},{"@type":"WebSite","@id":"https:\/\/www.revue3emillenaire.com\/blog\/#website","url":"https:\/\/www.revue3emillenaire.com\/blog\/","name":"3e mill\u00e9naire - Spiritualit\u00e9 - Connaissance de soi - Non-dualit\u00e9 - M\u00e9ditation","description":"L&#039;Homme en devenir","potentialAction":[{"@type":"SearchAction","target":{"@type":"EntryPoint","urlTemplate":"https:\/\/www.revue3emillenaire.com\/blog\/?s={search_term_string}"},"query-input":{"@type":"PropertyValueSpecification","valueRequired":true,"valueName":"search_term_string"}}],"inLanguage":"fr-FR"},{"@type":"Person","@id":"https:\/\/www.revue3emillenaire.com\/blog\/#\/schema\/person\/9a3a7cc4ccaa707f402d4394327106d5","name":"3e mill\u00e9naire","url":"https:\/\/www.revue3emillenaire.com\/blog\/author\/admin\/"}]}},"_links":{"self":[{"href":"https:\/\/www.revue3emillenaire.com\/blog\/wp-json\/wp\/v2\/posts\/7223","targetHints":{"allow":["GET"]}}],"collection":[{"href":"https:\/\/www.revue3emillenaire.com\/blog\/wp-json\/wp\/v2\/posts"}],"about":[{"href":"https:\/\/www.revue3emillenaire.com\/blog\/wp-json\/wp\/v2\/types\/post"}],"author":[{"embeddable":true,"href":"https:\/\/www.revue3emillenaire.com\/blog\/wp-json\/wp\/v2\/users\/1"}],"replies":[{"embeddable":true,"href":"https:\/\/www.revue3emillenaire.com\/blog\/wp-json\/wp\/v2\/comments?post=7223"}],"version-history":[{"count":0,"href":"https:\/\/www.revue3emillenaire.com\/blog\/wp-json\/wp\/v2\/posts\/7223\/revisions"}],"wp:attachment":[{"href":"https:\/\/www.revue3emillenaire.com\/blog\/wp-json\/wp\/v2\/media?parent=7223"}],"wp:term":[{"taxonomy":"category","embeddable":true,"href":"https:\/\/www.revue3emillenaire.com\/blog\/wp-json\/wp\/v2\/categories?post=7223"},{"taxonomy":"post_tag","embeddable":true,"href":"https:\/\/www.revue3emillenaire.com\/blog\/wp-json\/wp\/v2\/tags?post=7223"}],"curies":[{"name":"wp","href":"https:\/\/api.w.org\/{rel}","templated":true}]}}