{"id":7288,"date":"2011-06-04T21:59:51","date_gmt":"2011-06-04T20:59:51","guid":{"rendered":"http:\/\/www.revue3emillenaire.com\/blog\/?p=7288"},"modified":"2011-09-16T17:48:41","modified_gmt":"2011-09-16T16:48:41","slug":"questions-et-reflexions-par-chantal-geffroy","status":"publish","type":"post","link":"https:\/\/www.revue3emillenaire.com\/blog\/questions-et-reflexions-par-chantal-geffroy\/","title":{"rendered":"Questions &#038; r\u00e9flexions par Chantal Geffroy"},"content":{"rendered":"<p style=\"text-align: justify;\">(Revue \u00catre Libre. N<sup>o<\/sup> 308. Juillet-Septembre 1986)<\/p>\n<p style=\"text-align: justify;\">\n<p style=\"text-align: justify;\">D&rsquo;o\u00f9 vient l&rsquo;esprit ? D&rsquo;o\u00f9 vient la m\u00e9moire ? Qui pense \u00e0 travers moi ? Qui se dit \u00ab moi \u00bb \u00e0 travers les pens\u00e9es ?<\/p>\n<p style=\"text-align: justify;\">Nous subissons le flux des mots qui s&rsquo;enchev\u00eatrent&#8230; Nous ne sommes pas les ma\u00eetres de cette machination, nous sommes les porteurs du temps, les faiseurs de mots&#8230; Nous croyons inventer, nous reproduisons. Nous ne sommes jamais neufs : le Sage nous dirait : \u00ab nous sommes les milliardaires du temps \u00bb.<\/p>\n<p style=\"text-align: justify;\">Nous avons emmagasin\u00e9s tant et tant d&rsquo;informations et ce qui nous constitue n&rsquo;en est que la somme.<\/p>\n<p style=\"text-align: justify;\">\n<p style=\"text-align: justify;\">D\u00e8s l&rsquo;enfance le processus de diff\u00e9renciation s&rsquo;\u00e9tablit : celui-ci a telles aptitudes, cet autre en a telles autres, le milieu influant certainement ainsi que le code g\u00e9n\u00e9tique. Sommes-nous alors tributaires d&rsquo;un karma, d&rsquo;une loi de cause \u00e0 effet ? Victimes d&rsquo;incarnations ant\u00e9rieures ? Nous sommes les porteurs d&rsquo;un pass\u00e9 vieux de quinze milliards d&rsquo;ann\u00e9es&#8230; Ce \u00ab je \u00bb a-t-il v\u00e9cu en tant que v\u00e9g\u00e9tal animal avant qu&rsquo;il ne se r\u00e9v\u00e8le dans ce corps d&rsquo;homme ? Ce corps humain en est-il l&rsquo;aboutissement dans l&rsquo;\u00e9volution des esp\u00e8ces ? Sommes-nous condamn\u00e9s \u00e0 porter notre karma, \u00e0 le supporter ? Ou pouvons-nous nous en lib\u00e9rer en le transcendant ? Quel type d&rsquo;intelligence permet d&rsquo;obtenir cette lib\u00e9ration ? Quel est le r\u00f4le de la pens\u00e9e, de la m\u00e9moire dans cet aboutissement ? Est-ce un aboutissement (avec une id\u00e9e de finitude ?) ? Quelles qualit\u00e9s humaines sont requises pour qu&rsquo;un changement ou une mutation puissent s&rsquo;effectuer ? Faut-il des qualit\u00e9s d&rsquo;ordre d&rsquo;honn\u00eatet\u00e9 vis-\u00e0-vis de soi-m\u00eame ? Faut-il une passion de d\u00e9couvrir \u00ab qui suis-je ? \u00bb derri\u00e8re les masques ? (la persona). Sans nul doute, seul, un certain ordre permet une objectivation partielle de la r\u00e9alit\u00e9, d\u00e9passant l&rsquo;id\u00e9e de choix impos\u00e9 par un centre personnel. Celui-ci a toujours pour mobile l&rsquo;int\u00e9r\u00eat.<\/p>\n<p style=\"text-align: justify;\">\n<p style=\"text-align: justify;\">La Cr\u00e9ation part d&rsquo;un dualisme : p\u00f4le positif, p\u00f4le n\u00e9gatif. Une immobilit\u00e9 de l&rsquo;esprit permet de r\u00e9tablir un \u00e9quilibre entre ces deux p\u00f4les et l\u00e0, chose surprenante, la cr\u00e9ation s&rsquo;efface&#8230; laissant na\u00eetre un nouveau genre de perception&#8230; Un esprit neutre rencontre un vide cr\u00e9atif&#8230; Qui est puissance&#8230; Un Ailleurs se r\u00e9v\u00e8le \u00e0 nos yeux, \u00e0 notre \u00eatre au sein m\u00eame de ce qui existe d\u00e9j\u00e0.<\/p>\n<p style=\"text-align: justify;\">\n<p style=\"text-align: justify;\">\u00ab Le Monde des Apparences cache Ta Sublime Essence \u00bb. Vision po\u00e9tique, r\u00e9alit\u00e9 ?<\/p>\n<p style=\"text-align: justify;\">\n<p style=\"text-align: justify;\">L&rsquo;Univers serait-il un concept du MENTAL ? Je pense&#8230; et la forme surgit&#8230; Le Verbe s&rsquo;est fait chair. Vivre cette infinie certitude dans le monde&#8230; Etre et Non Etre tout \u00e0 la fois et d\u00e9passer toute dualit\u00e9. Enfreindre les lois de la logique pour retrouver cet Ailleurs d&rsquo;o\u00f9 Tout surgit.<\/p>\n<p style=\"text-align: justify;\">\n<p style=\"text-align: justify;\">\u00ab Je pense, donc Je suis \u00bb, dirait Descartes, cet ap\u00f4tre de la raison. \u00ab Je ne pense pas, donc je ne suis pas \u00bb.<\/p>\n<p style=\"text-align: justify;\">\n<p style=\"text-align: justify;\">La Vie part de ce non concept, cette essence de Vie nous anime sans que nous en soyons responsables. Qui dig\u00e8re \u00e0 travers moi ? Mes aliments, mes \u00e9motions, mes exp\u00e9riences. Qui fait que mon estomac fonctionne ainsi, mon cerveau, mes jambes, ma sensibilit\u00e9 ? Qui d\u00e9tient le miracle de la Vie ? Le fonctionnement de chaque organe est une splendeur de complexit\u00e9 savante. Quelle supr\u00eame Intelligence ordonne tout ceci ? Pouvons-nous avoir acc\u00e8s \u00e0 cette Intelligence ou en sommes-nous s\u00e9par\u00e9s ? Et si oui, pourquoi ? Quelle savante imagination a con\u00e7u ce monde des apparences ? Qui parmi les hommes pourrait \u00e9galer un jour cette Intelligence ? Les plus grands savants sont impuissants face \u00e0 la Magie de l&rsquo;Existence. De nouvelles formes naissent et meurent \u00e0 notre insu). L&rsquo;homme parcourt ce qui est d\u00e9j\u00e0 connu. Il tient le fil de l&rsquo;explication, puis imite ce qui existe d\u00e9j\u00e0 : oiseaux, avions, poissons, sous-marin, fleurs, parfums, musique, les sons de l&rsquo;Univers (les particules chantent, dirait Capra et enseignaient les Anciens).<\/p>\n<p style=\"text-align: justify;\">\n<p style=\"text-align: justify;\">Nous sommes les tisserands du temps, les artisans de la Vie, les partisans de la continuit\u00e9. Nous h\u00e9sitons \u00e0 rompre le fil des habitudes, \u00e0 briser le cordon qui nous lie \u00e0 ces milliards de m\u00e9moires qui constituent notre capital. Nous h\u00e9sitons \u00e0 vivre l&rsquo;instant par peur de la dissolution, de l&rsquo;absorption au-del\u00e0 de nos limites dans l&rsquo;oc\u00e9an cosmique. Le \u00ab moi \u00bb tentaculaire s&rsquo;accroche d\u00e9sesp\u00e9r\u00e9ment \u00e0 ce qu&rsquo;il croit \u00eatre lui. Il a peur d&rsquo;affronter le Vide int\u00e9rieur. Les mots ne rejoignent pas le grand courant du champ cosmique. Le champ unitaire de pure \u00e9nergie est sans cause et sans but. Il r\u00e9v\u00e8le sa magie dans la saveur d&rsquo;une observation, lib\u00e9r\u00e9e du mot, une observation sans observateur. Le sens supr\u00eame de la beaut\u00e9 r\u00e9side dans un regard sans pr\u00e9jug\u00e9, sans pass\u00e9, d\u00e9livr\u00e9 du temps. Un tel regard voit \u00ab cela qui est \u00bb. Il ne choisit plus, et se laisse poser. La Vie alors r\u00e9sonne \u00e0 l&rsquo;int\u00e9rieur de l&rsquo;\u00eatre dans le parfum du silence et le c\u0153ur vibre (ou s&rsquo;enivre, dirait Baudelaire) \u00e0 cette musique jaillie de nulle part. C&rsquo;est une musique que l&rsquo;Univers a compos\u00e9, elle est un chant cosmique que la cr\u00e9ation compose \u00e0 notre insu. Elle prend sa source dans l&rsquo;\u00eatre d\u00e8s que le silence s&rsquo;installe : nous comprenons alors la reliance existant entre ce qui reste de nous et l&rsquo;Univers : connais-toi toi-m\u00eame et tu conna\u00eetras l&rsquo;Univers. Nous sommes alors fondus dans notre observation en dehors du champ de nos pens\u00e9es habituellement dirigeantes, nous n&rsquo;agissons plus sur elles, nous sommes agis&#8230;<\/p>\n<p style=\"text-align: justify;\">\n<p style=\"text-align: justify;\">D\u00e8s que l&rsquo;\u00e9go de l&rsquo;op\u00e9rateur surgit (c&rsquo;est bien souvent le cas pour l&rsquo;artiste qui n&rsquo;a pas r\u00e9alis\u00e9 la sagesse), les jeux sont fauss\u00e9s, ternis par le vouloir-pouvoir devenir, ternis par l&rsquo;id\u00e9e de r\u00e9sultat ou but \u00e0 atteindre. L&rsquo;\u0153il s&rsquo;ouvre quand l&rsquo;humilit\u00e9 p\u00e9n\u00e8tre notre \u00eatre (l&rsquo;humilit\u00e9 r\u00e9elle, pas la fausse humilit\u00e9 qui consiste \u00e0 poser l&rsquo;humilit\u00e9 dans le but de para\u00eetre humble).<\/p>\n<p style=\"text-align: justify;\">\n<p style=\"text-align: justify;\">\u00ab Je ne sais rien, je ne suis rien \u00bb quand nous comprenons cela, nous n&rsquo;op\u00e9rons plus \u00ab sur \u00bb les choses, mais laissons l&rsquo;\u0153il s&rsquo;ouvrir \u00e0 d&rsquo;autres visions (qu&rsquo;il faudra sans doute encore d\u00e9passer)&#8230;<\/p>\n<p style=\"text-align: justify;\">\n<p style=\"text-align: justify;\">Le vouloir-pouvoir-devenir bloquera encore, s&#8217;emparera de la chose, mais le d\u00e9passement aura lieu si notre vigilance fait face au fait.<\/p>\n<p style=\"text-align: justify;\">\n<p style=\"text-align: justify;\">Etre une apparence sans \u00eatre identifi\u00e9 \u00e0 cette apparence. Jouer le jeu que nous r\u00e9serve la vie sans l&rsquo;identification totale qui fait que l&rsquo;on devient victime de ce jeu. Etre et non \u00eatre ne sont que les deux faces du m\u00eame miroir, tout d\u00e9pend de l&rsquo;usage que l&rsquo;on en fait.<\/p>\n","protected":false},"excerpt":{"rendered":"<p>D&rsquo;o\u00f9 vient l&rsquo;esprit ? D&rsquo;o\u00f9 vient la m\u00e9moire ? Qui pense \u00e0 travers moi ? Qui se dit \u00ab moi \u00bb \u00e0 travers les pens\u00e9es ? Nous subissons le flux des mots qui s&rsquo;enchev\u00eatrent&#8230; Nous ne sommes pas les ma\u00eetres de cette machination, nous sommes les porteurs du temps, les faiseurs de mots&#8230; Nous croyons inventer, nous reproduisons. Nous ne sommes jamais neufs : le Sage nous dirait : \u00ab nous sommes les milliardaires du temps \u00bb.<\/p>\n","protected":false},"author":1,"featured_media":0,"comment_status":"closed","ping_status":"closed","sticky":false,"template":"","format":"standard","meta":{"footnotes":""},"categories":[45],"tags":[],"class_list":["post-7288","post","type-post","status-publish","format-standard","hentry","category-spiritualite"],"yoast_head":"<!-- This site is optimized with the Yoast SEO plugin v27.0 - https:\/\/yoast.com\/product\/yoast-seo-wordpress\/ -->\n<title>Questions &amp; r\u00e9flexions par Chantal Geffroy - 3e mill\u00e9naire - Spiritualit\u00e9 - Connaissance de soi - Non-dualit\u00e9 - M\u00e9ditation<\/title>\n<meta name=\"robots\" content=\"index, follow, max-snippet:-1, max-image-preview:large, max-video-preview:-1\" \/>\n<link rel=\"canonical\" href=\"https:\/\/www.revue3emillenaire.com\/blog\/questions-et-reflexions-par-chantal-geffroy\/\" \/>\n<meta property=\"og:locale\" content=\"fr_FR\" \/>\n<meta property=\"og:type\" content=\"article\" \/>\n<meta property=\"og:title\" content=\"Questions &amp; r\u00e9flexions par Chantal Geffroy - 3e mill\u00e9naire - Spiritualit\u00e9 - Connaissance de soi - Non-dualit\u00e9 - M\u00e9ditation\" \/>\n<meta property=\"og:description\" content=\"D&#039;o\u00f9 vient l&#039;esprit ? D&#039;o\u00f9 vient la m\u00e9moire ? Qui pense \u00e0 travers moi ? Qui se dit \u00ab moi \u00bb \u00e0 travers les pens\u00e9es ? Nous subissons le flux des mots qui s&#039;enchev\u00eatrent... Nous ne sommes pas les ma\u00eetres de cette machination, nous sommes les porteurs du temps, les faiseurs de mots... Nous croyons inventer, nous reproduisons. Nous ne sommes jamais neufs : le Sage nous dirait : \u00ab nous sommes les milliardaires du temps \u00bb.\" \/>\n<meta property=\"og:url\" content=\"https:\/\/www.revue3emillenaire.com\/blog\/questions-et-reflexions-par-chantal-geffroy\/\" \/>\n<meta property=\"og:site_name\" content=\"3e mill\u00e9naire - Spiritualit\u00e9 - Connaissance de soi - Non-dualit\u00e9 - M\u00e9ditation\" \/>\n<meta property=\"article:published_time\" content=\"2011-06-04T20:59:51+00:00\" \/>\n<meta property=\"article:modified_time\" content=\"2011-09-16T16:48:41+00:00\" \/>\n<meta name=\"author\" content=\"3e mill\u00e9naire\" \/>\n<meta name=\"twitter:card\" content=\"summary_large_image\" \/>\n<meta name=\"twitter:label1\" content=\"\u00c9crit par\" \/>\n\t<meta name=\"twitter:data1\" content=\"3e mill\u00e9naire\" \/>\n\t<meta name=\"twitter:label2\" content=\"Dur\u00e9e de lecture estim\u00e9e\" \/>\n\t<meta name=\"twitter:data2\" content=\"5 minutes\" \/>\n<script type=\"application\/ld+json\" class=\"yoast-schema-graph\">{\"@context\":\"https:\/\/schema.org\",\"@graph\":[{\"@type\":\"Article\",\"@id\":\"https:\/\/www.revue3emillenaire.com\/blog\/questions-et-reflexions-par-chantal-geffroy\/#article\",\"isPartOf\":{\"@id\":\"https:\/\/www.revue3emillenaire.com\/blog\/questions-et-reflexions-par-chantal-geffroy\/\"},\"author\":{\"name\":\"3e mill\u00e9naire\",\"@id\":\"https:\/\/www.revue3emillenaire.com\/blog\/#\/schema\/person\/9a3a7cc4ccaa707f402d4394327106d5\"},\"headline\":\"Questions &#038; r\u00e9flexions par Chantal Geffroy\",\"datePublished\":\"2011-06-04T20:59:51+00:00\",\"dateModified\":\"2011-09-16T16:48:41+00:00\",\"mainEntityOfPage\":{\"@id\":\"https:\/\/www.revue3emillenaire.com\/blog\/questions-et-reflexions-par-chantal-geffroy\/\"},\"wordCount\":1084,\"articleSection\":[\"Spiritualit\u00e9\"],\"inLanguage\":\"fr-FR\"},{\"@type\":\"WebPage\",\"@id\":\"https:\/\/www.revue3emillenaire.com\/blog\/questions-et-reflexions-par-chantal-geffroy\/\",\"url\":\"https:\/\/www.revue3emillenaire.com\/blog\/questions-et-reflexions-par-chantal-geffroy\/\",\"name\":\"Questions & r\u00e9flexions par Chantal Geffroy - 3e mill\u00e9naire - Spiritualit\u00e9 - Connaissance de soi - Non-dualit\u00e9 - M\u00e9ditation\",\"isPartOf\":{\"@id\":\"https:\/\/www.revue3emillenaire.com\/blog\/#website\"},\"datePublished\":\"2011-06-04T20:59:51+00:00\",\"dateModified\":\"2011-09-16T16:48:41+00:00\",\"author\":{\"@id\":\"https:\/\/www.revue3emillenaire.com\/blog\/#\/schema\/person\/9a3a7cc4ccaa707f402d4394327106d5\"},\"breadcrumb\":{\"@id\":\"https:\/\/www.revue3emillenaire.com\/blog\/questions-et-reflexions-par-chantal-geffroy\/#breadcrumb\"},\"inLanguage\":\"fr-FR\",\"potentialAction\":[{\"@type\":\"ReadAction\",\"target\":[\"https:\/\/www.revue3emillenaire.com\/blog\/questions-et-reflexions-par-chantal-geffroy\/\"]}]},{\"@type\":\"BreadcrumbList\",\"@id\":\"https:\/\/www.revue3emillenaire.com\/blog\/questions-et-reflexions-par-chantal-geffroy\/#breadcrumb\",\"itemListElement\":[{\"@type\":\"ListItem\",\"position\":1,\"name\":\"Accueil\",\"item\":\"https:\/\/www.revue3emillenaire.com\/blog\/\"},{\"@type\":\"ListItem\",\"position\":2,\"name\":\"Questions &#038; r\u00e9flexions par Chantal Geffroy\"}]},{\"@type\":\"WebSite\",\"@id\":\"https:\/\/www.revue3emillenaire.com\/blog\/#website\",\"url\":\"https:\/\/www.revue3emillenaire.com\/blog\/\",\"name\":\"3e mill\u00e9naire - Spiritualit\u00e9 - Connaissance de soi - Non-dualit\u00e9 - M\u00e9ditation\",\"description\":\"L&#039;Homme en devenir\",\"potentialAction\":[{\"@type\":\"SearchAction\",\"target\":{\"@type\":\"EntryPoint\",\"urlTemplate\":\"https:\/\/www.revue3emillenaire.com\/blog\/?s={search_term_string}\"},\"query-input\":{\"@type\":\"PropertyValueSpecification\",\"valueRequired\":true,\"valueName\":\"search_term_string\"}}],\"inLanguage\":\"fr-FR\"},{\"@type\":\"Person\",\"@id\":\"https:\/\/www.revue3emillenaire.com\/blog\/#\/schema\/person\/9a3a7cc4ccaa707f402d4394327106d5\",\"name\":\"3e mill\u00e9naire\",\"url\":\"https:\/\/www.revue3emillenaire.com\/blog\/author\/admin\/\"}]}<\/script>\n<!-- \/ Yoast SEO plugin. -->","yoast_head_json":{"title":"Questions & r\u00e9flexions par Chantal Geffroy - 3e mill\u00e9naire - Spiritualit\u00e9 - Connaissance de soi - Non-dualit\u00e9 - M\u00e9ditation","robots":{"index":"index","follow":"follow","max-snippet":"max-snippet:-1","max-image-preview":"max-image-preview:large","max-video-preview":"max-video-preview:-1"},"canonical":"https:\/\/www.revue3emillenaire.com\/blog\/questions-et-reflexions-par-chantal-geffroy\/","og_locale":"fr_FR","og_type":"article","og_title":"Questions & r\u00e9flexions par Chantal Geffroy - 3e mill\u00e9naire - Spiritualit\u00e9 - Connaissance de soi - Non-dualit\u00e9 - M\u00e9ditation","og_description":"D'o\u00f9 vient l'esprit ? D'o\u00f9 vient la m\u00e9moire ? Qui pense \u00e0 travers moi ? Qui se dit \u00ab moi \u00bb \u00e0 travers les pens\u00e9es ? Nous subissons le flux des mots qui s'enchev\u00eatrent... Nous ne sommes pas les ma\u00eetres de cette machination, nous sommes les porteurs du temps, les faiseurs de mots... Nous croyons inventer, nous reproduisons. Nous ne sommes jamais neufs : le Sage nous dirait : \u00ab nous sommes les milliardaires du temps \u00bb.","og_url":"https:\/\/www.revue3emillenaire.com\/blog\/questions-et-reflexions-par-chantal-geffroy\/","og_site_name":"3e mill\u00e9naire - Spiritualit\u00e9 - Connaissance de soi - Non-dualit\u00e9 - M\u00e9ditation","article_published_time":"2011-06-04T20:59:51+00:00","article_modified_time":"2011-09-16T16:48:41+00:00","author":"3e mill\u00e9naire","twitter_card":"summary_large_image","twitter_misc":{"\u00c9crit par":"3e mill\u00e9naire","Dur\u00e9e de lecture estim\u00e9e":"5 minutes"},"schema":{"@context":"https:\/\/schema.org","@graph":[{"@type":"Article","@id":"https:\/\/www.revue3emillenaire.com\/blog\/questions-et-reflexions-par-chantal-geffroy\/#article","isPartOf":{"@id":"https:\/\/www.revue3emillenaire.com\/blog\/questions-et-reflexions-par-chantal-geffroy\/"},"author":{"name":"3e mill\u00e9naire","@id":"https:\/\/www.revue3emillenaire.com\/blog\/#\/schema\/person\/9a3a7cc4ccaa707f402d4394327106d5"},"headline":"Questions &#038; r\u00e9flexions par Chantal Geffroy","datePublished":"2011-06-04T20:59:51+00:00","dateModified":"2011-09-16T16:48:41+00:00","mainEntityOfPage":{"@id":"https:\/\/www.revue3emillenaire.com\/blog\/questions-et-reflexions-par-chantal-geffroy\/"},"wordCount":1084,"articleSection":["Spiritualit\u00e9"],"inLanguage":"fr-FR"},{"@type":"WebPage","@id":"https:\/\/www.revue3emillenaire.com\/blog\/questions-et-reflexions-par-chantal-geffroy\/","url":"https:\/\/www.revue3emillenaire.com\/blog\/questions-et-reflexions-par-chantal-geffroy\/","name":"Questions & r\u00e9flexions par Chantal Geffroy - 3e mill\u00e9naire - Spiritualit\u00e9 - Connaissance de soi - Non-dualit\u00e9 - M\u00e9ditation","isPartOf":{"@id":"https:\/\/www.revue3emillenaire.com\/blog\/#website"},"datePublished":"2011-06-04T20:59:51+00:00","dateModified":"2011-09-16T16:48:41+00:00","author":{"@id":"https:\/\/www.revue3emillenaire.com\/blog\/#\/schema\/person\/9a3a7cc4ccaa707f402d4394327106d5"},"breadcrumb":{"@id":"https:\/\/www.revue3emillenaire.com\/blog\/questions-et-reflexions-par-chantal-geffroy\/#breadcrumb"},"inLanguage":"fr-FR","potentialAction":[{"@type":"ReadAction","target":["https:\/\/www.revue3emillenaire.com\/blog\/questions-et-reflexions-par-chantal-geffroy\/"]}]},{"@type":"BreadcrumbList","@id":"https:\/\/www.revue3emillenaire.com\/blog\/questions-et-reflexions-par-chantal-geffroy\/#breadcrumb","itemListElement":[{"@type":"ListItem","position":1,"name":"Accueil","item":"https:\/\/www.revue3emillenaire.com\/blog\/"},{"@type":"ListItem","position":2,"name":"Questions &#038; r\u00e9flexions par Chantal Geffroy"}]},{"@type":"WebSite","@id":"https:\/\/www.revue3emillenaire.com\/blog\/#website","url":"https:\/\/www.revue3emillenaire.com\/blog\/","name":"3e mill\u00e9naire - Spiritualit\u00e9 - Connaissance de soi - Non-dualit\u00e9 - M\u00e9ditation","description":"L&#039;Homme en devenir","potentialAction":[{"@type":"SearchAction","target":{"@type":"EntryPoint","urlTemplate":"https:\/\/www.revue3emillenaire.com\/blog\/?s={search_term_string}"},"query-input":{"@type":"PropertyValueSpecification","valueRequired":true,"valueName":"search_term_string"}}],"inLanguage":"fr-FR"},{"@type":"Person","@id":"https:\/\/www.revue3emillenaire.com\/blog\/#\/schema\/person\/9a3a7cc4ccaa707f402d4394327106d5","name":"3e mill\u00e9naire","url":"https:\/\/www.revue3emillenaire.com\/blog\/author\/admin\/"}]}},"_links":{"self":[{"href":"https:\/\/www.revue3emillenaire.com\/blog\/wp-json\/wp\/v2\/posts\/7288","targetHints":{"allow":["GET"]}}],"collection":[{"href":"https:\/\/www.revue3emillenaire.com\/blog\/wp-json\/wp\/v2\/posts"}],"about":[{"href":"https:\/\/www.revue3emillenaire.com\/blog\/wp-json\/wp\/v2\/types\/post"}],"author":[{"embeddable":true,"href":"https:\/\/www.revue3emillenaire.com\/blog\/wp-json\/wp\/v2\/users\/1"}],"replies":[{"embeddable":true,"href":"https:\/\/www.revue3emillenaire.com\/blog\/wp-json\/wp\/v2\/comments?post=7288"}],"version-history":[{"count":0,"href":"https:\/\/www.revue3emillenaire.com\/blog\/wp-json\/wp\/v2\/posts\/7288\/revisions"}],"wp:attachment":[{"href":"https:\/\/www.revue3emillenaire.com\/blog\/wp-json\/wp\/v2\/media?parent=7288"}],"wp:term":[{"taxonomy":"category","embeddable":true,"href":"https:\/\/www.revue3emillenaire.com\/blog\/wp-json\/wp\/v2\/categories?post=7288"},{"taxonomy":"post_tag","embeddable":true,"href":"https:\/\/www.revue3emillenaire.com\/blog\/wp-json\/wp\/v2\/tags?post=7288"}],"curies":[{"name":"wp","href":"https:\/\/api.w.org\/{rel}","templated":true}]}}