{"id":7346,"date":"2011-06-12T14:36:20","date_gmt":"2011-06-12T13:36:20","guid":{"rendered":"http:\/\/www.revue3emillenaire.com\/blog\/?p=7346"},"modified":"2011-09-17T17:01:12","modified_gmt":"2011-09-17T16:01:12","slug":"comment-devient-on-ce-que-lon-est-par-louis-pauwels","status":"publish","type":"post","link":"https:\/\/www.revue3emillenaire.com\/blog\/comment-devient-on-ce-que-lon-est-par-louis-pauwels\/","title":{"rendered":"Comment devient-on ce que l&rsquo;on est ? par Louis Pauwels"},"content":{"rendered":"<p style=\"text-align: justify;\">(Revue Question De. N<sup>o<\/sup> 27. Novembre-D\u00e9cembre 1978)<\/p>\n<p style=\"text-align: justify;\">\n<p style=\"text-align: justify;\"><strong><em>Le livre de Louis Pauwels publie \u00ab Comment devient-on ce que l&rsquo;on est \u00bb (Editions Stock) est un texte qui est \u00e0 la fois une autobiographie et une profonde m\u00e9ditation. Nous en publions ici, un passage qui \u00e9tait pour lui essentiel (en 1978 du moins, Pauwels lui ayant surv\u00e9cu jusqu\u2019\u00e0 son d\u00e9c\u00e8s en 1997) car, d&rsquo;une certaine fa\u00e7on, il r\u00e9sume la totalit\u00e9 de sa pens\u00e9e : il s&rsquo;agit du christianisme. Louis Pauwels d\u00e9clare que le christianisme lui est \u00e9tranger parce qu&rsquo;il correspond \u00e0 une vision d\u00e9voy\u00e9e de la vie. C&rsquo;est sans doute un grand malheur pour notre civilisation que le monde, la culture gr\u00e9co-latine aient succomb\u00e9 sous les coups des chr\u00e9tiens. Ni la m\u00e9taphysique, ni la morale des chr\u00e9tiens ne sont ni ne peuvent \u00eatre cr\u00e9dibles. C&rsquo;est une monstrueuse d\u00e9formation de la r\u00e9alit\u00e9 telle qu&rsquo;elle est&#8230; \u00ab L&rsquo;Histoire n&rsquo;est pas le champ d&rsquo;affrontement d&rsquo;un Bien et d&rsquo;un Mal absolus&#8230; l&rsquo;Histoire est le perp\u00e9tuel brassage des biens et des maux \u00bb.<\/em><\/strong><\/p>\n<p style=\"text-align: justify;\">\n<p style=\"text-align: justify;\">Maintenant, nous allons parler du christianisme. Je respecte la foi. Je respecte les rites. Je respecte l&rsquo;Eglise (ce qu&rsquo;il en reste). Je respecte toute vie religieuse. Je suis un prieur. Je pense comme Baudelaire que \u00ab la pri\u00e8re est une des grandes forces de la dynamique intellectuelle\u00a0\u00bb. Ou comme Novalis : \u00ab Prier est dans la religion ce que penser est dans la philosophie. Prier, c&rsquo;est cr\u00e9er de la religion. \u00bb Tout homme qui prie m&rsquo;est proche, quelle que soit sa religion. Et toute cloche sonne pour moi. Toute cloche m&rsquo;invite \u00e0 vivre la vie comme discipline, comme pri\u00e8re et comme po\u00e9sie. J&rsquo;ai \u00e9crit ceci pour mon testament : \u00ab Je d\u00e9sire \u00eatre enterr\u00e9 religieusement, n&rsquo;importe la religion. Je souhaite (ce n&rsquo;est qu&rsquo;un souhait, \u00e9videmment), je souhaite que la pri\u00e8re soit dite et entendue par des hommes pieux. \u00bb<\/p>\n<p style=\"text-align: justify;\">\n<p style=\"text-align: justify;\">Et pourtant, voyez-vous, il y a, \u00e0 la base de la mentalit\u00e9 chr\u00e9tienne, quelque chose qui m&rsquo;est \u00e9tranger. Radicalement \u00e9tranger. Comment vous dire ? Je ne sens pas mes racines dans les origines du christianisme. Le fond culturel du christianisme n&rsquo;est pas le mien. En r\u00e9alit\u00e9, je n&rsquo;ai jamais cess\u00e9 de m&rsquo;y trouver sourdement oppos\u00e9. Je ne m&rsquo;en rendais pas compte. Mais dans mes id\u00e9es, mes sentiments, mes intuitions et jusque dans mes mani\u00e8res d&rsquo;\u00eatre, c&rsquo;\u00e9tait une r\u00e9sistance informul\u00e9e qui se manifestait. L&rsquo;\u00e9vidence a fini par m&rsquo;appara\u00eetre sur le tard. Tu n&rsquo;es pas chr\u00e9tien, voil\u00e0 toute ton histoire. Oui, c&rsquo;est ce que je me dis maintenant. Comment en suis-je venu \u00e0 comprendre cela ? Et \u00e0 comprendre qu&rsquo;\u00e0 travers moi, c&rsquo;\u00e9tait l&rsquo;essentiel du conflit du monde actuel qui se jouait, comme il s&rsquo;est jou\u00e9 dans l&rsquo;Occident antique, voici dix-huit si\u00e8cles ? Je crois que j&rsquo;ai \u00e9t\u00e9 \u00e9clair\u00e9 apr\u00e8s 1968.<\/p>\n<p style=\"text-align: justify;\">\n<p style=\"text-align: justify;\"><strong>Je m&rsquo;interrogeai sur la r\u00e9surgence du christianisme primitif<\/strong><\/p>\n<p style=\"text-align: justify;\">\n<p style=\"text-align: justify;\">Il y avait jusque-l\u00e0 les mat\u00e9rialistes et les autres. J&rsquo;\u00e9tais, en gros, avec les autres. Il y avait le vieil anticl\u00e9ricalisme et la rationalit\u00e9 contre le dogme. Bon. Ce n&rsquo;\u00e9tait pas mon affaire. Apr\u00e8s 68, la crise de l&rsquo;Eglise s&rsquo;est pr\u00e9cipit\u00e9e. Des craquements \u00e9normes dans l&rsquo;\u00e9difice. C&rsquo;\u00e9tait (on le disait, on le proclamait) la chr\u00e9tient\u00e9 originelle qui voulait sortir de prison. On l&rsquo;a vue sortir, se r\u00e9pandre, se confondre avec toutes les formes de la contestation, se m\u00ealer \u00e0 tous les courants anti-monde, anti-si\u00e8cle, anti-soci\u00e9t\u00e9, plonger et fr\u00e9tiller dans le r\u00e9volutionnarisme universel, comme le poisson qui retrouve son eau. Ce n&rsquo;est pas fini. Les derniers catholiques ne sont pas au bout des surprises que leur r\u00e9servent les nouveaux premiers chr\u00e9tiens \u00e0 mon avis. C&rsquo;est \u00e0 partir de ce moment-l\u00e0 que je me suis pos\u00e9 des questions. La catholicit\u00e9 avait fait r\u00e9gner un ordre. Elle s&rsquo;effondrait. De ses ruines ressortait la chr\u00e9tient\u00e9 primitive lib\u00e9r\u00e9e qui se pr\u00e9cipitait, le c\u0153ur en d\u00e9sordre, au c\u0153ur du d\u00e9sordre. Je m&rsquo;interrogeai sur ce n\u00e9o-christianisme, qui d\u00e9sormais foisonnait et alimentait un gauchisme g\u00e9n\u00e9ralis\u00e9, trouvait sa voie et sa justification dans toutes les conditions r\u00e9volutionnaires. Je me demandai si ce n\u00e9o-christianisme, que les derniers catholiques boulevers\u00e9s jugeaient comme une brusque, inexplicable et terrifiante d\u00e9g\u00e9n\u00e9rescence, n&rsquo;\u00e9tait pas, en r\u00e9alit\u00e9, et au contraire, la r\u00e9p\u00e9tition des premiers temps, un retour aux sources de la mentalit\u00e9 chr\u00e9tienne, le red\u00e9gagement de la nature m\u00eame du christianisme originel.<\/p>\n<p style=\"text-align: justify;\">\n<p style=\"text-align: justify;\">C&rsquo;est \u00e0 ce moment que j&rsquo;ai d\u00e9couvert, avec un sentiment de r\u00e9v\u00e9lation, la parole de Joseph de Maistre : \u00ab\u00a0L\u2019\u00c9vangile hors de l&rsquo;Eglise est un poison. \u00bb Quand une piste profonde se forme dans votre esprit, toutes les circonstances concourent \u00e0 la d\u00e9gager. J&rsquo;ouvris le dernier livre de Danielou, qui traitait des \u00e9branlements de l&rsquo;Eglise, et je lus : \u00ab Si nous s\u00e9parons l&rsquo;Evangile de l&rsquo;Eglise, celui-ci devient fou. \u00bb Il fallait comprendre : revient \u00e0 son d\u00e9part, redevient fou.<\/p>\n<p style=\"text-align: justify;\">\n<p style=\"text-align: justify;\"><strong>J&rsquo;ai v\u00e9cu au deuxi\u00e8me si\u00e8cle <\/strong><\/p>\n<p style=\"text-align: justify;\">\n<p style=\"text-align: justify;\">Et, peu apr\u00e8s, avec l&rsquo;id\u00e9e qu&rsquo;on assistait \u00e0 la r\u00e9p\u00e9tition du conflit entre l&rsquo;Empire et les r\u00e9volt\u00e9s jud\u00e9o-chr\u00e9tiens des d\u00e9buts, mais sous une forme \u00e0 la fois plus pr\u00e9cipit\u00e9e et plus vaste, je me suis mis \u00e0 \u00e9tudier les textes et l&rsquo;histoire des premiers si\u00e8cles, surtout du deuxi\u00e8me. J&rsquo;ai lu les grandes \u00e9tudes : le travail fondamental de l&rsquo;Anglais Edward Gibbon : \u00ab Histoire de la d\u00e9cadence et de la chute de l&#8217;empire romain \u00bb, qui date du XVIII<sup>e<\/sup> si\u00e8cle, puis Otto Seeck, Renan, Sorel, Max Weber, Guignebert, et plus pr\u00e8s de nous, Piganiol, Rougier. J&rsquo;ai lu Celse : ce qu&rsquo;un vieux romain avait \u00e0 dire, \u00e0 l&rsquo;\u00e9poque. Et ce qu&rsquo;un Orig\u00e8ne avait \u00e0 r\u00e9pondre. J&rsquo;ai v\u00e9cu au deuxi\u00e8me si\u00e8cle. Je sentais bien, vivant dans ce si\u00e8cle, les structures de l&rsquo;Empire menac\u00e9es par son gigantisme. Je sentais bien les barbares remuer aux fronti\u00e8res. Je sentais bien le souvenir des vertus s&rsquo;\u00e9vanouir, les intelligences en proie au flottement, les \u00e9lites d\u00e9faillir. Mais je sentais aussi s&rsquo;infiltrer, par le truchement de basses classes inattendues et \u00e9trang\u00e8res, une haine de la civilisation d&rsquo;autant plus d\u00e9vorante qu&rsquo;elle \u00e9tait la haine de toute civilisation, et, pour tout dire, du monde. Et je sentais enfin venir quelque chose de nouveau et de terrible : la naissance de l&rsquo;\u00e2me intol\u00e9rante. La soudaine puissance de cette nouveaut\u00e9 : l&rsquo;intol\u00e9rance morale et spirituelle, dans une soci\u00e9t\u00e9 o\u00f9 la diversit\u00e9 des dieux, des croyances, des philosophies, \u00e9tait consid\u00e9r\u00e9e au m\u00eame titre que la diversit\u00e9 des paysages, des fleurs ou des oiseaux. Et o\u00f9, d&rsquo;ailleurs, intol\u00e9rance et indiff\u00e9rence se donnaient une main lasse. Mais, dans tout cela, je me sentais un vieux Romain inquiet, pr\u00e9f\u00e9rant croire que la boue qui fuse est un accident de voirie plut\u00f4t que l&rsquo;annonce d&rsquo;un s\u00e9isme. Et quand je passais dans les si\u00e8cles suivants, le troisi\u00e8me, le quatri\u00e8me, je concluais que l&#8217;empire romain n&rsquo;est pas mort de sa belle mort, mais qu&rsquo;il a \u00e9t\u00e9 assassin\u00e9. Que l&rsquo;histoire de l&#8217;empire romain est l&rsquo;histoire d&rsquo;un aveugle soul\u00e8vement de masse, qui a fait tout s&rsquo;effondrer.<\/p>\n<p style=\"text-align: justify;\">\n<p style=\"text-align: justify;\">Et il me semblait que l&rsquo;histoire des mentalit\u00e9s me livrait ses cl\u00e9s, pour hier comme pour aujourd&rsquo;hui. Je comprenais pourquoi je n&rsquo;avais jamais \u00e9t\u00e9 chr\u00e9tien, dans les soubassements de mon esprit comme dans le fond de mon c\u0153ur, et que, finalement, toutes mes attitudes morales, intellectuelles, politiques, qui m&rsquo;avaient sans cesse et confus\u00e9ment oppos\u00e9, bien que n\u00e9 du peuple, \u00e9lev\u00e9 dans le peuple, \u00e0 ce que d&rsquo;une fa\u00e7on g\u00e9n\u00e9rale nous pourrions nommer l&rsquo;humanitarisme messianique (disons la sensibilit\u00e9 de gauche), venaient de l\u00e0.<\/p>\n<p style=\"text-align: justify;\"><strong> <\/strong><\/p>\n<p style=\"text-align: justify;\"><strong>Je n&rsquo;accepte pas l&rsquo;id\u00e9e d&rsquo;un peuple \u00e9lu<\/strong><\/p>\n<p style=\"text-align: justify;\">\n<p style=\"text-align: justify;\">Je suis un grand lecteur de la Bible. Je n&rsquo;y entends pas, d&rsquo;ailleurs, la \u00ab parole de Dieu \u00bb. Mais des paroles, sans cesse remani\u00e9es, d&rsquo;hommes parlant de Dieu, avec des intentions diverses. Il para\u00eet que lorsqu&rsquo;on annon\u00e7a \u00e0 Louis XI, avec l&rsquo;invention de l&rsquo;imprimerie, la Bible de Gutenberg, il s&rsquo;\u00e9cria : \u00ab Quel malheur ! Ils vont lire la Bible et ils vont perdre la foi ! \u00bb Je ne sais si c&rsquo;est un cri authentique. Mais c&rsquo;est un cri justifi\u00e9.<\/p>\n<p style=\"text-align: justify;\">\n<p style=\"text-align: justify;\">Je reconnais, dans l&rsquo;Ancien Testament, la grandeur d&rsquo;un peuple qui hausse son histoire particuli\u00e8re au niveau d&rsquo;une \u00e9pop\u00e9e de toute l&rsquo;humanit\u00e9, ou plut\u00f4t sa l\u00e9gende \u00e0 la dimension d&rsquo;un mythe universel. Par l\u00e0, il se hausse lui-m\u00eame au-dessus de ses mis\u00e8res et vivifie, comme surnaturellement, son destin. Oui, je reconnais cela. Mais je vous l&rsquo;ai d\u00e9j\u00e0 dit : je ne peux pas accepter l&rsquo;id\u00e9e du peuple \u00e9lu. Le Cr\u00e9ateur d&rsquo;Etoiles passe un contrat d&rsquo;exclusivit\u00e9 avec une tribu. Non. Je ne peux pas. M\u00eame si je cherche l&rsquo;interpr\u00e9tation symbolique qui \u00e9vacue le sens litt\u00e9ral, l&rsquo;affirmation violente, mille fois r\u00e9p\u00e9t\u00e9e dans l&rsquo;Ancien Testament, me met une barre au front. Autre chose m&rsquo;est \u00e9tranger, dans l&rsquo;Ancien Testament. C&rsquo;est le Dieu unique, jaloux, cruel, son \u0153il furieux coll\u00e9 \u00e0 ras des hommes, toujours occup\u00e9 \u00e0 en faire des d\u00e9v\u00f4ts forcen\u00e9s. \u00ab Ne dois-je pas, Jahv\u00e9, ha\u00efr ceux qui te repoussent ? Je les hais d&rsquo;une haine totale. Ils sont des ennemis pour moi. \u00bb Et le Deut\u00e9ronome : \u00ab Si tu apprends que quelque habitant dise : allons servir d&rsquo;autres dieux&#8230; tu feras passer au fil de l&rsquo;\u00e9p\u00e9e tous les habitants, y compris le b\u00e9tail&#8230; tu livreras le butin aux flammes&#8230; Jahv\u00e9 te comblera de biens. \u00bb Ce langage fanatique me para\u00eet d&rsquo;outre monde. Comme il pouvait appara\u00eetre \u00e0 l&rsquo;homme antique cultiv\u00e9. Rien, absolument rien dans la culture gr\u00e9co-latine, si profond\u00e9ment pluraliste, ni dans les cultures indo-europ\u00e9ennes et nordiques (que Dum\u00e9zil nous a restitu\u00e9es) n&rsquo;a cet accent totalitaire. Faut-il le dire ? Je ne me sens pas n\u00e9 des hommes de l&rsquo;Ancien Testament. Je ne me sens aucune sorte de filiation avec l&rsquo;esprit si particulier de l&rsquo;Ancien Testament. J&rsquo;en reconnais certaines beaut\u00e9s, la force, le feu. Je consid\u00e8re cela. Mais Jahv\u00e9, l&rsquo;Eternel, n&rsquo;est pas mon Dieu. En rien je ne me sens fils de Jahv\u00e9, soumis \u00e0 ses commandements courrouc\u00e9s. Les lamentations et les fi\u00e8vres vengeresses des proph\u00e8tes ne sont pas miennes. Je respecte ce livre, mais cette tradition n&rsquo;est pas la mienne. Ce sacr\u00e9 n&rsquo;est pas le mien. Voil\u00e0 ce qu&rsquo;il faut oser dire, parce que ce fut ressenti silencieusement et peureusement, dans les fjords, dans les plaines, dans les landes, par des g\u00e9n\u00e9rations et des g\u00e9n\u00e9rations au cours des si\u00e8cles. Je ne condamne pas, naturellement. Je distingue. Je fais une distinction entre ce qui m&rsquo;est substantiel et ce qui m&rsquo;est \u00e9tranger. C&rsquo;est tout.<\/p>\n<p style=\"text-align: justify;\">\n<p style=\"text-align: justify;\"><strong>Je peux trouver des lumi\u00e8res dans les Evangiles mais\u2026<\/strong><\/p>\n<p style=\"text-align: justify;\">\n<p style=\"text-align: justify;\">Maintenant je vais vous parler de J\u00e9sus. Je peux m&rsquo;incliner devant la beaut\u00e9 de la symbolique, les splendides d\u00e9ploiements de la christologie du Moyen Age. Je peux trouver des lumi\u00e8res dans les Evangiles. Je ne peux pas croire \u00e0 la divinit\u00e9 de J\u00e9sus. Sa divinit\u00e9 est attest\u00e9e par la r\u00e9surrection. J&rsquo;ai lu toute ma vie les lignes \u00e9parses qui, dans les Evangiles, signalent cet hyper\u00e9v\u00e9nement. Elles ont un accent du bout des l\u00e8vres, quelque chose d&rsquo;incertain, de furtif, de g\u00ean\u00e9. Sauf chez Paul. Il affirme, quand d&rsquo;autres ap\u00f4tres balbutient. Mais il a travaill\u00e9 plus que tous les autres, dit-il, et c&rsquo;est pourquoi il faut le croire. Quel argument ! Et il conclut : \u00ab Et si le Christ n&rsquo;a pas ressuscit\u00e9, votre foi est vaine. \u00bb Ainsi un article de foi se fonde sur un principe d&rsquo;autorit\u00e9. Vous me direz que j&rsquo;enfonce des portes ouvertes. Depuis qu&rsquo;elles baillent, que n&rsquo;\u00eates-vous pass\u00e9 ! Vous savez bien, si vous avez r\u00e9ellement lu, que toute la propagande de Paul est dirig\u00e9e sur un but : faire d&rsquo;un messie d&rsquo;Isra\u00ebl, rejet\u00e9 en tant que tel par une partie de son peuple, un sauveur universel. Les \u00e9glises de la Gentillit\u00e9 se construiront sur cette \u00e9quivoque.<\/p>\n<p style=\"text-align: justify;\">\n<p style=\"text-align: justify;\">Je sais bien que le n\u00e9o-christianisme propose une nouvelle lecture qui p\u00e9rime les articles de foi et ne retient que le message moral et social. Si je ne retiens que ce message, je suis renvoy\u00e9 au faible degr\u00e9 d&rsquo;existence du personnage J\u00e9sus dont les Romains n&rsquo;ont pas entendu parler et que Su\u00e9tone signale seulement dans sa \u00ab Vie des Douze C\u00e9sar \u00bb\u00a0: \u00ab Claude expulsa de Rome les Juifs qui \u00e9taient en effervescence continuelle \u00e0 l&rsquo;instigation d&rsquo;un certain Chrestos. \u00bb Je suis renvoy\u00e9 \u00e0 la r\u00e9alit\u00e9 d&rsquo;un Z\u00e9lote au c\u0153ur exceptionnellement limpide, mais dont les paroles s&rsquo;adressent, non au monde, mais \u00e0 son entourage, non \u00e0 tous les hommes, mais aux siens. Je trouve un discours pour un lieu, une culture, un temps particuliers. Je trouve un r\u00e9formateur dans une micro-soci\u00e9t\u00e9 o\u00f9 la cl\u00e9ricature est scl\u00e9ros\u00e9e, et qui chasse les marchands du temple. O\u00f9 la morale sexuelle est impitoyable et qui rel\u00e8ve la femme qui tombe. O\u00f9 l&rsquo;on applique le talion, et qui s&rsquo;\u00e9crie : \u00ab Ne faites pas \u00e0 autrui \u00bb, etc. O\u00f9 les d\u00e9chirures internes sous l&rsquo;occupant compromettent l&rsquo;unit\u00e9, et qui proclame : \u00ab Aimez-vous les uns les autres. \u00bb Car enfin, enfin, si \u00ab Aimez-vous les uns les autres \u00bb est le divin message, d&rsquo;une absolue nouveaut\u00e9, adress\u00e9 \u00e0 toute l&rsquo;humanit\u00e9, et qui va transformer le monde, si J\u00e9sus est votre Dieu pour cette parole, consid\u00e9rez l&rsquo;histoire du monde ! Le flot de sang et de cha\u00eenes s&rsquo;est-il r\u00e9sorb\u00e9 ? Vous savez bien que je ne suis pas marxiste. Mais quoi ! s&rsquo;il s&rsquo;agissait de changer le visage de la vie, Marx et L\u00e9nine l&rsquo;auront plus chang\u00e9 manifestement en cinquante ans que \u00ab Aimez-vous les uns les autres \u00bb en deux mille ans. Quel est ce Dieu qui monte au ciel en laissant sa parole essentielle faire vingt si\u00e8cles de parcours dans le quasi-n\u00e9ant ? Deux mille ans d&rsquo;\u00e9chec ! Gurdjieff, mourant, dit : \u00ab Je vous laisse dans de beaux draps. \u00bb Car l&rsquo;homme qui conna\u00eet son id\u00e9al et ne l&rsquo;atteint pas est pire que l&rsquo;homme sans id\u00e9al. Et enfin, enfin, croyez-vous que les hommes, sur la terre ancienne, aient attendu \u00ab Aimez-vous les uns les autres \u00bb pour entendre parler de l&rsquo;amour du prochain ? Pensez-vous que les c\u0153urs n&rsquo;aient jamais battu de philanthropie hors de Jud\u00e9e sous Ponce Pilate ? Et enfin, enfin, le grondement qui court sur les rivages m\u00e9diterran\u00e9ens, avec la naissance du jud\u00e9o-christianisme, et qui voue \u00e0 la haine tous ceux qui disent oui au monde, est-ce un grondement d&rsquo;amour ? \u00ab Aimez-vous les uns les autres. \u00bb Mais vouez aux g\u00e9monies tous les autres. Voil\u00e0 ce que l&rsquo;on entend sur les l\u00e8vres des fi\u00e9vreux annonciateurs d&rsquo;un Jugement, sur les ports, dans les cavernes et dans les souterrains. Mais dites-moi o\u00f9 est l&rsquo;amour universel !<\/p>\n<p style=\"text-align: justify;\">\n<p style=\"text-align: justify;\"><strong>Je rejette la mentalit\u00e9 apocalyptique<\/strong><\/p>\n<p style=\"text-align: justify;\">\n<p style=\"text-align: justify;\">Les premiers propagandistes s&rsquo;adressent aux masses errantes des carrefours de peuples, dans les grandes cit\u00e9s cosmopolites d&rsquo;Antioche, d&rsquo;Eph\u00e8se, de Corinthe. Rome les ignore encore. Ils y seront bient\u00f4t. Dans la Rome du second si\u00e8cle, sur cent habitants, quatre-vingt-dix sont d&rsquo;origine \u00e9trang\u00e8re et principalement orientale. \u00ab Heureux les pauvres en esprit \u00bb ! Je connais toutes les interpr\u00e9tations de la parole. Il en est de sublimes. Mais elle signifie, en termes de propagande de masse, \u00e0 l&rsquo;\u00e9poque : d&rsquo;abord les plus d\u00e9munis de racines et de culture pour monter \u00e0 l&rsquo;assaut contre les valeurs du monde. Plus vous serez emport\u00e9s, plus vous vaudrez. Plus vous serez fanatiques, plus vous serez \u00e9clair\u00e9s. Plus vous aurez de folie, plus vous aurez de lumi\u00e8re. Paul dit : \u00ab Puisque le monde, par le moyen de la sagesse, n&rsquo;a pas reconnu Dieu, c&rsquo;est par la folie de la pr\u00e9dication que Dieu a jug\u00e9 bon de sauver ceux qui croient. \u00bb Et : \u00ab Ce qui est folie dans le monde, Dieu l&rsquo;a choisi pour confondre les sages. \u00bb Celse, vieux Romain, voit les jud\u00e9o-chr\u00e9tiens tenir leurs assembl\u00e9es dans la Cit\u00e9 : \u00ab Un ramassis d&rsquo;ignorants et de femmes cr\u00e9dules recrut\u00e9s dans la lie du peuple. \u00bb Ce n&rsquo;est ni un m\u00e9chant ni un m\u00e9prisant. Il cherche \u00e0 comprendre et il dit ce qui est. Il ajoute : \u00ab Une nouvelle race d&rsquo;hommes sans patrie ni traditions&#8230; ligu\u00e9s contre toutes les valeurs&#8230; Factice pr\u00e9tendant faire bande \u00e0 part. \u00bb Ce qui le frappe : des croyants, et non des citoyens. Vouant au m\u00e9pris les magistratures, les charges publiques, les honneurs civils, l&rsquo;enseignement, l&rsquo;industrie, le commerce, l&rsquo;arm\u00e9e, les arts, la philosophie. Pour qui les lois sont iniques et l&rsquo;Etat la B\u00eate. Faisant s\u00e9cession. Le monde a cess\u00e9 d&rsquo;\u00eatre une continuit\u00e9 et un projet. C&rsquo;est une vall\u00e9e de larmes, le lieu de l&rsquo;iniquit\u00e9 et de l&rsquo;attente d&rsquo;une vengeance. L&rsquo;attente d&rsquo;une promesse : la fin des puissants, des savants et des capables, le malheur des heureux, le Jugement par lequel toutes choses basculeront en faisant des derniers les premiers.<\/p>\n<p style=\"text-align: justify;\">\n<p style=\"text-align: justify;\">La certitude que le monde allait finir par la punition des m\u00e9chants et la f\u00e9licit\u00e9 des bons, rendait vaine toute pr\u00e9occupation du lendemain. Elle entra\u00eenait, d&rsquo;une fa\u00e7on g\u00e9n\u00e9rale le refus de participer \u00e0 une civilisation condamn\u00e9e. Le monde allait finir au cours de cette g\u00e9n\u00e9ration. \u00ab Cette g\u00e9n\u00e9ration ne passera pas que tout cela ne soit arriv\u00e9 \u00bb (Matthieu). Et, dans ces conditions, la haine de ce qui va finir \u00e0 cause de la Justice justifie que l&rsquo;on ha\u00efsse jusqu&rsquo;\u00e0 ses proches s&rsquo;ils n&rsquo;adh\u00e8rent pas \u00e0 la m\u00eame esp\u00e9rance. \u00ab Qui ne hait son p\u00e8re, sa m\u00e8re, ses enfants et jusqu&rsquo;\u00e0 sa propre vie ne peut \u00eatre mon disciple \u00bb (Luc). De toute la litt\u00e9rature chr\u00e9tienne des deux premiers si\u00e8cles s&rsquo;exhale, avec une longue plainte, un flot d&rsquo;anath\u00e8mes. Les ap\u00f4tres pr\u00eachent \u00ab\u00a0le temps de la vengeance \u00bb, \u00ab les jours de ch\u00e2timent \u00bb. Ils annoncent, comme apr\u00e8s eux les P\u00e8res de l&rsquo;Eglise, l&rsquo;imminence de la revanche et du grand soir qui mettra tout sens dessus dessous. L&rsquo;\u00e9p\u00eetre de saint Jacques (o\u00f9 est l&rsquo;amour universel ?) contient les ferments de la haine des classes.<\/p>\n<p style=\"text-align: justify;\">\n<p style=\"text-align: justify;\">Non, la nouveaut\u00e9 du message n&rsquo;est pas le \u00ab Aimez-vous les uns les autres. \u00bb La Bonne Nouvelle est l&rsquo;\u00e9mergence de deux id\u00e9es dont il est facile de suivre la trace jusqu&rsquo;\u00e0 nos jours n\u00e9o-chr\u00e9tiens, o\u00f9 elles font une nouvelle floraison funeste. L&rsquo;id\u00e9e que tous les hommes sont \u00e9gaux. Et l&rsquo;id\u00e9e que l&rsquo;Histoire a un sens. C&rsquo;est par l\u00e0 que le jud\u00e9o-christianisme primitif impliquait une r\u00e9volution sociale. Et une r\u00e9volution du sentiment du destin.<\/p>\n<p style=\"text-align: justify;\">\n<p style=\"text-align: justify;\"><strong>La Bonne Nouvelle : tous les hommes sont \u00e9gaux <\/strong><\/p>\n<p style=\"text-align: justify;\">\n<p style=\"text-align: justify;\">Aux foulons, aux cardeurs, aux errants, aux femmes isol\u00e9es, aux immigrants, aux pauvres, aux d\u00e9jet\u00e9s, les propagandistes chevelus et barbus (signes de refus de la soci\u00e9t\u00e9) n&rsquo;affirment pas pour la premi\u00e8re fois que l&rsquo;\u00e2me existe. Tout le monde antique en est persuad\u00e9. Ils affirment que tous les hommes poss\u00e8dent une \u00e2me identique et sont \u00e9gaux devant Dieu. Or, toute la culture et tout le civisme romains reposent sur une affirmation doublement contraire. Les chr\u00e9tiens n&rsquo;ont pas de patrie parce qu&rsquo;ils ont une religion. L&rsquo;antique a une religion parce qu&rsquo;il a une patrie. Par l&rsquo;exercice des vertus civiques, les sacrifices consentis aux dieux de la collectivit\u00e9, le courage, l&rsquo;intelligence, la rigueur intime et la ma\u00eetrise de soi, le citoyen peut parvenir \u00e0 se forger une \u00e2me. C&rsquo;est la r\u00e9ussite des meilleurs. Vous voyez que la premi\u00e8re pastorale est, pour tout civilis\u00e9, une absurdit\u00e9 et un scandale. Mais ce n&rsquo;est pas tout. Pour l&rsquo;antique, tout pouvoir est un m\u00e9rite. Et le plus grand pouvoir est le m\u00e9rite le plus haut. Pour le jud\u00e9o-chr\u00e9tien, par tradition v\u00e9t\u00e9ro-testamentaire, tout pouvoir est le mal, et le plus grand pouvoir est le plus haut mal. Et ce n&rsquo;est pas tout encore. La d\u00e9testation des puissants et la condamnation du monde s&rsquo;accompagnent, dans la pastorale, de l&rsquo;exaltation f\u00e9brile des plus humbles, des plus pauvres, des plus bas, dont la revanche viendra sur l&rsquo;iniquit\u00e9 et sur l&rsquo;orgueil. Car toute puissance est inique, et toute sup\u00e9riorit\u00e9 injustifiable. Et c&rsquo;est la plus faible incarnation qui a en charge la supr\u00eame justice. C&rsquo;est l&rsquo;inf\u00e9rieur qui fera le monde sup\u00e9rieur. Il est le saint, le juste, le pieux, le vengeur, le r\u00e9dempteur. Toute puissance est inique, sauf la puissance de l&rsquo;impuissance. Toute sup\u00e9riorit\u00e9 est injustifiable, sauf la sup\u00e9riorit\u00e9 de l&rsquo;inf\u00e9rieur. Et ce retournement est conforme. Car, de m\u00eame que dans le peuple le plus pers\u00e9cut\u00e9 du monde est l&rsquo;avenir du monde, dans le peuple dispers\u00e9 la plus forte unit\u00e9, de m\u00eame dans l&rsquo;exclu est le salut, dans le plus humble, le plus divin message, dans le plus petit tout le messianisme. Alors, un jour, toute Puissance punie, toute Sup\u00e9riorit\u00e9 rabattue et tout Etat aboli, \u00ab il n&rsquo;y aura plus, dit le Livre des Oracles Sibyllins, ni riches ni pauvres, ni tyrans ni esclaves, ni grands ni petits, ni patries ni murs ni fronti\u00e8res, et tous seront \u00e9gaux\u00a0\u00bb.<\/p>\n<p style=\"text-align: justify;\"><strong> <\/strong><\/p>\n<p style=\"text-align: justify;\"><strong>La Bonne Nouvelle : l&rsquo;histoire a un sens<\/strong><\/p>\n<p style=\"text-align: justify;\">\n<p style=\"text-align: justify;\">La deuxi\u00e8me id\u00e9e contenue dans la Bonne Nouvelle, c&rsquo;est que l&rsquo;histoire a eu un commencement et qu&rsquo;elle aura une conclusion, une solution, une assomption. De m\u00eame que les H\u00e9breux\u00a0 verront la r\u00e9compense de leurs tribulations, de m\u00eame que toute vie n&rsquo;est que le pr\u00e9ambule d&rsquo;une vie divine, de m\u00eame le monde entier sera arrach\u00e9 au pouvoir du Mauvais. \u00ab Exhortons-nous mutuellement, d&rsquo;autant que vous voyez approcher le Grand Jour. \u00bb \u00ab Affermissez vos c\u0153urs, car l&rsquo;av\u00e8nement du Seigneur est proche. \u00bb Les premiers convertis attendent pour les jours prochains la r\u00e9sorption du monde entier dans une J\u00e9rusalem c\u00e9leste. Ensuite, la Parousie, qui ne se produit pas au cours de la g\u00e9n\u00e9ration, sera ind\u00e9finiment repouss\u00e9e. Mais l&rsquo;histoire a cess\u00e9 d&rsquo;\u00eatre la cit\u00e9 des hommes. Elle n&rsquo;est plus que leur campement. Elle a cess\u00e9 d&rsquo;\u00eatre le lieu des affirmations. Elle est le lieu d&rsquo;une attente, d&rsquo;une d\u00e9testation de ce qui est et d&rsquo;une impatience de ce qui sera. Elle est un couloir entre le paradis perdu et le paradis \u00e0 retrouver. Elle a un sens, une direction, une vocation. Pour l&rsquo;Hell\u00e8ne et pour le Romain, voil\u00e0 le propre d&rsquo;une vision inhumaine. L&rsquo;homme antique (disons le civilis\u00e9, l&rsquo;humaniste) croit \u00e0 de l&rsquo;immuable et \u00e0 du relatif, dans un \u00e9ternel retour. L&rsquo;Histoire n&rsquo;est pas le champ d&rsquo;affrontement d&rsquo;un Bien et d&rsquo;un Mal absolus, sous l&rsquo;\u0153il impatient de Jahv\u00e9, et qui sera finalement transfigur\u00e9e en champ c\u00e9leste par le triomphe du Bien. L&rsquo;Histoire est le perp\u00e9tuel brassage des biens et des maux, dans l&rsquo;affirmation des volont\u00e9s humaines et les avatars des projets humains, volont\u00e9s et projets temp\u00e9r\u00e9s par la raison, si cela se peut. Et, de toute fa\u00e7on, la vie m\u00e9rite d&rsquo;\u00eatre revue, aim\u00e9e, c\u00e9l\u00e9br\u00e9e, quel que soit demain.<\/p>\n<p style=\"text-align: justify;\">\n","protected":false},"excerpt":{"rendered":"<p>Et pourtant, voyez-vous, il y a, \u00e0 la base de la mentalit\u00e9 chr\u00e9tienne, quelque chose qui m&rsquo;est \u00e9tranger. Radicalement \u00e9tranger. Comment vous dire ? Je ne sens pas mes racines dans les origines du christianisme. Le fond culturel du christianisme n&rsquo;est pas le mien. En r\u00e9alit\u00e9, je n&rsquo;ai jamais cess\u00e9 de m&rsquo;y trouver sourdement oppos\u00e9. Je ne m&rsquo;en rendais pas compte. Mais dans mes id\u00e9es, mes sentiments, mes intuitions et jusque dans mes mani\u00e8res d&rsquo;\u00eatre, c&rsquo;\u00e9tait une r\u00e9sistance informul\u00e9e qui se manifestait. L&rsquo;\u00e9vidence a fini par m&rsquo;appara\u00eetre sur le tard. Tu n&rsquo;es pas chr\u00e9tien, voil\u00e0 toute ton histoire. Oui, c&rsquo;est ce que je me dis maintenant. Comment en suis-je venu \u00e0 comprendre cela ? Et \u00e0 comprendre qu&rsquo;\u00e0 travers moi, c&rsquo;\u00e9tait l&rsquo;essentiel du conflit du monde actuel qui se jouait, comme il s&rsquo;est jou\u00e9 dans l&rsquo;Occident antique, voici dix-huit si\u00e8cles ? <\/p>\n","protected":false},"author":1,"featured_media":0,"comment_status":"closed","ping_status":"closed","sticky":false,"template":"","format":"standard","meta":{"footnotes":""},"categories":[853],"tags":[280,157],"class_list":["post-7346","post","type-post","status-publish","format-standard","hentry","category-pauwels-louis","tag-christianisme","tag-religion"],"yoast_head":"<!-- This site is optimized with the Yoast SEO plugin v27.0 - https:\/\/yoast.com\/product\/yoast-seo-wordpress\/ -->\n<title>Comment devient-on ce que l&#039;on est ? par Louis Pauwels - 3e mill\u00e9naire - Spiritualit\u00e9 - Connaissance de soi - Non-dualit\u00e9 - M\u00e9ditation<\/title>\n<meta name=\"robots\" content=\"index, follow, max-snippet:-1, max-image-preview:large, max-video-preview:-1\" \/>\n<link rel=\"canonical\" href=\"https:\/\/www.revue3emillenaire.com\/blog\/comment-devient-on-ce-que-lon-est-par-louis-pauwels\/\" \/>\n<meta property=\"og:locale\" content=\"fr_FR\" \/>\n<meta property=\"og:type\" content=\"article\" \/>\n<meta property=\"og:title\" content=\"Comment devient-on ce que l&#039;on est ? par Louis Pauwels - 3e mill\u00e9naire - Spiritualit\u00e9 - Connaissance de soi - Non-dualit\u00e9 - M\u00e9ditation\" \/>\n<meta property=\"og:description\" content=\"Et pourtant, voyez-vous, il y a, \u00e0 la base de la mentalit\u00e9 chr\u00e9tienne, quelque chose qui m&#039;est \u00e9tranger. Radicalement \u00e9tranger. Comment vous dire ? Je ne sens pas mes racines dans les origines du christianisme. Le fond culturel du christianisme n&#039;est pas le mien. En r\u00e9alit\u00e9, je n&#039;ai jamais cess\u00e9 de m&#039;y trouver sourdement oppos\u00e9. Je ne m&#039;en rendais pas compte. Mais dans mes id\u00e9es, mes sentiments, mes intuitions et jusque dans mes mani\u00e8res d&#039;\u00eatre, c&#039;\u00e9tait une r\u00e9sistance informul\u00e9e qui se manifestait. L&#039;\u00e9vidence a fini par m&#039;appara\u00eetre sur le tard. Tu n&#039;es pas chr\u00e9tien, voil\u00e0 toute ton histoire. Oui, c&#039;est ce que je me dis maintenant. Comment en suis-je venu \u00e0 comprendre cela ? Et \u00e0 comprendre qu&#039;\u00e0 travers moi, c&#039;\u00e9tait l&#039;essentiel du conflit du monde actuel qui se jouait, comme il s&#039;est jou\u00e9 dans l&#039;Occident antique, voici dix-huit si\u00e8cles ?\" \/>\n<meta property=\"og:url\" content=\"https:\/\/www.revue3emillenaire.com\/blog\/comment-devient-on-ce-que-lon-est-par-louis-pauwels\/\" \/>\n<meta property=\"og:site_name\" content=\"3e mill\u00e9naire - Spiritualit\u00e9 - Connaissance de soi - Non-dualit\u00e9 - M\u00e9ditation\" \/>\n<meta property=\"article:published_time\" content=\"2011-06-12T13:36:20+00:00\" \/>\n<meta property=\"article:modified_time\" content=\"2011-09-17T16:01:12+00:00\" \/>\n<meta name=\"author\" content=\"3e mill\u00e9naire\" \/>\n<meta name=\"twitter:card\" content=\"summary_large_image\" \/>\n<meta name=\"twitter:label1\" content=\"\u00c9crit par\" \/>\n\t<meta name=\"twitter:data1\" content=\"3e mill\u00e9naire\" \/>\n\t<meta name=\"twitter:label2\" content=\"Dur\u00e9e de lecture estim\u00e9e\" \/>\n\t<meta name=\"twitter:data2\" content=\"19 minutes\" \/>\n<script type=\"application\/ld+json\" class=\"yoast-schema-graph\">{\"@context\":\"https:\/\/schema.org\",\"@graph\":[{\"@type\":\"Article\",\"@id\":\"https:\/\/www.revue3emillenaire.com\/blog\/comment-devient-on-ce-que-lon-est-par-louis-pauwels\/#article\",\"isPartOf\":{\"@id\":\"https:\/\/www.revue3emillenaire.com\/blog\/comment-devient-on-ce-que-lon-est-par-louis-pauwels\/\"},\"author\":{\"name\":\"3e mill\u00e9naire\",\"@id\":\"https:\/\/www.revue3emillenaire.com\/blog\/#\/schema\/person\/9a3a7cc4ccaa707f402d4394327106d5\"},\"headline\":\"Comment devient-on ce que l&rsquo;on est ? par Louis Pauwels\",\"datePublished\":\"2011-06-12T13:36:20+00:00\",\"dateModified\":\"2011-09-17T16:01:12+00:00\",\"mainEntityOfPage\":{\"@id\":\"https:\/\/www.revue3emillenaire.com\/blog\/comment-devient-on-ce-que-lon-est-par-louis-pauwels\/\"},\"wordCount\":3864,\"keywords\":[\"christianisme\",\"religion\"],\"articleSection\":[\"Pauwels Louis\"],\"inLanguage\":\"fr-FR\"},{\"@type\":\"WebPage\",\"@id\":\"https:\/\/www.revue3emillenaire.com\/blog\/comment-devient-on-ce-que-lon-est-par-louis-pauwels\/\",\"url\":\"https:\/\/www.revue3emillenaire.com\/blog\/comment-devient-on-ce-que-lon-est-par-louis-pauwels\/\",\"name\":\"Comment devient-on ce que l'on est ? par Louis Pauwels - 3e mill\u00e9naire - Spiritualit\u00e9 - Connaissance de soi - Non-dualit\u00e9 - M\u00e9ditation\",\"isPartOf\":{\"@id\":\"https:\/\/www.revue3emillenaire.com\/blog\/#website\"},\"datePublished\":\"2011-06-12T13:36:20+00:00\",\"dateModified\":\"2011-09-17T16:01:12+00:00\",\"author\":{\"@id\":\"https:\/\/www.revue3emillenaire.com\/blog\/#\/schema\/person\/9a3a7cc4ccaa707f402d4394327106d5\"},\"breadcrumb\":{\"@id\":\"https:\/\/www.revue3emillenaire.com\/blog\/comment-devient-on-ce-que-lon-est-par-louis-pauwels\/#breadcrumb\"},\"inLanguage\":\"fr-FR\",\"potentialAction\":[{\"@type\":\"ReadAction\",\"target\":[\"https:\/\/www.revue3emillenaire.com\/blog\/comment-devient-on-ce-que-lon-est-par-louis-pauwels\/\"]}]},{\"@type\":\"BreadcrumbList\",\"@id\":\"https:\/\/www.revue3emillenaire.com\/blog\/comment-devient-on-ce-que-lon-est-par-louis-pauwels\/#breadcrumb\",\"itemListElement\":[{\"@type\":\"ListItem\",\"position\":1,\"name\":\"Accueil\",\"item\":\"https:\/\/www.revue3emillenaire.com\/blog\/\"},{\"@type\":\"ListItem\",\"position\":2,\"name\":\"Comment devient-on ce que l&rsquo;on est ? par Louis Pauwels\"}]},{\"@type\":\"WebSite\",\"@id\":\"https:\/\/www.revue3emillenaire.com\/blog\/#website\",\"url\":\"https:\/\/www.revue3emillenaire.com\/blog\/\",\"name\":\"3e mill\u00e9naire - Spiritualit\u00e9 - Connaissance de soi - Non-dualit\u00e9 - M\u00e9ditation\",\"description\":\"L&#039;Homme en devenir\",\"potentialAction\":[{\"@type\":\"SearchAction\",\"target\":{\"@type\":\"EntryPoint\",\"urlTemplate\":\"https:\/\/www.revue3emillenaire.com\/blog\/?s={search_term_string}\"},\"query-input\":{\"@type\":\"PropertyValueSpecification\",\"valueRequired\":true,\"valueName\":\"search_term_string\"}}],\"inLanguage\":\"fr-FR\"},{\"@type\":\"Person\",\"@id\":\"https:\/\/www.revue3emillenaire.com\/blog\/#\/schema\/person\/9a3a7cc4ccaa707f402d4394327106d5\",\"name\":\"3e mill\u00e9naire\",\"url\":\"https:\/\/www.revue3emillenaire.com\/blog\/author\/admin\/\"}]}<\/script>\n<!-- \/ Yoast SEO plugin. -->","yoast_head_json":{"title":"Comment devient-on ce que l'on est ? par Louis Pauwels - 3e mill\u00e9naire - Spiritualit\u00e9 - Connaissance de soi - Non-dualit\u00e9 - M\u00e9ditation","robots":{"index":"index","follow":"follow","max-snippet":"max-snippet:-1","max-image-preview":"max-image-preview:large","max-video-preview":"max-video-preview:-1"},"canonical":"https:\/\/www.revue3emillenaire.com\/blog\/comment-devient-on-ce-que-lon-est-par-louis-pauwels\/","og_locale":"fr_FR","og_type":"article","og_title":"Comment devient-on ce que l'on est ? par Louis Pauwels - 3e mill\u00e9naire - Spiritualit\u00e9 - Connaissance de soi - Non-dualit\u00e9 - M\u00e9ditation","og_description":"Et pourtant, voyez-vous, il y a, \u00e0 la base de la mentalit\u00e9 chr\u00e9tienne, quelque chose qui m'est \u00e9tranger. Radicalement \u00e9tranger. Comment vous dire ? Je ne sens pas mes racines dans les origines du christianisme. Le fond culturel du christianisme n'est pas le mien. En r\u00e9alit\u00e9, je n'ai jamais cess\u00e9 de m'y trouver sourdement oppos\u00e9. Je ne m'en rendais pas compte. Mais dans mes id\u00e9es, mes sentiments, mes intuitions et jusque dans mes mani\u00e8res d'\u00eatre, c'\u00e9tait une r\u00e9sistance informul\u00e9e qui se manifestait. L'\u00e9vidence a fini par m'appara\u00eetre sur le tard. Tu n'es pas chr\u00e9tien, voil\u00e0 toute ton histoire. Oui, c'est ce que je me dis maintenant. Comment en suis-je venu \u00e0 comprendre cela ? Et \u00e0 comprendre qu'\u00e0 travers moi, c'\u00e9tait l'essentiel du conflit du monde actuel qui se jouait, comme il s'est jou\u00e9 dans l'Occident antique, voici dix-huit si\u00e8cles ?","og_url":"https:\/\/www.revue3emillenaire.com\/blog\/comment-devient-on-ce-que-lon-est-par-louis-pauwels\/","og_site_name":"3e mill\u00e9naire - Spiritualit\u00e9 - Connaissance de soi - Non-dualit\u00e9 - M\u00e9ditation","article_published_time":"2011-06-12T13:36:20+00:00","article_modified_time":"2011-09-17T16:01:12+00:00","author":"3e mill\u00e9naire","twitter_card":"summary_large_image","twitter_misc":{"\u00c9crit par":"3e mill\u00e9naire","Dur\u00e9e de lecture estim\u00e9e":"19 minutes"},"schema":{"@context":"https:\/\/schema.org","@graph":[{"@type":"Article","@id":"https:\/\/www.revue3emillenaire.com\/blog\/comment-devient-on-ce-que-lon-est-par-louis-pauwels\/#article","isPartOf":{"@id":"https:\/\/www.revue3emillenaire.com\/blog\/comment-devient-on-ce-que-lon-est-par-louis-pauwels\/"},"author":{"name":"3e mill\u00e9naire","@id":"https:\/\/www.revue3emillenaire.com\/blog\/#\/schema\/person\/9a3a7cc4ccaa707f402d4394327106d5"},"headline":"Comment devient-on ce que l&rsquo;on est ? par Louis Pauwels","datePublished":"2011-06-12T13:36:20+00:00","dateModified":"2011-09-17T16:01:12+00:00","mainEntityOfPage":{"@id":"https:\/\/www.revue3emillenaire.com\/blog\/comment-devient-on-ce-que-lon-est-par-louis-pauwels\/"},"wordCount":3864,"keywords":["christianisme","religion"],"articleSection":["Pauwels Louis"],"inLanguage":"fr-FR"},{"@type":"WebPage","@id":"https:\/\/www.revue3emillenaire.com\/blog\/comment-devient-on-ce-que-lon-est-par-louis-pauwels\/","url":"https:\/\/www.revue3emillenaire.com\/blog\/comment-devient-on-ce-que-lon-est-par-louis-pauwels\/","name":"Comment devient-on ce que l'on est ? par Louis Pauwels - 3e mill\u00e9naire - Spiritualit\u00e9 - Connaissance de soi - Non-dualit\u00e9 - M\u00e9ditation","isPartOf":{"@id":"https:\/\/www.revue3emillenaire.com\/blog\/#website"},"datePublished":"2011-06-12T13:36:20+00:00","dateModified":"2011-09-17T16:01:12+00:00","author":{"@id":"https:\/\/www.revue3emillenaire.com\/blog\/#\/schema\/person\/9a3a7cc4ccaa707f402d4394327106d5"},"breadcrumb":{"@id":"https:\/\/www.revue3emillenaire.com\/blog\/comment-devient-on-ce-que-lon-est-par-louis-pauwels\/#breadcrumb"},"inLanguage":"fr-FR","potentialAction":[{"@type":"ReadAction","target":["https:\/\/www.revue3emillenaire.com\/blog\/comment-devient-on-ce-que-lon-est-par-louis-pauwels\/"]}]},{"@type":"BreadcrumbList","@id":"https:\/\/www.revue3emillenaire.com\/blog\/comment-devient-on-ce-que-lon-est-par-louis-pauwels\/#breadcrumb","itemListElement":[{"@type":"ListItem","position":1,"name":"Accueil","item":"https:\/\/www.revue3emillenaire.com\/blog\/"},{"@type":"ListItem","position":2,"name":"Comment devient-on ce que l&rsquo;on est ? par Louis Pauwels"}]},{"@type":"WebSite","@id":"https:\/\/www.revue3emillenaire.com\/blog\/#website","url":"https:\/\/www.revue3emillenaire.com\/blog\/","name":"3e mill\u00e9naire - Spiritualit\u00e9 - Connaissance de soi - Non-dualit\u00e9 - M\u00e9ditation","description":"L&#039;Homme en devenir","potentialAction":[{"@type":"SearchAction","target":{"@type":"EntryPoint","urlTemplate":"https:\/\/www.revue3emillenaire.com\/blog\/?s={search_term_string}"},"query-input":{"@type":"PropertyValueSpecification","valueRequired":true,"valueName":"search_term_string"}}],"inLanguage":"fr-FR"},{"@type":"Person","@id":"https:\/\/www.revue3emillenaire.com\/blog\/#\/schema\/person\/9a3a7cc4ccaa707f402d4394327106d5","name":"3e mill\u00e9naire","url":"https:\/\/www.revue3emillenaire.com\/blog\/author\/admin\/"}]}},"_links":{"self":[{"href":"https:\/\/www.revue3emillenaire.com\/blog\/wp-json\/wp\/v2\/posts\/7346","targetHints":{"allow":["GET"]}}],"collection":[{"href":"https:\/\/www.revue3emillenaire.com\/blog\/wp-json\/wp\/v2\/posts"}],"about":[{"href":"https:\/\/www.revue3emillenaire.com\/blog\/wp-json\/wp\/v2\/types\/post"}],"author":[{"embeddable":true,"href":"https:\/\/www.revue3emillenaire.com\/blog\/wp-json\/wp\/v2\/users\/1"}],"replies":[{"embeddable":true,"href":"https:\/\/www.revue3emillenaire.com\/blog\/wp-json\/wp\/v2\/comments?post=7346"}],"version-history":[{"count":0,"href":"https:\/\/www.revue3emillenaire.com\/blog\/wp-json\/wp\/v2\/posts\/7346\/revisions"}],"wp:attachment":[{"href":"https:\/\/www.revue3emillenaire.com\/blog\/wp-json\/wp\/v2\/media?parent=7346"}],"wp:term":[{"taxonomy":"category","embeddable":true,"href":"https:\/\/www.revue3emillenaire.com\/blog\/wp-json\/wp\/v2\/categories?post=7346"},{"taxonomy":"post_tag","embeddable":true,"href":"https:\/\/www.revue3emillenaire.com\/blog\/wp-json\/wp\/v2\/tags?post=7346"}],"curies":[{"name":"wp","href":"https:\/\/api.w.org\/{rel}","templated":true}]}}