{"id":7354,"date":"2011-06-12T14:36:34","date_gmt":"2011-06-12T13:36:34","guid":{"rendered":"http:\/\/www.revue3emillenaire.com\/blog\/?p=7354"},"modified":"2011-09-17T16:35:41","modified_gmt":"2011-09-17T15:35:41","slug":"richesse-des-perceptions-globales-immediates-par-robert-linssen","status":"publish","type":"post","link":"https:\/\/www.revue3emillenaire.com\/blog\/richesse-des-perceptions-globales-immediates-par-robert-linssen\/","title":{"rendered":"Richesse des perceptions globales imm\u00e9diates par Robert Linssen"},"content":{"rendered":"<p style=\"text-align: justify;\">(Revue \u00eatre Libre. N<sup>o<\/sup> 313. Janvier-Mars 1988)<\/p>\n<p style=\"text-align: justify;\">\n<p style=\"text-align: justify;\">L&rsquo;agitation superficielle de la vie moderne nous emp\u00eache de d\u00e9couvrir notre vraie nature. Sagesses antiques et sciences nouvelles nous enseignent que nous sommes tr\u00e8s diff\u00e9rents de ce que nous croyons \u00eatre.<\/p>\n<p style=\"text-align: justify;\">\n<p style=\"text-align: justify;\">La signification et le r\u00f4le v\u00e9ritable des perceptions naturelles les plus simples nous \u00e9chappent compl\u00e8tement. Un potentiel de r\u00e9v\u00e9lations et d&rsquo;enrichissements constants existe dans le simple fait de voir, d&rsquo;entendre, de toucher, de respirer. Nos activit\u00e9s sensorielles n&rsquo;ont plus le lien naturel ni le contact qu&rsquo;elles devraient avoir avec notre nature profonde et celle de l&rsquo;Univers. Elles se sont progressivement endormies dans l&rsquo;inattention, l&rsquo;habitude, la banalit\u00e9, l&rsquo;indiff\u00e9rence. La finesse d&rsquo;architecture cellulaire du corps humain, le syst\u00e8me nerveux et le cerveau donnent cependant la possibilit\u00e9 de perceptions plus profondes. Celles-ci permettent d&rsquo;acc\u00e9der naturellement \u00e0 l&rsquo;infinitude d&rsquo;horizons int\u00e9rieurs dont la d\u00e9couverte volatilise les barri\u00e8res de temps et d&rsquo;espace qui nous emprisonnent.<\/p>\n<p style=\"text-align: justify;\">\n<p style=\"text-align: justify;\">Lorsque ces perceptions sont absentes, nous sommes semblables \u00e0 des exil\u00e9s. Nous ne nous en rendons pas compte. Alors ? Que faire ? Il y a-t-il quelque chose \u00e0 faire ? Certainement, oui. Mais \u00ab comment \u00bb ?<\/p>\n<p style=\"text-align: justify;\">\n<p style=\"text-align: justify;\">A cette question in\u00e9vitable, logique, les Ma\u00eetres des \u00ab Voies Abruptes \u00bb, le Ch&rsquo;an, Krishnamurti, donnent une r\u00e9ponse paradoxale, d\u00e9routante. Cette r\u00e9ponse prend la forme inattendue d&rsquo;une \u00ab contre-question \u00bb : \u00ab Vous posez la question de savoir \u00ab comment \u00bb il faut faire et quelle est la m\u00e9thode \u00e0 suivre ? Mais \u00ab qui \u00bb va suivre la m\u00e9thode ? La conformit\u00e9 et l&rsquo;imitation de la m\u00e9thode propos\u00e9e ne vont-elles pas aboutir \u00e0 une transformation superficielle, plus apparente que r\u00e9elle ?<\/p>\n<p style=\"text-align: justify;\">\n<p style=\"text-align: justify;\">En r\u00e9alit\u00e9, nous sommes a priori incapables de faire quoi que ce soit de valable. L&rsquo;exil\u00e9 dans sa condition d&rsquo;exil et d&rsquo;ignorance peut apparemment se transformer de diverses fa\u00e7ons conform\u00e9ment aux mod\u00e8les qu&rsquo;il s&rsquo;est propos\u00e9 d&rsquo;imiter. Mais ces transformations \u00ab de surface \u00bb se profilent sur la toile de fond de l&rsquo;\u00e9go qui reste intacte. Ses actes porteront toujours les empreintes ind\u00e9l\u00e9biles d&rsquo;une c\u00e9cit\u00e9 spirituelle et d&rsquo;une erreur fondamentale de perception.<\/p>\n<p style=\"text-align: justify;\">\n<p style=\"text-align: justify;\">Une remise en question profonde s&rsquo;av\u00e8re n\u00e9cessaire par celui qui s&rsquo;est pos\u00e9 les interrogations auxquelles nous venons de faire allusion. Cette totale remise en question de soi exige l&rsquo;exercice d&rsquo;une attention particuli\u00e8rement vigilante que Krishnamurti et certains bouddhistes appellent \u00ab la Vue p\u00e9n\u00e9trante \u00bb, la clart\u00e9 du miroir qui voit tout, ne prend rien, ne compare rien, ne nomme rien.<\/p>\n<p style=\"text-align: justify;\">\n<p style=\"text-align: justify;\">Seule, la Flamme de l&rsquo;attention peut volatiliser les murailles psychiques \u00e9paisses dans lesquelles se trouvent enferm\u00e9es la conscience de l&rsquo;\u00e9go, l&rsquo;image que nous avons de nous-m\u00eames et les r\u00e9sidus de milliards de m\u00e9moires. L&rsquo;affranchissement de l&#8217;emprise de ces m\u00e9moires mill\u00e9naires nous r\u00e9v\u00e8le enfin la joie et la lumi\u00e8re d&rsquo;une toute autre r\u00e9alit\u00e9. Seule, la pl\u00e9nitude de cette conscience supra-mentale peut nous lib\u00e9rer et nous r\u00e9v\u00e9ler \u00ab l&rsquo;Etat Naturel \u00bb.<\/p>\n<p style=\"text-align: justify;\">Au seuil du troisi\u00e8me mill\u00e9naire, la presque-totalit\u00e9 des quatre ou cinq milliards d&rsquo;\u00eatres humains est \u00e0 la fois indiff\u00e9rente et inaccessible aux probl\u00e8mes que nous venons d&rsquo;\u00e9voquer. Suite \u00e0 des erreurs d&rsquo;\u00e9ducation et une absence de maturit\u00e9 psychologique ou spirituelle, les \u00ab m\u00e9dias \u00bb aussi bien que les \u00ab cadres \u00bb sont hypnotis\u00e9s par les r\u00e9alisations spectaculaires des technologies de pointe, de la robotique, de la cybern\u00e9tique, etc. Les progr\u00e8s de la cybern\u00e9tique prouvent par ailleurs le caract\u00e8re m\u00e9canique et non cr\u00e9ateur de nos op\u00e9rations mentales. On \u00e9vite de le reconna\u00eetre.<\/p>\n<p style=\"text-align: justify;\">\n<p style=\"text-align: justify;\">Les r\u00e9ussites ext\u00e9rieures ne concernent que l&rsquo;aspect partiel d&rsquo;un univers infiniment plus vaste, plus riche et vivant que celui auquel nous nous sommes enti\u00e8rement identifi\u00e9s. Ainsi que le d\u00e9clare Fr. Capra, David Bohm et des savants de plus en plus nombreux, l&rsquo;origine premi\u00e8re de toutes les crises \u00e0 tous les niveaux (psychologiques, sociaux, \u00e9conomiques, \u00e9cologiques, probl\u00e8mes de sant\u00e9) r\u00e9sulte d&rsquo;une erreur fondamentale de perception, et ce, dans le sens que nous indiquons.<\/p>\n<p style=\"text-align: justify;\">\n<p style=\"text-align: center;\">**<\/p>\n<p style=\"text-align: justify;\">\n<p style=\"text-align: justify;\">Pour comprendre et sentir ce qu&rsquo;impliquent vraiment toutes nos perceptions (voir, entendre, parler, toucher), il faut savoir que le monde physique auquel se limitent nos perceptions actuelles n&rsquo;est qu&rsquo;une infime partie d&rsquo;un univers pluridimensionnel dont la nature spirituelle et l&rsquo;immensit\u00e9 nous \u00e9chappent compl\u00e8tement. Nous perdons de vue que la contrepartie des atomes, \u00e9lectrons de nos cellules est \u00e9galement de nature spirituelle.<\/p>\n<p style=\"text-align: justify;\">\n<p style=\"text-align: justify;\">L&rsquo;univers doit \u00eatre consid\u00e9r\u00e9 comme le \u00ab corps d&rsquo;un seul et m\u00eame vivant \u00bb. Chaque \u00eatre vivant, homme, animal, arbre, plante doit \u00eatre consid\u00e9r\u00e9 comme membre apparemment s\u00e9par\u00e9 mais enti\u00e8rement solidaire de ce Grand Corps Cosmique. Ceci est beaucoup plus qu&rsquo;une simple image. Nous l&rsquo;avons signal\u00e9 de nombreuses fois et le r\u00e9p\u00e9terons encore \u00e0 dessein. Cette ancienne vision des sagesses antiques se trouve de plus en plus confirm\u00e9e par les sciences en 1988 (David Bohm, A. Sheldrake, Fr. Capra, Stanislav Grof, etc.).<\/p>\n<p style=\"text-align: justify;\">\n<p style=\"text-align: justify;\">Tout \u00eatre humain s&rsquo;engageant profond\u00e9ment dans la m\u00e9ditation peut vivre cette unit\u00e9 par l&rsquo;exercice de la Vue Juste (Non-Mentale) et l&rsquo;Ecoute parfaite. Celles-ci sont compl\u00e9mentaires, simultan\u00e9es et indissociables. Nous les commenterons plus loin.<\/p>\n<p style=\"text-align: justify;\">\n<p style=\"text-align: justify;\">Le \u00ab Grand Vivant \u00bb dont nous faisons partie est essentiellement un Mouvement qui peut nous para\u00eetre myst\u00e9rieux et que David Bohm et certains savants appellent : Holomouvement. C&rsquo;est un mouvement de cr\u00e9ation qui ne se d\u00e9ploie ni dans le temps, ni dans l&rsquo;espace. Il ne se dirige pas vers quoique que ce soit pour atteindre un endroit ou un \u00ab demain quelconque \u00bb. Il n&rsquo;a pas de direction. Il ne vient pas d&rsquo;ailleurs. Au niveau de ces ultimes profondeurs, il n&rsquo;y a ni hier, ni demain, ni ici, ni l\u00e0-bas. Le langage commun peut \u00e0 peine sugg\u00e9rer son omnipr\u00e9sence, son omnip\u00e9n\u00e9trabilit\u00e9, son intemporalit\u00e9. Il s&rsquo;autog\u00e9n\u00e8re comme l&rsquo;univers lui-m\u00eame s&rsquo;autog\u00e9n\u00e8re. Il est int\u00e9ressant de noter que, depuis 1987, des d\u00e9couvertes scientifiques faites simultan\u00e9ment en Chine, en U.R.S.S., aux U.S.A. et en Allemagne ont r\u00e9v\u00e9l\u00e9 le processus d&rsquo;autog\u00e9n\u00e9ration constant de l&rsquo;Univers.<\/p>\n<p style=\"text-align: justify;\">\n<p style=\"text-align: justify;\">A quoi bon, diront certains, toutes ces consid\u00e9rations qui respirent la m\u00e9taphysique ou le mysticisme ? Ne sont-elles que sp\u00e9culations imaginaires contribuant \u00e0 nous \u00e9vader de ce que nous appelons les r\u00e9alit\u00e9s quotidiennes ? Vont-elles contribuer \u00e0 une sorte de \u00ab capitulation en rase-campagne \u00bb pour faire de nous des d\u00e9sincarn\u00e9s insensibles aux probl\u00e8mes humains ?<\/p>\n<p style=\"text-align: justify;\">\n<p style=\"text-align: justify;\">Eh bien ! Non. Contre toute attente, l&rsquo;Holomouvement est l\u00e0, ici et maintenant. Chaque \u00eatre humain est l&rsquo;Holomouvement sans le savoir. Chacun de nos actes, chacune de nos pens\u00e9es est l&rsquo;Holomouvement car l&rsquo;Holomouvement est \u00ab omni-englobant \u00bb et \u00ab omnip\u00e9n\u00e9trant \u00bb. Il est \u00e0 la fois immanent et transcendant.<\/p>\n<p style=\"text-align: justify;\">\n<p style=\"text-align: justify;\">Nous voici au moment de l&rsquo;incroyable surprise : dans la mesure o\u00f9 nos perceptions sensorielles sont compl\u00e8tes, globales, pr\u00e9sentes elles sont spirituelles iris\u00e9es par l&rsquo;\u00e9nergie de l&rsquo;Holomoument et nous pouvons vivre l&rsquo;extraordinaire co-participation \u00e0 l&rsquo;Acte Cr\u00e9ateur. Le processus d&rsquo;autog\u00e9n\u00e9ration et d&rsquo;auto-cr\u00e9ation de l&rsquo;univers trouve en nous un r\u00e9ceptacle transparent, parfait anonyme de Sa pr\u00e9sence.<\/p>\n","protected":false},"excerpt":{"rendered":"<p>La signification et le r\u00f4le v\u00e9ritable des perceptions naturelles les plus simples nous \u00e9chappent compl\u00e8tement. Un potentiel de r\u00e9v\u00e9lations et d&rsquo;enrichissements constants existe dans le simple fait de voir, d&rsquo;entendre, de toucher, de respirer. Nos activit\u00e9s sensorielles n&rsquo;ont plus le lien naturel ni le contact qu&rsquo;elles devraient avoir avec notre nature profonde et celle de l&rsquo;Univers. Elles se sont progressivement endormies dans l&rsquo;inattention, l&rsquo;habitude, la banalit\u00e9, l&rsquo;indiff\u00e9rence. La finesse d&rsquo;architecture cellulaire du corps humain, le syst\u00e8me nerveux et le cerveau donnent cependant la possibilit\u00e9 de perceptions plus profondes. Celles-ci permettent d&rsquo;acc\u00e9der naturellement \u00e0 l&rsquo;infinitude d&rsquo;horizons int\u00e9rieurs dont la d\u00e9couverte volatilise les barri\u00e8res de temps et d&rsquo;espace qui nous emprisonnent.<\/p>\n","protected":false},"author":1,"featured_media":0,"comment_status":"closed","ping_status":"closed","sticky":false,"template":"","format":"standard","meta":{"footnotes":""},"categories":[66],"tags":[95,52],"class_list":["post-7354","post","type-post","status-publish","format-standard","hentry","category-r-linssen","tag-attention","tag-perception"],"yoast_head":"<!-- This site is optimized with the Yoast SEO plugin v27.0 - https:\/\/yoast.com\/product\/yoast-seo-wordpress\/ -->\n<title>Richesse des perceptions globales imm\u00e9diates par Robert Linssen - 3e mill\u00e9naire - Spiritualit\u00e9 - Connaissance de soi - Non-dualit\u00e9 - M\u00e9ditation<\/title>\n<meta name=\"robots\" content=\"index, follow, max-snippet:-1, max-image-preview:large, max-video-preview:-1\" \/>\n<link rel=\"canonical\" href=\"https:\/\/www.revue3emillenaire.com\/blog\/richesse-des-perceptions-globales-immediates-par-robert-linssen\/\" \/>\n<meta property=\"og:locale\" content=\"fr_FR\" \/>\n<meta property=\"og:type\" content=\"article\" \/>\n<meta property=\"og:title\" content=\"Richesse des perceptions globales imm\u00e9diates par Robert Linssen - 3e mill\u00e9naire - Spiritualit\u00e9 - Connaissance de soi - Non-dualit\u00e9 - M\u00e9ditation\" \/>\n<meta property=\"og:description\" content=\"La signification et le r\u00f4le v\u00e9ritable des perceptions naturelles les plus simples nous \u00e9chappent compl\u00e8tement. Un potentiel de r\u00e9v\u00e9lations et d&#039;enrichissements constants existe dans le simple fait de voir, d&#039;entendre, de toucher, de respirer. Nos activit\u00e9s sensorielles n&#039;ont plus le lien naturel ni le contact qu&#039;elles devraient avoir avec notre nature profonde et celle de l&#039;Univers. Elles se sont progressivement endormies dans l&#039;inattention, l&#039;habitude, la banalit\u00e9, l&#039;indiff\u00e9rence. La finesse d&#039;architecture cellulaire du corps humain, le syst\u00e8me nerveux et le cerveau donnent cependant la possibilit\u00e9 de perceptions plus profondes. Celles-ci permettent d&#039;acc\u00e9der naturellement \u00e0 l&#039;infinitude d&#039;horizons int\u00e9rieurs dont la d\u00e9couverte volatilise les barri\u00e8res de temps et d&#039;espace qui nous emprisonnent.\" \/>\n<meta property=\"og:url\" content=\"https:\/\/www.revue3emillenaire.com\/blog\/richesse-des-perceptions-globales-immediates-par-robert-linssen\/\" \/>\n<meta property=\"og:site_name\" content=\"3e mill\u00e9naire - Spiritualit\u00e9 - Connaissance de soi - Non-dualit\u00e9 - M\u00e9ditation\" \/>\n<meta property=\"article:published_time\" content=\"2011-06-12T13:36:34+00:00\" \/>\n<meta property=\"article:modified_time\" content=\"2011-09-17T15:35:41+00:00\" \/>\n<meta name=\"author\" content=\"3e mill\u00e9naire\" \/>\n<meta name=\"twitter:card\" content=\"summary_large_image\" \/>\n<meta name=\"twitter:label1\" content=\"\u00c9crit par\" \/>\n\t<meta name=\"twitter:data1\" content=\"3e mill\u00e9naire\" \/>\n\t<meta name=\"twitter:label2\" content=\"Dur\u00e9e de lecture estim\u00e9e\" \/>\n\t<meta name=\"twitter:data2\" content=\"6 minutes\" \/>\n<script type=\"application\/ld+json\" class=\"yoast-schema-graph\">{\"@context\":\"https:\/\/schema.org\",\"@graph\":[{\"@type\":\"Article\",\"@id\":\"https:\/\/www.revue3emillenaire.com\/blog\/richesse-des-perceptions-globales-immediates-par-robert-linssen\/#article\",\"isPartOf\":{\"@id\":\"https:\/\/www.revue3emillenaire.com\/blog\/richesse-des-perceptions-globales-immediates-par-robert-linssen\/\"},\"author\":{\"name\":\"3e mill\u00e9naire\",\"@id\":\"https:\/\/www.revue3emillenaire.com\/blog\/#\/schema\/person\/9a3a7cc4ccaa707f402d4394327106d5\"},\"headline\":\"Richesse des perceptions globales imm\u00e9diates par Robert Linssen\",\"datePublished\":\"2011-06-12T13:36:34+00:00\",\"dateModified\":\"2011-09-17T15:35:41+00:00\",\"mainEntityOfPage\":{\"@id\":\"https:\/\/www.revue3emillenaire.com\/blog\/richesse-des-perceptions-globales-immediates-par-robert-linssen\/\"},\"wordCount\":1190,\"keywords\":[\"Attention\",\"Perception\"],\"articleSection\":[\"Linssen Robert\"],\"inLanguage\":\"fr-FR\"},{\"@type\":\"WebPage\",\"@id\":\"https:\/\/www.revue3emillenaire.com\/blog\/richesse-des-perceptions-globales-immediates-par-robert-linssen\/\",\"url\":\"https:\/\/www.revue3emillenaire.com\/blog\/richesse-des-perceptions-globales-immediates-par-robert-linssen\/\",\"name\":\"Richesse des perceptions globales imm\u00e9diates par Robert Linssen - 3e mill\u00e9naire - Spiritualit\u00e9 - Connaissance de soi - Non-dualit\u00e9 - M\u00e9ditation\",\"isPartOf\":{\"@id\":\"https:\/\/www.revue3emillenaire.com\/blog\/#website\"},\"datePublished\":\"2011-06-12T13:36:34+00:00\",\"dateModified\":\"2011-09-17T15:35:41+00:00\",\"author\":{\"@id\":\"https:\/\/www.revue3emillenaire.com\/blog\/#\/schema\/person\/9a3a7cc4ccaa707f402d4394327106d5\"},\"breadcrumb\":{\"@id\":\"https:\/\/www.revue3emillenaire.com\/blog\/richesse-des-perceptions-globales-immediates-par-robert-linssen\/#breadcrumb\"},\"inLanguage\":\"fr-FR\",\"potentialAction\":[{\"@type\":\"ReadAction\",\"target\":[\"https:\/\/www.revue3emillenaire.com\/blog\/richesse-des-perceptions-globales-immediates-par-robert-linssen\/\"]}]},{\"@type\":\"BreadcrumbList\",\"@id\":\"https:\/\/www.revue3emillenaire.com\/blog\/richesse-des-perceptions-globales-immediates-par-robert-linssen\/#breadcrumb\",\"itemListElement\":[{\"@type\":\"ListItem\",\"position\":1,\"name\":\"Accueil\",\"item\":\"https:\/\/www.revue3emillenaire.com\/blog\/\"},{\"@type\":\"ListItem\",\"position\":2,\"name\":\"Richesse des perceptions globales imm\u00e9diates par Robert Linssen\"}]},{\"@type\":\"WebSite\",\"@id\":\"https:\/\/www.revue3emillenaire.com\/blog\/#website\",\"url\":\"https:\/\/www.revue3emillenaire.com\/blog\/\",\"name\":\"3e mill\u00e9naire - Spiritualit\u00e9 - Connaissance de soi - Non-dualit\u00e9 - M\u00e9ditation\",\"description\":\"L&#039;Homme en devenir\",\"potentialAction\":[{\"@type\":\"SearchAction\",\"target\":{\"@type\":\"EntryPoint\",\"urlTemplate\":\"https:\/\/www.revue3emillenaire.com\/blog\/?s={search_term_string}\"},\"query-input\":{\"@type\":\"PropertyValueSpecification\",\"valueRequired\":true,\"valueName\":\"search_term_string\"}}],\"inLanguage\":\"fr-FR\"},{\"@type\":\"Person\",\"@id\":\"https:\/\/www.revue3emillenaire.com\/blog\/#\/schema\/person\/9a3a7cc4ccaa707f402d4394327106d5\",\"name\":\"3e mill\u00e9naire\",\"url\":\"https:\/\/www.revue3emillenaire.com\/blog\/author\/admin\/\"}]}<\/script>\n<!-- \/ Yoast SEO plugin. -->","yoast_head_json":{"title":"Richesse des perceptions globales imm\u00e9diates par Robert Linssen - 3e mill\u00e9naire - Spiritualit\u00e9 - Connaissance de soi - Non-dualit\u00e9 - M\u00e9ditation","robots":{"index":"index","follow":"follow","max-snippet":"max-snippet:-1","max-image-preview":"max-image-preview:large","max-video-preview":"max-video-preview:-1"},"canonical":"https:\/\/www.revue3emillenaire.com\/blog\/richesse-des-perceptions-globales-immediates-par-robert-linssen\/","og_locale":"fr_FR","og_type":"article","og_title":"Richesse des perceptions globales imm\u00e9diates par Robert Linssen - 3e mill\u00e9naire - Spiritualit\u00e9 - Connaissance de soi - Non-dualit\u00e9 - M\u00e9ditation","og_description":"La signification et le r\u00f4le v\u00e9ritable des perceptions naturelles les plus simples nous \u00e9chappent compl\u00e8tement. Un potentiel de r\u00e9v\u00e9lations et d'enrichissements constants existe dans le simple fait de voir, d'entendre, de toucher, de respirer. Nos activit\u00e9s sensorielles n'ont plus le lien naturel ni le contact qu'elles devraient avoir avec notre nature profonde et celle de l'Univers. Elles se sont progressivement endormies dans l'inattention, l'habitude, la banalit\u00e9, l'indiff\u00e9rence. La finesse d'architecture cellulaire du corps humain, le syst\u00e8me nerveux et le cerveau donnent cependant la possibilit\u00e9 de perceptions plus profondes. Celles-ci permettent d'acc\u00e9der naturellement \u00e0 l'infinitude d'horizons int\u00e9rieurs dont la d\u00e9couverte volatilise les barri\u00e8res de temps et d'espace qui nous emprisonnent.","og_url":"https:\/\/www.revue3emillenaire.com\/blog\/richesse-des-perceptions-globales-immediates-par-robert-linssen\/","og_site_name":"3e mill\u00e9naire - Spiritualit\u00e9 - Connaissance de soi - Non-dualit\u00e9 - M\u00e9ditation","article_published_time":"2011-06-12T13:36:34+00:00","article_modified_time":"2011-09-17T15:35:41+00:00","author":"3e mill\u00e9naire","twitter_card":"summary_large_image","twitter_misc":{"\u00c9crit par":"3e mill\u00e9naire","Dur\u00e9e de lecture estim\u00e9e":"6 minutes"},"schema":{"@context":"https:\/\/schema.org","@graph":[{"@type":"Article","@id":"https:\/\/www.revue3emillenaire.com\/blog\/richesse-des-perceptions-globales-immediates-par-robert-linssen\/#article","isPartOf":{"@id":"https:\/\/www.revue3emillenaire.com\/blog\/richesse-des-perceptions-globales-immediates-par-robert-linssen\/"},"author":{"name":"3e mill\u00e9naire","@id":"https:\/\/www.revue3emillenaire.com\/blog\/#\/schema\/person\/9a3a7cc4ccaa707f402d4394327106d5"},"headline":"Richesse des perceptions globales imm\u00e9diates par Robert Linssen","datePublished":"2011-06-12T13:36:34+00:00","dateModified":"2011-09-17T15:35:41+00:00","mainEntityOfPage":{"@id":"https:\/\/www.revue3emillenaire.com\/blog\/richesse-des-perceptions-globales-immediates-par-robert-linssen\/"},"wordCount":1190,"keywords":["Attention","Perception"],"articleSection":["Linssen Robert"],"inLanguage":"fr-FR"},{"@type":"WebPage","@id":"https:\/\/www.revue3emillenaire.com\/blog\/richesse-des-perceptions-globales-immediates-par-robert-linssen\/","url":"https:\/\/www.revue3emillenaire.com\/blog\/richesse-des-perceptions-globales-immediates-par-robert-linssen\/","name":"Richesse des perceptions globales imm\u00e9diates par Robert Linssen - 3e mill\u00e9naire - Spiritualit\u00e9 - Connaissance de soi - Non-dualit\u00e9 - M\u00e9ditation","isPartOf":{"@id":"https:\/\/www.revue3emillenaire.com\/blog\/#website"},"datePublished":"2011-06-12T13:36:34+00:00","dateModified":"2011-09-17T15:35:41+00:00","author":{"@id":"https:\/\/www.revue3emillenaire.com\/blog\/#\/schema\/person\/9a3a7cc4ccaa707f402d4394327106d5"},"breadcrumb":{"@id":"https:\/\/www.revue3emillenaire.com\/blog\/richesse-des-perceptions-globales-immediates-par-robert-linssen\/#breadcrumb"},"inLanguage":"fr-FR","potentialAction":[{"@type":"ReadAction","target":["https:\/\/www.revue3emillenaire.com\/blog\/richesse-des-perceptions-globales-immediates-par-robert-linssen\/"]}]},{"@type":"BreadcrumbList","@id":"https:\/\/www.revue3emillenaire.com\/blog\/richesse-des-perceptions-globales-immediates-par-robert-linssen\/#breadcrumb","itemListElement":[{"@type":"ListItem","position":1,"name":"Accueil","item":"https:\/\/www.revue3emillenaire.com\/blog\/"},{"@type":"ListItem","position":2,"name":"Richesse des perceptions globales imm\u00e9diates par Robert Linssen"}]},{"@type":"WebSite","@id":"https:\/\/www.revue3emillenaire.com\/blog\/#website","url":"https:\/\/www.revue3emillenaire.com\/blog\/","name":"3e mill\u00e9naire - Spiritualit\u00e9 - Connaissance de soi - Non-dualit\u00e9 - M\u00e9ditation","description":"L&#039;Homme en devenir","potentialAction":[{"@type":"SearchAction","target":{"@type":"EntryPoint","urlTemplate":"https:\/\/www.revue3emillenaire.com\/blog\/?s={search_term_string}"},"query-input":{"@type":"PropertyValueSpecification","valueRequired":true,"valueName":"search_term_string"}}],"inLanguage":"fr-FR"},{"@type":"Person","@id":"https:\/\/www.revue3emillenaire.com\/blog\/#\/schema\/person\/9a3a7cc4ccaa707f402d4394327106d5","name":"3e mill\u00e9naire","url":"https:\/\/www.revue3emillenaire.com\/blog\/author\/admin\/"}]}},"_links":{"self":[{"href":"https:\/\/www.revue3emillenaire.com\/blog\/wp-json\/wp\/v2\/posts\/7354","targetHints":{"allow":["GET"]}}],"collection":[{"href":"https:\/\/www.revue3emillenaire.com\/blog\/wp-json\/wp\/v2\/posts"}],"about":[{"href":"https:\/\/www.revue3emillenaire.com\/blog\/wp-json\/wp\/v2\/types\/post"}],"author":[{"embeddable":true,"href":"https:\/\/www.revue3emillenaire.com\/blog\/wp-json\/wp\/v2\/users\/1"}],"replies":[{"embeddable":true,"href":"https:\/\/www.revue3emillenaire.com\/blog\/wp-json\/wp\/v2\/comments?post=7354"}],"version-history":[{"count":0,"href":"https:\/\/www.revue3emillenaire.com\/blog\/wp-json\/wp\/v2\/posts\/7354\/revisions"}],"wp:attachment":[{"href":"https:\/\/www.revue3emillenaire.com\/blog\/wp-json\/wp\/v2\/media?parent=7354"}],"wp:term":[{"taxonomy":"category","embeddable":true,"href":"https:\/\/www.revue3emillenaire.com\/blog\/wp-json\/wp\/v2\/categories?post=7354"},{"taxonomy":"post_tag","embeddable":true,"href":"https:\/\/www.revue3emillenaire.com\/blog\/wp-json\/wp\/v2\/tags?post=7354"}],"curies":[{"name":"wp","href":"https:\/\/api.w.org\/{rel}","templated":true}]}}