{"id":7441,"date":"2011-06-24T01:10:45","date_gmt":"2011-06-24T00:10:45","guid":{"rendered":"http:\/\/www.revue3emillenaire.com\/blog\/?p=7441"},"modified":"2011-09-17T16:25:53","modified_gmt":"2011-09-17T15:25:53","slug":"%c2%ab-la-structure-de-lillusion-%c2%bb-par-d-casterman","status":"publish","type":"post","link":"https:\/\/www.revue3emillenaire.com\/blog\/%c2%ab-la-structure-de-lillusion-%c2%bb-par-d-casterman\/","title":{"rendered":"\u00ab La structure de l&rsquo;illusion \u00bb par D. Casterman"},"content":{"rendered":"<p style=\"text-align: justify;\">(Revue \u00catre Libre. No 315. Juillet-Septembre 1988)<\/p>\n<p style=\"text-align: justify;\">(extraits)<\/p>\n<p style=\"text-align: justify;\">\n<p style=\"text-align: center;\"><strong>La confusion<\/strong><\/p>\n<p style=\"text-align: justify;\">\n<p style=\"text-align: justify; padding-left: 60px;\">\u00ab\u00a0<em>Le moi n&rsquo;est pas l&rsquo;\u00eatre, mais une r\u00e9sistance universelle, dont le but est de se laisser d\u00e9truire<\/em>. \u00bb (C. Suar\u00e8s).<\/p>\n<p style=\"text-align: justify; padding-left: 60px;\">\u00ab\u00a0<em>L&rsquo;homme na\u00eet fils de Dieu et totalement participant de la nature du principe supr\u00eame de l&rsquo;univers, mais il na\u00eet amn\u00e9sique, oublieux de son origine, illusoirement convaincu qu&rsquo;il n&rsquo;est que ce corps limit\u00e9 et mortel que per\u00e7oivent ses sens. Amn\u00e9sique, il souffre de se sentir illusoirement abandonn\u00e9 de Dieu, et il s&rsquo;agite dans le temporel en qu\u00eate d&rsquo;affirmations divinisantes qu&rsquo;il ne saurait y trouver<\/em> \u00bb. (H. Benoit).<\/p>\n<p style=\"text-align: justify;\">\n<p style=\"text-align: justify;\">Nous avons tous des caract\u00e9ristiques, affectives, mentales, physiques et mat\u00e9rielles, les unes acquises h\u00e9r\u00e9ditairement (ce que nous appelons par exemple les traits de caract\u00e8re), les autres socialement, culturellement ou personnellement. Ces caract\u00e9ristiques nous singularisent au sein de la multiplicit\u00e9 des \u00eatres et des choses, en m\u00eame temps elles conditionnent, diff\u00e9remment pour chacun d&rsquo;entre nous, nos r\u00e9actions face \u00e0 l&rsquo;\u00e9v\u00e9nement. D&rsquo;autre part, ces m\u00eames caract\u00e9ristiques symbolisent l&rsquo;avoir, notre avoir.<\/p>\n<p style=\"text-align: justify;\">\n<p style=\"text-align: justify;\">Avons-nous d\u00e9j\u00e0 essay\u00e9 de saisir qui nous sommes r\u00e9ellement, ou plus exactement, que serions-nous dans notre conscience si l&rsquo;on cessait de s&rsquo;identifier \u00e0 nos caract\u00e9ristiques, \u00e0 notre avoir. Nous ignorons g\u00e9n\u00e9ralement que l&rsquo;identification, que le fait de nous identifier avec nos \u00ab qualit\u00e9s particuli\u00e8res \u00bb est synonyme de confusion entre l&rsquo;avoir et l&rsquo;\u00eatre.<\/p>\n<p style=\"text-align: justify;\">\n<p style=\"text-align: justify;\">Si nous ne sommes pas nos caract\u00e9ristiques, qui sommes-nous donc ?<\/p>\n<p style=\"text-align: justify;\">\n<p style=\"text-align: justify;\">Pour approcher partiellement la question fondamentale du \u00ab Qui sommes-nous ? \u00bb, il serait peut-\u00eatre n\u00e9cessaire d&rsquo;essayer de voir d&rsquo;abord ce que nous ne sommes pas, de nous d\u00e9faire progressivement de ces images d&rsquo;\u00eatre, de nos constructions mentales illusoires, de nos fausses identifications qui nous emp\u00eachent d&rsquo;\u00eatre nous-m\u00eame.<\/p>\n<p style=\"text-align: justify;\">\n<p style=\"text-align: justify;\">Notons que devant une m\u00eame situation, chacun d&rsquo;entre nous r\u00e9agit diff\u00e9remment \u00e9tant entendu que la r\u00e9action n&rsquo;est pas caus\u00e9e par la situation seule, mais bien par cette situation qui interf\u00e8re avec notre structure personnelle, c&rsquo;est-\u00e0-dire, pour cette raison, du point de vue de la morale, et la morale est n\u00e9cessaire pour construire une soci\u00e9t\u00e9 \u00e9quilibr\u00e9e, nous ne sommes pas des dieux ! soyons juge des actes et non des personnes, m\u00eame si cela ne change rien dans les faits, nous aurons une vision plus juste de l&rsquo;homme.<\/p>\n<p style=\"text-align: justify;\">\n<p style=\"text-align: justify;\">L&rsquo;homme pense avec des mots qu&rsquo;il associe \u00e0 des images mentales et des \u00e9tats \u00e9motifs variables auxquels il identifie les \u00e9v\u00e9nements pour se construire une repr\u00e9sentation du monde et de lui-m\u00eame; c&rsquo;est ce que j&rsquo;appellerai \u00ab la pens\u00e9e psychologique \u00bb. Il existe deux types de pens\u00e9e : d&rsquo;une part, ce que nous avons nomm\u00e9 les \u00ab pens\u00e9es psychologiques \u00bb et, d&rsquo;autre part, ce que nous appellerons les \u00ab pens\u00e9es naturelles \u00bb.<\/p>\n<p style=\"text-align: justify;\">Ces derni\u00e8res ont pour objectif de r\u00e9gler fonctionnellement notre vie quotidienne; elles fondent les progr\u00e8s des sciences et des techniques, elles constatent \u00ab l&rsquo;ordre explicite \u00bb des \u00eatres et des choses. Notons l&rsquo;existence parall\u00e8le de ce qu&rsquo;on pourrait appeler la \u00ab pens\u00e9e intuitive \u00bb qui accompagne presque toujours les grandes et petites r\u00e9v\u00e9lations ou d\u00e9couvertes.<\/p>\n<p style=\"text-align: justify;\">\n<p style=\"text-align: justify;\">\u00ab La pens\u00e9e naturelle \u00bb forme des conceptions strictement limit\u00e9es aux v\u00e9rit\u00e9s relatives qu&rsquo;elle peut constater. Ces conceptions sont soumises aux lois du changement en m\u00eame temps qu&rsquo;aux lois de notre pens\u00e9e. En fait elles \u00e9voluent continuellement; ce qui \u00e9tait vrai hier peut \u00eatre faux aujourd&rsquo;hui.<\/p>\n<p style=\"text-align: justify;\">\n<p style=\"text-align: justify;\">\u00ab La pens\u00e9e naturelle \u00bb est fond\u00e9e sur la m\u00e9moire des faits, des faits personnels pour r\u00e9soudre les d\u00e9tails de la vie quotidienne, pour assumer nos travaux professionnels. Elle est fond\u00e9e sur la m\u00e9moire de la collectivit\u00e9 pour r\u00e9aliser certains grands projets, et sur la m\u00e9moire historique pour assurer la continuit\u00e9 de l&rsquo;\u00e9volution scientifique, artistique, morale&#8230;<\/p>\n<p style=\"text-align: justify;\">\n<p style=\"text-align: justify;\">D&rsquo;autre part, \u00ab la pens\u00e9e psychologique \u00bb est une d\u00e9gradation de la \u00ab pens\u00e9e naturelle\u00bb en ph\u00e9nom\u00e8ne d&rsquo;identification de toutes sortes.<\/p>\n<p style=\"text-align: justify;\">\n<p style=\"text-align: justify;\">J&#8217;emprunterai au livre de R. Linssen : \u00ab <em>Bouddhisme, Tao\u00efsme et Zen<\/em> \u00bb une histoire imag\u00e9e qui me para\u00eet significative par sa clart\u00e9 et sa quotidiennet\u00e9.<\/p>\n<p style=\"text-align: justify;\">\n<p style=\"text-align: justify;\">\u00ab Un ing\u00e9nieur peut \u00e0 l&rsquo;aide de ses formules (m\u00e9moire technique) calculer la r\u00e9sistance d&rsquo;un pont en b\u00e9ton arm\u00e9. Mais s&rsquo;il passe sur ce pont avec des amis, en se vantant de l&rsquo;avoir calcul\u00e9 il abuse et d\u00e9passe le r\u00f4le de sa m\u00e9moire factuelle. En fait, il exploite sa m\u00e9moire factuelle pour se donner de l&rsquo;importance. \u00bb<\/p>\n<p style=\"text-align: justify;\">\n<p style=\"text-align: justify;\">Par cette attitude, sa m\u00e9moire factuelle se d\u00e9grade en \u00ab m\u00e9moire psychologique d&rsquo;identification \u00bb.<\/p>\n<p style=\"text-align: justify;\">\n<p style=\"text-align: justify;\">Notons que la \u00ab m\u00e9moire psychologique \u00bb n&rsquo;est pas seulement le r\u00e9sultat de l&rsquo;identification de l&rsquo;individu avec sa \u00ab m\u00e9moire des faits \u00bb. Elle r\u00e9sulte aussi d&rsquo;une autre forme d&rsquo;identification que nous allons envisager sommairement.<\/p>\n<p style=\"text-align: justify;\">\n<p style=\"text-align: justify;\">Formulons l&rsquo;\u00e9vidence. L&rsquo;\u00e9v\u00e9nement est identifi\u00e9 avec la traduction intellectuelle du ph\u00e9nom\u00e8ne affectif qu&rsquo;il engendre. Il y a d&rsquo;autres formes d&rsquo;identifications, mais nous insisterons plus particuli\u00e8rement sur celle-ci parce que, plus que les autres, elle a une influence significative sur notre comportement.<\/p>\n<p style=\"text-align: justify;\">\n<p style=\"text-align: justify;\">Que se passe-t-il exactement ?<\/p>\n<p style=\"text-align: justify;\">\n<p style=\"text-align: justify;\">La \u00ab pens\u00e9e naturelle \u00bb constate la r\u00e9action affective face \u00e0 l&rsquo;\u00e9v\u00e9nement; elle traduit intellectuellement une sensation int\u00e9rieure, alors la \u00ab pens\u00e9e psychologique \u00bb entre en action en identifiant un ph\u00e9nom\u00e8ne affectif constat\u00e9 intellectuellement, avec l&rsquo;\u00e9v\u00e9nement lui-m\u00eame.<\/p>\n<p style=\"text-align: justify;\">\n<p style=\"text-align: justify;\">Un exemple pr\u00e9cis rendra plus \u00e9vident encore cette forme particuli\u00e8re d&rsquo;identification.<\/p>\n<p style=\"text-align: justify;\">Par la \u00ab pens\u00e9e naturelle \u00bb, fond\u00e9e sur la m\u00e9moire des faits, nous sommes doublement conscients, \u00e0 la fois de l&rsquo;existence du monde ext\u00e9rieur et de notre monde int\u00e9rieur. Prenons par exemple la mort. Nous constatons que nous sommes conscients, d&rsquo;une part de l&rsquo;existence \u00e9vidente de la mort, et, d&rsquo;autre part, de l&rsquo;angoisse affective qu&rsquo;elle provoque quand nous sentons sa pr\u00e9sence r\u00e9elle ou imaginaire.<\/p>\n<p style=\"text-align: justify;\">\n<p style=\"text-align: justify;\">Dans un deuxi\u00e8me temps, la \u00ab pens\u00e9e psychologique \u00bb entre en action, elle identifie la conscience de l&rsquo;angoisse devant la mort avec la mort elle-m\u00eame. En fait, nous confondons la chose, par le ph\u00e9nom\u00e8ne d&rsquo;identification, avec la r\u00e9action affective qu&rsquo;elle engendre quand nous sommes affect\u00e9s par sa pr\u00e9sence.<\/p>\n<p style=\"text-align: justify;\">\n<p style=\"text-align: justify;\">Faute de penser simplement et justement, la mort nous angoisse par la \u00ab pens\u00e9e psychologique \u00bb d&rsquo;identification. Nous pensons que la mort est un \u00e9v\u00e9nement absolument n\u00e9gatif, mauvais en soi.<\/p>\n<p style=\"text-align: justify;\">\n<p style=\"text-align: justify;\">La pens\u00e9e est comparable \u00e0 un outil de travail. Il est le meilleur que nous ayons \u00e0 notre disposition \u00e0 condition qu&rsquo;il soit utilis\u00e9 dans les limites de ses possibilit\u00e9s fonctionnelles. D\u00e8s que l&rsquo;on utilise cet outil \u00e0 des fins qui ne lui sont pas destin\u00e9es, il perd toute sa valeur constructive et \u00e9volutive.<\/p>\n<p style=\"text-align: justify;\">\n<p style=\"text-align: justify;\">En g\u00e9n\u00e9ral, la pens\u00e9e sort de ses foncions naturelles quand elle oublie de se faire pr\u00e9c\u00e9der par la conscience de la relativit\u00e9 de toute connaissance en fonction de nos multiples conditionnements.<\/p>\n<p style=\"text-align: justify;\">\n<p style=\"text-align: justify;\">Pour reprendre l&rsquo;exemple de la mort, nous remarquons de fait qu&rsquo;elle nous d\u00e9range qu&rsquo;elle nous angoisse. Par automatisme mental, par manque de discernement intellectuel, nous assimilons la mort elle-m\u00eame avec la \u00ab d\u00e9finition affective \u00bb que nous en avons. Le docteur Benoit parle d&rsquo;une partialit\u00e9 affective irrationnelle qui se transmue en partialit\u00e9 intellectuelle. La premi\u00e8re cit\u00e9e est naturelle, nous ne pouvons rien pour ni contre. Elle est parfaitement irrationnelle. Par contre, la partialit\u00e9 intellectuelle est conditionn\u00e9e par une mauvaise utilisation de notre outil intellectuel.<\/p>\n<p style=\"text-align: justify;\">\n<p style=\"text-align: justify;\">Quand un \u00e9v\u00e9nement s&rsquo;introduit dans notre existence, un de ces \u00e9v\u00e9nements, que les fonctions naturelles de notre pens\u00e9e ne peuvent solutionner, malgr\u00e9 tout, nous intercalons entre lui et nous (nous, c&rsquo;est-\u00e0-dire nos qualit\u00e9s intellectuelles et affectives naturelles) des mots, des pens\u00e9es, des images qui d\u00e9naturent l&rsquo;\u00e9v\u00e9nement de sa signification r\u00e9elle.<\/p>\n<p style=\"text-align: justify;\">\n<p style=\"text-align: justify;\">Il est donc \u00e9vident que l&rsquo;essence des \u00eatres et des choses est intouchable avec les mots, les id\u00e9es et les images mentales que nous employons habituellement. La connaissance du grand myst\u00e8re dans l&rsquo;hypoth\u00e8se de sa r\u00e9alisation possible, ne peut \u00eatre li\u00e9e \u00e0 une accumulation de savoirs. La seule ouverture possible, qui nous fera progresser, est le d\u00e9tachement graduel par rapport \u00e0 nos fausses identifications.<\/p>\n<p style=\"text-align: justify;\">\n","protected":false},"excerpt":{"rendered":"<p>L&rsquo;homme pense avec des mots qu&rsquo;il associe \u00e0 des images mentales et des \u00e9tats \u00e9motifs variables auxquels il identifie les \u00e9v\u00e9nements pour se construire une repr\u00e9sentation du monde et de lui-m\u00eame; c&rsquo;est ce que j&rsquo;appellerai \u00ab la pens\u00e9e psychologique \u00bb. Il existe deux types de pens\u00e9e : d&rsquo;une part, ce que nous avons nomm\u00e9 les \u00ab pens\u00e9es psychologiques \u00bb et, d&rsquo;autre part, ce que nous appellerons les \u00ab pens\u00e9es naturelles \u00bb.<\/p>\n","protected":false},"author":1,"featured_media":0,"comment_status":"closed","ping_status":"closed","sticky":false,"template":"","format":"standard","meta":{"footnotes":""},"categories":[800],"tags":[22,104,1347],"class_list":["post-7441","post","type-post","status-publish","format-standard","hentry","category-casterman-dominique","tag-conditionnement","tag-pensee","tag-spiritualite"],"yoast_head":"<!-- This site is optimized with the Yoast SEO plugin v27.0 - https:\/\/yoast.com\/product\/yoast-seo-wordpress\/ -->\n<title>\u00ab La structure de l&#039;illusion \u00bb par D. Casterman - 3e mill\u00e9naire - Spiritualit\u00e9 - Connaissance de soi - Non-dualit\u00e9 - M\u00e9ditation<\/title>\n<meta name=\"robots\" content=\"index, follow, max-snippet:-1, max-image-preview:large, max-video-preview:-1\" \/>\n<link rel=\"canonical\" href=\"https:\/\/www.revue3emillenaire.com\/blog\/\u00ab-la-structure-de-lillusion-\u00bb-par-d-casterman\/\" \/>\n<meta property=\"og:locale\" content=\"fr_FR\" \/>\n<meta property=\"og:type\" content=\"article\" \/>\n<meta property=\"og:title\" content=\"\u00ab La structure de l&#039;illusion \u00bb par D. Casterman - 3e mill\u00e9naire - Spiritualit\u00e9 - Connaissance de soi - Non-dualit\u00e9 - M\u00e9ditation\" \/>\n<meta property=\"og:description\" content=\"L&#039;homme pense avec des mots qu&#039;il associe \u00e0 des images mentales et des \u00e9tats \u00e9motifs variables auxquels il identifie les \u00e9v\u00e9nements pour se construire une repr\u00e9sentation du monde et de lui-m\u00eame; c&#039;est ce que j&#039;appellerai \u00ab la pens\u00e9e psychologique \u00bb. Il existe deux types de pens\u00e9e : d&#039;une part, ce que nous avons nomm\u00e9 les \u00ab pens\u00e9es psychologiques \u00bb et, d&#039;autre part, ce que nous appellerons les \u00ab pens\u00e9es naturelles \u00bb.\" \/>\n<meta property=\"og:url\" content=\"https:\/\/www.revue3emillenaire.com\/blog\/\u00ab-la-structure-de-lillusion-\u00bb-par-d-casterman\/\" \/>\n<meta property=\"og:site_name\" content=\"3e mill\u00e9naire - Spiritualit\u00e9 - Connaissance de soi - Non-dualit\u00e9 - M\u00e9ditation\" \/>\n<meta property=\"article:published_time\" content=\"2011-06-24T00:10:45+00:00\" \/>\n<meta property=\"article:modified_time\" content=\"2011-09-17T15:25:53+00:00\" \/>\n<meta name=\"author\" content=\"3e mill\u00e9naire\" \/>\n<meta name=\"twitter:card\" content=\"summary_large_image\" \/>\n<meta name=\"twitter:label1\" content=\"\u00c9crit par\" \/>\n\t<meta name=\"twitter:data1\" content=\"3e mill\u00e9naire\" \/>\n\t<meta name=\"twitter:label2\" content=\"Dur\u00e9e de lecture estim\u00e9e\" \/>\n\t<meta name=\"twitter:data2\" content=\"7 minutes\" \/>\n<script type=\"application\/ld+json\" class=\"yoast-schema-graph\">{\"@context\":\"https:\/\/schema.org\",\"@graph\":[{\"@type\":\"Article\",\"@id\":\"https:\/\/www.revue3emillenaire.com\/blog\/%c2%ab-la-structure-de-lillusion-%c2%bb-par-d-casterman\/#article\",\"isPartOf\":{\"@id\":\"https:\/\/www.revue3emillenaire.com\/blog\/%c2%ab-la-structure-de-lillusion-%c2%bb-par-d-casterman\/\"},\"author\":{\"name\":\"3e mill\u00e9naire\",\"@id\":\"https:\/\/www.revue3emillenaire.com\/blog\/#\/schema\/person\/9a3a7cc4ccaa707f402d4394327106d5\"},\"headline\":\"\u00ab La structure de l&rsquo;illusion \u00bb par D. Casterman\",\"datePublished\":\"2011-06-24T00:10:45+00:00\",\"dateModified\":\"2011-09-17T15:25:53+00:00\",\"mainEntityOfPage\":{\"@id\":\"https:\/\/www.revue3emillenaire.com\/blog\/%c2%ab-la-structure-de-lillusion-%c2%bb-par-d-casterman\/\"},\"wordCount\":1377,\"keywords\":[\"Conditionnement\",\"Pens\u00e9e\",\"Spiritualit\u00e9\"],\"articleSection\":[\"Casterman Dominique\"],\"inLanguage\":\"fr-FR\"},{\"@type\":\"WebPage\",\"@id\":\"https:\/\/www.revue3emillenaire.com\/blog\/%c2%ab-la-structure-de-lillusion-%c2%bb-par-d-casterman\/\",\"url\":\"https:\/\/www.revue3emillenaire.com\/blog\/%c2%ab-la-structure-de-lillusion-%c2%bb-par-d-casterman\/\",\"name\":\"\u00ab La structure de l'illusion \u00bb par D. Casterman - 3e mill\u00e9naire - Spiritualit\u00e9 - Connaissance de soi - Non-dualit\u00e9 - M\u00e9ditation\",\"isPartOf\":{\"@id\":\"https:\/\/www.revue3emillenaire.com\/blog\/#website\"},\"datePublished\":\"2011-06-24T00:10:45+00:00\",\"dateModified\":\"2011-09-17T15:25:53+00:00\",\"author\":{\"@id\":\"https:\/\/www.revue3emillenaire.com\/blog\/#\/schema\/person\/9a3a7cc4ccaa707f402d4394327106d5\"},\"breadcrumb\":{\"@id\":\"https:\/\/www.revue3emillenaire.com\/blog\/%c2%ab-la-structure-de-lillusion-%c2%bb-par-d-casterman\/#breadcrumb\"},\"inLanguage\":\"fr-FR\",\"potentialAction\":[{\"@type\":\"ReadAction\",\"target\":[\"https:\/\/www.revue3emillenaire.com\/blog\/%c2%ab-la-structure-de-lillusion-%c2%bb-par-d-casterman\/\"]}]},{\"@type\":\"BreadcrumbList\",\"@id\":\"https:\/\/www.revue3emillenaire.com\/blog\/%c2%ab-la-structure-de-lillusion-%c2%bb-par-d-casterman\/#breadcrumb\",\"itemListElement\":[{\"@type\":\"ListItem\",\"position\":1,\"name\":\"Accueil\",\"item\":\"https:\/\/www.revue3emillenaire.com\/blog\/\"},{\"@type\":\"ListItem\",\"position\":2,\"name\":\"\u00ab La structure de l&rsquo;illusion \u00bb par D. Casterman\"}]},{\"@type\":\"WebSite\",\"@id\":\"https:\/\/www.revue3emillenaire.com\/blog\/#website\",\"url\":\"https:\/\/www.revue3emillenaire.com\/blog\/\",\"name\":\"3e mill\u00e9naire - Spiritualit\u00e9 - Connaissance de soi - Non-dualit\u00e9 - M\u00e9ditation\",\"description\":\"L&#039;Homme en devenir\",\"potentialAction\":[{\"@type\":\"SearchAction\",\"target\":{\"@type\":\"EntryPoint\",\"urlTemplate\":\"https:\/\/www.revue3emillenaire.com\/blog\/?s={search_term_string}\"},\"query-input\":{\"@type\":\"PropertyValueSpecification\",\"valueRequired\":true,\"valueName\":\"search_term_string\"}}],\"inLanguage\":\"fr-FR\"},{\"@type\":\"Person\",\"@id\":\"https:\/\/www.revue3emillenaire.com\/blog\/#\/schema\/person\/9a3a7cc4ccaa707f402d4394327106d5\",\"name\":\"3e mill\u00e9naire\",\"url\":\"https:\/\/www.revue3emillenaire.com\/blog\/author\/admin\/\"}]}<\/script>\n<!-- \/ Yoast SEO plugin. -->","yoast_head_json":{"title":"\u00ab La structure de l'illusion \u00bb par D. Casterman - 3e mill\u00e9naire - Spiritualit\u00e9 - Connaissance de soi - Non-dualit\u00e9 - M\u00e9ditation","robots":{"index":"index","follow":"follow","max-snippet":"max-snippet:-1","max-image-preview":"max-image-preview:large","max-video-preview":"max-video-preview:-1"},"canonical":"https:\/\/www.revue3emillenaire.com\/blog\/\u00ab-la-structure-de-lillusion-\u00bb-par-d-casterman\/","og_locale":"fr_FR","og_type":"article","og_title":"\u00ab La structure de l'illusion \u00bb par D. Casterman - 3e mill\u00e9naire - Spiritualit\u00e9 - Connaissance de soi - Non-dualit\u00e9 - M\u00e9ditation","og_description":"L'homme pense avec des mots qu'il associe \u00e0 des images mentales et des \u00e9tats \u00e9motifs variables auxquels il identifie les \u00e9v\u00e9nements pour se construire une repr\u00e9sentation du monde et de lui-m\u00eame; c'est ce que j'appellerai \u00ab la pens\u00e9e psychologique \u00bb. Il existe deux types de pens\u00e9e : d'une part, ce que nous avons nomm\u00e9 les \u00ab pens\u00e9es psychologiques \u00bb et, d'autre part, ce que nous appellerons les \u00ab pens\u00e9es naturelles \u00bb.","og_url":"https:\/\/www.revue3emillenaire.com\/blog\/\u00ab-la-structure-de-lillusion-\u00bb-par-d-casterman\/","og_site_name":"3e mill\u00e9naire - Spiritualit\u00e9 - Connaissance de soi - Non-dualit\u00e9 - M\u00e9ditation","article_published_time":"2011-06-24T00:10:45+00:00","article_modified_time":"2011-09-17T15:25:53+00:00","author":"3e mill\u00e9naire","twitter_card":"summary_large_image","twitter_misc":{"\u00c9crit par":"3e mill\u00e9naire","Dur\u00e9e de lecture estim\u00e9e":"7 minutes"},"schema":{"@context":"https:\/\/schema.org","@graph":[{"@type":"Article","@id":"https:\/\/www.revue3emillenaire.com\/blog\/%c2%ab-la-structure-de-lillusion-%c2%bb-par-d-casterman\/#article","isPartOf":{"@id":"https:\/\/www.revue3emillenaire.com\/blog\/%c2%ab-la-structure-de-lillusion-%c2%bb-par-d-casterman\/"},"author":{"name":"3e mill\u00e9naire","@id":"https:\/\/www.revue3emillenaire.com\/blog\/#\/schema\/person\/9a3a7cc4ccaa707f402d4394327106d5"},"headline":"\u00ab La structure de l&rsquo;illusion \u00bb par D. Casterman","datePublished":"2011-06-24T00:10:45+00:00","dateModified":"2011-09-17T15:25:53+00:00","mainEntityOfPage":{"@id":"https:\/\/www.revue3emillenaire.com\/blog\/%c2%ab-la-structure-de-lillusion-%c2%bb-par-d-casterman\/"},"wordCount":1377,"keywords":["Conditionnement","Pens\u00e9e","Spiritualit\u00e9"],"articleSection":["Casterman Dominique"],"inLanguage":"fr-FR"},{"@type":"WebPage","@id":"https:\/\/www.revue3emillenaire.com\/blog\/%c2%ab-la-structure-de-lillusion-%c2%bb-par-d-casterman\/","url":"https:\/\/www.revue3emillenaire.com\/blog\/%c2%ab-la-structure-de-lillusion-%c2%bb-par-d-casterman\/","name":"\u00ab La structure de l'illusion \u00bb par D. Casterman - 3e mill\u00e9naire - Spiritualit\u00e9 - Connaissance de soi - Non-dualit\u00e9 - M\u00e9ditation","isPartOf":{"@id":"https:\/\/www.revue3emillenaire.com\/blog\/#website"},"datePublished":"2011-06-24T00:10:45+00:00","dateModified":"2011-09-17T15:25:53+00:00","author":{"@id":"https:\/\/www.revue3emillenaire.com\/blog\/#\/schema\/person\/9a3a7cc4ccaa707f402d4394327106d5"},"breadcrumb":{"@id":"https:\/\/www.revue3emillenaire.com\/blog\/%c2%ab-la-structure-de-lillusion-%c2%bb-par-d-casterman\/#breadcrumb"},"inLanguage":"fr-FR","potentialAction":[{"@type":"ReadAction","target":["https:\/\/www.revue3emillenaire.com\/blog\/%c2%ab-la-structure-de-lillusion-%c2%bb-par-d-casterman\/"]}]},{"@type":"BreadcrumbList","@id":"https:\/\/www.revue3emillenaire.com\/blog\/%c2%ab-la-structure-de-lillusion-%c2%bb-par-d-casterman\/#breadcrumb","itemListElement":[{"@type":"ListItem","position":1,"name":"Accueil","item":"https:\/\/www.revue3emillenaire.com\/blog\/"},{"@type":"ListItem","position":2,"name":"\u00ab La structure de l&rsquo;illusion \u00bb par D. Casterman"}]},{"@type":"WebSite","@id":"https:\/\/www.revue3emillenaire.com\/blog\/#website","url":"https:\/\/www.revue3emillenaire.com\/blog\/","name":"3e mill\u00e9naire - Spiritualit\u00e9 - Connaissance de soi - Non-dualit\u00e9 - M\u00e9ditation","description":"L&#039;Homme en devenir","potentialAction":[{"@type":"SearchAction","target":{"@type":"EntryPoint","urlTemplate":"https:\/\/www.revue3emillenaire.com\/blog\/?s={search_term_string}"},"query-input":{"@type":"PropertyValueSpecification","valueRequired":true,"valueName":"search_term_string"}}],"inLanguage":"fr-FR"},{"@type":"Person","@id":"https:\/\/www.revue3emillenaire.com\/blog\/#\/schema\/person\/9a3a7cc4ccaa707f402d4394327106d5","name":"3e mill\u00e9naire","url":"https:\/\/www.revue3emillenaire.com\/blog\/author\/admin\/"}]}},"_links":{"self":[{"href":"https:\/\/www.revue3emillenaire.com\/blog\/wp-json\/wp\/v2\/posts\/7441","targetHints":{"allow":["GET"]}}],"collection":[{"href":"https:\/\/www.revue3emillenaire.com\/blog\/wp-json\/wp\/v2\/posts"}],"about":[{"href":"https:\/\/www.revue3emillenaire.com\/blog\/wp-json\/wp\/v2\/types\/post"}],"author":[{"embeddable":true,"href":"https:\/\/www.revue3emillenaire.com\/blog\/wp-json\/wp\/v2\/users\/1"}],"replies":[{"embeddable":true,"href":"https:\/\/www.revue3emillenaire.com\/blog\/wp-json\/wp\/v2\/comments?post=7441"}],"version-history":[{"count":0,"href":"https:\/\/www.revue3emillenaire.com\/blog\/wp-json\/wp\/v2\/posts\/7441\/revisions"}],"wp:attachment":[{"href":"https:\/\/www.revue3emillenaire.com\/blog\/wp-json\/wp\/v2\/media?parent=7441"}],"wp:term":[{"taxonomy":"category","embeddable":true,"href":"https:\/\/www.revue3emillenaire.com\/blog\/wp-json\/wp\/v2\/categories?post=7441"},{"taxonomy":"post_tag","embeddable":true,"href":"https:\/\/www.revue3emillenaire.com\/blog\/wp-json\/wp\/v2\/tags?post=7441"}],"curies":[{"name":"wp","href":"https:\/\/api.w.org\/{rel}","templated":true}]}}