{"id":7555,"date":"2011-07-11T22:35:14","date_gmt":"2011-07-11T21:35:14","guid":{"rendered":"http:\/\/www.revue3emillenaire.com\/blog\/?p=7555"},"modified":"2011-07-11T22:44:59","modified_gmt":"2011-07-11T21:44:59","slug":"quand-lesprit-explose-dans-le-quotidien","status":"publish","type":"post","link":"https:\/\/www.revue3emillenaire.com\/blog\/quand-lesprit-explose-dans-le-quotidien\/","title":{"rendered":"Quand l&rsquo;esprit explose dans le quotidien par Jean Coulonval"},"content":{"rendered":"<p style=\"text-align: justify;\">(Revue 3<sup>e<\/sup> Mill\u00e9naire. N<sup>o<\/sup> 5 ancienne s\u00e9rie. Novembre-D\u00e9cembre 1982)<\/p>\n<p style=\"text-align: center;\"><strong>L&rsquo;extraordinaire vision de Jean Coulonval<\/strong><\/p>\n<p style=\"text-align: justify;\"><em>Le 25 octobre 1941, Jean Coulonval alors garde forestier en Alg\u00e9rie, re\u00e7oit une vision qui lui fait percevoir dans une image fulgurante la globalit\u00e9 du r\u00e9el. Ce fut pour lui un bouleversement de sa vie. Il lui restait alors \u00e0 faire partager la fulgurance de la vision aux scientifiques, aux philosophes, aux th\u00e9ologiens. Cela a repr\u00e9sent\u00e9 pour lui 40 ans de travail et bien des \u00e9checs.<\/em><\/p>\n<p style=\"text-align: justify;\">\n<p style=\"text-align: justify;\">C&rsquo;EST une bien \u00e9trange et prodigieuse aventure qui est arriv\u00e9e \u00e0 Jean Coulonval le 25 octobre 1941 \u00e0 Constantine. Une vision fulgurante a jailli dans son cerveau. En quelques minutes il a vu et compris. Sa vie en a \u00e9t\u00e9 boulevers\u00e9e.<\/p>\n<p style=\"text-align: justify;\">Comment? Pourquoi? C&rsquo;est bien l&rsquo;un des myst\u00e8res les plus \u00e9pais de notre condition d&rsquo;homme. Insignifiant si souvent et quelques fois reli\u00e9 \u00e0 la connaissance, sans raison apparente, sans logique, parfois sans pr\u00e9paration, \u00e9clate la v\u00e9rit\u00e9, profonde, totale, unifiante.<\/p>\n<p style=\"text-align: justify;\">\n<p style=\"text-align: justify;\">Pour Jean Coulonval, nous allons le voir, rien ne laissait penser qu&rsquo;une vision aussi forte allait lui \u00eatre donn\u00e9e. Dans une lettre qu&rsquo;il nous a envoy\u00e9e, il raconte ce qu&rsquo;a \u00e9t\u00e9 sa vie et quel chemin il a su accomplir apr\u00e8s ce choc. Mais cette vision, comment s&rsquo;est-elle pass\u00e9e pour lui? Il le raconte, tant bien que mal, car nos mots sont trop pauvres pour s&rsquo;en rapprocher r\u00e9ellement.<\/p>\n<p style=\"text-align: justify;\">\n<p style=\"text-align: justify;\">Vous me demandez \u00abl&rsquo;essentiel de la vision, de la forme qu&rsquo;elle a prise, de mes r\u00e9actions sensorielles, le temps qu&rsquo;elle a dur\u00e9.\u00bb<\/p>\n<p style=\"text-align: justify;\">\n<p style=\"text-align: justify;\">Je dis cela en des explications \u00e9parpill\u00e9es dans les lettres que j&rsquo;ai r\u00e9unies dans mon livre \u00abSynth\u00e8se et temps nouveaux\u00bb paru \u00e0 la librairie Giard \u00e0 Lille. La forme? C&rsquo;est ce symbole, mobile, qui figure page 75 du livre, accompagn\u00e9 simultan\u00e9ment d&rsquo;une injection de \u00absens\u00bb; le symbole et son sens m&rsquo;\u00e9taient donn\u00e9s ensemble, d&rsquo;une fa\u00e7on indissociable et indissoci\u00e9e. Ce \u00absens\u00bb \u00e9tait donn\u00e9 sans mot, sans langage, comme dans le vertige d&rsquo;une intuition absolue de la globalit\u00e9 de tout le \u00abconnaissable\u00bb par l&rsquo;intellect.<\/p>\n<p style=\"text-align: justify;\">\n<p style=\"text-align: justify;\">R\u00e9actions sensorielles? Difficile \u00e0 dire. J&rsquo;ai vu sans voir puisqu&rsquo;il n&rsquo;y avait rien \u00e0 voir de mat\u00e9riellement concret. Pourtant le spectacle \u00e9tait ext\u00e9rieur \u00e0 mes yeux, pas int\u00e9rieur comme dans le r\u00eave. Du reste, j&rsquo;\u00e9tais bien \u00e9veill\u00e9. J&rsquo;ai lu, je ne me souviens plus o\u00f9, une expression qui pourrait me servir pour vous r\u00e9pondre: voir avec <strong>l&rsquo;\u0153il de l&rsquo;\u0153il<\/strong>. Comme il m&rsquo;est arriv\u00e9 d&rsquo;entendre avec <strong>l&rsquo;oreille de l&rsquo;oreille<\/strong>. Le temps que cela a dur\u00e9? Impossible \u00e0 dire. \u00c7a se passe en un lieu, en un \u00e9tage de perception autre que celui du spatio-temporel de notre vie ordinaire. Dans un temps, bien s\u00fbr, mais pas un temps d&rsquo;horloge.<\/p>\n<p style=\"text-align: justify;\">\n<p style=\"text-align: justify;\">Pour dire la distinction entre ce temps de la vision et le temps de l&rsquo;horloge, j&rsquo;ai dit quelque part la diff\u00e9rence entre l&rsquo;espace-temps-mouvement\u00a0 m\u00e9ta-physique (dans le sens de avant-physique), et l&rsquo;espace-temps-mouvement que vivent nos sens physiques. J&rsquo;ai essay\u00e9 de le dire par analogie du rapport entre la chose photographi\u00e9e et la photo.<\/p>\n<p style=\"text-align: justify;\">\n<p style=\"text-align: justify;\">\n<p style=\"text-align: justify;\"><a href=\"http:\/\/www.revue3emillenaire.com\/blog\/wp-content\/uploads\/2011\/07\/coulon1.jpg\"><img loading=\"lazy\" decoding=\"async\" class=\"aligncenter size-medium wp-image-7559\" title=\"coulon1\" src=\"http:\/\/www.revue3emillenaire.com\/blog\/wp-content\/uploads\/2011\/07\/coulon1-300x103.jpg\" alt=\"\" width=\"300\" height=\"103\" srcset=\"https:\/\/www.revue3emillenaire.com\/blog\/wp-content\/uploads\/2011\/07\/coulon1-300x103.jpg 300w, https:\/\/www.revue3emillenaire.com\/blog\/wp-content\/uploads\/2011\/07\/coulon1.jpg 587w\" sizes=\"auto, (max-width: 300px) 100vw, 300px\" \/><\/a><\/p>\n<p style=\"text-align: justify;\">Il y a inversion des images. C&rsquo;est pourquoi je n&rsquo;ai pas \u00e9t\u00e9 \u00e9tonn\u00e9 quand j&rsquo;ai appris que la science actuelle (voir Costa de Beauregard), postule la r\u00e9versibilit\u00e9 du temps. Bien s\u00fbr, je ne pige rien aux math\u00e9matiques qui conduisent les scientifiques \u00e0 cette id\u00e9e, mais il est \u00e9trange que, en l&rsquo;occurrence, l&rsquo;ignorant et le savant se rencontrent.<\/p>\n<p style=\"text-align: justify;\">\n<p style=\"text-align: justify;\">\n<p style=\"text-align: justify;\">\n<p style=\"text-align: justify;\"><a href=\"http:\/\/www.revue3emillenaire.com\/blog\/wp-content\/uploads\/2011\/07\/coulon2.jpg\"><img loading=\"lazy\" decoding=\"async\" class=\"aligncenter size-medium wp-image-7560\" title=\"coulon2\" src=\"http:\/\/www.revue3emillenaire.com\/blog\/wp-content\/uploads\/2011\/07\/coulon2-300x289.jpg\" alt=\"\" width=\"300\" height=\"289\" srcset=\"https:\/\/www.revue3emillenaire.com\/blog\/wp-content\/uploads\/2011\/07\/coulon2-300x289.jpg 300w, https:\/\/www.revue3emillenaire.com\/blog\/wp-content\/uploads\/2011\/07\/coulon2.jpg 881w\" sizes=\"auto, (max-width: 300px) 100vw, 300px\" \/><\/a><\/p>\n<p style=\"text-align: justify;\">Autre rencontre \u00e9trange: la vision (je ne dis pas \u00abma vision\u00bb puisqu&rsquo;il est flagrant qu&rsquo;elle n&rsquo;est pas ma propri\u00e9t\u00e9), m&rsquo;a pr\u00e9sent\u00e9 l&rsquo;existant en deux h\u00e9misph\u00e8res (ou deux cotyl\u00e9dons d&rsquo;un haricot):<\/p>\n<p style=\"text-align: justify;\">Cela rappelle ce que les neurologues disent du cerveau: des h\u00e9misph\u00e8res, l&rsquo;un qui s&rsquo;occupe sp\u00e9cialement de l&rsquo;abstrait, l&rsquo;autre du concret. L&rsquo;h\u00e9misph\u00e8re droit commande le c\u00f4t\u00e9 gauche du corps, l&rsquo;h\u00e9misph\u00e8re gauche le c\u00f4t\u00e9 droit. L\u00e0 encore, analogie avec la photo. A-t-on remarqu\u00e9 que le point focal des lentilles optiques, bien que n&rsquo;\u00e9tant id\u00e9alement ni une surface, ni un volume, aucun r\u00e9el concret, rien qu&rsquo;un concept, contient pourtant d&rsquo;une certaine fa\u00e7on, l&rsquo;objet photographi\u00e9 plus la photo. Cr\u00e9ation ex-nihilo.<\/p>\n<p style=\"text-align: justify;\">La mati\u00e8re s&rsquo;engendre au point focal de la rencontre du m\u00e9ta-physique et du physique sensible. C&rsquo;est ce que d\u00e9couvrent la science des quantas et les incertitudes d&rsquo;Heisenberg.<\/p>\n<p style=\"text-align: justify;\">Dieu a cr\u00e9\u00e9 le Ciel et la Terre. Ex-nihilo.<\/p>\n<p style=\"text-align: center;\">***<\/p>\n<p style=\"text-align: justify;\">Maintenant nous avons une petite, tr\u00e8s petite id\u00e9e de ce que fut cette vision pour Jean Coulonval. Mais ce n&rsquo;est pas suffisant. Nous publions \u00e9galement de larges extraits de la lettre qu&rsquo;il nous a \u00e9crite et vous verrez alors quel \u00e9tonnant chemin cet homme a parcouru. De temps en temps, il fait allusion \u00e0 son livre, pr\u00e9fac\u00e9 par Aim\u00e9 Michel. C&rsquo;est un recueil de lettres <a id=\"ftnref1\" href=\"#ftn1\">[1]<\/a> qu&rsquo;il a adress\u00e9 \u00e0 tous ceux qu&rsquo;il pensait \u00eatre int\u00e9ress\u00e9s par ce qu&rsquo;il avait si bien compris. Rares sont ceux qui l&rsquo;ont \u00e9cout\u00e9.<\/p>\n<p style=\"text-align: justify;\">\n<p style=\"text-align: justify;\">Lorsque nous avons re\u00e7u cette lettre de Jean Coulonval, cela a \u00e9t\u00e9 un choc pour tous. Au moment m\u00eame o\u00f9 nous d\u00e9cidions de consacrer l&rsquo;essentiel du n\u00b0 5 au th\u00e8me de l&rsquo;imaginaire, il y avait comme un clin d&rsquo;\u0153il du destin qui mettait entre nos mains le type d&rsquo;aventure exemplaire pour ce th\u00e8me.<\/p>\n<p style=\"text-align: justify;\">\n<p style=\"text-align: justify;\">Que ce destin soit ici remerci\u00e9 du fond de l&rsquo;\u00e2me.<\/p>\n<p style=\"text-align: justify;\">\n<p style=\"text-align: justify;\"><strong>La lettre de jean Coulonval \u00e0 3<sup>e<\/sup> mill\u00e9naire<\/strong><\/p>\n<p style=\"text-align: justify;\">\n<p style=\"text-align: justify;\">Mon ami Giard, le libraire qui a d\u00e9cid\u00e9 la publication de ce bouquin dont vous a parl\u00e9 Aim\u00e9 Michel, m&rsquo;a communiqu\u00e9 voici seulement quelques jours votre lettre et la revue 3<sup>e<\/sup> Mill\u00e9naire. Avec beaucoup de retard.<\/p>\n<p style=\"text-align: justify;\">\n<p style=\"text-align: justify;\">Le bouquin, je vous l&rsquo;envoie et je vais essayer de l&rsquo;accompagner de quelques pages. Je dis \u00abessayer\u00bb parce que ma t\u00eate fonctionne maintenant au ralenti et je n&rsquo;aime gu\u00e8re \u00e9crire, ce n&rsquo;est pas mon m\u00e9tier. J&rsquo;ai 70 ans. Ouvrier en retraite, veuf, j&rsquo;habite un b\u00e2timent des vieux de l&rsquo;Aide sociale de la ville.<\/p>\n<p style=\"text-align: justify;\">\n<p style=\"text-align: justify;\">Etrange destin que le mien. Ouvrier d\u00e8s l&rsquo;\u00e2ge de 13 ans, sans aucun dipl\u00f4me ni d\u00e9sir d&rsquo;en d\u00e9crocher, pas m\u00eame un C.A.P. (\u00e7a n&rsquo;existait pas dans ma jeunesse), sans ambition autre que celle de gagner honn\u00eatement ma cro\u00fbte, presque toujours en usine, forge, fonderie, machines-outils. Si peu d&rsquo;ambition que deux fois, j&rsquo;ai refus\u00e9 l&#8217;emploi de contrema\u00eetre, que je n&rsquo;ai jamais eu le d\u00e9sir d&rsquo;apprendre \u00e0 conduire une bagnole, pensant que je ne serais jamais assez riche pour en poss\u00e9der une; ce qui fut, et c&rsquo;est encore.<\/p>\n<p style=\"text-align: justify;\">\n<p style=\"text-align: justify;\">Selon tout sens commun rien ne me destinait \u00e0 l&rsquo;aventure spirituelle qui m&rsquo;est survenue, \u00e0 prendre contact avec des eccl\u00e9siastiques, des philosophes, et surtout des scientifiques. Pourtant, c&rsquo;est dans ma vieillesse que Mgr Andr\u00e9 Combes, prof. au Latran, ayant eu connaissance \u00e0 mon insu de quelques notes au sujet d&rsquo;un de ses \u00e9crits au sujet de Teilhard, m&rsquo;a contact\u00e9 pour me demander de garder copie de mes lettres aux grands de ce monde plus souvent pour engueuler que pour dire mon accord. Ce que j&rsquo;ai fait. C&rsquo;est dans ma vieillesse que j&rsquo;ai pris contact avec Aim\u00e9 Michel, que Costa de Beauregard m&rsquo;a contact\u00e9, et vous aujourd&rsquo;hui.<\/p>\n<p style=\"text-align: justify;\">Le 28.6.82, Costa de Beauregard m&rsquo;annonce la r\u00e9ussite de l&rsquo;exp\u00e9rience d&rsquo;Aspect qui confirme la m\u00e9canique quantique et la r\u00e9alit\u00e9 du paradoxe E.P.R. Choses qui, comme tous les probl\u00e8mes \u00e9voqu\u00e9s dans 3<sup>e<\/sup> Mill\u00e9naire, \u00e9tait implicite dans la vision que je re\u00e7us le 25 octobre 1941 qui a boulevers\u00e9 ma vie. Ce fut un cataclysme, un d\u00e9luge, que j&rsquo;essaie de dire dans toutes mes lettres de ce recueil. J&rsquo;avais 28 ans.<\/p>\n<p style=\"text-align: justify;\">\n<p style=\"text-align: justify;\">A l&rsquo;origine, donc, aucune ambition intellectuelle ou de compr\u00e9hension des th\u00e9ories scientifiques en vogue \u00e0 l&rsquo;\u00e9poque pour la bonne raison que je les ignorais. J&rsquo;avais seulement eu vent d&rsquo;une certaine id\u00e9e de 4<sup>e<\/sup> dimension, chose bizarre; je ne voyais pas comment pourrait s&rsquo;ajouter une 4<sup>e<\/sup> dimension \u00e0 la longueur, largeur et hauteur qui suffisent pour constituer un volume spatial. Rien d&rsquo;autre que le besoin de comprendre le pourquoi de la guerre que je venais de vivre, le pourquoi de l&rsquo;existence des partis politiques qui avaient tous raison par certains c\u00f4t\u00e9s et tort par ailleurs, le pourquoi de la pluralit\u00e9 des religions qui fait qu&rsquo;on se casse la gueule au nom de l&rsquo;amour, de Dieu pour nous ou de nous pour Dieu. Besoin de trouver les ficelles qui font fonctionner ce th\u00e9\u00e2tre de guignols.<\/p>\n<p style=\"text-align: justify;\">\n<p style=\"text-align: justify;\">Comment trouver? avec quoi? J&rsquo;\u00e9tais vierge de toute orientation par l&rsquo;\u00e9ducation scolaire ou religieuse, et pas m\u00eame familiale, n&rsquo;ayant jamais eu le plus petit brin de conversation avec mon p\u00e8re ou ma m\u00e8re. Je savais seulement que seul le travail, l&rsquo;argent gagn\u00e9, donne le droit de vivre et j&rsquo;\u00e9tais assez surpris de constater que c&rsquo;est ceux qui ne foutent rien qui vivent le mieux. Cela me posait un probl\u00e8me. De quoi devenir communiste. En quoi j&rsquo;\u00e9tais largement dans l&rsquo;erreur parce que je ne concevais gu\u00e8re qu&rsquo;\u00eatre un intellectuel, travailler de la t\u00eate comme les b\u0153ufs, c&rsquo;est aussi un travail. Dans ma sensibilit\u00e9 d&rsquo;ouvrier, travailler c&rsquo;\u00e9tait \u0153uvrer avec les mains et les muscles. Encore maintenant, je trouve \u00e9trange qu&rsquo;un \u00e9tudiant plong\u00e9 dans ses bouquins puisse dire \u00abje travaille\u00bb. J&rsquo;appelle \u00e7a une occupation. Ainsi, en ce moment o\u00f9 j&rsquo;\u00e9cris, il me serait monstrueux de dire \u00abje travaille\u00bb. Je m&rsquo;occupe seulement. J&rsquo;occupe ma vieillesse. Je ne peux plus travailler parce que je suis atteint d&rsquo;un glaucome qui r\u00e9tr\u00e9cit mon champ de vision; il reste juste assez pour lire et \u00e9crire. Je ne pourrais plus faire un jardin, mes lombaires sont d\u00e9molies et je ne puis plus rester baiss\u00e9. Peut-\u00eatre parce qu&rsquo;il fut un temps o\u00f9 je manipulais chaque jour quinze \u00e0 vingt tonnes.<\/p>\n<p style=\"text-align: justify;\">\n<p style=\"text-align: justify;\">Donc, dans ces lettres qui font le bouquin, il est question d&rsquo;une vision qui a tout d\u00e9clench\u00e9. Il semble qu&rsquo;aucun de ceux qui l&rsquo;ont lu n&rsquo;a remarqu\u00e9 qu&rsquo;elle ne fut possible que parce que j&rsquo;\u00e9tais un ignorant, que ma cervelle n&rsquo;\u00e9tait encombr\u00e9e que par un minimum de choses apprises au sens scolaire. Pour essayer de le faire comprendre, je vais recourir \u00e0 un sch\u00e9ma que je trouve \u00e0 la page 46 du<a href=\"http:\/\/www.revue3emillenaire.com\/blog\/?p=4919\" target=\"_blank\"> n\u00b0 2 de 3<sup>e<\/sup> Mill\u00e9naire<\/a>.<\/p>\n<p style=\"text-align: justify;\">\n<p style=\"text-align: justify;\">\n<p style=\"text-align: justify;\"><a href=\"http:\/\/www.revue3emillenaire.com\/blog\/wp-content\/uploads\/2011\/07\/coulon3.jpg\"><img loading=\"lazy\" decoding=\"async\" class=\"aligncenter size-medium wp-image-7561\" title=\"coulon3\" src=\"http:\/\/www.revue3emillenaire.com\/blog\/wp-content\/uploads\/2011\/07\/coulon3-300x224.jpg\" alt=\"\" width=\"300\" height=\"224\" srcset=\"https:\/\/www.revue3emillenaire.com\/blog\/wp-content\/uploads\/2011\/07\/coulon3-300x224.jpg 300w, https:\/\/www.revue3emillenaire.com\/blog\/wp-content\/uploads\/2011\/07\/coulon3.jpg 526w\" sizes=\"auto, (max-width: 300px) 100vw, 300px\" \/><\/a><\/p>\n<p style=\"text-align: justify;\">Jean Charon dit: \u00abL&rsquo;observateur poss\u00e9dait(?) un esprit qui, \u00e0 la mani\u00e8re d&rsquo;un projecteur, venait peu \u00e0 peu \u00e9clairer un certain nombre des ph\u00e9nom\u00e8nes de l&rsquo;ensemble.\u00bb<\/p>\n<p style=\"text-align: justify;\">\n<p style=\"text-align: justify;\">Ce rapport connaissant-connu n&rsquo;\u00e9tait pas dans mes pr\u00e9occupations pour la bonne raison que je n&rsquo;avais jamais eu le d\u00e9sir, le besoin de \u00abfaire des \u00e9tudes\u00bb, en aucun domaine, pas m\u00eame de technique, bien qu&rsquo;\u00e9tant ouvrier. Lors d&rsquo;un s\u00e9jour \u00e0 l&rsquo;h\u00f4pital pour un ulc\u00e8re du duod\u00e9num, un m\u00e9decin m&rsquo;a qualifi\u00e9 de c\u00e9r\u00e9bral-musculaire. C&rsquo;est assez vrai. Jusqu&rsquo;\u00e0 la vision seul le musculaire avait eu de l&rsquo;importance, seule l&rsquo;activit\u00e9 de mes muscles m&rsquo;avait donn\u00e9 le droit de vivre. J&rsquo;avais droit de manger parce que j&rsquo;avais moi-m\u00eame produit des biens mat\u00e9riels. Le c\u00e9r\u00e9bral n&rsquo;a pris de l&rsquo;importance qu&rsquo;avec la vision. J&rsquo;avais 28 ans.<\/p>\n<p style=\"text-align: justify;\">\n<p style=\"text-align: justify;\">L&rsquo;\u00e9tudiant vit sa vie comme sujet connaissant face \u00e0 un connu qu&rsquo;il apprend \u00e0 l&rsquo;\u00e9cole et qu&rsquo;il s&rsquo;agit d&rsquo;agrandir jusqu&rsquo;\u00e0 englober tout le connaissable, ce qui est pure chim\u00e8re. L&rsquo;infini ne peut s&rsquo;atteindre par accumulation de morceaux. Cette d\u00e9marche, en tant qu&rsquo;ouvrier m&rsquo;\u00e9tait profond\u00e9ment \u00e9trang\u00e8re. C&rsquo;est celle de l&rsquo;\u00e9tudiant et du chercheur, de l&rsquo;\u00abhomme d&rsquo;\u00e9tude\u00bb. Cependant, il m&rsquo;\u00e9tait apparu que le fait d&rsquo;\u00eatre catholique, ou protestant, ou musulman, ou capitaliste, ou communiste, en religion, philosophie, science et tutti quanti, n&rsquo;\u00e9tait que le r\u00e9sultat de conditionnements sociaux, g\u00e9ographiques, historiques, sentimentaux, scolaires etc. Et tous disent: \u00abC&rsquo;est ma v\u00e9rit\u00e9\u00bb. \u00c7a fait beaucoup trop de v\u00e9rit\u00e9s alors que par d\u00e9finition il ne peut y en avoir qu&rsquo;une. Tout cela n&rsquo;est qu&rsquo;\u00abopinion\u00bb, condensat psychique n\u00e9 de circonstances conditionnantes familiales, raciales, sociales, g\u00e9ographiques et autres. Et aucune opinion ne peut \u00eatre \u00abla v\u00e9rit\u00e9\u00bb. Se casser la gueule pour d\u00e9fendre ce qui n&rsquo;est qu&rsquo;opinion c&rsquo;est la connerie des conneries et pourtant c&rsquo;est ainsi que le monde fonctionne.<\/p>\n<p style=\"text-align: justify;\">\n<p style=\"text-align: justify;\">Aucune opinion ne peut atteindre une victoire d\u00e9finitive pour la simple raison que ce ne sont pas les hommes qui disposent et d\u00e9cident du \u00abvrai\u00bb.<\/p>\n<p style=\"text-align: justify;\">\n<p style=\"text-align: justify;\">Aucun homme ne peut d\u00e9cider que, \u00e0 partir de demain, 2 + 2 \u00e7a ne fera plus 4 mais 6, ou 5, ou 3.<\/p>\n<p style=\"text-align: justify;\">Donc je n&rsquo;ai jamais v\u00e9cu la situation psychologique de l&rsquo;\u00e9tudiant, du sujet-connaissant face \u00e0 un connu qu&rsquo;il s&rsquo;agit d&rsquo;agrandir. Par contre je connais le travail de fonderie, je sais ce qu&rsquo;est un moule et la pi\u00e8ce qu&rsquo;on y coule. Je sais que la pi\u00e8ce ne d\u00e9cide pas de sa forme qui est conditionn\u00e9e par le moule. Or, toute opinion est conditionn\u00e9e par un moule, \u00e9ducatif, social, g\u00e9ographique, racial, scolaire, religieux ou anti-religieux (\u00eatre contre la religion est encore une fa\u00e7on d&rsquo;\u00eatre religieux, c&rsquo;est-\u00e0-dire de professer ce qu&rsquo;on tient pour vrai). Tout ce qui conditionne le psychique et qui vient d&rsquo;en bas, du monde senti, anti-p\u00f4le du spirituel qui vient d&rsquo;en haut en toute libert\u00e9. Nous vivons dans un monde o\u00f9 r\u00e8gne la confusion du psychique et du spirituel. M\u00eame les cur\u00e9s ne voient pas la diff\u00e9rence; pour eux, \u00eatre un bon chr\u00e9tien est un \u00e9tat psychique, et, comme le disait un j\u00e9suite: on est bon chr\u00e9tien au-dessus de 1000 F au denier du culte. C&rsquo;est outr\u00e9, mais juste.<\/p>\n<p style=\"text-align: justify;\">\n<p style=\"text-align: justify;\">En tant qu&rsquo;ouvrier qui sait que ce n&rsquo;est pas la pi\u00e8ce coul\u00e9e (l&rsquo;opinion), qui d\u00e9cide de la forme du moule, j&rsquo;ai cherch\u00e9 ce qu&rsquo;est ce moule, o\u00f9 les opinions prennent forme, se fabriquent. En somme, l&rsquo;\u0153uf qui, dans le dessin de Charon, s&rsquo;appelle \u00able connaissable\u00bb? Virtuel, bien s\u00fbr, en potentialit\u00e9. Il lui a donn\u00e9 la forme d&rsquo;un \u0153uf de poule bien que les \u0153ufs de tortue soient ronds comme des boules de billard. Ne chicanons pas.<\/p>\n<p style=\"text-align: justify;\">\n<p style=\"text-align: justify;\">Hors de ce moule, neuf concepts boucl\u00e9s sur Dieu, il ne peut rien exister (ex-ister). 3 fois 3 = 9, boucl\u00e9s sur Dieu qui est \u00e0 la fois rien et tout? \u00e7a fait 10. Principe de la num\u00e9ration d\u00e9cimale. Rien et tout, comme le centre de la circonf\u00e9rence qui n&rsquo;est ni surface, ni volume engendre pourtant la surface et le volume. Le double circulus \u00e9volution-involution, de ces neuf concepts engendre tout existant, Ciel et Terre. Il est l&rsquo;Etre, contenant de tout existant, de tout intellectualisable, de tout verbe possible. Aucune opinion ne peut atteindre cet absolu, c&rsquo;est-\u00e0-dire la coquille de l&rsquo;\u0153uf de tout connaissable selon la figure de Jean Charon que je rencontre \u00e0 propos, qui vient \u00e0 mon secours pour m&rsquo;aider \u00e0 dire ce que j&rsquo;ai \u00e0 dire.<\/p>\n<p style=\"text-align: justify;\">\n<p style=\"text-align: justify;\">Malheureusement, il est des opinions qui savent si bien prendre le vent des app\u00e9tits psychiques d&rsquo;une \u00e9poque (la corde \u00e0 virer le vent, comme disent les marins), et les utiliser, qu&rsquo;elles parviennent \u00e0 prendre le masque de l&rsquo;absolu, et sont ainsi les ersatz du divin. Tels m&rsquo;apparaissaient en 1940 le nazisme et le communisme. J&rsquo;esp\u00e9rais que les Am\u00e9ricains le comprendraient et se d\u00e9barrasseraient des deux \u00e0 la fois. Ils le pouvaient. Je n&rsquo;avais pas encore compris qu&rsquo;ils n&rsquo;ont que des dollars dans le cr\u00e2ne, que pour eux, Dieu m\u00eame se mesure en dollars, que le dollar est leur Saint-Esprit, et que s&rsquo;ils avaient \u00e9t\u00e9 les seuls vainqueurs, les termes du probl\u00e8me de la \u00abPaix\u00bb auraient \u00e9t\u00e9 diff\u00e9rents mais sans plus de solution.<\/p>\n<p style=\"text-align: justify;\">\n<p style=\"text-align: justify;\">H\u00e9las! chaque peuple a son style de connerie et y tient. Les Fran\u00e7ais aussi sont rest\u00e9s aussi cons qu&rsquo;avant guerre. Seuls peut-\u00eatre les Allemands ont chang\u00e9 parce qu&rsquo;ils ont un psychisme tr\u00e8s mall\u00e9able. Ils sont pass\u00e9s sans probl\u00e8me du nazisme au communisme. Ils changent facilement de syst\u00e8me intellectuel. Keyserling dit: (Analyse spectrale de l&rsquo;Europe) Si un Allemand \u00e0 sa mort se trouve devant deux portes, l&rsquo;une marqu\u00e9e \u00abacc\u00e8s au paradis\u00bb, et l&rsquo;autre \u00abconf\u00e9rence sur le paradis\u00bb, il ira \u00e0 la conf\u00e9rence. L&rsquo;Allemand est toujours disponible pour changer d&rsquo;opinion. Le Fran\u00e7ais, au contraire, met son honneur \u00e0 ne jamais en changer, s&rsquo;il voit que c&rsquo;est une connerie, il ne l&rsquo;avouera jamais, pas m\u00eame \u00e0 lui-m\u00eame. Il s&rsquo;y attache comme une patelle \u00e0 son rocher.<\/p>\n<p style=\"text-align: justify;\">\n<p style=\"text-align: justify;\">Tous les hommes, individus ou peuples, ont besoin d&rsquo;axer leur vie sur des valeurs ultimes. Qu&rsquo;elles soient vraies ou fausses importe peu pourvu qu&rsquo;ils y trouvent motif \u00e0 sacrifice pour ce qu&rsquo;ils croient \u00eatre la v\u00e9rit\u00e9. Le besoin de se sacrifier est plus fort que le besoin de v\u00e9rit\u00e9. On meurt volontiers pour d\u00e9fendre des sottises. Ils ont cru que c&rsquo;\u00e9tait vrai et c&rsquo;est leur pardon. \u00abMon P\u00e8re, pardonnez-leur, car ils ne savent pas ce qu&rsquo;ils font.\u00bb<\/p>\n<p style=\"text-align: justify;\">\n<p style=\"text-align: justify;\">Tous les hommes se sentent obscur\u00e9ment \u00abglobalit\u00e9 cosmique\u00bb, condens\u00e9 de toutes les dimensions de l&rsquo;Etre. Le probl\u00e8me est que l&rsquo;id\u00e9e qu&rsquo;ils se font de ce condens\u00e9 peut se pr\u00e9senter sous deux formes:<\/p>\n<p style=\"text-align: justify;\">\n<p style=\"text-align: justify;\">1\u00b0 \u2014 <strong>En mode d&rsquo;opinion<\/strong>. C&rsquo;est alors le monde du sensible v\u00e9cu qui d\u00e9cide du vrai, mais, parce qu&rsquo;il ne peut exister deux individus qui vivent le sensible de fa\u00e7on identique, pour la bonne raison qu&rsquo;il ne peut y avoir deux \u00abv\u00e9cus\u00bb historiques, sociaux, raciaux, etc. identiques, pas plus que deux empreintes digitales, il ne peut exister deux opinions identiques. Les agglom\u00e9rats d&rsquo;opinion qu&rsquo;on appelle partis politiques, racismes, nationalismes ou m\u00eame religions constitu\u00e9es en ismes ne sont que cristallisation autour d&rsquo;un noyau psychique, rel\u00e8vent de l&rsquo;instinct de la ruche ou de la meute. L&rsquo;individu ne supporte pas la solitude, il a besoin de semblables. (En v\u00e9rit\u00e9 ou en b\u00eatise, peu importe). Il a besoin d&rsquo;une \u00e9tiquette sociale, d&rsquo;un \u00abisme\u00bb, comme les articles d&rsquo;\u00e9picerie qui sont en concurrence, Omo contre Ariel et Bonux qui semblent se faire concurrence alors qu&rsquo;ils d\u00e9pendent de la seule marmite financi\u00e8re di Unilever, comme toutes les opinions de la marmite de l&rsquo;orgueil qui invite tout individu \u00e0 poss\u00e9der \u00absa v\u00e9rit\u00e9\u00bb, bien \u00e0 lui, en toute propri\u00e9t\u00e9 personnelle ou collective, comme un immeuble en co-propri\u00e9t\u00e9. Y compris l&rsquo;opinion dite catholique ou protestante ou tout autre succ\u00e9dan\u00e9 du christianisme et qui n&rsquo;est qu&rsquo;un agglom\u00e9rat, une cristallisation des sensibilit\u00e9s psychiques autour d&rsquo;un m\u00eame noyau. On parle couramment de sensibilit\u00e9 politique ou religieuse, bien qu&rsquo;il soit \u00e9vident que la v\u00e9rit\u00e9 en soi ne peut d\u00e9pendre de nos \u00e9tats d&rsquo;\u00e2me. En reprenant la figure de Charon, l&rsquo;opinion est seulement le connu, ou seulement ce qu&rsquo;on croit connu, mais qui s&rsquo;imagine \u00eatre le Tout, et tout ce qui n&rsquo;y trouve pas place est d\u00e9clar\u00e9 faux.<\/p>\n<p style=\"text-align: justify;\">\n<p style=\"text-align: justify;\">2\u00b0 \u2014 <strong>En mode d&rsquo;inspiration de l&rsquo;esprit<\/strong>, celui o\u00f9 la vision m&rsquo;a plong\u00e9. Il fonctionne \u00e0 l&rsquo;inverse de l&rsquo;opinion. Pour le comprendre, il faut inverser ce que dit le dessin de Charon. L&rsquo;absolu, globalit\u00e9 du connaissable, n&rsquo;est plus un but \u00e0 atteindre par expansion du connu \u00e0 partir du sensible spatio-temporel, c&rsquo;est au contraire l&rsquo;absolu qui vient donner un \u00absens\u00bb au monde du sensible. Ce n&rsquo;est plus l&rsquo;intellect et son app\u00e9tit de possession d&rsquo;une v\u00e9rit\u00e9 qui a l&rsquo;initiative, c&rsquo;est une instance qui lui est ext\u00e9rieure et n&rsquo;est pas dans le spatio-temporel.<\/p>\n<p style=\"text-align: justify;\">\n<p style=\"text-align: justify;\">Comment se fait-il que cette instance, ext\u00e9rieure \u00e0 mon \u00abmoi\u00bb, a-t-elle pu un jour venir m&rsquo;in-former\u00a0? A posteriori, je puis dire ceci: en recherchant, non plus l&rsquo;opinion la plus valable, la plus vraie (au sens ironique car aucune opinion ne peut \u00eatre vraiment vraie, ne peut sembler vraie que dans un certain contexte de conditionnements). Le communisme n&rsquo;est vrai que pour les communistes, le socialisme que pour les socialistes, le catholicisme que pour les catholiques, l&rsquo;islamisme que pour les musulmans, seule la finance a un langage universel, au sens g\u00e9n\u00e9ral, parce qu&rsquo;elle est au-dessus de toutes les opinions, parce qu&rsquo;elle concerne la tripe jouisseuse (frotter le pouce sur l&rsquo;index est un signe compris dans le monde entier, sans mots). Mais le moule global dans lequel se coulent toutes les opinions, le moule des moules, je tenais pour nulles toutes les petites id\u00e9es sociales, politiques et autres, dont ma t\u00eate pouvait \u00eatre encore encombr\u00e9e. Il est vrai que toute opinion se forme dans un contexte de conditionnements (sociaux, g\u00e9ographiques, \u00e9ducatifs. etc.), conditionnements qui limitent n\u00e9cessairement la vision du r\u00e9el. Si je pige quelque chose dans les math\u00e9matiques modernes, je dirai que ces syst\u00e8mes sp\u00e9cifiques de conditionnement sont des sous-ensembles, qui ne trouvent leur sens, leur l\u00e9gitimit\u00e9, que dans la globalit\u00e9, mais qui pourtant se croient le Tout. Toujours l&rsquo;app\u00e9tit de possession. J&rsquo;ai cherch\u00e9 le moule des moules, le moule global, originel. Ainsi, je venais de me vider de toute activit\u00e9 mentale de forme \u00abopinion\u00bb. L&rsquo;esprit est venu occuper ce qu&rsquo;il a trouv\u00e9 vide. Les chr\u00e9tiens appellent cela la gr\u00e2ce. Vision fulgurante, \u00e9clair, d\u00e9luge, une sorte de Sina\u00ef.<\/p>\n<p style=\"text-align: justify;\">\n<p style=\"text-align: justify;\">La vision est venue me vacciner contre tous les virus mentaux que sont les \u00abismes\u00bb, religieux, politiques ou scientifiques. Quant aux virus intellectuels et scolaires, j&rsquo;en ai \u00e9t\u00e9 pr\u00e9serv\u00e9 du seul fait que je n&rsquo;ai pas fait d&rsquo;\u00e9tudes. Bienheureux les ignorants, au moins quand ils se savent ignorants.<\/p>\n<p style=\"text-align: center;\">* *<\/p>\n<p style=\"text-align: justify;\">\n<p style=\"text-align: justify;\">Le 3<sup>e<\/sup> mill\u00e9naire sera le temps de l&rsquo;\u00abEsprit\u00bb. Le r\u00e8gne de l&rsquo;opinion prend fin. La science est arriv\u00e9e \u00e0 la suture de l&rsquo;Esprit et du sensible. C&rsquo;est la fin du dualisme Esprit-Mati\u00e8re, spiritualisme, mat\u00e9rialisme, religion-la\u00efcit\u00e9, etc. Plus de conflit des contraires mais accord, symphonie, compl\u00e9mentarit\u00e9 dans la duellit\u00e9 et non plus conflit dans la dualit\u00e9. Plus de duel par les armes pour la d\u00e9fense d&rsquo;illusions, de fant\u00f4mes.<\/p>\n<p style=\"text-align: justify;\">\n<p style=\"text-align: justify;\">Quand la vision m&rsquo;a enseign\u00e9 qu&rsquo;il ne peut y avoir de Paix dans un monde qui fonctionne \u00e0 l&rsquo;opinion (comme on dit qu&rsquo;un moteur fonctionne \u00e0 l&rsquo;essence), je me suis senti investi de la charge d&rsquo;en avertir ceux qui dans le monde ont des responsabilit\u00e9s de par leur situation sociale. Il y a de cela 41 ans. Sans r\u00e9sultat bien s\u00fbr mais ma na\u00efvet\u00e9 me faisait pers\u00e9v\u00e9rer. Aujourd&rsquo;hui la science d\u00e9bouche sur le m\u00e9taphysique et m\u00eame le th\u00e9ologique, arrive \u00e0 l&rsquo;id\u00e9e de globalit\u00e9, de synth\u00e8se et \u00e7a va s&rsquo;arranger. Bien que ce que d\u00e9couvre la nouvelle science \u00e9tait implicite, en filigrane, dans la vision, je n&rsquo;y aurai \u00e9t\u00e9 pour rien, et je me sens d\u00e9mobilis\u00e9.<\/p>\n<p style=\"text-align: justify;\">\n<p style=\"text-align: justify;\">J&rsquo;ai toujours trouv\u00e9 \u00e9trange que l&rsquo;Esprit m&rsquo;ait charg\u00e9 de cette t\u00e2che. Bien que par ma situation sociale, je dusse fatalement \u00e9chouer. Enfin, l&rsquo;esprit n&rsquo;a pas des raisons d&rsquo;homme. Sa logique n&rsquo;est pas la n\u00f4tre. Aujourd&rsquo;hui, cela commence \u00e0 \u00eatre compris, sans moi, et c&rsquo;est bien. Mais il y aura un cataclysme, un \u00e9v\u00e9nement diluvien pour d\u00e9blayer le terrain et le pr\u00e9parer \u00e0 une nouvelle semence.<\/p>\n<p style=\"text-align: justify;\">\n<p style=\"text-align: justify;\">La logique de l&rsquo;esprit, celle d&rsquo;en haut, n&rsquo;est pas celle des hommes qui vient d&rsquo;en bas. La Paix ne sera que quand cette contradiction ne sera plus. Synth\u00e8se, aucun autre espoir.<\/p>\n<p style=\"text-align: justify;\"><strong> <\/strong><\/p>\n<p style=\"text-align: justify;\"><strong>L&rsquo;esprit souffle o\u00f9 il veut<\/strong><\/p>\n<p style=\"text-align: justify;\"><strong> <\/strong><\/p>\n<p style=\"text-align: justify;\">Les penseurs, les \u00abfabricants d&rsquo;\u00abismes\u00bb, n&rsquo;h\u00e9sitent jamais \u00e0 affirmer leurs opinions, car ils ne savent pas qu&rsquo;il ne s&rsquo;agit que d&rsquo;opinions.<\/p>\n<p style=\"text-align: justify;\">\n<p style=\"text-align: justify;\">Les sp\u00e9cialistes des pr\u00e9tendues \u00absciences sociales\u00bb voudraient dominer et r\u00e9gir les ph\u00e9nom\u00e8nes psychiques, sociaux, comme si du haut de leur \u00abscience\u00bb ils n&rsquo;en \u00e9taient pas participants. Orgueil satanique.<\/p>\n<p style=\"text-align: justify;\">Toutes les religions constitu\u00e9es, coul\u00e9es dans des moules sociaux, r\u00e9sultent de l&rsquo;oubli de l&rsquo;Esprit pour le profit des psychismes collectifs. Mais l&rsquo;esprit est au-del\u00e0 de tout adjectif, de tout psychisme particulier, dans l&rsquo;indiff\u00e9renci\u00e9 de la vision globale.<\/p>\n<p style=\"text-align: justify;\">\n<p style=\"text-align: justify;\">L&rsquo;Eglise a r\u00e9alis\u00e9 ce miracle de faire de l&rsquo;enseignement du Christ, l&rsquo;indiff\u00e9renci\u00e9 absolu, la religion des religions qui surplombe toute opinion, un \u00abisme\u00bb social: le catholicisme, monstre \u00e9tymologique = catho = universel, Isme = particularisme, \u00abpartiellit\u00e9\u00bb, cloisonnement. Compl\u00e8tement idiot! Pas \u00e9tonnant que le communisme a pu prendre la rel\u00e8ve. En faux, bien s\u00fbr.<\/p>\n<p style=\"text-align: justify;\">\n<p style=\"text-align: justify;\"><strong>Extraits d&rsquo;une lettre de Jean Coulonval \u00e0 M. Bardet<\/strong>, auteur de \u00ab Le tr\u00e9sor sacr\u00e9 d&rsquo;IShRA\u00cbL \u00bb.<\/p>\n<p style=\"text-align: justify;\"><strong> <\/strong><\/p>\n<p style=\"text-align: justify;\"><strong>Pour mieux comprendre \u00abla vision\u00bb<\/strong><\/p>\n<p style=\"text-align: justify;\">\n<p style=\"text-align: justify;\"><em>Cette lettre explique un peu plus encore la vision de Jean Coulonval. Il la commente ici fort bien et donne quelques aper\u00e7us de ce qu&rsquo;elle lui a fait comprendre.<\/em><\/p>\n<p style=\"text-align: justify;\">\n<p style=\"text-align: justify;\">&#8230;c&rsquo;est ce monde non spatial que j&rsquo;appelle le monde m\u00e9taphysique, non perceptible par les sens physiques dans leur contact avec le physique discontinu. Je ne suis donc pas d&rsquo;accord avec une m\u00e9taphysique qui ne serait qu&rsquo;une certaine id\u00e9e du non-physique conclue logiquement et m\u00e9diatement \u00e0 partir du visible. Pour qui n&rsquo;a pas eu d&rsquo;exp\u00e9rience m\u00e9taphysique imm\u00e9diate, c&rsquo;est mieux que rien, bien s\u00fbr, mais tellement scabreux! Voir la philosophie marxiste et sovi\u00e9tique qui tend, d&rsquo;une fa\u00e7on tout \u00e0 fait illusoire, \u00e0 la perception d&rsquo;une globalit\u00e9 logique continue par agglutination des acquis de la science dans le spatio-temporel discontinu. Recherche parfaitement l\u00e9gitime, car toute intelligence tend \u00e0 l&rsquo;absolu, mais par une voie \u00abintrins\u00e8quement perverse\u00bb.<\/p>\n<p style=\"text-align: justify;\">\n<p style=\"text-align: justify;\">Pour le marxiste, dans le principe \u00e9tait la mati\u00e8re et non le verbe. J&rsquo;ai l\u00e0 une \u00e9tude de Bernard Jeu, professeur ici \u00e0 Lille, ancien attach\u00e9 culturel en Russie, qui dit fort bien \u00e0 quelles apories se heurte ce besoin de globalit\u00e9 intellectuelle du sovi\u00e9tisme. Illusoirement il croit, en agglom\u00e9rant du discontinu scientifique, cr\u00e9er du continu.<\/p>\n<p style=\"text-align: justify;\">\n<p style=\"text-align: justify;\">La perception intellectuelle imm\u00e9diate du m\u00e9taphysique est continue, contemplation indiff\u00e9renci\u00e9e. Mais, pour s&rsquo;exprimer, elle doit se couler dans les mots, dans une g\u00e9om\u00e9trie syntaxique, c&rsquo;est-\u00e0-dire dans du discontinu. La vision m\u00e9taphysique continue n&rsquo;est pas didactiquement communicable. Elle descend de l&rsquo;indiff\u00e9renci\u00e9 intellectuel dans le diff\u00e9renci\u00e9 verbal et grammatical. Inversement, la m\u00e9thode didactique part du diff\u00e9renci\u00e9 verbal pour invoquer le sens au sein de l&rsquo;indiff\u00e9renci\u00e9 m\u00e9taphysique. La Pens\u00e9e est de l&rsquo;ordre de l&rsquo;indiff\u00e9renci\u00e9 continu. L&rsquo;Opinion de l&rsquo;ordre du discontinu sensible \u00e0 partir duquel on tend, par un besoin naturel mais par une voie aberrante, non plus \u00e0 atteindre le lieu spirituel d&rsquo;une pens\u00e9e continue, mais \u00e0 la forger soi-m\u00eame par syncr\u00e8se, agglutination de conclusions tir\u00e9es des exp\u00e9riences spatio-temporelles.<\/p>\n<p style=\"text-align: justify;\">\n<p style=\"text-align: justify;\">Cette distinction de l&rsquo;intellect m\u00e9taphysique continu et de l&rsquo;intellect didactique discontinu est analogue \u00e0 la distinction de l&rsquo;ant\u00e9-mati\u00e8re continue, non euclidienne, et de la mati\u00e8re euclidienne discontinue: Ce doit \u00eatre cette distinction qu&rsquo;avait per\u00e7ue de Broglie en \u00e9crivant <em>Continu et discontinu en physique quantique<\/em>.<\/p>\n<p style=\"text-align: justify;\">&#8230;En effet, il n&rsquo;est rien dans le discontinu dont l&rsquo;essence ne soit originellement dans le continu, ce qui implique qu&rsquo;il subsiste n\u00e9cessairement dans le discontinu des rapports logiques avec sa source, m\u00eame si nous ne les percevons pas. Hasard, co\u00efncidences, ne sont que des mots pour justifier notre ignorance.<\/p>\n<p style=\"text-align: justify;\">\n<p style=\"text-align: justify;\">On peut cependant parler de deux spirales et c&rsquo;est ce que j&rsquo;ai exprim\u00e9 en disant que Dieu travaille des deux mains avec le sch\u00e9ma de la Cr\u00e9ation \u00abTrinitairement trinitaire\u00bb qui me fut enseign\u00e9, (ci-dessous).<\/p>\n<p style=\"text-align: justify;\">\n<p style=\"text-align: justify;\">\n<p style=\"text-align: justify;\">\n<p style=\"text-align: justify;\"><a href=\"http:\/\/www.revue3emillenaire.com\/blog\/wp-content\/uploads\/2011\/07\/coulon4.jpg\"><img loading=\"lazy\" decoding=\"async\" class=\"alignleft size-thumbnail wp-image-7565\" title=\"coulon4\" src=\"http:\/\/www.revue3emillenaire.com\/blog\/wp-content\/uploads\/2011\/07\/coulon4-150x150.jpg\" alt=\"\" width=\"150\" height=\"150\" \/><\/a><\/p>\n<p style=\"text-align: justify;\">Le sch\u00e9ma donne cette notion: le point central figure le Fils au centre de sa Cr\u00e9ation, comme le Christ en gloire, joint au P\u00e8re par le Rayon. Ce rayon se d\u00e9double pour une double spiration, les deux sens co\u00efncident dans une opposition polaire Dieu-Mati\u00e8re.<\/p>\n<p style=\"text-align: justify;\">\n<p style=\"text-align: justify;\">Cette notion du P\u00e8re, du Fils et de l&rsquo;Esprit est analogue \u00e0 ce que j&rsquo;avais dit de l&rsquo;Espace-Temps-Mouvement avant la vision (une demi-heure ou une heure avant, je ne sais). J&rsquo;avais cherch\u00e9 les concepts de plus en plus simples, ce qui m&rsquo;avait donn\u00e9:<\/p>\n<p style=\"text-align: justify;\">\n<p style=\"text-align: justify;\">1\u00b0 L&rsquo;Espace. Je peux concevoir l&rsquo;espace, le vide, le n\u00e9ant o\u00f9 rien n&rsquo;existe, pas m\u00eame le temps et qui, donc, n&rsquo;est pr\u00e9c\u00e9d\u00e9 d&rsquo;aucun autre concept.<\/p>\n<p style=\"text-align: justify;\">\n<p style=\"text-align: justify;\">2\u00b0 Le Temps, n\u00e9cessaire pour me transporter en pens\u00e9e d&rsquo;un point \u00e0 un autre, et donc pour penser la ligne droite.<\/p>\n<p style=\"text-align: justify;\">\n<p style=\"text-align: justify;\">3\u00b0 Le Mouvement, pour \u00e9tablir une triangulation, la premi\u00e8re figure ferm\u00e9e, le circulus.<\/p>\n<p style=\"text-align: justify;\">Cette trilogie me donnait le concept de pr\u00e9-mati\u00e8re, que l&rsquo;on appelle aussi ant\u00e9-mati\u00e8re. Par filiation, complexit\u00e9 de concepts, j&rsquo;arrivais \u00e0 la mati\u00e8re euclidienne, celle que per\u00e7oivent nos sens en volume spatial constitu\u00e9, la seule qui, dans le langage courant, m\u00e9rite le nom de mati\u00e8re.<\/p>\n<p style=\"text-align: justify;\">Puis, j&rsquo;arrivais \u00e0 mes sens physiques qui transmettent des informations, par le truchement de la mati\u00e8re euclidienne, \u00e0 mon intellect, qui tend \u00e0 comprendre, \u00e0 tirer un sens de ces informations, d&rsquo;o\u00f9 le besoin de science; et aussi \u00e0 ma volont\u00e9, r\u00e9gie par le besoin incoercible d&rsquo;appr\u00e9hender, de poss\u00e9der la globalit\u00e9 de l&rsquo;existant en mode d&rsquo;absolu, c&rsquo;est-\u00e0-dire, en fait, de re-liement, de religion.<\/p>\n<p style=\"text-align: justify;\">\n<p style=\"text-align: justify;\">\n<p style=\"text-align: justify;\">\n<p style=\"text-align: justify;\">Je remarquai alors que, parti du concept d&rsquo;espace, le plus simple, je d\u00e9couvrais que le neuvi\u00e8me terme, la volont\u00e9, bien qu&rsquo;issu du premier par g\u00e9n\u00e9ration, est aussi un concept simple, en ce sens qu&rsquo;il peut fort bien se lib\u00e9rer de sa filiation et l&rsquo;appr\u00e9hender au contraire comme des choses qu&rsquo;il poss\u00e8de et r\u00e9git \u00e0 sa guise. Je peux me faire du monde une id\u00e9e fausse, sans que pour autant mon besoin d&rsquo;absolu disparaisse, ce qui implique une libert\u00e9 des rapports entre ma volont\u00e9 et tout l&rsquo;existant: je peux concevoir l&rsquo;existant, non pas tel qu&rsquo;il est en soi, mais selon ce que mes app\u00e9tits d\u00e9sirent qu&rsquo;il soit. Ces neuf termes, con\u00e7us ainsi en une suite lin\u00e9aire, me posaient un probl\u00e8me.<\/p>\n<p style=\"text-align: justify;\">\n<p style=\"text-align: justify;\">C&rsquo;est alors que la vision m&rsquo;enseigna le circulus et la double spiration: Evolution \u2014 Involution.<\/p>\n<p style=\"text-align: justify;\">\n<p style=\"text-align: justify;\">Je n&rsquo;avais au d\u00e9part que le besoin, le souci d&rsquo;\u00e9clairer les probl\u00e8mes sociaux et politiques dont je vivais intens\u00e9ment le drame, de par le lien social de ma naissance, la guerre que je venais de vivre et le spectacle de deux civilisations, chr\u00e9tienne et musulmane, qui ne pouvaient s&rsquo;amalgamer, comme l&rsquo;huile et le vinaigre. Je ne pensais pas du tout d\u00e9couvrir au bout la v\u00e9rit\u00e9 de l&rsquo;\u00c9glise catholique romaine, dont il ne me restait que de vagues formules de cat\u00e9chisme, dont je n&rsquo;avais retenu que l&rsquo;expression formelle, mais non un sens spirituel. Je cherchai \u00e0 saisir l&rsquo;essence des probl\u00e8mes politiques et non pas des probl\u00e8mes religieux. J&rsquo;avais seulement per\u00e7u, au contact des Musulmans, qu&rsquo;il y avait une imbrication du religieux et du politique, ce que je n&rsquo;avais jamais per\u00e7u en France. En fin de compte, cette vision m&rsquo;a appris qu&rsquo;il n&rsquo;y a pas de probl\u00e8mes h\u00e9t\u00e9rog\u00e8nes, isol\u00e9s (politiques, religieux, sociaux, \u00e9conomiques, scientifiques, etc.) mais une globalit\u00e9, comme un poly\u00e8dre \u00e0 mille faces, chacune didactiquement ind\u00e9pendante mais ins\u00e9parable du poly\u00e8dre qui lui conf\u00e8re son sens et son r\u00f4le.<\/p>\n<p style=\"text-align: justify;\">\n<p style=\"text-align: justify;\">Qu&rsquo;il me soit arriv\u00e9 cette aventure est un des signes que notre \u00e9poque r\u00e9clame la synth\u00e8se. Non pas la synth\u00e8se con\u00e7ue comme reconstitution d&rsquo;un puzzle, qui ne serait que syncr\u00e8se, mais comme la perception, en un acte intellectuel unique, de tout l&rsquo;existant, de la mati\u00e8re \u00e0 Dieu, sans hiatus ni solution de continuit\u00e9, le circulus Trinitaire conf\u00e9rant l&rsquo;unit\u00e9 \u00e0 toutes choses. En remarquant toutefois que Dieu n&rsquo;ex-iste pas, mais qu&rsquo;Il est.<\/p>\n<p style=\"text-align: justify;\">\n<p style=\"text-align: justify;\">Apr\u00e8s la vision de 1941, j&rsquo;ai essay\u00e9 de d\u00e9finir la trilogie Longueur-Largeur-Hauteur, non plus comme les trois dimensions euclidiennes d&rsquo;un parall\u00e9l\u00e9pip\u00e8de, apprises \u00e0 l&rsquo;\u00e9cole, mais en disant :<\/p>\n<p style=\"text-align: justify;\">\n<p style=\"text-align: justify;\">1\u00b0 Longueur = surface sph\u00e9rique r\u00e9alis\u00e9e par rotation du circulus Espace-Temps-Mouvement.<\/p>\n<p style=\"text-align: justify;\">2\u00b0 Largeur = sph\u00e8re int\u00e9rieurement pl\u00e9nifi\u00e9e par l&rsquo;\u00e9nergie.<\/p>\n<p style=\"text-align: justify;\">3\u00b0 Hauteur = projection d&rsquo;\u00e9nergie ext\u00e9rieurement \u00e0 la sph\u00e8re, d&rsquo;o\u00f9 g\u00e9n\u00e9ration de sph\u00e8res (ou corpuscules). Pour qu&rsquo;il y ait volume euclidien, mati\u00e8re spatialement constitu\u00e9e, il faut qu&rsquo;il y ait au moins circulus entre trois sph\u00e8res.<\/p>\n<p style=\"text-align: justify;\">\n<p style=\"text-align: justify;\">Tout d\u00e9sordre dans les concepts religieux, politiques, scientifiques, est un trouble de l&rsquo;ordre Trinitaire normal et il n&rsquo;y a de synth\u00e8se donc d&rsquo;\u00e9quilibre et de paix que par la Trinit\u00e9.<\/p>\n<p style=\"text-align: justify;\">\n<p style=\"text-align: justify;\">\n<hr style=\"text-align: justify;\" size=\"1\" \/>\n<p style=\"text-align: justify;\"><a id=\"ftn1\" href=\"#ftnref1\">[1]<\/a> Ces lettres, Jean Coulonval les a adress\u00e9es \u00e0 diverses personnalit\u00e9s des mondes des Lettres, de l&rsquo;Eglise, des Sciences, dont Raymond Abellio, Aim\u00e9 Michel, Jean Charon, Raymond Ruyer, Arthur Koestler, Ionesco, L.E. Huyghe, Maziers, Matagrin.<\/p>\n","protected":false},"excerpt":{"rendered":"<p>L&rsquo;infini ne peut s&rsquo;atteindre par accumulation de morceaux. Cette d\u00e9marche, en tant qu&rsquo;ouvrier m&rsquo;\u00e9tait profond\u00e9ment \u00e9trang\u00e8re. C&rsquo;est celle de l&rsquo;\u00e9tudiant et du chercheur, de l&rsquo;\u00abhomme d&rsquo;\u00e9tude\u00bb. Cependant, il m&rsquo;\u00e9tait apparu que le fait d&rsquo;\u00eatre catholique, ou protestant, ou musulman, ou capitaliste, ou communiste, en religion, philosophie, science et tutti quanti, n&rsquo;\u00e9tait que le r\u00e9sultat de conditionnements sociaux, g\u00e9ographiques, historiques, sentimentaux, scolaires etc. Et tous disent: \u00abC&rsquo;est ma v\u00e9rit\u00e9\u00bb. \u00c7a fait beaucoup trop de v\u00e9rit\u00e9s alors que par d\u00e9finition il ne peut y en avoir qu&rsquo;une. Tout cela n&rsquo;est qu&rsquo;\u00abopinion\u00bb, condensat psychique n\u00e9 de circonstances conditionnantes familiales, raciales, sociales, g\u00e9ographiques et autres. Et aucune opinion ne peut \u00eatre \u00abla v\u00e9rit\u00e9\u00bb. Se casser la gueule pour d\u00e9fendre ce qui n&rsquo;est qu&rsquo;opinion c&rsquo;est la connerie des conneries et pourtant c&rsquo;est ainsi que le monde fonctionne.<\/p>\n","protected":false},"author":1,"featured_media":0,"comment_status":"closed","ping_status":"closed","sticky":false,"template":"","format":"standard","meta":{"footnotes":""},"categories":[944],"tags":[1347,176,49],"class_list":["post-7555","post","type-post","status-publish","format-standard","hentry","category-temoignage","tag-spiritualite","tag-transformation","tag-vision"],"yoast_head":"<!-- This site is optimized with the Yoast SEO plugin v27.0 - https:\/\/yoast.com\/product\/yoast-seo-wordpress\/ -->\n<title>Quand l&#039;esprit explose dans le quotidien par Jean Coulonval - 3e mill\u00e9naire - Spiritualit\u00e9 - Connaissance de soi - Non-dualit\u00e9 - M\u00e9ditation<\/title>\n<meta name=\"robots\" content=\"index, follow, max-snippet:-1, max-image-preview:large, max-video-preview:-1\" \/>\n<link rel=\"canonical\" href=\"https:\/\/www.revue3emillenaire.com\/blog\/quand-lesprit-explose-dans-le-quotidien\/\" \/>\n<meta property=\"og:locale\" content=\"fr_FR\" \/>\n<meta property=\"og:type\" content=\"article\" \/>\n<meta property=\"og:title\" content=\"Quand l&#039;esprit explose dans le quotidien par Jean Coulonval - 3e mill\u00e9naire - Spiritualit\u00e9 - Connaissance de soi - Non-dualit\u00e9 - M\u00e9ditation\" \/>\n<meta property=\"og:description\" content=\"L&#039;infini ne peut s&#039;atteindre par accumulation de morceaux. Cette d\u00e9marche, en tant qu&#039;ouvrier m&#039;\u00e9tait profond\u00e9ment \u00e9trang\u00e8re. C&#039;est celle de l&#039;\u00e9tudiant et du chercheur, de l&#039;\u00abhomme d&#039;\u00e9tude\u00bb. Cependant, il m&#039;\u00e9tait apparu que le fait d&#039;\u00eatre catholique, ou protestant, ou musulman, ou capitaliste, ou communiste, en religion, philosophie, science et tutti quanti, n&#039;\u00e9tait que le r\u00e9sultat de conditionnements sociaux, g\u00e9ographiques, historiques, sentimentaux, scolaires etc. Et tous disent: \u00abC&#039;est ma v\u00e9rit\u00e9\u00bb. \u00c7a fait beaucoup trop de v\u00e9rit\u00e9s alors que par d\u00e9finition il ne peut y en avoir qu&#039;une. Tout cela n&#039;est qu&#039;\u00abopinion\u00bb, condensat psychique n\u00e9 de circonstances conditionnantes familiales, raciales, sociales, g\u00e9ographiques et autres. Et aucune opinion ne peut \u00eatre \u00abla v\u00e9rit\u00e9\u00bb. Se casser la gueule pour d\u00e9fendre ce qui n&#039;est qu&#039;opinion c&#039;est la connerie des conneries et pourtant c&#039;est ainsi que le monde fonctionne.\" \/>\n<meta property=\"og:url\" content=\"https:\/\/www.revue3emillenaire.com\/blog\/quand-lesprit-explose-dans-le-quotidien\/\" \/>\n<meta property=\"og:site_name\" content=\"3e mill\u00e9naire - Spiritualit\u00e9 - Connaissance de soi - Non-dualit\u00e9 - M\u00e9ditation\" \/>\n<meta property=\"article:published_time\" content=\"2011-07-11T21:35:14+00:00\" \/>\n<meta property=\"article:modified_time\" content=\"2011-07-11T21:44:59+00:00\" \/>\n<meta property=\"og:image\" content=\"http:\/\/www.revue3emillenaire.com\/blog\/wp-content\/uploads\/2011\/07\/coulon1-300x103.jpg\" \/>\n<meta name=\"author\" content=\"3e mill\u00e9naire\" \/>\n<meta name=\"twitter:card\" content=\"summary_large_image\" \/>\n<meta name=\"twitter:label1\" content=\"\u00c9crit par\" \/>\n\t<meta name=\"twitter:data1\" content=\"3e mill\u00e9naire\" \/>\n\t<meta name=\"twitter:label2\" content=\"Dur\u00e9e de lecture estim\u00e9e\" \/>\n\t<meta name=\"twitter:data2\" content=\"27 minutes\" \/>\n<script type=\"application\/ld+json\" class=\"yoast-schema-graph\">{\"@context\":\"https:\/\/schema.org\",\"@graph\":[{\"@type\":\"Article\",\"@id\":\"https:\/\/www.revue3emillenaire.com\/blog\/quand-lesprit-explose-dans-le-quotidien\/#article\",\"isPartOf\":{\"@id\":\"https:\/\/www.revue3emillenaire.com\/blog\/quand-lesprit-explose-dans-le-quotidien\/\"},\"author\":{\"name\":\"3e mill\u00e9naire\",\"@id\":\"https:\/\/www.revue3emillenaire.com\/blog\/#\/schema\/person\/9a3a7cc4ccaa707f402d4394327106d5\"},\"headline\":\"Quand l&rsquo;esprit explose dans le quotidien par Jean Coulonval\",\"datePublished\":\"2011-07-11T21:35:14+00:00\",\"dateModified\":\"2011-07-11T21:44:59+00:00\",\"mainEntityOfPage\":{\"@id\":\"https:\/\/www.revue3emillenaire.com\/blog\/quand-lesprit-explose-dans-le-quotidien\/\"},\"wordCount\":5379,\"image\":{\"@id\":\"https:\/\/www.revue3emillenaire.com\/blog\/quand-lesprit-explose-dans-le-quotidien\/#primaryimage\"},\"thumbnailUrl\":\"http:\/\/www.revue3emillenaire.com\/blog\/wp-content\/uploads\/2011\/07\/coulon1-300x103.jpg\",\"keywords\":[\"Spiritualit\u00e9\",\"Transformation\",\"Vision\"],\"articleSection\":[\"T\u00e9moignage\"],\"inLanguage\":\"fr-FR\"},{\"@type\":\"WebPage\",\"@id\":\"https:\/\/www.revue3emillenaire.com\/blog\/quand-lesprit-explose-dans-le-quotidien\/\",\"url\":\"https:\/\/www.revue3emillenaire.com\/blog\/quand-lesprit-explose-dans-le-quotidien\/\",\"name\":\"Quand l'esprit explose dans le quotidien par Jean Coulonval - 3e mill\u00e9naire - Spiritualit\u00e9 - Connaissance de soi - Non-dualit\u00e9 - M\u00e9ditation\",\"isPartOf\":{\"@id\":\"https:\/\/www.revue3emillenaire.com\/blog\/#website\"},\"primaryImageOfPage\":{\"@id\":\"https:\/\/www.revue3emillenaire.com\/blog\/quand-lesprit-explose-dans-le-quotidien\/#primaryimage\"},\"image\":{\"@id\":\"https:\/\/www.revue3emillenaire.com\/blog\/quand-lesprit-explose-dans-le-quotidien\/#primaryimage\"},\"thumbnailUrl\":\"http:\/\/www.revue3emillenaire.com\/blog\/wp-content\/uploads\/2011\/07\/coulon1-300x103.jpg\",\"datePublished\":\"2011-07-11T21:35:14+00:00\",\"dateModified\":\"2011-07-11T21:44:59+00:00\",\"author\":{\"@id\":\"https:\/\/www.revue3emillenaire.com\/blog\/#\/schema\/person\/9a3a7cc4ccaa707f402d4394327106d5\"},\"breadcrumb\":{\"@id\":\"https:\/\/www.revue3emillenaire.com\/blog\/quand-lesprit-explose-dans-le-quotidien\/#breadcrumb\"},\"inLanguage\":\"fr-FR\",\"potentialAction\":[{\"@type\":\"ReadAction\",\"target\":[\"https:\/\/www.revue3emillenaire.com\/blog\/quand-lesprit-explose-dans-le-quotidien\/\"]}]},{\"@type\":\"ImageObject\",\"inLanguage\":\"fr-FR\",\"@id\":\"https:\/\/www.revue3emillenaire.com\/blog\/quand-lesprit-explose-dans-le-quotidien\/#primaryimage\",\"url\":\"http:\/\/www.revue3emillenaire.com\/blog\/wp-content\/uploads\/2011\/07\/coulon1-300x103.jpg\",\"contentUrl\":\"http:\/\/www.revue3emillenaire.com\/blog\/wp-content\/uploads\/2011\/07\/coulon1-300x103.jpg\"},{\"@type\":\"BreadcrumbList\",\"@id\":\"https:\/\/www.revue3emillenaire.com\/blog\/quand-lesprit-explose-dans-le-quotidien\/#breadcrumb\",\"itemListElement\":[{\"@type\":\"ListItem\",\"position\":1,\"name\":\"Accueil\",\"item\":\"https:\/\/www.revue3emillenaire.com\/blog\/\"},{\"@type\":\"ListItem\",\"position\":2,\"name\":\"Quand l&rsquo;esprit explose dans le quotidien par Jean Coulonval\"}]},{\"@type\":\"WebSite\",\"@id\":\"https:\/\/www.revue3emillenaire.com\/blog\/#website\",\"url\":\"https:\/\/www.revue3emillenaire.com\/blog\/\",\"name\":\"3e mill\u00e9naire - Spiritualit\u00e9 - Connaissance de soi - Non-dualit\u00e9 - M\u00e9ditation\",\"description\":\"L&#039;Homme en devenir\",\"potentialAction\":[{\"@type\":\"SearchAction\",\"target\":{\"@type\":\"EntryPoint\",\"urlTemplate\":\"https:\/\/www.revue3emillenaire.com\/blog\/?s={search_term_string}\"},\"query-input\":{\"@type\":\"PropertyValueSpecification\",\"valueRequired\":true,\"valueName\":\"search_term_string\"}}],\"inLanguage\":\"fr-FR\"},{\"@type\":\"Person\",\"@id\":\"https:\/\/www.revue3emillenaire.com\/blog\/#\/schema\/person\/9a3a7cc4ccaa707f402d4394327106d5\",\"name\":\"3e mill\u00e9naire\",\"url\":\"https:\/\/www.revue3emillenaire.com\/blog\/author\/admin\/\"}]}<\/script>\n<!-- \/ Yoast SEO plugin. -->","yoast_head_json":{"title":"Quand l'esprit explose dans le quotidien par Jean Coulonval - 3e mill\u00e9naire - Spiritualit\u00e9 - Connaissance de soi - Non-dualit\u00e9 - M\u00e9ditation","robots":{"index":"index","follow":"follow","max-snippet":"max-snippet:-1","max-image-preview":"max-image-preview:large","max-video-preview":"max-video-preview:-1"},"canonical":"https:\/\/www.revue3emillenaire.com\/blog\/quand-lesprit-explose-dans-le-quotidien\/","og_locale":"fr_FR","og_type":"article","og_title":"Quand l'esprit explose dans le quotidien par Jean Coulonval - 3e mill\u00e9naire - Spiritualit\u00e9 - Connaissance de soi - Non-dualit\u00e9 - M\u00e9ditation","og_description":"L'infini ne peut s'atteindre par accumulation de morceaux. Cette d\u00e9marche, en tant qu'ouvrier m'\u00e9tait profond\u00e9ment \u00e9trang\u00e8re. C'est celle de l'\u00e9tudiant et du chercheur, de l'\u00abhomme d'\u00e9tude\u00bb. Cependant, il m'\u00e9tait apparu que le fait d'\u00eatre catholique, ou protestant, ou musulman, ou capitaliste, ou communiste, en religion, philosophie, science et tutti quanti, n'\u00e9tait que le r\u00e9sultat de conditionnements sociaux, g\u00e9ographiques, historiques, sentimentaux, scolaires etc. Et tous disent: \u00abC'est ma v\u00e9rit\u00e9\u00bb. \u00c7a fait beaucoup trop de v\u00e9rit\u00e9s alors que par d\u00e9finition il ne peut y en avoir qu'une. Tout cela n'est qu'\u00abopinion\u00bb, condensat psychique n\u00e9 de circonstances conditionnantes familiales, raciales, sociales, g\u00e9ographiques et autres. Et aucune opinion ne peut \u00eatre \u00abla v\u00e9rit\u00e9\u00bb. Se casser la gueule pour d\u00e9fendre ce qui n'est qu'opinion c'est la connerie des conneries et pourtant c'est ainsi que le monde fonctionne.","og_url":"https:\/\/www.revue3emillenaire.com\/blog\/quand-lesprit-explose-dans-le-quotidien\/","og_site_name":"3e mill\u00e9naire - Spiritualit\u00e9 - Connaissance de soi - Non-dualit\u00e9 - M\u00e9ditation","article_published_time":"2011-07-11T21:35:14+00:00","article_modified_time":"2011-07-11T21:44:59+00:00","og_image":[{"url":"http:\/\/www.revue3emillenaire.com\/blog\/wp-content\/uploads\/2011\/07\/coulon1-300x103.jpg","type":"","width":"","height":""}],"author":"3e mill\u00e9naire","twitter_card":"summary_large_image","twitter_misc":{"\u00c9crit par":"3e mill\u00e9naire","Dur\u00e9e de lecture estim\u00e9e":"27 minutes"},"schema":{"@context":"https:\/\/schema.org","@graph":[{"@type":"Article","@id":"https:\/\/www.revue3emillenaire.com\/blog\/quand-lesprit-explose-dans-le-quotidien\/#article","isPartOf":{"@id":"https:\/\/www.revue3emillenaire.com\/blog\/quand-lesprit-explose-dans-le-quotidien\/"},"author":{"name":"3e mill\u00e9naire","@id":"https:\/\/www.revue3emillenaire.com\/blog\/#\/schema\/person\/9a3a7cc4ccaa707f402d4394327106d5"},"headline":"Quand l&rsquo;esprit explose dans le quotidien par Jean Coulonval","datePublished":"2011-07-11T21:35:14+00:00","dateModified":"2011-07-11T21:44:59+00:00","mainEntityOfPage":{"@id":"https:\/\/www.revue3emillenaire.com\/blog\/quand-lesprit-explose-dans-le-quotidien\/"},"wordCount":5379,"image":{"@id":"https:\/\/www.revue3emillenaire.com\/blog\/quand-lesprit-explose-dans-le-quotidien\/#primaryimage"},"thumbnailUrl":"http:\/\/www.revue3emillenaire.com\/blog\/wp-content\/uploads\/2011\/07\/coulon1-300x103.jpg","keywords":["Spiritualit\u00e9","Transformation","Vision"],"articleSection":["T\u00e9moignage"],"inLanguage":"fr-FR"},{"@type":"WebPage","@id":"https:\/\/www.revue3emillenaire.com\/blog\/quand-lesprit-explose-dans-le-quotidien\/","url":"https:\/\/www.revue3emillenaire.com\/blog\/quand-lesprit-explose-dans-le-quotidien\/","name":"Quand l'esprit explose dans le quotidien par Jean Coulonval - 3e mill\u00e9naire - Spiritualit\u00e9 - Connaissance de soi - Non-dualit\u00e9 - M\u00e9ditation","isPartOf":{"@id":"https:\/\/www.revue3emillenaire.com\/blog\/#website"},"primaryImageOfPage":{"@id":"https:\/\/www.revue3emillenaire.com\/blog\/quand-lesprit-explose-dans-le-quotidien\/#primaryimage"},"image":{"@id":"https:\/\/www.revue3emillenaire.com\/blog\/quand-lesprit-explose-dans-le-quotidien\/#primaryimage"},"thumbnailUrl":"http:\/\/www.revue3emillenaire.com\/blog\/wp-content\/uploads\/2011\/07\/coulon1-300x103.jpg","datePublished":"2011-07-11T21:35:14+00:00","dateModified":"2011-07-11T21:44:59+00:00","author":{"@id":"https:\/\/www.revue3emillenaire.com\/blog\/#\/schema\/person\/9a3a7cc4ccaa707f402d4394327106d5"},"breadcrumb":{"@id":"https:\/\/www.revue3emillenaire.com\/blog\/quand-lesprit-explose-dans-le-quotidien\/#breadcrumb"},"inLanguage":"fr-FR","potentialAction":[{"@type":"ReadAction","target":["https:\/\/www.revue3emillenaire.com\/blog\/quand-lesprit-explose-dans-le-quotidien\/"]}]},{"@type":"ImageObject","inLanguage":"fr-FR","@id":"https:\/\/www.revue3emillenaire.com\/blog\/quand-lesprit-explose-dans-le-quotidien\/#primaryimage","url":"http:\/\/www.revue3emillenaire.com\/blog\/wp-content\/uploads\/2011\/07\/coulon1-300x103.jpg","contentUrl":"http:\/\/www.revue3emillenaire.com\/blog\/wp-content\/uploads\/2011\/07\/coulon1-300x103.jpg"},{"@type":"BreadcrumbList","@id":"https:\/\/www.revue3emillenaire.com\/blog\/quand-lesprit-explose-dans-le-quotidien\/#breadcrumb","itemListElement":[{"@type":"ListItem","position":1,"name":"Accueil","item":"https:\/\/www.revue3emillenaire.com\/blog\/"},{"@type":"ListItem","position":2,"name":"Quand l&rsquo;esprit explose dans le quotidien par Jean Coulonval"}]},{"@type":"WebSite","@id":"https:\/\/www.revue3emillenaire.com\/blog\/#website","url":"https:\/\/www.revue3emillenaire.com\/blog\/","name":"3e mill\u00e9naire - Spiritualit\u00e9 - Connaissance de soi - Non-dualit\u00e9 - M\u00e9ditation","description":"L&#039;Homme en devenir","potentialAction":[{"@type":"SearchAction","target":{"@type":"EntryPoint","urlTemplate":"https:\/\/www.revue3emillenaire.com\/blog\/?s={search_term_string}"},"query-input":{"@type":"PropertyValueSpecification","valueRequired":true,"valueName":"search_term_string"}}],"inLanguage":"fr-FR"},{"@type":"Person","@id":"https:\/\/www.revue3emillenaire.com\/blog\/#\/schema\/person\/9a3a7cc4ccaa707f402d4394327106d5","name":"3e mill\u00e9naire","url":"https:\/\/www.revue3emillenaire.com\/blog\/author\/admin\/"}]}},"_links":{"self":[{"href":"https:\/\/www.revue3emillenaire.com\/blog\/wp-json\/wp\/v2\/posts\/7555","targetHints":{"allow":["GET"]}}],"collection":[{"href":"https:\/\/www.revue3emillenaire.com\/blog\/wp-json\/wp\/v2\/posts"}],"about":[{"href":"https:\/\/www.revue3emillenaire.com\/blog\/wp-json\/wp\/v2\/types\/post"}],"author":[{"embeddable":true,"href":"https:\/\/www.revue3emillenaire.com\/blog\/wp-json\/wp\/v2\/users\/1"}],"replies":[{"embeddable":true,"href":"https:\/\/www.revue3emillenaire.com\/blog\/wp-json\/wp\/v2\/comments?post=7555"}],"version-history":[{"count":0,"href":"https:\/\/www.revue3emillenaire.com\/blog\/wp-json\/wp\/v2\/posts\/7555\/revisions"}],"wp:attachment":[{"href":"https:\/\/www.revue3emillenaire.com\/blog\/wp-json\/wp\/v2\/media?parent=7555"}],"wp:term":[{"taxonomy":"category","embeddable":true,"href":"https:\/\/www.revue3emillenaire.com\/blog\/wp-json\/wp\/v2\/categories?post=7555"},{"taxonomy":"post_tag","embeddable":true,"href":"https:\/\/www.revue3emillenaire.com\/blog\/wp-json\/wp\/v2\/tags?post=7555"}],"curies":[{"name":"wp","href":"https:\/\/api.w.org\/{rel}","templated":true}]}}