{"id":7595,"date":"2011-07-14T05:28:54","date_gmt":"2011-07-14T04:28:54","guid":{"rendered":"http:\/\/www.revue3emillenaire.com\/blog\/?p=7595"},"modified":"2011-07-14T05:28:54","modified_gmt":"2011-07-14T04:28:54","slug":"la-rencontre-du-sacre-par-%c2%ab-yeh-point-germinal-%c2%bb-par-marie-ina-bergeron","status":"publish","type":"post","link":"https:\/\/www.revue3emillenaire.com\/blog\/la-rencontre-du-sacre-par-%c2%ab-yeh-point-germinal-%c2%bb-par-marie-ina-bergeron\/","title":{"rendered":"La rencontre du sacr\u00e9 par \u00ab Yeh, point germinal \u00bb par Marie-Ina Bergeron"},"content":{"rendered":"<p style=\"text-align: justify;\">(Revue Teilhard de Chardin. No 75-76. D\u00e9cembre 1978)<\/p>\n<p style=\"text-align: justify;\"><em>R\u00e9sum\u00e9 de conf\u00e9rence donn\u00e9e au 18<sup>e<\/sup> symposium international<\/em><\/p>\n<p style=\"text-align: justify;\">On a dit que le sacr\u00e9 n&rsquo;existe pas pour les Chinois. Mais comme tous les peuples, le peuple de la Chine a \u00e9t\u00e9 confront\u00e9 avec le Super-Humain, ne serait-ce que par la contemplation des astres et le spectacle de la f\u00e9condit\u00e9 de la terre. En effet, ces deux puissances ont de tous temps fascin\u00e9 les Chinois.<\/p>\n<p style=\"text-align: justify;\">De la partie mythique des textes anciens de la Chine, \u2014 malheureusement nous en avons tr\u00e8s peu \u2014, qui peut \u00eatre consult\u00e9e, il ressort que les Chinois ont eu depuis des mill\u00e9naires le sens de la puissance c\u00e9leste et celui de la puissance terrestre. Ils ont cherch\u00e9 \u00e0 relier les deux forces.<\/p>\n<p style=\"text-align: justify;\">La mythologie chinoise parle d&rsquo;un arbre solaire, un arbre cosmique (le m\u00fbrier qui aurait support\u00e9 le soleil), et aussi d&rsquo;un arbre lunaire dont on ne sait pas pr\u00e9cis\u00e9ment le nom mais dont les fleurs s&rsquo;\u00e9panouissaient en lumi\u00e8re. L&rsquo;arbre solaire qui supportait neuf soleils, aurait fait le lien entre le ciel et la terre.<\/p>\n<p style=\"text-align: justify;\">Plus tard, on retrouvera dans la l\u00e9gende chinoise le culte de la montagne. La montagne a toujours tenu une grande place dans la vie religieuse des Chinois. Des r\u00e9cits anciens relatent cinq p\u00e8lerinages, lesquels correspondaient aux cinq Orients.<\/p>\n<p style=\"text-align: justify;\">La plus officielle des montagnes sacr\u00e9es fut et reste encore le Ta\u00ef Shan. La montagne a de tous temps \u00e9t\u00e9 consid\u00e9r\u00e9e en Chine comme une zone religieuse, o\u00f9 les puissances magiques permettent d&rsquo;entrer en contact avec le divin.<\/p>\n<p style=\"text-align: justify;\">Cependant il vint un temps o\u00f9 avec Confucius et Lao-tseu, l&rsquo;homme ne trouvera plus le divin au-dehors (ni en un lieu, ni dans un temps d\u00e9termin\u00e9s) mais au-dedans de lui.<\/p>\n<p style=\"text-align: justify;\">Avec Confucius commence pour l&rsquo;homme la recherche de sa dignit\u00e9 int\u00e9rieure. Mais c&rsquo;est surtout avec Mencius, qui vivait au IV<sup>e<\/sup> si\u00e8cle avant notre \u00e8re, que l&rsquo;homme arrive au fondement ultime et absolu de son \u00eatre.<\/p>\n<p style=\"text-align: justify;\">\u00ab Celui qui va jusqu&rsquo;au bout de son c\u0153ur, dit Mencius, conna\u00eet sa nature et qui conna\u00eet sa nature, conna\u00eet le ciel. \u00bb<\/p>\n<p style=\"text-align: justify;\">Mais qu&rsquo;est-ce que le ciel? Le ciel, selon Mencius, c&rsquo;est le don de l&rsquo;amour, le sens de la justice, la loyaut\u00e9, et cette joie intarissable que les hommes ont lorsqu&rsquo;ils font le bien.<\/p>\n<p style=\"text-align: justify;\">Celui qui a le plus marqu\u00e9 la pens\u00e9e chinoise sans doute est-il Lao-tseu, le vieux Ma\u00eetre, auteur du Tao-to-king, \u00e0 partir de qui la doctrine tao\u00efste s&rsquo;est d\u00e9velopp\u00e9e. Lao-tseu a v\u00e9ritablement d\u00e9couvert la dimension int\u00e9rieure de l&rsquo;homme. Dans le Tao-ta-king, il y a une sorte de trame : l&rsquo;homme doit garder \u00ab ses \u00e2mes \u00bb pour \u00e9treindre son unit\u00e9.<\/p>\n<p style=\"text-align: justify;\">Le Ma\u00eetre invite l&rsquo;homme \u00e0 trouver son \u00eatre par le dedans, plut\u00f4t qu&rsquo;en se dispersant dans une multitude d&rsquo;actes et de mouvements ext\u00e9rieurs. Les cinq couleurs, les cinq sons, les cinq saveurs ne font, dit-il, que d\u00e9sorienter l&rsquo;homme.<\/p>\n<p style=\"text-align: justify;\">Avant tout, celui-ci doit purifier son regard pour parvenir \u00e0 l&rsquo;extr\u00eame du Vide. Le Vide (wou) est un des grands symboles de la pens\u00e9e tao\u00efste. Le sage conna\u00eet la loi supr\u00eame. Vid\u00e9 de ses passions, de ses d\u00e9sirs, il est pleinement habit\u00e9 par le Tao.<\/p>\n<p style=\"text-align: justify;\">S&rsquo;ancrer dans la profondeur du silence, revenir \u00e0 sa racine, \u00e0 la paix int\u00e9rieure, \u00e0 son Ming, tel est le chemin suivi par le sage.<\/p>\n<p style=\"text-align: justify;\">Tchouang-tseu \u2014 qui a v\u00e9cu de 369 \u00e0 286 avant notre \u00e8re, \u2014 a su ce qu&rsquo;est l&rsquo;extase et a parl\u00e9 de ses exp\u00e9riences mystiques. Lorsqu&rsquo;il trouve au fond de lui la r\u00e9alit\u00e9 supr\u00eame, il dit : \u00ab Je viens de rencontrer la profondeur supr\u00eame de l&rsquo;ombre c&rsquo;est \u00e0-dire le Yin et en m\u00eame temps j&rsquo;ai rencontr\u00e9 la splendeur \u00e9blouissante de la lumi\u00e8re c&rsquo;est-\u00e0-dire le Yang. J&rsquo;ai rencontr\u00e9 en moi un au-del\u00e0 de moi \u00bb.<\/p>\n<p style=\"text-align: justify;\">Cette \u00e9tape de la voie mystique, c&rsquo;est Yeh, le point germinal, le point de contact avec le sacr\u00e9, avec le Tao.<\/p>\n<p style=\"text-align: justify;\">Tchouang-tseu a donc connu le Grand Myst\u00e8re, l&rsquo;extase. Il a d\u00e9crit le secret pour y atteindre par \u00ab s&rsquo;asseoir et oublier \u00bb (tsowang).<\/p>\n<p style=\"text-align: justify;\">Le sacr\u00e9 est la rencontre de l&rsquo;Un. L&rsquo;homme ne peut pas d\u00e9finir clairement cette rencontre. Wang Pi, m\u00e9taphysicien du III<sup>e<\/sup> si\u00e8cle de notre \u00e8re, grand commentateur de Lao-tseu d\u00e9clare : \u00ab La pens\u00e9e de l&rsquo;homme c&rsquo;est-\u00e0-dire l&rsquo;unit\u00e9 fondamentale du monde, germe les images et celles-ci engendrent la parole. Mais quand on a cornpris la parole, il faut l&rsquo;oublier pour avoir une image et quand on a saisi l&rsquo;image, il faut \u00e9galement l&rsquo;oublier pour avoir la pens\u00e9e \u00bb.<\/p>\n<p style=\"text-align: justify;\">La parole, l&rsquo;image sont comme des nasses pour prendre le poisson. Lorsque le poisson est pris, il convient d&rsquo;oublier la nasse. Si la pr\u00e9sence du sacr\u00e9 rend l&rsquo;homme muet, elle peut aussi soulever la mat\u00e9rialit\u00e9 de sa personne.<\/p>\n<p style=\"text-align: justify;\">Pour d\u00e9montrer cela Tchouang-tseu met en sc\u00e8ne de nombreux estropi\u00e9s, des bossus, des monstres de laideur, des culs de jatte, etc. Il raconte leur histoire. Le plus hideux d&rsquo;entre eux se rend chez le duc W\u00e9i. D\u00e8s qu&rsquo;il lui a parl\u00e9, le duc W\u00e9i n&rsquo;a qu&rsquo;une id\u00e9e, rester en compagnie de cet \u00eatre exceptionnel. Il le nomme son ministre.<\/p>\n<p style=\"text-align: justify;\">\u2014 \u00ab Quand je vois un homme normal, je le trouve difforme \u00bb, conclut Tchouang-tseu.<\/p>\n<p style=\"text-align: justify;\">L&rsquo;homme hideux, qui s&rsquo;en fut voir le duc W\u00e9i, \u00e9tait en possession de son point germinal, d&rsquo;o\u00f9 sa transformation.<\/p>\n<p style=\"text-align: justify;\">La rencontre profonde du sacr\u00e9 transfigure. Elle soul\u00e8ve le poids de la mati\u00e8re. Ainsi la pr\u00e9sence du sacr\u00e9 a-t-elle r\u00e9v\u00e9l\u00e9 aux Chinois l&rsquo;existence d&rsquo;un monde autre que celui des apparences. L&rsquo;homme sage ne s&rsquo;arr\u00eate pas \u00e0 la fleur mais au fruit. Or le fruit est le R\u00e9el.<\/p>\n<p style=\"text-align: justify;\">Dans la pens\u00e9e tao\u00efste, la rencontre avec Yeh, le point germinal, \u00e9tablit une hi\u00e9rarchie des valeurs. Selon Tchouang-tseu, on ne peut pas arriver au point Yeh par des moyens humains. Le point germinal ne s&rsquo;ach\u00e8te pas avec des monnaies humaines : l&rsquo;\u00e9tude, le savoir, l&rsquo;\u00e9rudition, les talents, l&rsquo;effort, et m\u00eame le rationalisme.<\/p>\n<p style=\"text-align: justify;\">Le Tao ne s&rsquo;ach\u00e8te pas, a dit Lao-tseu. Il ne s&rsquo;offre pas en cadeau sinon tout le monde pourrait le donner \u00e0 son Prince&#8230;<\/p>\n<p style=\"text-align: justify;\">Si vous ne vous arr\u00eatez pas \u00e0 l&rsquo;int\u00e9rieur de vous-m\u00eame, dans votre centre intime, vous ne le rencontrerez jamais et vous ne vous conduirez pas correctement \u00e0 l&rsquo;ext\u00e9rieur de vous-m\u00eame.<\/p>\n<p style=\"text-align: justify;\">Ce qui est ext\u00e9rieur suit ce qui est int\u00e9rieur. L&rsquo;homme poursuit dans son int\u00e9riorit\u00e9 et dans l&rsquo;int\u00e9riorit\u00e9 des choses qui l&rsquo;entourent, le secret de ce qui n&rsquo;est pas le cosmos, mais qui se trouve \u00e9galement dans le cosmos.<\/p>\n<p style=\"text-align: justify;\">Quand l&rsquo;homme a d\u00e9couvert le sacr\u00e9 au fond de soi, il a aussi rencontr\u00e9 le sacr\u00e9 du monde. Il est imm\u00e9diatement devenu universel. Il acc\u00e8de \u00e0 l&rsquo;Universel.<\/p>\n<p style=\"text-align: justify;\">Le Yang et le Yin sont la manifestation du non-manifest\u00e9 qui est le Tao. L&rsquo;invisible qui est le Tao est toujours pr\u00e9sent dans le visible. Celui qui conna\u00eet la joie du ciel devient le ciel. Sa vie devient acte.<\/p>\n<p style=\"text-align: justify;\">Pour terminer, la S\u0153ur Marie-Ina Bergeron lira un passage du <em>Milieu divin<\/em> de Pierre Teilhard de Chardin.<\/p>\n<p style=\"text-align: justify;\">&#8230; \u00ab Le divin nous assi\u00e8ge&#8230; Ce monde est un lieu sacr\u00e9 et nous ne le savions pas ! \u00bb<\/p>\n","protected":false},"excerpt":{"rendered":"<p>Le Ma\u00eetre invite l&rsquo;homme \u00e0 trouver son \u00eatre par le dedans, plut\u00f4t qu&rsquo;en se dispersant dans une multitude d&rsquo;actes et de mouvements ext\u00e9rieurs. Les cinq couleurs, les cinq sons, les cinq saveurs ne font, dit-il, que d\u00e9sorienter l&rsquo;homme. Avant tout, celui-ci doit purifier son regard pour parvenir \u00e0 l&rsquo;extr\u00eame du Vide. Le Vide (wou) est un des grands symboles de la pens\u00e9e tao\u00efste. Le sage conna\u00eet la loi supr\u00eame. Vid\u00e9 de ses passions, de ses d\u00e9sirs, il est pleinement habit\u00e9 par le Tao.<\/p>\n","protected":false},"author":1,"featured_media":0,"comment_status":"closed","ping_status":"closed","sticky":false,"template":"","format":"standard","meta":{"footnotes":""},"categories":[940],"tags":[1347,346],"class_list":["post-7595","post","type-post","status-publish","format-standard","hentry","category-bergeron-marie-ina","tag-spiritualite","tag-taoisme"],"yoast_head":"<!-- This site is optimized with the Yoast SEO plugin v27.0 - https:\/\/yoast.com\/product\/yoast-seo-wordpress\/ -->\n<title>La rencontre du sacr\u00e9 par \u00ab Yeh, point germinal \u00bb par Marie-Ina Bergeron - 3e mill\u00e9naire - Spiritualit\u00e9 - Connaissance de soi - Non-dualit\u00e9 - M\u00e9ditation<\/title>\n<meta name=\"robots\" content=\"index, follow, max-snippet:-1, max-image-preview:large, max-video-preview:-1\" \/>\n<link rel=\"canonical\" href=\"https:\/\/www.revue3emillenaire.com\/blog\/la-rencontre-du-sacre-par-\u00ab-yeh-point-germinal-\u00bb-par-marie-ina-bergeron\/\" \/>\n<meta property=\"og:locale\" content=\"fr_FR\" \/>\n<meta property=\"og:type\" content=\"article\" \/>\n<meta property=\"og:title\" content=\"La rencontre du sacr\u00e9 par \u00ab Yeh, point germinal \u00bb par Marie-Ina Bergeron - 3e mill\u00e9naire - Spiritualit\u00e9 - Connaissance de soi - Non-dualit\u00e9 - M\u00e9ditation\" \/>\n<meta property=\"og:description\" content=\"Le Ma\u00eetre invite l&#039;homme \u00e0 trouver son \u00eatre par le dedans, plut\u00f4t qu&#039;en se dispersant dans une multitude d&#039;actes et de mouvements ext\u00e9rieurs. Les cinq couleurs, les cinq sons, les cinq saveurs ne font, dit-il, que d\u00e9sorienter l&#039;homme. Avant tout, celui-ci doit purifier son regard pour parvenir \u00e0 l&#039;extr\u00eame du Vide. Le Vide (wou) est un des grands symboles de la pens\u00e9e tao\u00efste. Le sage conna\u00eet la loi supr\u00eame. Vid\u00e9 de ses passions, de ses d\u00e9sirs, il est pleinement habit\u00e9 par le Tao.\" \/>\n<meta property=\"og:url\" content=\"https:\/\/www.revue3emillenaire.com\/blog\/la-rencontre-du-sacre-par-\u00ab-yeh-point-germinal-\u00bb-par-marie-ina-bergeron\/\" \/>\n<meta property=\"og:site_name\" content=\"3e mill\u00e9naire - Spiritualit\u00e9 - Connaissance de soi - Non-dualit\u00e9 - M\u00e9ditation\" \/>\n<meta property=\"article:published_time\" content=\"2011-07-14T04:28:54+00:00\" \/>\n<meta name=\"author\" content=\"3e mill\u00e9naire\" \/>\n<meta name=\"twitter:card\" content=\"summary_large_image\" \/>\n<meta name=\"twitter:label1\" content=\"\u00c9crit par\" \/>\n\t<meta name=\"twitter:data1\" content=\"3e mill\u00e9naire\" \/>\n\t<meta name=\"twitter:label2\" content=\"Dur\u00e9e de lecture estim\u00e9e\" \/>\n\t<meta name=\"twitter:data2\" content=\"6 minutes\" \/>\n<script type=\"application\/ld+json\" class=\"yoast-schema-graph\">{\"@context\":\"https:\/\/schema.org\",\"@graph\":[{\"@type\":\"Article\",\"@id\":\"https:\/\/www.revue3emillenaire.com\/blog\/la-rencontre-du-sacre-par-%c2%ab-yeh-point-germinal-%c2%bb-par-marie-ina-bergeron\/#article\",\"isPartOf\":{\"@id\":\"https:\/\/www.revue3emillenaire.com\/blog\/la-rencontre-du-sacre-par-%c2%ab-yeh-point-germinal-%c2%bb-par-marie-ina-bergeron\/\"},\"author\":{\"name\":\"3e mill\u00e9naire\",\"@id\":\"https:\/\/www.revue3emillenaire.com\/blog\/#\/schema\/person\/9a3a7cc4ccaa707f402d4394327106d5\"},\"headline\":\"La rencontre du sacr\u00e9 par \u00ab Yeh, point germinal \u00bb par Marie-Ina Bergeron\",\"datePublished\":\"2011-07-14T04:28:54+00:00\",\"mainEntityOfPage\":{\"@id\":\"https:\/\/www.revue3emillenaire.com\/blog\/la-rencontre-du-sacre-par-%c2%ab-yeh-point-germinal-%c2%bb-par-marie-ina-bergeron\/\"},\"wordCount\":1237,\"keywords\":[\"Spiritualit\u00e9\",\"taoisme\"],\"articleSection\":[\"Bergeron Marie-Ina\"],\"inLanguage\":\"fr-FR\"},{\"@type\":\"WebPage\",\"@id\":\"https:\/\/www.revue3emillenaire.com\/blog\/la-rencontre-du-sacre-par-%c2%ab-yeh-point-germinal-%c2%bb-par-marie-ina-bergeron\/\",\"url\":\"https:\/\/www.revue3emillenaire.com\/blog\/la-rencontre-du-sacre-par-%c2%ab-yeh-point-germinal-%c2%bb-par-marie-ina-bergeron\/\",\"name\":\"La rencontre du sacr\u00e9 par \u00ab Yeh, point germinal \u00bb par Marie-Ina Bergeron - 3e mill\u00e9naire - Spiritualit\u00e9 - Connaissance de soi - Non-dualit\u00e9 - M\u00e9ditation\",\"isPartOf\":{\"@id\":\"https:\/\/www.revue3emillenaire.com\/blog\/#website\"},\"datePublished\":\"2011-07-14T04:28:54+00:00\",\"author\":{\"@id\":\"https:\/\/www.revue3emillenaire.com\/blog\/#\/schema\/person\/9a3a7cc4ccaa707f402d4394327106d5\"},\"breadcrumb\":{\"@id\":\"https:\/\/www.revue3emillenaire.com\/blog\/la-rencontre-du-sacre-par-%c2%ab-yeh-point-germinal-%c2%bb-par-marie-ina-bergeron\/#breadcrumb\"},\"inLanguage\":\"fr-FR\",\"potentialAction\":[{\"@type\":\"ReadAction\",\"target\":[\"https:\/\/www.revue3emillenaire.com\/blog\/la-rencontre-du-sacre-par-%c2%ab-yeh-point-germinal-%c2%bb-par-marie-ina-bergeron\/\"]}]},{\"@type\":\"BreadcrumbList\",\"@id\":\"https:\/\/www.revue3emillenaire.com\/blog\/la-rencontre-du-sacre-par-%c2%ab-yeh-point-germinal-%c2%bb-par-marie-ina-bergeron\/#breadcrumb\",\"itemListElement\":[{\"@type\":\"ListItem\",\"position\":1,\"name\":\"Accueil\",\"item\":\"https:\/\/www.revue3emillenaire.com\/blog\/\"},{\"@type\":\"ListItem\",\"position\":2,\"name\":\"La rencontre du sacr\u00e9 par \u00ab Yeh, point germinal \u00bb par Marie-Ina Bergeron\"}]},{\"@type\":\"WebSite\",\"@id\":\"https:\/\/www.revue3emillenaire.com\/blog\/#website\",\"url\":\"https:\/\/www.revue3emillenaire.com\/blog\/\",\"name\":\"3e mill\u00e9naire - Spiritualit\u00e9 - Connaissance de soi - Non-dualit\u00e9 - M\u00e9ditation\",\"description\":\"L&#039;Homme en devenir\",\"potentialAction\":[{\"@type\":\"SearchAction\",\"target\":{\"@type\":\"EntryPoint\",\"urlTemplate\":\"https:\/\/www.revue3emillenaire.com\/blog\/?s={search_term_string}\"},\"query-input\":{\"@type\":\"PropertyValueSpecification\",\"valueRequired\":true,\"valueName\":\"search_term_string\"}}],\"inLanguage\":\"fr-FR\"},{\"@type\":\"Person\",\"@id\":\"https:\/\/www.revue3emillenaire.com\/blog\/#\/schema\/person\/9a3a7cc4ccaa707f402d4394327106d5\",\"name\":\"3e mill\u00e9naire\",\"url\":\"https:\/\/www.revue3emillenaire.com\/blog\/author\/admin\/\"}]}<\/script>\n<!-- \/ Yoast SEO plugin. -->","yoast_head_json":{"title":"La rencontre du sacr\u00e9 par \u00ab Yeh, point germinal \u00bb par Marie-Ina Bergeron - 3e mill\u00e9naire - Spiritualit\u00e9 - Connaissance de soi - Non-dualit\u00e9 - M\u00e9ditation","robots":{"index":"index","follow":"follow","max-snippet":"max-snippet:-1","max-image-preview":"max-image-preview:large","max-video-preview":"max-video-preview:-1"},"canonical":"https:\/\/www.revue3emillenaire.com\/blog\/la-rencontre-du-sacre-par-\u00ab-yeh-point-germinal-\u00bb-par-marie-ina-bergeron\/","og_locale":"fr_FR","og_type":"article","og_title":"La rencontre du sacr\u00e9 par \u00ab Yeh, point germinal \u00bb par Marie-Ina Bergeron - 3e mill\u00e9naire - Spiritualit\u00e9 - Connaissance de soi - Non-dualit\u00e9 - M\u00e9ditation","og_description":"Le Ma\u00eetre invite l'homme \u00e0 trouver son \u00eatre par le dedans, plut\u00f4t qu'en se dispersant dans une multitude d'actes et de mouvements ext\u00e9rieurs. Les cinq couleurs, les cinq sons, les cinq saveurs ne font, dit-il, que d\u00e9sorienter l'homme. Avant tout, celui-ci doit purifier son regard pour parvenir \u00e0 l'extr\u00eame du Vide. Le Vide (wou) est un des grands symboles de la pens\u00e9e tao\u00efste. Le sage conna\u00eet la loi supr\u00eame. Vid\u00e9 de ses passions, de ses d\u00e9sirs, il est pleinement habit\u00e9 par le Tao.","og_url":"https:\/\/www.revue3emillenaire.com\/blog\/la-rencontre-du-sacre-par-\u00ab-yeh-point-germinal-\u00bb-par-marie-ina-bergeron\/","og_site_name":"3e mill\u00e9naire - Spiritualit\u00e9 - Connaissance de soi - Non-dualit\u00e9 - M\u00e9ditation","article_published_time":"2011-07-14T04:28:54+00:00","author":"3e mill\u00e9naire","twitter_card":"summary_large_image","twitter_misc":{"\u00c9crit par":"3e mill\u00e9naire","Dur\u00e9e de lecture estim\u00e9e":"6 minutes"},"schema":{"@context":"https:\/\/schema.org","@graph":[{"@type":"Article","@id":"https:\/\/www.revue3emillenaire.com\/blog\/la-rencontre-du-sacre-par-%c2%ab-yeh-point-germinal-%c2%bb-par-marie-ina-bergeron\/#article","isPartOf":{"@id":"https:\/\/www.revue3emillenaire.com\/blog\/la-rencontre-du-sacre-par-%c2%ab-yeh-point-germinal-%c2%bb-par-marie-ina-bergeron\/"},"author":{"name":"3e mill\u00e9naire","@id":"https:\/\/www.revue3emillenaire.com\/blog\/#\/schema\/person\/9a3a7cc4ccaa707f402d4394327106d5"},"headline":"La rencontre du sacr\u00e9 par \u00ab Yeh, point germinal \u00bb par Marie-Ina Bergeron","datePublished":"2011-07-14T04:28:54+00:00","mainEntityOfPage":{"@id":"https:\/\/www.revue3emillenaire.com\/blog\/la-rencontre-du-sacre-par-%c2%ab-yeh-point-germinal-%c2%bb-par-marie-ina-bergeron\/"},"wordCount":1237,"keywords":["Spiritualit\u00e9","taoisme"],"articleSection":["Bergeron Marie-Ina"],"inLanguage":"fr-FR"},{"@type":"WebPage","@id":"https:\/\/www.revue3emillenaire.com\/blog\/la-rencontre-du-sacre-par-%c2%ab-yeh-point-germinal-%c2%bb-par-marie-ina-bergeron\/","url":"https:\/\/www.revue3emillenaire.com\/blog\/la-rencontre-du-sacre-par-%c2%ab-yeh-point-germinal-%c2%bb-par-marie-ina-bergeron\/","name":"La rencontre du sacr\u00e9 par \u00ab Yeh, point germinal \u00bb par Marie-Ina Bergeron - 3e mill\u00e9naire - Spiritualit\u00e9 - Connaissance de soi - Non-dualit\u00e9 - M\u00e9ditation","isPartOf":{"@id":"https:\/\/www.revue3emillenaire.com\/blog\/#website"},"datePublished":"2011-07-14T04:28:54+00:00","author":{"@id":"https:\/\/www.revue3emillenaire.com\/blog\/#\/schema\/person\/9a3a7cc4ccaa707f402d4394327106d5"},"breadcrumb":{"@id":"https:\/\/www.revue3emillenaire.com\/blog\/la-rencontre-du-sacre-par-%c2%ab-yeh-point-germinal-%c2%bb-par-marie-ina-bergeron\/#breadcrumb"},"inLanguage":"fr-FR","potentialAction":[{"@type":"ReadAction","target":["https:\/\/www.revue3emillenaire.com\/blog\/la-rencontre-du-sacre-par-%c2%ab-yeh-point-germinal-%c2%bb-par-marie-ina-bergeron\/"]}]},{"@type":"BreadcrumbList","@id":"https:\/\/www.revue3emillenaire.com\/blog\/la-rencontre-du-sacre-par-%c2%ab-yeh-point-germinal-%c2%bb-par-marie-ina-bergeron\/#breadcrumb","itemListElement":[{"@type":"ListItem","position":1,"name":"Accueil","item":"https:\/\/www.revue3emillenaire.com\/blog\/"},{"@type":"ListItem","position":2,"name":"La rencontre du sacr\u00e9 par \u00ab Yeh, point germinal \u00bb par Marie-Ina Bergeron"}]},{"@type":"WebSite","@id":"https:\/\/www.revue3emillenaire.com\/blog\/#website","url":"https:\/\/www.revue3emillenaire.com\/blog\/","name":"3e mill\u00e9naire - Spiritualit\u00e9 - Connaissance de soi - Non-dualit\u00e9 - M\u00e9ditation","description":"L&#039;Homme en devenir","potentialAction":[{"@type":"SearchAction","target":{"@type":"EntryPoint","urlTemplate":"https:\/\/www.revue3emillenaire.com\/blog\/?s={search_term_string}"},"query-input":{"@type":"PropertyValueSpecification","valueRequired":true,"valueName":"search_term_string"}}],"inLanguage":"fr-FR"},{"@type":"Person","@id":"https:\/\/www.revue3emillenaire.com\/blog\/#\/schema\/person\/9a3a7cc4ccaa707f402d4394327106d5","name":"3e mill\u00e9naire","url":"https:\/\/www.revue3emillenaire.com\/blog\/author\/admin\/"}]}},"_links":{"self":[{"href":"https:\/\/www.revue3emillenaire.com\/blog\/wp-json\/wp\/v2\/posts\/7595","targetHints":{"allow":["GET"]}}],"collection":[{"href":"https:\/\/www.revue3emillenaire.com\/blog\/wp-json\/wp\/v2\/posts"}],"about":[{"href":"https:\/\/www.revue3emillenaire.com\/blog\/wp-json\/wp\/v2\/types\/post"}],"author":[{"embeddable":true,"href":"https:\/\/www.revue3emillenaire.com\/blog\/wp-json\/wp\/v2\/users\/1"}],"replies":[{"embeddable":true,"href":"https:\/\/www.revue3emillenaire.com\/blog\/wp-json\/wp\/v2\/comments?post=7595"}],"version-history":[{"count":0,"href":"https:\/\/www.revue3emillenaire.com\/blog\/wp-json\/wp\/v2\/posts\/7595\/revisions"}],"wp:attachment":[{"href":"https:\/\/www.revue3emillenaire.com\/blog\/wp-json\/wp\/v2\/media?parent=7595"}],"wp:term":[{"taxonomy":"category","embeddable":true,"href":"https:\/\/www.revue3emillenaire.com\/blog\/wp-json\/wp\/v2\/categories?post=7595"},{"taxonomy":"post_tag","embeddable":true,"href":"https:\/\/www.revue3emillenaire.com\/blog\/wp-json\/wp\/v2\/tags?post=7595"}],"curies":[{"name":"wp","href":"https:\/\/api.w.org\/{rel}","templated":true}]}}