{"id":7627,"date":"2011-07-17T21:03:28","date_gmt":"2011-07-17T20:03:28","guid":{"rendered":"http:\/\/www.revue3emillenaire.com\/blog\/?p=7627"},"modified":"2011-11-05T17:12:30","modified_gmt":"2011-11-05T16:12:30","slug":"le-retro-futurisme-ou-la-recherche-d%e2%80%99une-vraie-coherence-par-christian-de-bartillat","status":"publish","type":"post","link":"https:\/\/www.revue3emillenaire.com\/blog\/le-retro-futurisme-ou-la-recherche-d%e2%80%99une-vraie-coherence-par-christian-de-bartillat\/","title":{"rendered":"Le r\u00e9tro-futurisme ou la recherche d\u2019une vraie coh\u00e9rence par Christian De Bartillat"},"content":{"rendered":"<p style=\"text-align: justify;\">(Revue 3<sup>e<\/sup> Mill\u00e9naire. N<sup>o<\/sup> 5 ancienne s\u00e9rie. Novembre-D\u00e9cembre 1982)<\/p>\n<p style=\"text-align: justify;\"><em>\u00c9crivain, \u00e9diteur, <a href=\"http:\/\/fr.wikipedia.org\/wiki\/Christian_de_Bartillat\" target=\"_blank\">Christian de Bartillat<\/a> r\u00e9fl\u00e9chit depuis longtemps sur les \u00abpourquoi\u00bb et les \u00abcomment\u00bb de l&rsquo;Homme. De ses r\u00e9flexions est n\u00e9e cette philosophie du r\u00e9tro-futur qu&rsquo;il d\u00e9veloppe ici et qui trace une voie possible pour l&rsquo;\u00e9volution de l&rsquo;Humanit\u00e9; une voie qui permet de relier tous les h\u00e9ritages dans les promesses de l&rsquo;harmonie.<\/em><\/p>\n<p style=\"text-align: justify;\">LE \u00abr\u00e9tro-futurisme\u00bb n&rsquo;est pas autre chose qu&rsquo;une bonne utilisation du pass\u00e9 pour mieux forcer les portes du futur. Une vraie connaissance de nos encha\u00eenements pour atteindre le niveau d&rsquo;une certaine libert\u00e9. Faire table rase de tout ce qui nous construit depuis des mill\u00e9naires et au-del\u00e0, c&rsquo;est aller \u2014 nous ne le savons que trop \u2014 vers de graves d\u00e9ceptions. Comment pourrait-on nier aujourd&rsquo;hui que nous sommes fabriqu\u00e9s par le mouvement cosmique, influenc\u00e9s par les astres, tributaires de la g\u00e9n\u00e9tique, pouss\u00e9s et retenus par la b\u00eate qui se trouve en nous, d\u00e9termin\u00e9s par des r\u00eaves imm\u00e9moriaux. Et j&rsquo;en passe&#8230;<\/p>\n<p style=\"text-align: justify;\">Rousseau affirme que l&rsquo;homme est bon et que la Soci\u00e9t\u00e9 le rend mauvais. Des g\u00e9n\u00e9rations ont ainsi v\u00e9cu \u00e0 travers le mythe du bon sauvage. Or, l&rsquo;homme n&rsquo;est ni bon ni mauvais, mais il est perfectible. S&rsquo;il veut avoir un bon avenir, il ne peut se passer d&rsquo;une excellente m\u00e9moire qui doit se manifester jusqu&rsquo;au plus profond de lui-m\u00eame. Rappelons-nous cette admirable phrase de Nietzsche: \u00abL&rsquo;homme qui va le plus loin est celui qui a la plus longue m\u00e9moire.\u00bb L&rsquo;avenir, en ce sens, s&rsquo;il n&rsquo;est \u00e9crit nulle part, s&rsquo;enfonce en chacun de nous. Le retour \u00e0 l&rsquo;histoire est aussi le chemin du futur. La puissance d&rsquo;un vrai pass\u00e9 est la raison du mouvement, les craintes, les terreurs d&rsquo;hier peuvent devenir ferment de l&rsquo;espoir.<\/p>\n<p style=\"text-align: justify;\">Tous ces th\u00e8mes r\u00e9tro-futuristes, je les d\u00e9velopperai \u00e0 loisir dans un prochain essai: \u00abLa dixi\u00e8me vague\u00bb. En fait, la grande d\u00e9sillusion commence avec la boucherie de 14 qui termine 5 000 ans de civilisation rurale. Presque au m\u00eame moment naissent le Freudisme, le Dada\u00efsme et le Surr\u00e9alisme, lesquels au contraire du Marxisme affirment que l&rsquo;\u00eatre humain est d\u00e9raison, alors que le Marxisme proclame que l&rsquo;homme est un combat. Seulement, le drame de cette lutte est que son issue ne peut \u00eatre qu&rsquo;irrationnelle: l&rsquo;acc\u00e8s \u00e0 la d\u00e9raison pour aboutir finalement \u00e0 l&rsquo;art moderne, monnaie de l&rsquo;absolu.<\/p>\n<p style=\"text-align: justify;\">Sont apparues de jeunes sciences, et notamment la science physique, la biologie, la sociologie&#8230; qui apportent ce t\u00e9moignage d\u00e9cevant que l&rsquo;homme n&rsquo;est ni l&rsquo;\u00e9ternit\u00e9, ni m\u00eame la p\u00e9rennit\u00e9. Jusqu&rsquo;ici l&rsquo;esp\u00e8ce qui nous porte au-dessus des autres esp\u00e8ces vivait dans l&rsquo;id\u00e9e de la conservation et de l&rsquo;adaptation: ses deux projets essentiels \u00e9taient de se nourrir et de se reproduire.<\/p>\n<p style=\"text-align: justify;\">Aujourd&rsquo;hui, dans notre soci\u00e9t\u00e9 \u00e9volu\u00e9e, ces deux projets se sont largement estomp\u00e9s, puisqu&rsquo;on s&rsquo;y nourrit bien et qu&rsquo;on n&rsquo;a pas tellement la n\u00e9cessit\u00e9 de se reproduire. Par cons\u00e9quent, les intentions de l&rsquo;humanit\u00e9 sont encore du domaine de l&rsquo;incertitude.<\/p>\n<p style=\"text-align: justify;\">Quant \u00e0 l&rsquo;homme individuel (n\u00e9 il n&rsquo;y a pas si longtemps), aimant et souffrant, il reste \u00e9gal \u00e0 lui-m\u00eame, seul, d\u00e9sesp\u00e9r\u00e9 et fou. Fou il l&rsquo;est, puisque la puissance de ses nuits et de ses r\u00eaves p\u00e8se plus lourd que sa r\u00e9alit\u00e9 journali\u00e8re. Alors que faire ? Pour ce qui est de l&rsquo;homme, toutes les disciplines d&rsquo;aujourd&rsquo;hui nous invitent \u00e0 lui dire qu&rsquo;il doit recommencer par lui-m\u00eame. Il n&rsquo;est pas libre et doit se lib\u00e9rer. Il doit se retrouver jusqu&rsquo;au tr\u00e9fonds de son pass\u00e9 et de ses profondeurs, ce qui revient au m\u00eame. Il doit effectuer une plong\u00e9e int\u00e9rieure, du plus imm\u00e9diat jusqu&rsquo;aux ab\u00eemes inconnus. D\u00e9couvrir les anc\u00eatres, c&rsquo;est d\u00e9j\u00e0 savoir s&rsquo;en servir, s&rsquo;en lib\u00e9rer sans les nier. La g\u00e9n\u00e9tique est peut-\u00eatre le geste qui nous diff\u00e9rencierait les uns des autres. La connaissance des esp\u00e8ces nous lie, mais peut \u00e9galement nous propulser vers l&rsquo;avenir.<\/p>\n<p style=\"text-align: justify;\">La physique moderne ose enfin r\u00e9int\u00e9grer l&rsquo;esprit dans l&rsquo;infiniment grand et l&rsquo;infiniment petit. Loin de nous rejeter, elle semble nous r\u00e9concilier avec l&rsquo;univers. Certes, nous sommes n\u00e9s des astres et les astres sont plus puissants que nous, mais ils sont \u00e9galement en nous. Fabriqu\u00e9s d&rsquo;une poussi\u00e8re d&rsquo;\u00e9lectrons qui nous d\u00e9terminent et nous aident. N\u00e9s de notre esp\u00e8ce qui \u00e0 la fois nous porte et nous d\u00e9truit. N\u00e9s de notre famille et de notre soci\u00e9t\u00e9 qui nous tracent le chemin, mais pas forc\u00e9ment la v\u00e9ritable route. En fait, nous sommes encha\u00een\u00e9s \u00e0 tout. Nous sommes d&rsquo;autant plus libres que nous connaissons ces encha\u00eenements. Notre victoire est \u00e0 la fois dans la distance et dans la participation.<\/p>\n<p style=\"text-align: justify;\">Aujourd&rsquo;hui, le r\u00e9tro-futurisme m&rsquo;appara\u00eet comme la construction d&rsquo;un nouvel homme, au-del\u00e0 de celui de Freud et de Marx. Totalement li\u00e9 \u00e0 son pass\u00e9 et \u00e0 son avenir, \u00e0 l&rsquo;immense et \u00e0 l&rsquo;infinit\u00e9simal. Une vie, une \u0153uvre, me paraissent \u00eatre tout enti\u00e8res fond\u00e9es l\u00e0-dessus. Ouverture au monde, aux \u00eatres, disponibilit\u00e9 \u00e0 l&rsquo;espace. Mais aussi fermeture, descente vers soi ou plus loin que soi vers le grouillement secret des atomes. Notre premi\u00e8re patrie se nomme la plan\u00e8te, le cosmos o\u00f9 rien d\u00e9sormais ne peut \u00eatre \u00e9tranger. Ainsi devons-nous nous sentir parmi les gens du voyage. Voyage dans l&rsquo;espace, dans le temps et surtout vers les autres. A l&rsquo;inverse, notre seconde passion temp\u00e8re cette soif de distance, de vent, d&rsquo;altitude et de vertige dans une volont\u00e9 d&rsquo;enracinement au sein de mini-patries successives: tous ces petits jardins qui doivent nous vivifier sans nous isoler.<\/p>\n<p style=\"text-align: justify;\">Ouverture et fermeture alternatives doivent \u00eatre les p\u00f4les de notre existence et la raison d&rsquo;\u00eatre de nos actes. Pourtant, terre et terroir ne seraient que chim\u00e8res inutiles ou pesanteurs obs\u00e9dantes si nous ne nous sentions pas \u00e9galement impr\u00e9gn\u00e9s d&rsquo;une troisi\u00e8me dimension: la recherche permanente, qui doit nous maintenir en toute jeunesse, d&rsquo;une v\u00e9rit\u00e9 entrevue sur les chemins d&rsquo;une nouvelle naissance et dans les d\u00e9dales de la physique moderne. La v\u00e9ritable respiration de l&rsquo;\u00eatre. Car, entre l&rsquo;immensit\u00e9 et l&rsquo;infime, nous devons vivre non pas tiraill\u00e9s, \u00e9cartel\u00e9s, mais exister dans le chemin qui les unit.<\/p>\n<p style=\"text-align: justify;\">C&rsquo;est pourquoi, dans ce petit \u00abmanifeste\u00bb, j&rsquo;enseignerai modestement \u00e0 l&rsquo;enfant et \u00e0 l&rsquo;homme qui le suit, l&rsquo;art de ne pas enfoncer les portes ouvertes dans les quatre directions dont nous sommes \u00e0 la fois le centre et le jouet. Du bon usage de l&rsquo;homme c&rsquo;est donc le bon usage de l&rsquo;avenir, et le bon usage \u2014 la bonne utilisation \u2014 de notre pass\u00e9. Du bon usage de l&rsquo;homme, c&rsquo;est aussi savoir s&rsquo;ouvrir sur l&rsquo;immense tout en se rassasiant de l&rsquo;infime. C&rsquo;est surtout trouver aux quatre coins de notre horizon (pass\u00e9, avenir, immense, infime), le chemin qui les lie et la coh\u00e9rence qui les organise en nous. En fait, un art de savoir lentement et progressivement se mettre \u00e0 la place de l&rsquo;autre et de tous les autres.<\/p>\n<p style=\"text-align: justify;\"><strong>1) \u2014 Du bon usage du pass\u00e9 et de l&rsquo;avenir<\/strong><\/p>\n<p style=\"text-align: justify;\">Savoir ce que nous sommes, c&rsquo;est la vertu essentielle, imm\u00e9diate et d\u00e9cisive. Nous sommes \u00e0 la fois pas grand-chose et tout. Il faut donc r\u00e9int\u00e9grer notre impossible dans notre possible. Avoir la soif de savoir: le XX<sup>e<\/sup> si\u00e8cle brouill\u00e9 d&rsquo;infamie, a tout de m\u00eame invent\u00e9 les Sciences humaines et la Nouvelle physique. Prenons, par exemple, Jean Charon, avec lequel j&rsquo;ai \u00e9crit : \u00abLe Monde \u00e9ternel des \u00e9ons\u00bb, qui derri\u00e8re ses \u00e9quations unifi\u00e9es d\u00e9couvre dans les \u00e9lectrons ces \u00e9l\u00e9ments qui nous traversent tout entiers. Car ces \u00e9ons-\u00e9lectrons ont quatre qualit\u00e9s, quatre possibilit\u00e9s essentielles: la r\u00e9flexion, la connaissance, l&rsquo;amour et l&rsquo;acte. Cette devise, \u00e0 mon sens, devrait aujourd&rsquo;hui largement figurer au fronton de toutes les vraies r\u00e9publiques du monde. Car r\u00e9fl\u00e9chir c&rsquo;est remettre sans cesse en cause nos informations, nos influences. Conna\u00eetre, \u2014 co-na\u00eetre \u2014, c&rsquo;est aussi se mettre \u00e0 la place de l&rsquo;inconnu tout en restant soi-m\u00eame. Aimer, c&rsquo;est \u00eatre l&rsquo;autre. Quant \u00e0 l&rsquo;acte, c&rsquo;est l&rsquo;association des trois autres qualit\u00e9s. Une d\u00e9cision prise apr\u00e8s avoir r\u00e9fl\u00e9chi, connu et aim\u00e9, ne peut \u00eatre mauvaise. Ainsi pourrions-nous de ce fait qualifier, bon an mal an, l&rsquo;acte qui serait issu de Dieu.<\/p>\n<p style=\"text-align: justify;\"><strong>2) \u2014 Du bon usage de l&rsquo;infiniment grand et de l&rsquo;infiniment petit<\/strong><\/p>\n<p style=\"text-align: justify;\">Entre les intentions de l&rsquo;homme \u00e9ternel et les intentions de l&rsquo;esp\u00e8ce relative nous jouons notre vie. Car l&rsquo;esp\u00e8ce est la mati\u00e8re dans laquelle nous vivons et la m\u00e9moire qui nous porte jusqu&rsquo;au bout des temps. Mais l&rsquo;homme se veut \u00e9galement d&rsquo;une autre esp\u00e8ce, avec des intentions divines. Comme bien souvent il s&rsquo;est pris pour Dieu, il lui est difficile, voire m\u00eame insupportable, aujourd&rsquo;hui, d&rsquo;en revenir&#8230; Cette esp\u00e8ce peut \u00eatre \u00e9ph\u00e9m\u00e8re, et cet individu assoiff\u00e9 d&rsquo;\u00e9ternel doit se diriger vers ces deux p\u00f4les: le petit, c&rsquo;est ce qui nous entoure: maison, famille, environnement imm\u00e9diat. C&rsquo;est notre intimit\u00e9 et notre petit village \u00e9ternel. C&rsquo;est notre perp\u00e9tuelle incarnation. L&rsquo;immense, le cosmos, les galaxies, les plan\u00e8tes, la terre, c&rsquo;est l&rsquo;invitation au voyage qui fait de chaque \u00eatre humain un \u00e9mule d&rsquo;Ulysse. Ainsi sommes-nous du ciel et de la terre. Menac\u00e9s d&rsquo;un c\u00f4t\u00e9 par l&rsquo;errance et le nuage. De l&rsquo;autre, par la fossilisation. Ainsi mon prochain essai sera-t-il consacr\u00e9 \u00e0 la fois \u00e0 l&rsquo;art de se bien sentir dans le minuscule et de se bien diriger dans l&rsquo;immensit\u00e9.<\/p>\n<p style=\"text-align: justify;\"><strong>3) \u2014 Le bon chemin<\/strong><\/p>\n<p style=\"text-align: justify;\">Le bon usage du pass\u00e9 et de l&rsquo;avenir, du grand et du petit, fait de nous ce point minuscule au centre de tous les horizons et d\u00e9termine le chemin. Ce chemin, depuis que l&rsquo;homme existe, c&rsquo;est la gnose qui annonce la mort de toutes les id\u00e9ologies. La vie, en ce sens, n&rsquo;est plus qu&rsquo;une lente et progressive connaissance de la mort. L&rsquo;autre devient l&rsquo;essence de nous-m\u00eames. Le bonheur transpara\u00eet au-del\u00e0 d&rsquo;un d\u00e9sespoir accept\u00e9. La nuit est la transfiguration du jour, le jour la transfiguration de la nuit. Le chemin, c&rsquo;est \u00e0 la fois cette voie qui nous entra\u00eene au plus profond de nous-m\u00eames et vers la plus grande participation avec les autres. Le chemin, c&rsquo;est d&rsquo;\u00eatre un homme aspirant \u00e0 l&rsquo;\u00e9ternit\u00e9. C&rsquo;est red\u00e9couvrir, enfin, la nouvelle intention de l&rsquo;esp\u00e8ce, son nouveau projet qui ne peut \u00eatre autre chose que la responsabilit\u00e9.<\/p>\n","protected":false},"excerpt":{"rendered":"<p>Aujourd&rsquo;hui, le r\u00e9tro-futurisme m&rsquo;appara\u00eet comme la construction d&rsquo;un nouvel homme, au-del\u00e0 de celui de Freud et de Marx. Totalement li\u00e9 \u00e0 son pass\u00e9 et \u00e0 son avenir, \u00e0 l&rsquo;immense et \u00e0 l&rsquo;infinit\u00e9simal. Une vie, une \u0153uvre, me paraissent \u00eatre tout enti\u00e8res fond\u00e9es l\u00e0-dessus. Ouverture au monde, aux \u00eatres, disponibilit\u00e9 \u00e0 l&rsquo;espace. Mais aussi fermeture, descente vers soi ou plus loin que soi vers le grouillement secret des atomes. Notre premi\u00e8re patrie se nomme la plan\u00e8te, le cosmos o\u00f9 rien d\u00e9sormais ne peut \u00eatre \u00e9tranger. Ainsi devons-nous nous sentir parmi les gens du voyage. Voyage dans l&rsquo;espace, dans le temps et surtout vers les autres. A l&rsquo;inverse, notre seconde passion temp\u00e8re cette soif de distance, de vent, d&rsquo;altitude et de vertige dans une volont\u00e9 d&rsquo;enracinement au sein de mini-patries successives: tous ces petits jardins qui doivent nous vivifier sans nous isoler.<\/p>\n","protected":false},"author":1,"featured_media":0,"comment_status":"closed","ping_status":"closed","sticky":false,"template":"","format":"standard","meta":{"footnotes":""},"categories":[1014],"tags":[],"class_list":["post-7627","post","type-post","status-publish","format-standard","hentry","category-essais"],"yoast_head":"<!-- This site is optimized with the Yoast SEO plugin v27.0 - https:\/\/yoast.com\/product\/yoast-seo-wordpress\/ -->\n<title>Le r\u00e9tro-futurisme ou la recherche d\u2019une vraie coh\u00e9rence par Christian De Bartillat - 3e mill\u00e9naire - Spiritualit\u00e9 - Connaissance de soi - Non-dualit\u00e9 - M\u00e9ditation<\/title>\n<meta name=\"robots\" content=\"index, follow, max-snippet:-1, max-image-preview:large, max-video-preview:-1\" \/>\n<link rel=\"canonical\" href=\"https:\/\/www.revue3emillenaire.com\/blog\/le-retro-futurisme-ou-la-recherche-d\u2019une-vraie-coherence-par-christian-de-bartillat\/\" \/>\n<meta property=\"og:locale\" content=\"fr_FR\" \/>\n<meta property=\"og:type\" content=\"article\" \/>\n<meta property=\"og:title\" content=\"Le r\u00e9tro-futurisme ou la recherche d\u2019une vraie coh\u00e9rence par Christian De Bartillat - 3e mill\u00e9naire - Spiritualit\u00e9 - Connaissance de soi - Non-dualit\u00e9 - M\u00e9ditation\" \/>\n<meta property=\"og:description\" content=\"Aujourd&#039;hui, le r\u00e9tro-futurisme m&#039;appara\u00eet comme la construction d&#039;un nouvel homme, au-del\u00e0 de celui de Freud et de Marx. Totalement li\u00e9 \u00e0 son pass\u00e9 et \u00e0 son avenir, \u00e0 l&#039;immense et \u00e0 l&#039;infinit\u00e9simal. Une vie, une \u0153uvre, me paraissent \u00eatre tout enti\u00e8res fond\u00e9es l\u00e0-dessus. Ouverture au monde, aux \u00eatres, disponibilit\u00e9 \u00e0 l&#039;espace. Mais aussi fermeture, descente vers soi ou plus loin que soi vers le grouillement secret des atomes. Notre premi\u00e8re patrie se nomme la plan\u00e8te, le cosmos o\u00f9 rien d\u00e9sormais ne peut \u00eatre \u00e9tranger. Ainsi devons-nous nous sentir parmi les gens du voyage. Voyage dans l&#039;espace, dans le temps et surtout vers les autres. A l&#039;inverse, notre seconde passion temp\u00e8re cette soif de distance, de vent, d&#039;altitude et de vertige dans une volont\u00e9 d&#039;enracinement au sein de mini-patries successives: tous ces petits jardins qui doivent nous vivifier sans nous isoler.\" \/>\n<meta property=\"og:url\" content=\"https:\/\/www.revue3emillenaire.com\/blog\/le-retro-futurisme-ou-la-recherche-d\u2019une-vraie-coherence-par-christian-de-bartillat\/\" \/>\n<meta property=\"og:site_name\" content=\"3e mill\u00e9naire - Spiritualit\u00e9 - Connaissance de soi - Non-dualit\u00e9 - M\u00e9ditation\" \/>\n<meta property=\"article:published_time\" content=\"2011-07-17T20:03:28+00:00\" \/>\n<meta property=\"article:modified_time\" content=\"2011-11-05T16:12:30+00:00\" \/>\n<meta name=\"author\" content=\"3e mill\u00e9naire\" \/>\n<meta name=\"twitter:card\" content=\"summary_large_image\" \/>\n<meta name=\"twitter:label1\" content=\"\u00c9crit par\" \/>\n\t<meta name=\"twitter:data1\" content=\"3e mill\u00e9naire\" \/>\n\t<meta name=\"twitter:label2\" content=\"Dur\u00e9e de lecture estim\u00e9e\" \/>\n\t<meta name=\"twitter:data2\" content=\"9 minutes\" \/>\n<script type=\"application\/ld+json\" class=\"yoast-schema-graph\">{\"@context\":\"https:\/\/schema.org\",\"@graph\":[{\"@type\":\"Article\",\"@id\":\"https:\/\/www.revue3emillenaire.com\/blog\/le-retro-futurisme-ou-la-recherche-d%e2%80%99une-vraie-coherence-par-christian-de-bartillat\/#article\",\"isPartOf\":{\"@id\":\"https:\/\/www.revue3emillenaire.com\/blog\/le-retro-futurisme-ou-la-recherche-d%e2%80%99une-vraie-coherence-par-christian-de-bartillat\/\"},\"author\":{\"name\":\"3e mill\u00e9naire\",\"@id\":\"https:\/\/www.revue3emillenaire.com\/blog\/#\/schema\/person\/9a3a7cc4ccaa707f402d4394327106d5\"},\"headline\":\"Le r\u00e9tro-futurisme ou la recherche d\u2019une vraie coh\u00e9rence par Christian De Bartillat\",\"datePublished\":\"2011-07-17T20:03:28+00:00\",\"dateModified\":\"2011-11-05T16:12:30+00:00\",\"mainEntityOfPage\":{\"@id\":\"https:\/\/www.revue3emillenaire.com\/blog\/le-retro-futurisme-ou-la-recherche-d%e2%80%99une-vraie-coherence-par-christian-de-bartillat\/\"},\"wordCount\":1764,\"articleSection\":[\"Essais\"],\"inLanguage\":\"fr-FR\"},{\"@type\":\"WebPage\",\"@id\":\"https:\/\/www.revue3emillenaire.com\/blog\/le-retro-futurisme-ou-la-recherche-d%e2%80%99une-vraie-coherence-par-christian-de-bartillat\/\",\"url\":\"https:\/\/www.revue3emillenaire.com\/blog\/le-retro-futurisme-ou-la-recherche-d%e2%80%99une-vraie-coherence-par-christian-de-bartillat\/\",\"name\":\"Le r\u00e9tro-futurisme ou la recherche d\u2019une vraie coh\u00e9rence par Christian De Bartillat - 3e mill\u00e9naire - Spiritualit\u00e9 - Connaissance de soi - Non-dualit\u00e9 - M\u00e9ditation\",\"isPartOf\":{\"@id\":\"https:\/\/www.revue3emillenaire.com\/blog\/#website\"},\"datePublished\":\"2011-07-17T20:03:28+00:00\",\"dateModified\":\"2011-11-05T16:12:30+00:00\",\"author\":{\"@id\":\"https:\/\/www.revue3emillenaire.com\/blog\/#\/schema\/person\/9a3a7cc4ccaa707f402d4394327106d5\"},\"breadcrumb\":{\"@id\":\"https:\/\/www.revue3emillenaire.com\/blog\/le-retro-futurisme-ou-la-recherche-d%e2%80%99une-vraie-coherence-par-christian-de-bartillat\/#breadcrumb\"},\"inLanguage\":\"fr-FR\",\"potentialAction\":[{\"@type\":\"ReadAction\",\"target\":[\"https:\/\/www.revue3emillenaire.com\/blog\/le-retro-futurisme-ou-la-recherche-d%e2%80%99une-vraie-coherence-par-christian-de-bartillat\/\"]}]},{\"@type\":\"BreadcrumbList\",\"@id\":\"https:\/\/www.revue3emillenaire.com\/blog\/le-retro-futurisme-ou-la-recherche-d%e2%80%99une-vraie-coherence-par-christian-de-bartillat\/#breadcrumb\",\"itemListElement\":[{\"@type\":\"ListItem\",\"position\":1,\"name\":\"Accueil\",\"item\":\"https:\/\/www.revue3emillenaire.com\/blog\/\"},{\"@type\":\"ListItem\",\"position\":2,\"name\":\"Le r\u00e9tro-futurisme ou la recherche d\u2019une vraie coh\u00e9rence par Christian De Bartillat\"}]},{\"@type\":\"WebSite\",\"@id\":\"https:\/\/www.revue3emillenaire.com\/blog\/#website\",\"url\":\"https:\/\/www.revue3emillenaire.com\/blog\/\",\"name\":\"3e mill\u00e9naire - Spiritualit\u00e9 - Connaissance de soi - Non-dualit\u00e9 - M\u00e9ditation\",\"description\":\"L&#039;Homme en devenir\",\"potentialAction\":[{\"@type\":\"SearchAction\",\"target\":{\"@type\":\"EntryPoint\",\"urlTemplate\":\"https:\/\/www.revue3emillenaire.com\/blog\/?s={search_term_string}\"},\"query-input\":{\"@type\":\"PropertyValueSpecification\",\"valueRequired\":true,\"valueName\":\"search_term_string\"}}],\"inLanguage\":\"fr-FR\"},{\"@type\":\"Person\",\"@id\":\"https:\/\/www.revue3emillenaire.com\/blog\/#\/schema\/person\/9a3a7cc4ccaa707f402d4394327106d5\",\"name\":\"3e mill\u00e9naire\",\"url\":\"https:\/\/www.revue3emillenaire.com\/blog\/author\/admin\/\"}]}<\/script>\n<!-- \/ Yoast SEO plugin. -->","yoast_head_json":{"title":"Le r\u00e9tro-futurisme ou la recherche d\u2019une vraie coh\u00e9rence par Christian De Bartillat - 3e mill\u00e9naire - Spiritualit\u00e9 - Connaissance de soi - Non-dualit\u00e9 - M\u00e9ditation","robots":{"index":"index","follow":"follow","max-snippet":"max-snippet:-1","max-image-preview":"max-image-preview:large","max-video-preview":"max-video-preview:-1"},"canonical":"https:\/\/www.revue3emillenaire.com\/blog\/le-retro-futurisme-ou-la-recherche-d\u2019une-vraie-coherence-par-christian-de-bartillat\/","og_locale":"fr_FR","og_type":"article","og_title":"Le r\u00e9tro-futurisme ou la recherche d\u2019une vraie coh\u00e9rence par Christian De Bartillat - 3e mill\u00e9naire - Spiritualit\u00e9 - Connaissance de soi - Non-dualit\u00e9 - M\u00e9ditation","og_description":"Aujourd'hui, le r\u00e9tro-futurisme m'appara\u00eet comme la construction d'un nouvel homme, au-del\u00e0 de celui de Freud et de Marx. Totalement li\u00e9 \u00e0 son pass\u00e9 et \u00e0 son avenir, \u00e0 l'immense et \u00e0 l'infinit\u00e9simal. Une vie, une \u0153uvre, me paraissent \u00eatre tout enti\u00e8res fond\u00e9es l\u00e0-dessus. Ouverture au monde, aux \u00eatres, disponibilit\u00e9 \u00e0 l'espace. Mais aussi fermeture, descente vers soi ou plus loin que soi vers le grouillement secret des atomes. Notre premi\u00e8re patrie se nomme la plan\u00e8te, le cosmos o\u00f9 rien d\u00e9sormais ne peut \u00eatre \u00e9tranger. Ainsi devons-nous nous sentir parmi les gens du voyage. Voyage dans l'espace, dans le temps et surtout vers les autres. A l'inverse, notre seconde passion temp\u00e8re cette soif de distance, de vent, d'altitude et de vertige dans une volont\u00e9 d'enracinement au sein de mini-patries successives: tous ces petits jardins qui doivent nous vivifier sans nous isoler.","og_url":"https:\/\/www.revue3emillenaire.com\/blog\/le-retro-futurisme-ou-la-recherche-d\u2019une-vraie-coherence-par-christian-de-bartillat\/","og_site_name":"3e mill\u00e9naire - Spiritualit\u00e9 - Connaissance de soi - Non-dualit\u00e9 - M\u00e9ditation","article_published_time":"2011-07-17T20:03:28+00:00","article_modified_time":"2011-11-05T16:12:30+00:00","author":"3e mill\u00e9naire","twitter_card":"summary_large_image","twitter_misc":{"\u00c9crit par":"3e mill\u00e9naire","Dur\u00e9e de lecture estim\u00e9e":"9 minutes"},"schema":{"@context":"https:\/\/schema.org","@graph":[{"@type":"Article","@id":"https:\/\/www.revue3emillenaire.com\/blog\/le-retro-futurisme-ou-la-recherche-d%e2%80%99une-vraie-coherence-par-christian-de-bartillat\/#article","isPartOf":{"@id":"https:\/\/www.revue3emillenaire.com\/blog\/le-retro-futurisme-ou-la-recherche-d%e2%80%99une-vraie-coherence-par-christian-de-bartillat\/"},"author":{"name":"3e mill\u00e9naire","@id":"https:\/\/www.revue3emillenaire.com\/blog\/#\/schema\/person\/9a3a7cc4ccaa707f402d4394327106d5"},"headline":"Le r\u00e9tro-futurisme ou la recherche d\u2019une vraie coh\u00e9rence par Christian De Bartillat","datePublished":"2011-07-17T20:03:28+00:00","dateModified":"2011-11-05T16:12:30+00:00","mainEntityOfPage":{"@id":"https:\/\/www.revue3emillenaire.com\/blog\/le-retro-futurisme-ou-la-recherche-d%e2%80%99une-vraie-coherence-par-christian-de-bartillat\/"},"wordCount":1764,"articleSection":["Essais"],"inLanguage":"fr-FR"},{"@type":"WebPage","@id":"https:\/\/www.revue3emillenaire.com\/blog\/le-retro-futurisme-ou-la-recherche-d%e2%80%99une-vraie-coherence-par-christian-de-bartillat\/","url":"https:\/\/www.revue3emillenaire.com\/blog\/le-retro-futurisme-ou-la-recherche-d%e2%80%99une-vraie-coherence-par-christian-de-bartillat\/","name":"Le r\u00e9tro-futurisme ou la recherche d\u2019une vraie coh\u00e9rence par Christian De Bartillat - 3e mill\u00e9naire - Spiritualit\u00e9 - Connaissance de soi - Non-dualit\u00e9 - M\u00e9ditation","isPartOf":{"@id":"https:\/\/www.revue3emillenaire.com\/blog\/#website"},"datePublished":"2011-07-17T20:03:28+00:00","dateModified":"2011-11-05T16:12:30+00:00","author":{"@id":"https:\/\/www.revue3emillenaire.com\/blog\/#\/schema\/person\/9a3a7cc4ccaa707f402d4394327106d5"},"breadcrumb":{"@id":"https:\/\/www.revue3emillenaire.com\/blog\/le-retro-futurisme-ou-la-recherche-d%e2%80%99une-vraie-coherence-par-christian-de-bartillat\/#breadcrumb"},"inLanguage":"fr-FR","potentialAction":[{"@type":"ReadAction","target":["https:\/\/www.revue3emillenaire.com\/blog\/le-retro-futurisme-ou-la-recherche-d%e2%80%99une-vraie-coherence-par-christian-de-bartillat\/"]}]},{"@type":"BreadcrumbList","@id":"https:\/\/www.revue3emillenaire.com\/blog\/le-retro-futurisme-ou-la-recherche-d%e2%80%99une-vraie-coherence-par-christian-de-bartillat\/#breadcrumb","itemListElement":[{"@type":"ListItem","position":1,"name":"Accueil","item":"https:\/\/www.revue3emillenaire.com\/blog\/"},{"@type":"ListItem","position":2,"name":"Le r\u00e9tro-futurisme ou la recherche d\u2019une vraie coh\u00e9rence par Christian De Bartillat"}]},{"@type":"WebSite","@id":"https:\/\/www.revue3emillenaire.com\/blog\/#website","url":"https:\/\/www.revue3emillenaire.com\/blog\/","name":"3e mill\u00e9naire - Spiritualit\u00e9 - Connaissance de soi - Non-dualit\u00e9 - M\u00e9ditation","description":"L&#039;Homme en devenir","potentialAction":[{"@type":"SearchAction","target":{"@type":"EntryPoint","urlTemplate":"https:\/\/www.revue3emillenaire.com\/blog\/?s={search_term_string}"},"query-input":{"@type":"PropertyValueSpecification","valueRequired":true,"valueName":"search_term_string"}}],"inLanguage":"fr-FR"},{"@type":"Person","@id":"https:\/\/www.revue3emillenaire.com\/blog\/#\/schema\/person\/9a3a7cc4ccaa707f402d4394327106d5","name":"3e mill\u00e9naire","url":"https:\/\/www.revue3emillenaire.com\/blog\/author\/admin\/"}]}},"_links":{"self":[{"href":"https:\/\/www.revue3emillenaire.com\/blog\/wp-json\/wp\/v2\/posts\/7627","targetHints":{"allow":["GET"]}}],"collection":[{"href":"https:\/\/www.revue3emillenaire.com\/blog\/wp-json\/wp\/v2\/posts"}],"about":[{"href":"https:\/\/www.revue3emillenaire.com\/blog\/wp-json\/wp\/v2\/types\/post"}],"author":[{"embeddable":true,"href":"https:\/\/www.revue3emillenaire.com\/blog\/wp-json\/wp\/v2\/users\/1"}],"replies":[{"embeddable":true,"href":"https:\/\/www.revue3emillenaire.com\/blog\/wp-json\/wp\/v2\/comments?post=7627"}],"version-history":[{"count":0,"href":"https:\/\/www.revue3emillenaire.com\/blog\/wp-json\/wp\/v2\/posts\/7627\/revisions"}],"wp:attachment":[{"href":"https:\/\/www.revue3emillenaire.com\/blog\/wp-json\/wp\/v2\/media?parent=7627"}],"wp:term":[{"taxonomy":"category","embeddable":true,"href":"https:\/\/www.revue3emillenaire.com\/blog\/wp-json\/wp\/v2\/categories?post=7627"},{"taxonomy":"post_tag","embeddable":true,"href":"https:\/\/www.revue3emillenaire.com\/blog\/wp-json\/wp\/v2\/tags?post=7627"}],"curies":[{"name":"wp","href":"https:\/\/api.w.org\/{rel}","templated":true}]}}