{"id":7637,"date":"2011-07-17T21:03:17","date_gmt":"2011-07-17T20:03:17","guid":{"rendered":"http:\/\/www.revue3emillenaire.com\/blog\/?p=7637"},"modified":"2011-09-17T17:07:23","modified_gmt":"2011-09-17T16:07:23","slug":"genese-d%e2%80%99un-outil-de-la-creation-par-elisabeth-meichelbeck","status":"publish","type":"post","link":"https:\/\/www.revue3emillenaire.com\/blog\/genese-d%e2%80%99un-outil-de-la-creation-par-elisabeth-meichelbeck\/","title":{"rendered":"Gen\u00e8se d\u2019un outil de la cr\u00e9ation par Elisabeth Meichelbeck"},"content":{"rendered":"<p style=\"text-align: justify;\">(Revue 3<sup>e<\/sup> Mill\u00e9naire. N<sup>o<\/sup> 5 ancienne s\u00e9rie. Novembre-D\u00e9cembre 1982)<\/p>\n<p style=\"text-align: justify;\">\n<p style=\"text-align: justify;\"><em>Travailler \u00e0 l&rsquo;\u00e9volution de l&rsquo;\u00eatre et \u00eatre \u00e0 son service; m\u00e9diter; \u00e9tudier la Kabbale, l&rsquo;\u00e9sot\u00e9risme et la symbolique; r\u00e9fl\u00e9chir sur la soci\u00e9t\u00e9, le travail; r\u00eaver d&rsquo;un contexte social tout diff\u00e9rent dans lequel l&rsquo;\u00eatre humain aura retourn\u00e9 sa souverainet\u00e9, voici quelques-unes des activit\u00e9s d&rsquo;Elisabeth Meichelbeck. Souvent nous avons \u00e9t\u00e9 frapp\u00e9 par l&rsquo;originalit\u00e9 et la modernit\u00e9 de ses r\u00e9flexions. Il fallait bien qu&rsquo;une alchimie tr\u00e8s particuli\u00e8re se d\u00e9veloppe en elle et lui donne si souvent des \u00e9clairs d\u2019inspirations. Nous lui avons demand\u00e9 de nous raconter le plus simplement possible comme lui viennent ses id\u00e9es et ce qu&rsquo;elle vit dans ces moments si particuliers. Dans son texte, point de belles phrases, mais un bouillonnement de sensations, d&rsquo;images, de symboles et au bout une notion nouvelle, une organisation de la pens\u00e9e qui d\u00e9bouche toujours sur une vision neuve et originale des crises de notre temps. Toujours aussi cette vision \u00e9labore une m\u00e9thode pour solutionner les probl\u00e8mes<\/em>.<\/p>\n<p style=\"text-align: justify;\">\n<p style=\"text-align: justify;\">DEBUT septembre 1975, je rentre d&rsquo;un s\u00e9minaire de cr\u00e9ativit\u00e9. 48 heures d&rsquo;entra\u00eenement \u00e0 laisser libre cours \u00e0 l&rsquo;expression de l&rsquo;\u00e9motivit\u00e9, de l&rsquo;imaginaire, au r\u00e9\u00e9quilibrage des 5 sens.<\/p>\n<p style=\"text-align: justify;\">\n<p style=\"text-align: justify;\">Durant les deux nuits du s\u00e9minaire, nous avons peu dormi. Bien dans ma peau, mais physiquement fatigu\u00e9e, je m&rsquo;endors. Tr\u00e8s vite, dans le sommeil, je prends conscience d&rsquo;une valse de symboles qui essayent de se mettre en ordre :<\/p>\n<p style=\"text-align: justify;\">symboles de l&rsquo;alchimie,<\/p>\n<p style=\"text-align: justify;\">symboles de l&rsquo;astrologie, essentiellement les plan\u00e8tes et leurs correspondances avec les dieux de l&rsquo;Olympe,<\/p>\n<p style=\"text-align: justify;\">symboles de la Q\u00e2bala, les lettres h\u00e9bra\u00efques et leurs correspondances num\u00e9riques, symboles math\u00e9matiques et physiques.<\/p>\n<p style=\"text-align: justify;\">\n<p style=\"text-align: justify;\">Instinctivement, je reste dans cet \u00e9tat, entre veille et sommeil, spectateur plus qu&rsquo;acteur de ce remue-m\u00e9nage symbolique. Il se passe quelque chose en moi. Un processus analogue \u00e0 celui qui m\u00e9lange les boules du loto le soir du tirage.<\/p>\n<p style=\"text-align: justify;\">\n<p style=\"text-align: justify;\">Par bonheur, mon habitude de me saisir du d\u00e9roulement des op\u00e9rations ne s&rsquo;enclenche pas. Je suis fatigu\u00e9e et laisse faire. J&rsquo;aime les symboles. Il y a longtemps que je soup\u00e7onne que ces diff\u00e9rentes approches symboliques ont une subtile correspondance entre eux.<\/p>\n<p style=\"text-align: justify;\">\n<p style=\"text-align: justify;\">24 ans de recherches m\u00e9ticuleuses, au cours desquelles j&rsquo;ai glan\u00e9 des bribes de connaissance dans des tonnes de gangues, charri\u00e9es par ceux qui se r\u00e9clament des traditions \u00e9sot\u00e9riques, sont \u00e0 l&rsquo;origine de cette sarabande. Ces symboles, je les ai trac\u00e9s des centaines de fois, soigneusement, chacun dans son propre syst\u00e8me.<\/p>\n<p style=\"text-align: justify;\">\n<p style=\"text-align: justify;\">Ici les syst\u00e8mes \u00e9clatent, les symboles reprennent leur autonomie, comme si dans leurs mouvements dans l&rsquo;espace, ils allaient butiner dans ma m\u00e9moire. Ils s&rsquo;enrichissent, s&rsquo;enflent, se densifient au fur et \u00e0 mesure qu&rsquo;ils se chargent de sens.<\/p>\n<p style=\"text-align: justify;\">\n<p style=\"text-align: justify;\">Le corps, la prima materia, Had\u00e8s, le dieu des enfers, le corps du Christ, Heith, l&rsquo;\u00e9nergie de la mati\u00e8re dense ; Pluton, dont la symbolique de l&rsquo;axe Pluton-Neptune indique qu&rsquo;il puise l&rsquo;\u00e9nergie dans la Terre, le chiffre 8.<\/p>\n<p style=\"text-align: justify;\">\n<p style=\"text-align: justify;\">L&rsquo;\u00e2me, la lumi\u00e8re de l&rsquo;\u00e2me, l&rsquo;amour, la d\u00e9esse de l&rsquo;amour, V\u00e9nus, source de lumi\u00e8re, Soleil, Apollon, rayonnement, vie, individuation, l\u00e9 Noun, le 5, le dieu des Juifs, deux vies, deux vies qui s&rsquo;interf\u00e9condent.<\/p>\n<p style=\"text-align: justify;\">\n<p style=\"text-align: justify;\">La lune refl\u00e8te la lumi\u00e8re du Soleil, la lune dans le Tarot du Moyen Age, lunaire, lunatique. La lumi\u00e8re dans la nuit \u2014 la nuit du corps \u2014 Le Soleil, la lumi\u00e8re du jour. Lune reflet, images, imaginaire, le Soleil source r\u00e9elle, authenticit\u00e9. Le Soleil, R\u00e2, dieu des Egyptiens, le Pharaon, incarnation de R\u00e2.<\/p>\n<p style=\"text-align: justify;\">\n<p style=\"text-align: justify;\">Saturne, Chronos, le temps, la concentration. Zeus, Jupiter force d&rsquo;expansion. La Science, vision expansionniste de l&rsquo;univers. L&rsquo;espace. L&rsquo;aviation. Le vol d&rsquo;Icare. Uranus. Ouranos p\u00e8re de Chronos. Solve. Coagula. Aleph. Beith. Bereschit, etc.<\/p>\n<p style=\"text-align: justify;\">\n<p style=\"text-align: justify;\">Opposition. Conflit. Contradiction. Compl\u00e9mentarit\u00e9. Antagonisme, dualit\u00e9 binaire. Lin\u00e9arit\u00e9. Tiers exclu. Co-existence. Co-pr\u00e9sence. Sujet. Verbe. Compl\u00e9ment. Diff\u00e9rence de niveau de subtilit\u00e9. Point d&rsquo;int\u00e9gration. L&rsquo;unit\u00e9 s&rsquo;exprimant par ses deux contraires. Le visible, le manifest\u00e9 mesurable, fixe, fig\u00e9, le syst\u00e8me sensoriel, mouvant, les m\u00e9thodes : mise en mouvement du fixe.<\/p>\n<p style=\"text-align: justify;\">\n<p style=\"text-align: justify;\">Le corps de l&rsquo;homme, le corps de l&rsquo;Univers, ce qui se mesure, ce qui peut \u00eatre mis en mouvement. Monde du quantitatif. Dieu le p\u00e8re, Dieu le fils et Dieu l&rsquo;Esprit Saint, unique et triple et non double.<\/p>\n<p style=\"text-align: justify;\">\n<p style=\"text-align: justify;\"><a href=\"http:\/\/www.revue3emillenaire.com\/blog\/wp-content\/uploads\/2011\/07\/MEICHEL1.jpg\"><img loading=\"lazy\" decoding=\"async\" class=\"alignleft size-thumbnail wp-image-7640\" title=\"MEICHEL1\" src=\"http:\/\/www.revue3emillenaire.com\/blog\/wp-content\/uploads\/2011\/07\/MEICHEL1-150x150.jpg\" alt=\"\" width=\"150\" height=\"150\" \/><\/a>L&rsquo;unit\u00e9, le binaire, le ternaire. L&rsquo;enn\u00e9ade de Pythagore. La tridimensionnalit\u00e9 de l&rsquo;unit\u00e9. L&rsquo;\u00e9gr\u00e9gore. Le corps, l&rsquo;\u00e2me, l&rsquo;esprit, etc.<\/p>\n<p style=\"text-align: justify;\">\n<p style=\"text-align: justify;\">48 heures durant, des chiffres et des nombres, des signes +, \u2014 p\u00f4les positif et n\u00e9gatif d&rsquo;un accumulateur, entre eux l&rsquo;arc, d&rsquo;une autre nature, des symboles se combinent et se s\u00e9parent, se recombinent dans une vision int\u00e9rieure.<\/p>\n<p style=\"text-align: justify;\">\n<p style=\"text-align: justify;\">Toujours sur ce mode analogique, hach\u00e9, voisin d&rsquo;un d\u00e9lire, faute d&rsquo;en percevoir le sens.<\/p>\n<p style=\"text-align: justify;\">Le Sens, \u00e0 la fois signification, orientation et direction. Ma fatigue physique me pr\u00e9serve de l&rsquo;habitude de chercher \u00e0 orienter, \u00e0 diriger pour \u00ab faire du sens \u00bb (to make sense).<\/p>\n<p style=\"text-align: justify;\">\n<p style=\"text-align: justify;\">\n<p style=\"text-align: justify;\">Je reste dans cet \u00e9tat entre veille et sommeil, les symboles s&rsquo;entrechoquent, se combinent et se s\u00e9parent, s&rsquo;associent entre eux. Ils ont chacun leur logique propre, leur vie \u00e0 eux, une logique en soi. Conscience de l&rsquo;en-soi. Ils co-existent en chaque chose, les 27 de la Q\u00e2bala, les 91 + 1 de l&rsquo;astrologie, les 3 et les 4 de tout \u00e9sot\u00e9risme, 3 + 4 = 7, 3 x 4 = 12, 3 = 9, 33 = 27, mais les 9 sont 10 ?<\/p>\n<p style=\"text-align: justify;\">\n<p style=\"text-align: justify;\"><a href=\"http:\/\/www.revue3emillenaire.com\/blog\/wp-content\/uploads\/2011\/07\/MEICHEL2.jpg\"><\/a><a href=\"http:\/\/www.revue3emillenaire.com\/blog\/wp-content\/uploads\/2011\/07\/MEICHEL2.jpg\"><img loading=\"lazy\" decoding=\"async\" class=\"aligncenter size-medium wp-image-7641\" title=\"MEICHEL2\" src=\"http:\/\/www.revue3emillenaire.com\/blog\/wp-content\/uploads\/2011\/07\/MEICHEL2-300x102.jpg\" alt=\"\" width=\"300\" height=\"102\" srcset=\"https:\/\/www.revue3emillenaire.com\/blog\/wp-content\/uploads\/2011\/07\/MEICHEL2-300x102.jpg 300w, https:\/\/www.revue3emillenaire.com\/blog\/wp-content\/uploads\/2011\/07\/MEICHEL2.jpg 684w\" sizes=\"auto, (max-width: 300px) 100vw, 300px\" \/><\/a><\/p>\n<p style=\"text-align: justify;\">Ah oui, Herm\u00e8s est le messager des dieux, nature diff\u00e9rente, les 10 deviennent 9 + 1 messager. ADN messager ?<\/p>\n<p style=\"text-align: justify;\">L&rsquo;unit\u00e9 s&rsquo;exprime par un binaire contradictoire<\/p>\n<p style=\"text-align: justify;\">\n<p style=\"text-align: justify;\">\n<p style=\"text-align: justify;\">\n<p style=\"text-align: justify;\">L&rsquo;unit\u00e9 n&rsquo;est pas ce qui s&rsquo;exprime en 2 contraires, l&rsquo;unit\u00e9 est l&rsquo;ensemble des 3.<\/p>\n<p style=\"text-align: justify;\">\u2014 3 niveaux : les 2 contraires,<\/p>\n<p style=\"text-align: justify;\">le point d&rsquo;int\u00e9gration qu&rsquo;ils expriment,<\/p>\n<p style=\"text-align: justify;\">et l&rsquo;ensemble des 3.<\/p>\n<p style=\"text-align: justify;\">\u2014 Deux personnes &#8211; 2 p\u00f4les.<\/p>\n<p style=\"text-align: justify;\">\u2014 La relation entre elles &#8211; l&rsquo;arc d&rsquo;une nature plus subtile.<\/p>\n<p style=\"text-align: justify;\">\u2014 L&rsquo;ensemble de la relation-\u00e9gr\u00e9gore &#8211; la relation plus les deux personnes en interaction.<\/p>\n<p style=\"text-align: justify;\">\n<p style=\"text-align: justify;\"><a href=\"http:\/\/www.revue3emillenaire.com\/blog\/wp-content\/uploads\/2011\/07\/MEICHEL3.jpg\"><img loading=\"lazy\" decoding=\"async\" class=\"alignleft size-medium wp-image-7643\" title=\"MEICHEL3\" src=\"http:\/\/www.revue3emillenaire.com\/blog\/wp-content\/uploads\/2011\/07\/MEICHEL3-92x300.jpg\" alt=\"\" width=\"92\" height=\"300\" \/><\/a>L&rsquo;homme lui-m\u00eame a un corps, outil de son incarnation, sa partie la plus visible, la plus dense, une \u00e2me, des sentiments, une \u00e9chelle de valeurs, des strat\u00e9gies, ce qui forme sa permanence, ce qui s&rsquo;incarne, se dote d&rsquo;un corps.<\/p>\n<p style=\"text-align: justify;\">Dualit\u00e9 corps-\u00e2me, monde concret, monde sensible en \u00e9ternel antagonisme quantit\u00e9-qualit\u00e9, objectif-subjectif, rationnel-irrationnel (le c\u0153ur a des raisons que la raison ignore).<\/p>\n<p style=\"text-align: justify;\">Quel est le point d&rsquo;int\u00e9gration, l&rsquo;homme \u00e9tant le tout ? La tradition dit : l&rsquo;Esprit.<\/p>\n<p style=\"text-align: justify;\">Le corps est concret, mesurable, visible ; l&rsquo;\u00e2me sensible, l&rsquo;esprit conceptuel.<\/p>\n<p style=\"text-align: justify;\">Mais il y a du sensible dans le corps ?<\/p>\n<p style=\"text-align: justify;\">Sensible du corps, reflet du v\u00e9ritable sensible ?<\/p>\n<p style=\"text-align: justify;\">La lune, reflet de la lumi\u00e8re du Soleil, sensible du corps.<\/p>\n<p style=\"text-align: justify;\">Il y a de la pens\u00e9e dans le sensible.<\/p>\n<p style=\"text-align: justify;\">La pens\u00e9e dans le sensible, du concret dans la pens\u00e9e, du sensible dans le concret. Tout est en tout. (Herm\u00e8s Trism\u00e9giste).<\/p>\n<p style=\"text-align: justify;\">L&rsquo;homme en soi est un microcosme fait \u00e0 l&rsquo;image et \u00e0 la ressemblance de Dieu &#8211; Dieu &#8211; transcendance intemporel. L&rsquo;homme m\u00e9diateur entre le visible et la transcendance.<\/p>\n<p style=\"text-align: justify;\">\n<p style=\"text-align: justify;\">Lentement la veille gagne sur le sommeil. La sarabande se calme. Le corps reprend ses droits &#8211; faim, soif &#8211; Je fais couler un bain, je pr\u00e9pare du th\u00e9 ; mon plateau a-t-il une \u00e2me ? Un esprit ? Qu&rsquo;est-ce que l&rsquo;esprit ? Comment tirer tout cela au clair ?<\/p>\n<p style=\"text-align: justify;\">\n<p style=\"text-align: justify;\">Je sens l&rsquo;importance de ce qui vient de se passer. Je griffonne mes 3 bulles, les 3 bulles dans les 3 bulles, et je me mets au travail.<\/p>\n<p style=\"text-align: justify;\">\n<p style=\"text-align: justify;\">Tout ce v\u00e9cu symbolique est charg\u00e9 d&rsquo;une tr\u00e8s forte \u00e9motivit\u00e9 et s&rsquo;est donc imprim\u00e9 clairement dans ma m\u00e9moire. La logique de la co-existence de niveaux diff\u00e9rents, interagissants, d&rsquo;\u00e9l\u00e9ments distincts, \u00e0 la fois dot\u00e9s d&rsquo;une logique interne, sp\u00e9cifique, et d&rsquo;une relation avec d&rsquo;autres \u00e9l\u00e9ments de m\u00eame nature ou de natures diff\u00e9rentes, me s\u00e9duit.<\/p>\n<p style=\"text-align: justify;\">Je vis d&rsquo;abord que la non-diff\u00e9renciation de logiques diff\u00e9rentes menait aux blocages \u00ab paradoxaux \u00bb. Que l&rsquo;ensemble des \u00e9l\u00e9ments interagissants se comportait en \u00ab syst\u00e8me \u00bb. Mais j&rsquo;ignorais les mots \u00ab paradoxe \u00bb, \u00ab th\u00e9orie des syst\u00e8mes \u00bb.<\/p>\n<p style=\"text-align: justify;\">\n<p style=\"text-align: justify;\">Je compris d&rsquo;abord qu&rsquo;il \u00e9tait possible de regarder le monde, l&rsquo;homme et le Cosmos &#8211; Dieu &#8211; la Transcendance avec d&rsquo;autres lunettes. Ce n&rsquo;est que beaucoup plus tard que j&rsquo;ai appel\u00e9 cela \u00ab une autre repr\u00e9sentation du r\u00e9el \u00bb.<\/p>\n<p style=\"text-align: justify;\">\n<p style=\"text-align: justify;\">Des milliers d&rsquo;informations stock\u00e9es changeaient de sens, se transformaient, prenaient une nouvelle importance. Bien des hommes du pass\u00e9 ont parl\u00e9 de ce point de vue. Les proph\u00e8tes, les sages, bien des \u00ab g\u00e9nies \u00bb ont puis\u00e9 dans cet autre regard des espaces de libert\u00e9 qu&rsquo;ils ont d\u00e9sesp\u00e9r\u00e9ment cherch\u00e9 \u00e0 nous l\u00e9guer.<\/p>\n<p style=\"text-align: justify;\">\n<p style=\"text-align: justify;\">Einstein me parut une figure essentielle, non pas pour ses apports aux connaissances en physique, mais pour la r\u00e9affirmation, la revitalisation du concept de \u00ab relativit\u00e9 \u00bb. Regarder nos acquis, nos sentiments, nos id\u00e9es et nos id\u00e9aux dans une nouvelle relativit\u00e9.<\/p>\n<p style=\"text-align: justify;\"><a href=\"http:\/\/www.revue3emillenaire.com\/blog\/wp-content\/uploads\/2011\/07\/MEICHEL4.jpg\"><img loading=\"lazy\" decoding=\"async\" class=\"alignleft size-medium wp-image-7644\" title=\"MEICHEL4\" src=\"http:\/\/www.revue3emillenaire.com\/blog\/wp-content\/uploads\/2011\/07\/MEICHEL4-245x300.jpg\" alt=\"\" width=\"245\" height=\"300\" srcset=\"https:\/\/www.revue3emillenaire.com\/blog\/wp-content\/uploads\/2011\/07\/MEICHEL4-245x300.jpg 245w, https:\/\/www.revue3emillenaire.com\/blog\/wp-content\/uploads\/2011\/07\/MEICHEL4.jpg 258w\" sizes=\"auto, (max-width: 245px) 100vw, 245px\" \/><\/a>La d\u00e9couverte de ce nouveau jouet entra\u00eena le d\u00e9sir de le mettre au point, de le tester. D&rsquo;abord conceptuellement.<\/p>\n<p style=\"text-align: justify;\">\n<p style=\"text-align: justify;\">Que pouvait-on voir avec ces lunettes ? La grille compl\u00e9t\u00e9e, mais mal assimil\u00e9e, je l&rsquo;ai trafiqu\u00e9e. Compl\u00e8tement conditionn\u00e9e par une vision hi\u00e9rarchique, je n&rsquo;ai pas r\u00e9sist\u00e9 \u00e0 superposer les triangles, transformant ma vision m\u00eame. Cette tricherie qui a dur\u00e9 plusieurs ann\u00e9es m&rsquo;a n\u00e9anmoins servi \u00e0 trouver les correspondances, \u00e0 organiser les diff\u00e9rents syst\u00e8mes symboliques.<\/p>\n<p style=\"text-align: justify;\">\n<p style=\"text-align: justify;\">Lorsque les diff\u00e9rents syst\u00e8mes devinrent coh\u00e9rents, le nom surgit.<\/p>\n<p style=\"text-align: justify;\">\n<p style=\"text-align: justify;\">Outil du d\u00e9veloppement de la Conscience, structure, Conscience se d\u00e9veloppant par l&rsquo;exp\u00e9rience de la diff\u00e9renciation, un groupe d&rsquo;amis, travaillant \u00e0 le compl\u00e9ter, \u00e0 l&rsquo;exp\u00e9rimenter sur eux-m\u00eames, sur les objets qui les entouraient, sur les situations qu&rsquo;ils vivaient, le nomm\u00e8rent Structure de Conscience Diff\u00e9rentielle.<\/p>\n<p style=\"text-align: justify;\">\n<p style=\"text-align: justify;\">Bas\u00e9e sur une importante activit\u00e9 symbolique, elle ne pouvait \u00eatre valablement publi\u00e9e telle quelle comme une nouvelle th\u00e9orie. Tant de th\u00e9ories naissent, sont publi\u00e9es et tombent dans l&rsquo;oubli. Je r\u00e9solus de l&rsquo;appliquer avant d&rsquo;en parler. Les quelques personnes les plus proches, happ\u00e9es par l&rsquo;aventure d&rsquo;une nouvelle vision, lui trouv\u00e8rent des applications multiples.<\/p>\n<p style=\"text-align: justify;\">\n<p style=\"text-align: justify;\">On me proposa une entreprise en d\u00e9confiture. Je d\u00e9cidais d&rsquo;en faire un champ d&rsquo;exp\u00e9rimentation de cette nouvelle approche du r\u00e9el. Parall\u00e8lement, nous avons fond\u00e9 l&rsquo;Institut de recherche sur la Communication, plus tard, le Club Innovation Alsace. Il y a un peu plus d&rsquo;un an, les Editions Coh\u00e9rence. Apr\u00e8s ces multiples exercices, la grille de d\u00e9codage du r\u00e9el nous parut exportable. Un texte fut r\u00e9dig\u00e9 \u00e0 la suite d&rsquo;un expos\u00e9 oral dans un cours de formation \u00e0 la Cr\u00e9ation et \u00e0 l&rsquo;Innovation.<\/p>\n<p style=\"text-align: justify;\">\n<p style=\"text-align: justify;\">Aujourd&rsquo;hui de nouveaux projets sont \u00e0 l&rsquo;\u00e9tude, le plus int\u00e9grateur \u00e9tant la r\u00e9alisation d&rsquo;un Domaine de la Cr\u00e9ation, sur lequel seront rassembl\u00e9es toutes les approches nouvelles de la mise en mouvement de connaissances et de moyens accumul\u00e9s avec la finalit\u00e9 de les mettre au service du d\u00e9veloppement du pouvoir cr\u00e9ateur de l&rsquo;Homme et surtout du d\u00e9veloppement de son champ de conscience.<\/p>\n<p style=\"text-align: justify;\">\n<p style=\"text-align: justify;\"><strong>Le processus de cr\u00e9ation<\/strong><\/p>\n<p style=\"text-align: justify;\">\n<p style=\"text-align: justify;\"><em>Le groupe Centre de l&rsquo;Institut de Recherche sur la Communication a formul\u00e9 en 1982 cette vision de l&rsquo;homme qu&rsquo;il entend servir :<\/em><\/p>\n<p style=\"text-align: justify;\">\n<p style=\"text-align: justify;\"><a href=\"http:\/\/www.revue3emillenaire.com\/blog\/wp-content\/uploads\/2011\/07\/MEICHEL5.jpg\"><img loading=\"lazy\" decoding=\"async\" class=\"alignleft size-medium wp-image-7645\" title=\"MEICHEL5\" src=\"http:\/\/www.revue3emillenaire.com\/blog\/wp-content\/uploads\/2011\/07\/MEICHEL5-98x300.jpg\" alt=\"\" width=\"98\" height=\"300\" srcset=\"https:\/\/www.revue3emillenaire.com\/blog\/wp-content\/uploads\/2011\/07\/MEICHEL5-98x300.jpg 98w, https:\/\/www.revue3emillenaire.com\/blog\/wp-content\/uploads\/2011\/07\/MEICHEL5-335x1024.jpg 335w, https:\/\/www.revue3emillenaire.com\/blog\/wp-content\/uploads\/2011\/07\/MEICHEL5.jpg 359w\" sizes=\"auto, (max-width: 98px) 100vw, 98px\" \/><\/a>Les hommes sont habit\u00e9s par l&rsquo;\u00e9nergie cr\u00e9atrice. Ceux qui tentent de conserver cette \u00e9nergie l&rsquo;\u00e9touffent et s&rsquo;\u00e9touffent.<\/p>\n<p style=\"text-align: justify;\">Ceux qui la d\u00e9pensent en s&rsquo;\u00e9clatant l&rsquo;\u00e9puisent et s&rsquo;\u00e9puisent. Ceux qui, au contraire, l&rsquo;investissent de mani\u00e8re coh\u00e9rente, selon sa nature qui est de cr\u00e9er, la d\u00e9veloppent et se d\u00e9veloppent.<\/p>\n<p style=\"text-align: justify;\">Seuls ces derniers accomplissent la finalit\u00e9 de la vie humaine : le d\u00e9veloppement de la Conscience de la Conscience.<\/p>\n<p style=\"text-align: justify;\">Pour canaliser l&rsquo;\u00e9nergie cr\u00e9atrice, il est n\u00e9cessaire d&rsquo;utiliser une m\u00e9thode permettant la mise en interaction de ses diff\u00e9rentes manifestations.<\/p>\n<p style=\"text-align: justify;\">\n<p style=\"text-align: justify;\">Cette m\u00e9thode consiste \u00e0 distinguer pour unir les trois aspects de toute chose et de tout \u00eatre :<\/p>\n<p style=\"text-align: justify;\">\u2014 l&rsquo;aspect mat\u00e9riel &#8211; corps, quantitatif ;<\/p>\n<p style=\"text-align: justify;\">\u2014 l&rsquo;aspect affectif &#8211; \u00e2me, qualitatif, v\u00e9cu ;<\/p>\n<p style=\"text-align: justify;\">\u2014 l&rsquo;aspect spirituel &#8211; esprit, conceptuel, sens, signification.<\/p>\n<p style=\"text-align: justify;\">C&rsquo;est en se transformant de l&rsquo;int\u00e9rieur que l&rsquo;homme put accomplir son destin. Les transformations ext\u00e9rieures ne sont que des r\u00e9sultats ou interm\u00e9diaires de sa transformation int\u00e9rieure.<\/p>\n<p style=\"text-align: justify;\">\n<p style=\"text-align: justify;\">L&rsquo;\u00e9volution de l&rsquo;homme, comme celle de tous les \u00eatres vivants va vers :<\/p>\n<p style=\"text-align: justify;\">\u2014 plus de diversit\u00e9 : c&rsquo;est-\u00e0-dire plus de singularit\u00e9 ;<\/p>\n<p style=\"text-align: justify;\">\u2014 plus de complexit\u00e9 : c&rsquo;est-\u00e0-dire plus d&rsquo;aptitude \u00e0 traiter des combinatoires de plus en plus complexes ;<\/p>\n<p style=\"text-align: justify;\">\u2014 plus de subtilit\u00e9 : c&rsquo;est-\u00e0-dire un affinement des r\u00e9alisations, de la sensibilit\u00e9 et de la conscience.<\/p>\n<p style=\"text-align: justify;\">C&rsquo;est cette \u00e9volution qui m\u00e8ne \u00e0 l&rsquo;\u00e9largissement de la Conscience de la Conscience.<\/p>\n<p style=\"text-align: justify;\">\n<p style=\"text-align: justify;\">La cr\u00e9ation elle-m\u00eame se d\u00e9roule selon un processus cyclique en douze \u00e9tapes :<\/p>\n<p style=\"text-align: justify;\">\u2014 choix de l&rsquo;id\u00e9e germe<\/p>\n<p style=\"text-align: justify;\">\u2014 choix du terrain et f\u00e9condation<\/p>\n<p style=\"text-align: justify;\">\u2014 d\u00e9multiplication \u00e0 l&rsquo;identique<\/p>\n<p style=\"text-align: justify;\">\u2014 maturation<\/p>\n<p style=\"text-align: justify;\">\u2014 apparition &#8211; prototype<\/p>\n<p style=\"text-align: justify;\">\u2014 multiplication et r\u00e9colte<\/p>\n<p style=\"text-align: justify;\">\u2014 partage<\/p>\n<p style=\"text-align: justify;\">\u2014 transformation<\/p>\n<p style=\"text-align: justify;\">\u2014 transmission<\/p>\n<p style=\"text-align: justify;\">\u2014 structuration<\/p>\n<p style=\"text-align: justify;\">\u2014 conceptualisation<\/p>\n<p style=\"text-align: justify;\">\u2014 diffusion (permettant le choix de nouvelles id\u00e9es-germes).<\/p>\n","protected":false},"excerpt":{"rendered":"<p>Les hommes sont habit\u00e9s par l&rsquo;\u00e9nergie cr\u00e9atrice. Ceux qui tentent de conserver cette \u00e9nergie l&rsquo;\u00e9touffent et s&rsquo;\u00e9touffent.<br \/>\nCeux qui la d\u00e9pensent en s&rsquo;\u00e9clatant l&rsquo;\u00e9puisent et s&rsquo;\u00e9puisent. Ceux qui, au contraire, l&rsquo;investissent de mani\u00e8re coh\u00e9rente, selon sa nature qui est de cr\u00e9er, la d\u00e9veloppent et se d\u00e9veloppent.<br \/>\nSeuls ces derniers accomplissent la finalit\u00e9 de la vie humaine : le d\u00e9veloppement de la Conscience de la Conscience.<br \/>\nPour canaliser l&rsquo;\u00e9nergie cr\u00e9atrice, il est n\u00e9cessaire d&rsquo;utiliser une m\u00e9thode permettant la mise en interaction de ses diff\u00e9rentes manifestations.<\/p>\n","protected":false},"author":1,"featured_media":0,"comment_status":"closed","ping_status":"closed","sticky":false,"template":"","format":"standard","meta":{"footnotes":""},"categories":[849],"tags":[520],"class_list":["post-7637","post","type-post","status-publish","format-standard","hentry","category-meichelbeck-elisabeth","tag-creativite"],"yoast_head":"<!-- This site is optimized with the Yoast SEO plugin v27.0 - https:\/\/yoast.com\/product\/yoast-seo-wordpress\/ -->\n<title>Gen\u00e8se d\u2019un outil de la cr\u00e9ation par Elisabeth Meichelbeck - 3e mill\u00e9naire - Spiritualit\u00e9 - Connaissance de soi - Non-dualit\u00e9 - M\u00e9ditation<\/title>\n<meta name=\"robots\" content=\"index, follow, max-snippet:-1, max-image-preview:large, max-video-preview:-1\" \/>\n<link rel=\"canonical\" href=\"https:\/\/www.revue3emillenaire.com\/blog\/genese-d\u2019un-outil-de-la-creation-par-elisabeth-meichelbeck\/\" \/>\n<meta property=\"og:locale\" content=\"fr_FR\" \/>\n<meta property=\"og:type\" content=\"article\" \/>\n<meta property=\"og:title\" content=\"Gen\u00e8se d\u2019un outil de la cr\u00e9ation par Elisabeth Meichelbeck - 3e mill\u00e9naire - Spiritualit\u00e9 - Connaissance de soi - Non-dualit\u00e9 - M\u00e9ditation\" \/>\n<meta property=\"og:description\" content=\"Les hommes sont habit\u00e9s par l&#039;\u00e9nergie cr\u00e9atrice. Ceux qui tentent de conserver cette \u00e9nergie l&#039;\u00e9touffent et s&#039;\u00e9touffent. Ceux qui la d\u00e9pensent en s&#039;\u00e9clatant l&#039;\u00e9puisent et s&#039;\u00e9puisent. Ceux qui, au contraire, l&#039;investissent de mani\u00e8re coh\u00e9rente, selon sa nature qui est de cr\u00e9er, la d\u00e9veloppent et se d\u00e9veloppent. Seuls ces derniers accomplissent la finalit\u00e9 de la vie humaine : le d\u00e9veloppement de la Conscience de la Conscience. Pour canaliser l&#039;\u00e9nergie cr\u00e9atrice, il est n\u00e9cessaire d&#039;utiliser une m\u00e9thode permettant la mise en interaction de ses diff\u00e9rentes manifestations.\" \/>\n<meta property=\"og:url\" content=\"https:\/\/www.revue3emillenaire.com\/blog\/genese-d\u2019un-outil-de-la-creation-par-elisabeth-meichelbeck\/\" \/>\n<meta property=\"og:site_name\" content=\"3e mill\u00e9naire - Spiritualit\u00e9 - Connaissance de soi - Non-dualit\u00e9 - M\u00e9ditation\" \/>\n<meta property=\"article:published_time\" content=\"2011-07-17T20:03:17+00:00\" \/>\n<meta property=\"article:modified_time\" content=\"2011-09-17T16:07:23+00:00\" \/>\n<meta property=\"og:image\" content=\"http:\/\/www.revue3emillenaire.com\/blog\/wp-content\/uploads\/2011\/07\/MEICHEL1-150x150.jpg\" \/>\n<meta name=\"author\" content=\"3e mill\u00e9naire\" \/>\n<meta name=\"twitter:card\" content=\"summary_large_image\" \/>\n<meta name=\"twitter:label1\" content=\"\u00c9crit par\" \/>\n\t<meta name=\"twitter:data1\" content=\"3e mill\u00e9naire\" \/>\n\t<meta name=\"twitter:label2\" content=\"Dur\u00e9e de lecture estim\u00e9e\" \/>\n\t<meta name=\"twitter:data2\" content=\"11 minutes\" \/>\n<script type=\"application\/ld+json\" class=\"yoast-schema-graph\">{\"@context\":\"https:\/\/schema.org\",\"@graph\":[{\"@type\":\"Article\",\"@id\":\"https:\/\/www.revue3emillenaire.com\/blog\/genese-d%e2%80%99un-outil-de-la-creation-par-elisabeth-meichelbeck\/#article\",\"isPartOf\":{\"@id\":\"https:\/\/www.revue3emillenaire.com\/blog\/genese-d%e2%80%99un-outil-de-la-creation-par-elisabeth-meichelbeck\/\"},\"author\":{\"name\":\"3e mill\u00e9naire\",\"@id\":\"https:\/\/www.revue3emillenaire.com\/blog\/#\/schema\/person\/9a3a7cc4ccaa707f402d4394327106d5\"},\"headline\":\"Gen\u00e8se d\u2019un outil de la cr\u00e9ation par Elisabeth Meichelbeck\",\"datePublished\":\"2011-07-17T20:03:17+00:00\",\"dateModified\":\"2011-09-17T16:07:23+00:00\",\"mainEntityOfPage\":{\"@id\":\"https:\/\/www.revue3emillenaire.com\/blog\/genese-d%e2%80%99un-outil-de-la-creation-par-elisabeth-meichelbeck\/\"},\"wordCount\":2145,\"image\":{\"@id\":\"https:\/\/www.revue3emillenaire.com\/blog\/genese-d%e2%80%99un-outil-de-la-creation-par-elisabeth-meichelbeck\/#primaryimage\"},\"thumbnailUrl\":\"http:\/\/www.revue3emillenaire.com\/blog\/wp-content\/uploads\/2011\/07\/MEICHEL1-150x150.jpg\",\"keywords\":[\"Cr\u00e9ativit\u00e9\"],\"articleSection\":[\"Meichelbeck Elisabeth\"],\"inLanguage\":\"fr-FR\"},{\"@type\":\"WebPage\",\"@id\":\"https:\/\/www.revue3emillenaire.com\/blog\/genese-d%e2%80%99un-outil-de-la-creation-par-elisabeth-meichelbeck\/\",\"url\":\"https:\/\/www.revue3emillenaire.com\/blog\/genese-d%e2%80%99un-outil-de-la-creation-par-elisabeth-meichelbeck\/\",\"name\":\"Gen\u00e8se d\u2019un outil de la cr\u00e9ation par Elisabeth Meichelbeck - 3e mill\u00e9naire - Spiritualit\u00e9 - Connaissance de soi - Non-dualit\u00e9 - M\u00e9ditation\",\"isPartOf\":{\"@id\":\"https:\/\/www.revue3emillenaire.com\/blog\/#website\"},\"primaryImageOfPage\":{\"@id\":\"https:\/\/www.revue3emillenaire.com\/blog\/genese-d%e2%80%99un-outil-de-la-creation-par-elisabeth-meichelbeck\/#primaryimage\"},\"image\":{\"@id\":\"https:\/\/www.revue3emillenaire.com\/blog\/genese-d%e2%80%99un-outil-de-la-creation-par-elisabeth-meichelbeck\/#primaryimage\"},\"thumbnailUrl\":\"http:\/\/www.revue3emillenaire.com\/blog\/wp-content\/uploads\/2011\/07\/MEICHEL1-150x150.jpg\",\"datePublished\":\"2011-07-17T20:03:17+00:00\",\"dateModified\":\"2011-09-17T16:07:23+00:00\",\"author\":{\"@id\":\"https:\/\/www.revue3emillenaire.com\/blog\/#\/schema\/person\/9a3a7cc4ccaa707f402d4394327106d5\"},\"breadcrumb\":{\"@id\":\"https:\/\/www.revue3emillenaire.com\/blog\/genese-d%e2%80%99un-outil-de-la-creation-par-elisabeth-meichelbeck\/#breadcrumb\"},\"inLanguage\":\"fr-FR\",\"potentialAction\":[{\"@type\":\"ReadAction\",\"target\":[\"https:\/\/www.revue3emillenaire.com\/blog\/genese-d%e2%80%99un-outil-de-la-creation-par-elisabeth-meichelbeck\/\"]}]},{\"@type\":\"ImageObject\",\"inLanguage\":\"fr-FR\",\"@id\":\"https:\/\/www.revue3emillenaire.com\/blog\/genese-d%e2%80%99un-outil-de-la-creation-par-elisabeth-meichelbeck\/#primaryimage\",\"url\":\"http:\/\/www.revue3emillenaire.com\/blog\/wp-content\/uploads\/2011\/07\/MEICHEL1-150x150.jpg\",\"contentUrl\":\"http:\/\/www.revue3emillenaire.com\/blog\/wp-content\/uploads\/2011\/07\/MEICHEL1-150x150.jpg\"},{\"@type\":\"BreadcrumbList\",\"@id\":\"https:\/\/www.revue3emillenaire.com\/blog\/genese-d%e2%80%99un-outil-de-la-creation-par-elisabeth-meichelbeck\/#breadcrumb\",\"itemListElement\":[{\"@type\":\"ListItem\",\"position\":1,\"name\":\"Accueil\",\"item\":\"https:\/\/www.revue3emillenaire.com\/blog\/\"},{\"@type\":\"ListItem\",\"position\":2,\"name\":\"Gen\u00e8se d\u2019un outil de la cr\u00e9ation par Elisabeth Meichelbeck\"}]},{\"@type\":\"WebSite\",\"@id\":\"https:\/\/www.revue3emillenaire.com\/blog\/#website\",\"url\":\"https:\/\/www.revue3emillenaire.com\/blog\/\",\"name\":\"3e mill\u00e9naire - Spiritualit\u00e9 - Connaissance de soi - Non-dualit\u00e9 - M\u00e9ditation\",\"description\":\"L&#039;Homme en devenir\",\"potentialAction\":[{\"@type\":\"SearchAction\",\"target\":{\"@type\":\"EntryPoint\",\"urlTemplate\":\"https:\/\/www.revue3emillenaire.com\/blog\/?s={search_term_string}\"},\"query-input\":{\"@type\":\"PropertyValueSpecification\",\"valueRequired\":true,\"valueName\":\"search_term_string\"}}],\"inLanguage\":\"fr-FR\"},{\"@type\":\"Person\",\"@id\":\"https:\/\/www.revue3emillenaire.com\/blog\/#\/schema\/person\/9a3a7cc4ccaa707f402d4394327106d5\",\"name\":\"3e mill\u00e9naire\",\"url\":\"https:\/\/www.revue3emillenaire.com\/blog\/author\/admin\/\"}]}<\/script>\n<!-- \/ Yoast SEO plugin. -->","yoast_head_json":{"title":"Gen\u00e8se d\u2019un outil de la cr\u00e9ation par Elisabeth Meichelbeck - 3e mill\u00e9naire - Spiritualit\u00e9 - Connaissance de soi - Non-dualit\u00e9 - M\u00e9ditation","robots":{"index":"index","follow":"follow","max-snippet":"max-snippet:-1","max-image-preview":"max-image-preview:large","max-video-preview":"max-video-preview:-1"},"canonical":"https:\/\/www.revue3emillenaire.com\/blog\/genese-d\u2019un-outil-de-la-creation-par-elisabeth-meichelbeck\/","og_locale":"fr_FR","og_type":"article","og_title":"Gen\u00e8se d\u2019un outil de la cr\u00e9ation par Elisabeth Meichelbeck - 3e mill\u00e9naire - Spiritualit\u00e9 - Connaissance de soi - Non-dualit\u00e9 - M\u00e9ditation","og_description":"Les hommes sont habit\u00e9s par l'\u00e9nergie cr\u00e9atrice. Ceux qui tentent de conserver cette \u00e9nergie l'\u00e9touffent et s'\u00e9touffent. Ceux qui la d\u00e9pensent en s'\u00e9clatant l'\u00e9puisent et s'\u00e9puisent. Ceux qui, au contraire, l'investissent de mani\u00e8re coh\u00e9rente, selon sa nature qui est de cr\u00e9er, la d\u00e9veloppent et se d\u00e9veloppent. Seuls ces derniers accomplissent la finalit\u00e9 de la vie humaine : le d\u00e9veloppement de la Conscience de la Conscience. Pour canaliser l'\u00e9nergie cr\u00e9atrice, il est n\u00e9cessaire d'utiliser une m\u00e9thode permettant la mise en interaction de ses diff\u00e9rentes manifestations.","og_url":"https:\/\/www.revue3emillenaire.com\/blog\/genese-d\u2019un-outil-de-la-creation-par-elisabeth-meichelbeck\/","og_site_name":"3e mill\u00e9naire - Spiritualit\u00e9 - Connaissance de soi - Non-dualit\u00e9 - M\u00e9ditation","article_published_time":"2011-07-17T20:03:17+00:00","article_modified_time":"2011-09-17T16:07:23+00:00","og_image":[{"url":"http:\/\/www.revue3emillenaire.com\/blog\/wp-content\/uploads\/2011\/07\/MEICHEL1-150x150.jpg","type":"","width":"","height":""}],"author":"3e mill\u00e9naire","twitter_card":"summary_large_image","twitter_misc":{"\u00c9crit par":"3e mill\u00e9naire","Dur\u00e9e de lecture estim\u00e9e":"11 minutes"},"schema":{"@context":"https:\/\/schema.org","@graph":[{"@type":"Article","@id":"https:\/\/www.revue3emillenaire.com\/blog\/genese-d%e2%80%99un-outil-de-la-creation-par-elisabeth-meichelbeck\/#article","isPartOf":{"@id":"https:\/\/www.revue3emillenaire.com\/blog\/genese-d%e2%80%99un-outil-de-la-creation-par-elisabeth-meichelbeck\/"},"author":{"name":"3e mill\u00e9naire","@id":"https:\/\/www.revue3emillenaire.com\/blog\/#\/schema\/person\/9a3a7cc4ccaa707f402d4394327106d5"},"headline":"Gen\u00e8se d\u2019un outil de la cr\u00e9ation par Elisabeth Meichelbeck","datePublished":"2011-07-17T20:03:17+00:00","dateModified":"2011-09-17T16:07:23+00:00","mainEntityOfPage":{"@id":"https:\/\/www.revue3emillenaire.com\/blog\/genese-d%e2%80%99un-outil-de-la-creation-par-elisabeth-meichelbeck\/"},"wordCount":2145,"image":{"@id":"https:\/\/www.revue3emillenaire.com\/blog\/genese-d%e2%80%99un-outil-de-la-creation-par-elisabeth-meichelbeck\/#primaryimage"},"thumbnailUrl":"http:\/\/www.revue3emillenaire.com\/blog\/wp-content\/uploads\/2011\/07\/MEICHEL1-150x150.jpg","keywords":["Cr\u00e9ativit\u00e9"],"articleSection":["Meichelbeck Elisabeth"],"inLanguage":"fr-FR"},{"@type":"WebPage","@id":"https:\/\/www.revue3emillenaire.com\/blog\/genese-d%e2%80%99un-outil-de-la-creation-par-elisabeth-meichelbeck\/","url":"https:\/\/www.revue3emillenaire.com\/blog\/genese-d%e2%80%99un-outil-de-la-creation-par-elisabeth-meichelbeck\/","name":"Gen\u00e8se d\u2019un outil de la cr\u00e9ation par Elisabeth Meichelbeck - 3e mill\u00e9naire - Spiritualit\u00e9 - Connaissance de soi - Non-dualit\u00e9 - M\u00e9ditation","isPartOf":{"@id":"https:\/\/www.revue3emillenaire.com\/blog\/#website"},"primaryImageOfPage":{"@id":"https:\/\/www.revue3emillenaire.com\/blog\/genese-d%e2%80%99un-outil-de-la-creation-par-elisabeth-meichelbeck\/#primaryimage"},"image":{"@id":"https:\/\/www.revue3emillenaire.com\/blog\/genese-d%e2%80%99un-outil-de-la-creation-par-elisabeth-meichelbeck\/#primaryimage"},"thumbnailUrl":"http:\/\/www.revue3emillenaire.com\/blog\/wp-content\/uploads\/2011\/07\/MEICHEL1-150x150.jpg","datePublished":"2011-07-17T20:03:17+00:00","dateModified":"2011-09-17T16:07:23+00:00","author":{"@id":"https:\/\/www.revue3emillenaire.com\/blog\/#\/schema\/person\/9a3a7cc4ccaa707f402d4394327106d5"},"breadcrumb":{"@id":"https:\/\/www.revue3emillenaire.com\/blog\/genese-d%e2%80%99un-outil-de-la-creation-par-elisabeth-meichelbeck\/#breadcrumb"},"inLanguage":"fr-FR","potentialAction":[{"@type":"ReadAction","target":["https:\/\/www.revue3emillenaire.com\/blog\/genese-d%e2%80%99un-outil-de-la-creation-par-elisabeth-meichelbeck\/"]}]},{"@type":"ImageObject","inLanguage":"fr-FR","@id":"https:\/\/www.revue3emillenaire.com\/blog\/genese-d%e2%80%99un-outil-de-la-creation-par-elisabeth-meichelbeck\/#primaryimage","url":"http:\/\/www.revue3emillenaire.com\/blog\/wp-content\/uploads\/2011\/07\/MEICHEL1-150x150.jpg","contentUrl":"http:\/\/www.revue3emillenaire.com\/blog\/wp-content\/uploads\/2011\/07\/MEICHEL1-150x150.jpg"},{"@type":"BreadcrumbList","@id":"https:\/\/www.revue3emillenaire.com\/blog\/genese-d%e2%80%99un-outil-de-la-creation-par-elisabeth-meichelbeck\/#breadcrumb","itemListElement":[{"@type":"ListItem","position":1,"name":"Accueil","item":"https:\/\/www.revue3emillenaire.com\/blog\/"},{"@type":"ListItem","position":2,"name":"Gen\u00e8se d\u2019un outil de la cr\u00e9ation par Elisabeth Meichelbeck"}]},{"@type":"WebSite","@id":"https:\/\/www.revue3emillenaire.com\/blog\/#website","url":"https:\/\/www.revue3emillenaire.com\/blog\/","name":"3e mill\u00e9naire - Spiritualit\u00e9 - Connaissance de soi - Non-dualit\u00e9 - M\u00e9ditation","description":"L&#039;Homme en devenir","potentialAction":[{"@type":"SearchAction","target":{"@type":"EntryPoint","urlTemplate":"https:\/\/www.revue3emillenaire.com\/blog\/?s={search_term_string}"},"query-input":{"@type":"PropertyValueSpecification","valueRequired":true,"valueName":"search_term_string"}}],"inLanguage":"fr-FR"},{"@type":"Person","@id":"https:\/\/www.revue3emillenaire.com\/blog\/#\/schema\/person\/9a3a7cc4ccaa707f402d4394327106d5","name":"3e mill\u00e9naire","url":"https:\/\/www.revue3emillenaire.com\/blog\/author\/admin\/"}]}},"_links":{"self":[{"href":"https:\/\/www.revue3emillenaire.com\/blog\/wp-json\/wp\/v2\/posts\/7637","targetHints":{"allow":["GET"]}}],"collection":[{"href":"https:\/\/www.revue3emillenaire.com\/blog\/wp-json\/wp\/v2\/posts"}],"about":[{"href":"https:\/\/www.revue3emillenaire.com\/blog\/wp-json\/wp\/v2\/types\/post"}],"author":[{"embeddable":true,"href":"https:\/\/www.revue3emillenaire.com\/blog\/wp-json\/wp\/v2\/users\/1"}],"replies":[{"embeddable":true,"href":"https:\/\/www.revue3emillenaire.com\/blog\/wp-json\/wp\/v2\/comments?post=7637"}],"version-history":[{"count":0,"href":"https:\/\/www.revue3emillenaire.com\/blog\/wp-json\/wp\/v2\/posts\/7637\/revisions"}],"wp:attachment":[{"href":"https:\/\/www.revue3emillenaire.com\/blog\/wp-json\/wp\/v2\/media?parent=7637"}],"wp:term":[{"taxonomy":"category","embeddable":true,"href":"https:\/\/www.revue3emillenaire.com\/blog\/wp-json\/wp\/v2\/categories?post=7637"},{"taxonomy":"post_tag","embeddable":true,"href":"https:\/\/www.revue3emillenaire.com\/blog\/wp-json\/wp\/v2\/tags?post=7637"}],"curies":[{"name":"wp","href":"https:\/\/api.w.org\/{rel}","templated":true}]}}