{"id":7652,"date":"2011-07-19T00:43:18","date_gmt":"2011-07-18T23:43:18","guid":{"rendered":"http:\/\/www.revue3emillenaire.com\/blog\/?p=7652"},"modified":"2011-09-17T16:19:25","modified_gmt":"2011-09-17T15:19:25","slug":"je-crois-aux-soucoupes-volantes-par-jean-guitton","status":"publish","type":"post","link":"https:\/\/www.revue3emillenaire.com\/blog\/je-crois-aux-soucoupes-volantes-par-jean-guitton\/","title":{"rendered":"Je crois aux soucoupes volantes par Jean Guitton"},"content":{"rendered":"<p style=\"text-align: justify;\">(Revue Question De. N<sup>o<\/sup> 28. Janvier-F\u00e9vrier 1979)<\/p>\n<p style=\"text-align: justify;\">\n<p style=\"text-align: justify;\"><strong><a href=\"http:\/\/fr.wikipedia.org\/wiki\/Jean_Guitton\" target=\"_blank\">Jean Guitton<\/a> (1901-1999) avoue avoir toujours \u00e9t\u00e9 int\u00e9ress\u00e9 par l&rsquo;\u00e9tude des ph\u00e9nom\u00e8nes marginaux. Le philosophe chr\u00e9tien qu&rsquo;il est ne pouvait manquer de se pencher sur les ph\u00e9nom\u00e8nes parapsychiques : la vie et l&rsquo;histoire des mystiques abondent en exemples d&rsquo;interactions de l&rsquo;esprit sur le corps (qu&rsquo;on relise \u00e0 ce propos l&rsquo;ouvrage d&rsquo;Aim\u00e9 Michel \u00ab <em>les Pouvoirs du mysticisme<\/em> \u00bb, paru aux \u00e9ditions Retz, r\u00e9\u00e9dition Albin Michel). L&rsquo;\u00e9pouse de M. Guitton avait d&rsquo;ailleurs elle-m\u00eame des dons de clairvoyance.<\/strong><\/p>\n<p style=\"text-align: justify;\"><strong>Mais c&rsquo;est sur un autre sujet irrationnel que se penche ici Jean Guitton : les soucoupes volantes et ce, \u00e0 la suite de la lecture du livre de Bertrand M\u00e9heust \u00ab <em>Science-fiction et soucoupes volantes<\/em> \u00bb paru au Mercure de France.<\/strong><\/p>\n<p style=\"text-align: justify;\"><strong>Jean Guitton explique ici sa d\u00e9marche intellectuelle, comment il a \u00e9t\u00e9 amen\u00e9 \u00e0 admettre l&rsquo;hypoth\u00e8se de l&rsquo;existence des ovnis et dans quelle mesure la foi chr\u00e9tienne peut \u00eatre interrog\u00e9e par cette question.<\/strong><\/p>\n<p style=\"text-align: justify;\">\n<p style=\"text-align: justify;\">Il y a plus de vingt ans, dans <em>les Dialogues avec Monsieur Pouget<\/em> <a id=\"ftnref1\" href=\"#ftn1\">[1]<\/a>, j&rsquo;avais pos\u00e9 la question de la pluralit\u00e9 des mondes. Mais \u00e0 cette \u00e9poque les ph\u00e9nom\u00e8nes de soucoupes volantes \u00e9taient consid\u00e9r\u00e9s comme aberrants et ridicules. A l&rsquo;heure actuelle, on dispose d&rsquo;environ 800000 observations sur les soucoupes, qu&rsquo;elles soient irr\u00e9elles ou fond\u00e9es, et l&rsquo;opinion des gens instruits a chang\u00e9. Ce n&rsquo;est pas encore, et ce ne sera peut-\u00eatre jamais, une attention vraiment s\u00e9rieuse et scientifique, car, comme nous le verrons, le ph\u00e9nom\u00e8ne ne peut pas entrer dans les normes de ce que, depuis plus de vingt si\u00e8cles, nous appelons raison et science. Mais c&rsquo;est, pourrait-on dire, un silence respectueux. Nous entrons dans la phase qu&rsquo;un physicien am\u00e9ricain a appel\u00e9e \u00ab begrudging acceptance \u00bb : celle de l&rsquo;acceptation forc\u00e9e. Plusieurs des d\u00e9tracteurs des soucoupes volantes se sont convertis \u00e0 ce qu&rsquo;on appelle l&rsquo;ufologie. Et ce ph\u00e9nom\u00e8ne de l&rsquo;acceptation \u00e0 contrec\u0153ur des ph\u00e9nom\u00e8nes de soucoupes volantes doit \u00eatre pris en consid\u00e9ration comme un fait. Comme tout le monde, je suis pass\u00e9 par deux stades : celui d&rsquo;une incr\u00e9dulit\u00e9 radicale, puis celui de la surprise et de la r\u00e9flexion. Car, disciple de Bergson \u2014 qui m&rsquo;avait toujours \u00e9largi l&rsquo;esprit, qui m&rsquo;avait m\u00eame plusieurs fois parl\u00e9 de sa consid\u00e9ration pour les ph\u00e9nom\u00e8nes psychiques, qui m&rsquo;avait rappel\u00e9 l&rsquo;adage qu&rsquo;il est impossible de prouver l&rsquo;impossibilit\u00e9 d&rsquo;un fait \u2014 je n&rsquo;avais pas oppos\u00e9 \u00e0 ces ph\u00e9nom\u00e8nes (vrais ou faux) une fin de non-recevoir, pensant que cette attitude \u00e9tait typiquement antirationnelle et condamnable du point de vue de la science elle-m\u00eame.<\/p>\n<p style=\"text-align: justify;\">\n<p style=\"text-align: justify;\">J&rsquo;ai li\u00e9 amiti\u00e9 avec un des hommes qui, depuis trente ans, \u00e9tudie avec une ardente prudence et une information universelle les \u00ab <em>myst\u00e9rieux objets c\u00e9lestes<\/em> \u00bb <a id=\"ftnref2\" href=\"#ftn2\">[2]<\/a>, Aim\u00e9 Michel, qui est un des esprits les plus ind\u00e9pendants et les plus nobles que je connaisse ; et il m&rsquo;a toujours tenu au courant du cheminement de son esprit au sujet des soucoupes.<\/p>\n<p style=\"text-align: justify;\">\n<p style=\"text-align: justify;\">Je viens en outre de lire le dernier livre paru sur les soucoupes, celui de Bertrand M\u00e9heust (<em>Science-fiction et soucoupes volantes<\/em> Paris, Mercure de France, 1978) : il apporte une contribution surprenante \u00e0 l&rsquo;examen de la question des soucoupes volantes.<\/p>\n<p style=\"text-align: justify;\">Mais, avant d&rsquo;examiner la pens\u00e9e de Bertrand M\u00e9heust, je veux, selon mon habitude, faire un tableau sch\u00e9matique et logique des diff\u00e9rentes hypoth\u00e8ses entre lesquelles notre esprit doit choisir.<\/p>\n<p style=\"text-align: justify;\">\n<p style=\"text-align: justify;\"><strong>Ou bien le ph\u00e9nom\u00e8ne \u00ab soucoupes \u00bb est hallucinatoire&#8230;<\/strong><\/p>\n<p style=\"text-align: justify;\">\n<p style=\"text-align: justify;\">Si le ph\u00e9nom\u00e8ne est hallucinatoire, mythique, l\u00e9gendaire, il faut d\u00e8s lors le replacer dans la collection des aberrations dont a toujours \u00e9t\u00e9 victime la craintive humanit\u00e9. Et il faut adopter le point de vue de Lucr\u00e8ce et dire : \u00ab C&rsquo;est la crainte qui produira ces r\u00eaves. \u00bb Il suffira d&rsquo;expliquer par des causes le m\u00e9canisme de la crainte et de ses projections. Telle est la premi\u00e8re hypoth\u00e8se, qui est non seulement la plus normale, mais aussi la premi\u00e8re par laquelle tout homme r\u00e9fl\u00e9chi doit commencer l&rsquo;examen. Devant l&rsquo;irrationnel, c&rsquo;est un devoir de nier d&rsquo;abord.<\/p>\n<p style=\"text-align: justify;\"><strong> <\/strong><\/p>\n<p style=\"text-align: justify;\"><strong>&#8230; ou bien c&rsquo;est la science qui doit reconna\u00eetre ses limites<\/strong><\/p>\n<p style=\"text-align: justify;\">\n<p style=\"text-align: justify;\">Mais la n\u00e9gation ne doit pas \u00eatre syst\u00e9matique et radicale, puisque la science progresse par la r\u00e9cup\u00e9ration de faits au premier abord inassimilables. Et l&rsquo;examen des ph\u00e9nom\u00e8nes appel\u00e9s soucoupes volantes a toujours eu pour caract\u00e8re de d\u00e9finir des \u00ab r\u00e9sidus \u00bb, c&rsquo;est-\u00e0-dire des ph\u00e9nom\u00e8nes non explicables, des \u00ab objets non identifi\u00e9s \u00bb. Et, d\u00e8s lors, l&rsquo;intelligence se trouve en face de ces exceptions. Elle a deux voies possibles. Ou bien elle postule que ces cas aujourd&rsquo;hui inexplicables seront un jour expliqu\u00e9s par une science plus avanc\u00e9e ; c&rsquo;est l&rsquo;attitude qu&rsquo;ont les positivistes devant les ph\u00e9nom\u00e8nes jug\u00e9s par les croyants \u00ab miraculeux\u00a0\u00bb. Ou bien ces ph\u00e9nom\u00e8nes ne seront jamais expliqu\u00e9s par la science, mais alors le probl\u00e8me est dramatique. C&rsquo;est la science qui doit reconna\u00eetre ses limites et qui doit soit se renier, soit oser et se transformer. Tel est l&rsquo;objet du d\u00e9bat actuel concernant les soucoupes volantes.<\/p>\n<p style=\"text-align: justify;\">\n<p style=\"text-align: justify;\">J&rsquo;ajoute que le probl\u00e8me de la transmutation et de la transformation de la science, de la th\u00e9ologie et de la philosophie par ce ph\u00e9nom\u00e8ne minuscule mais aberrant me para\u00eet devoir \u00eatre dans une trentaine d&rsquo;ann\u00e9es un probl\u00e8me fondamental, et qui descendra de la sph\u00e8re des doctes dans celle du grand public. C&rsquo;est pourquoi toute r\u00e9flexion, m\u00eame tr\u00e8s imparfaite, sur les soucoupes volantes a, selon moi, une port\u00e9e proph\u00e9tique, et, comme le disent les futurologues, cette r\u00e9flexion nous place dans le sillage de ce qui n&rsquo;est pas encore.<\/p>\n<p style=\"text-align: justify;\">\n<p style=\"text-align: justify;\"><strong>Science-fiction et soucoupes volantes d&rsquo;\u00e9tranges co\u00efncidences\u2026 <\/strong><\/p>\n<p style=\"text-align: justify;\">\n<p style=\"text-align: justify;\">Pour en revenir au livre de Bertrand M\u00e9heust, je dirai qu&rsquo;il apporte \u00e0 l&rsquo;ufologie une donn\u00e9e incontestable et surprenante. L&rsquo;auteur a dispos\u00e9 d&rsquo;une documentation consid\u00e9rable sur les r\u00e9cits de science-fiction de 1885 \u00e0 nos jours, gr\u00e2ce \u00e0 la rencontre qu&rsquo;il fit avec un amateur de l&rsquo;utopie, Pierre Versins ; et il put comparer les r\u00e9cits de science-fiction publi\u00e9s pendant cinquante ans avec les r\u00e9cits d&rsquo;apparitions de soucoupes volantes. Il arriva \u00e0 la conclusion suivante : que l&rsquo;\u00e9tranget\u00e9 des S.V. reproduit l&rsquo;\u00e9tranget\u00e9 de la S.F. ; que les motifs des sc\u00e8nes rapport\u00e9es par les t\u00e9moins des S.V. sont des motifs invent\u00e9s trente ans auparavant par les \u00e9crivains du merveilleux scientifique. Par exemple : engins fant\u00f4mes, bourdonnements, pinceaux de lumi\u00e8re, paralysie, calage des moteurs, apparitions de petits hommes, enl\u00e8vements. Il est donc impossible d&rsquo;attribuer au hasard ces co\u00efncidences. Je n&rsquo;insiste pas sur ce point. Le livre de B. M\u00e9heust apporte \u00e0 mon sens une d\u00e9monstration indiscutable.<\/p>\n<p style=\"text-align: justify;\">\n<p style=\"text-align: justify;\"><strong>Les extraterrestres, eux, s&rsquo;amusent bien !<\/strong><\/p>\n<p style=\"text-align: justify;\">\n<p style=\"text-align: justify;\">Mais c&rsquo;est alors que la difficult\u00e9 se pr\u00e9sente et qu&rsquo;elle devient consid\u00e9rable. Plusieurs ufologues sont tent\u00e9s d&rsquo;expliquer le ph\u00e9nom\u00e8ne des S.V. par des consid\u00e9rations de type astronomique et physique : ils supposent que dans des plan\u00e8tes habit\u00e9es par l&rsquo;esprit des techniciens pensants ont invent\u00e9 des machines capables de se d\u00e9placer \u00e0 une vitesse sup\u00e9rieure \u00e0 la vitesse de la lumi\u00e8re, d&rsquo;utiliser la gravitation ou la relativit\u00e9 d&rsquo;une mani\u00e8re telle qu&rsquo;ils puissent envoyer sur notre plan\u00e8te des machines pensantes ayant des propri\u00e9t\u00e9s psychiques. Car il faut ici rappeler que les S.V. n&rsquo;utilisent pas seulement une technique physique transcendante \u00e0 la n\u00f4tre, mais qu&rsquo;ils ont encore un caract\u00e8re \u00e9trange et psychique : tout se passe non seulement comme si les animateurs de ces machines pouvaient appara\u00eetre et dispara\u00eetre \u00e0 volont\u00e9, avoir des effets sur notre corps, laisser des traces au sol, mais encore, comme s&rsquo;ils esquivaient toutes les tentatives pour les capter, comme s&rsquo;ils connaissaient nos r\u00e9actions psychiques, comme s&rsquo;ils d\u00e9jouaient sans cesse nos efforts pour les conna\u00eetre. C&rsquo;est ce c\u00f4t\u00e9 ludique des S.V. qui est \u00e0 l&rsquo;heure actuelle le plus d\u00e9concertant pour nous. Et c&rsquo;est pourquoi beaucoup d&rsquo;ufologues de type scientifique sont port\u00e9s \u00e0 penser que les soucoupes sont des engins anim\u00e9s par des vivants pensants venus d&rsquo;un point immens\u00e9ment \u00e9loign\u00e9 du cosmos.<\/p>\n<p style=\"text-align: justify;\">\n<p style=\"text-align: justify;\">Cette hypoth\u00e8se para\u00eet absolument invraisemblable, car elle suppose une science dont nous ne pouvons avoir aucune id\u00e9e, et qui de ce point de vue parait mythique, fictive ; mais cette hypoth\u00e8se physique a l&rsquo;avantage de pouvoir expliquer momentan\u00e9ment les visites que semblent faire les S.V. sur notre Terre, et en particulier l&rsquo;apparition des humano\u00efdes, affirm\u00e9e par des t\u00e9moins dignes de foi.<\/p>\n<p style=\"text-align: justify;\">\n<p style=\"text-align: justify;\"><strong>Une hallucination peut-elle produire des effets physiques ?<\/strong><\/p>\n<p style=\"text-align: justify;\">\n<p style=\"text-align: justify;\">Mais l&rsquo;explication nouvelle propos\u00e9e par Bertrand M\u00e9heust a pour principal avantage de rel\u00e9guer dans la pure fiction les explications de type physique, de nous faire renoncer \u00e0 toute hypoth\u00e8se de visites terrestres d&rsquo;extra-terrestres, puisqu&rsquo;elle explique les ph\u00e9nom\u00e8nes de S.V. par la reproduction hallucinatoire des r\u00e9cits de science-fiction.<\/p>\n<p style=\"text-align: justify;\">\n<p style=\"text-align: justify;\">Tout serait tr\u00e8s bien si, pour avoir \u00e9cart\u00e9 un obstacle consid\u00e9rable, nous ne nous trouvions pas devant une difficult\u00e9 plus grande encore. Comment se fait-il qu&rsquo;un songe, un r\u00eave, une hallucination, la projection d&rsquo;un r\u00e9cit poss\u00e9d\u00e9 par la m\u00e9moire ou par l&rsquo;inconscient individuel ou collectif puisse caler un moteur, \u00e9ventrer un sol, enlever des cobayes, r\u00e9percuter l&rsquo;\u00e9cho radar, \u00eatre photographi\u00e9e, laisser des traces sur le terrain, courber les bl\u00e9s, c&rsquo;est-\u00e0-dire produire des effets physiques inscrits d&rsquo;une mani\u00e8re concr\u00e8te dans notre espace et dans notre temps ?<\/p>\n<p style=\"text-align: justify;\">\n<p style=\"text-align: justify;\">C&rsquo;est ici que le psychologue et le philosophe sont interpell\u00e9s, car de deux choses l&rsquo;une : ou bien ces observations sont fausses, et nous sommes en pr\u00e9sence de faux t\u00e9moins qui ont truqu\u00e9 l&rsquo;exp\u00e9rience, ou bien ces observations sont vraies, et alors il faut repenser la mani\u00e8re dont, pendant des si\u00e8cles, nous avons \u00e9tudi\u00e9 et expliqu\u00e9 des ph\u00e9nom\u00e8nes aussi communs que le rapport de l&rsquo;\u00e2me et du corps, et surtout la relation du monde int\u00e9rieur et du monde ext\u00e9rieur. Jusqu&rsquo;ici, ces deux mondes \u00e9taient radicalement s\u00e9par\u00e9s. Un enfant sait qu&rsquo;un r\u00eave n&rsquo;a pas d&rsquo;action sur la r\u00e9alit\u00e9, et quand je me r\u00e9veille d&rsquo;un cauchemar je sais bien s\u00fbr que mon cauchemar n&rsquo;a pas fait d\u00e9railler les trains. Mais si le r\u00eave peut dans certains cas caler un moteur, tracer un triangle sur le sol, briser une cha\u00eene ou courber des bl\u00e9s, alors, c&rsquo;est le probl\u00e8me de la perception qui est pos\u00e9 de nouveau. Et lorsqu&rsquo;on se laisse aller \u00e0 d\u00e9rouler les cons\u00e9quences possibles d&rsquo;une action de l&rsquo;intime sur l&rsquo;externe, on entre en \u00e9moi pour le meilleur ou pour le pire. D&rsquo;autre part, comme nous le verrons tout \u00e0 l&rsquo;heure, du point de vue de la religion chr\u00e9tienne, les probl\u00e8mes pos\u00e9s par les miracles, et en particulier par les th\u00e9ophanies, ang\u00e9lophanies, christophanies, mariophanies et tout ce qui rel\u00e8ve de l&rsquo;\u00ab apparition \u00bb doivent \u00eatre repos\u00e9s et repens\u00e9s \u00e0 nouveau. Telles sont d&rsquo;ailleurs les raisons de l&rsquo;int\u00e9r\u00eat que je porte \u00e0 l&rsquo;\u00e9tude des ph\u00e9nom\u00e8nes irrationnels.<\/p>\n<p style=\"text-align: justify;\">\n<p style=\"text-align: justify;\"><strong>L&rsquo;hypoth\u00e8se de Jung : un mythe collectif<\/strong><\/p>\n<p style=\"text-align: justify;\">\n<p style=\"text-align: justify;\">J&rsquo;examine maintenant les explications possibles. La plus int\u00e9ressante me para\u00eet \u00eatre celle qu&rsquo;a donn\u00e9e le grand psychanalyste Jung qui se s\u00e9para de Freud peut-\u00eatre \u00e0 cause de l&rsquo;int\u00e9r\u00eat qu&rsquo;il portait au ph\u00e9nom\u00e8ne des soucoupes.<\/p>\n<p style=\"text-align: justify;\">\n<p style=\"text-align: justify;\">La querelle sur les paraph\u00e9nom\u00e8nes fut \u00e0 l&rsquo;origine de la scission entre Freud et Jung. Jung voyait dans la soucoupe un produit de la psych\u00e9 inconsciente, de la structure mentale collective. On sait que, pour Jung, l&rsquo;inconscient est inconnaissable en lui-m\u00eame et n&rsquo;est per\u00e7u qu&rsquo;\u00e0 travers un discours symbolique, celui des r\u00eaves ou celui des mythes. Autant de symboles qui traduisent \u00e0 l&rsquo;esprit individuel ce que pense subconsciemment l&rsquo;esprit collectif, qui font passer dans la personne le r\u00eave de l&rsquo;esp\u00e8ce. Or, depuis les origines, l&rsquo;homme a r\u00eav\u00e9 de monter au ciel ou de voir le ciel descendre \u00e0 lui, de s&rsquo;\u00e9vader ou de recevoir des visiteurs, d&rsquo;avoir contact avec l&rsquo;inconnaissable.<\/p>\n<p style=\"text-align: justify;\">\n<p style=\"text-align: justify;\">De sorte qu&rsquo;il ne faut point s&rsquo;\u00e9tonner que l&rsquo;inconscient, parfois, fasse une br\u00e8che dans le conscient, et qu&rsquo;on voie \u00e9merger une psych\u00e9 superindividuelle. Tel est le cas de la soucoupe. Elle n&rsquo;est autre chose qu&rsquo;une m\u00e9tamorphose d&rsquo;un symbole. A quoi il faut ajouter (ce que Jung \u00e0 son \u00e9poque ne pouvait pas constater ni expliquer) que les r\u00eaves de la psych\u00e9 ont une valeur efficace, que le mythique, dans certains cas particuliers propres sans doute \u00e0 notre \u00e9poque de type eschatologique, peut agir sur le physique. Enfin, la S.V. a des effets concrets, parce que tout se passe comme si elle n&rsquo;\u00e9tait que la traduction dans l&rsquo;ordre de la mati\u00e8re d&rsquo;un sch\u00e9ma propre \u00e0 l&rsquo;ordre mythique, en quoi le ph\u00e9nom\u00e8ne rejoint d&rsquo;une mani\u00e8re plus \u00e9labor\u00e9e l&rsquo;effet que les physiciens appellent de nos jours l&rsquo;effet psi, et sur lequel un physicien comme Costa de Beauregard a \u00e9crit de si profondes analyses.<\/p>\n<p style=\"text-align: justify;\">\n<p style=\"text-align: justify;\">C&rsquo;est bien ce point, l&rsquo;action du psychique sur le physique, qui est le plus difficile \u00e0 expliquer et \u00e0 comprendre. Ici, plusieurs hypoth\u00e8ses sont possibles. J&rsquo;ai parl\u00e9 de celle de Jung, qui me para\u00eet la plus philosophique, mais on peut aussi penser \u00e0 des hypoth\u00e8ses de type physico-chimique, comme l&rsquo;id\u00e9e qu&rsquo;il existe dans l&rsquo;univers une sorte de mati\u00e8re pensante, c&rsquo;est-\u00e0-dire des \u00eatres qui sont interm\u00e9diaires entre les \u00eatres mat\u00e9riels et biologiques d&rsquo;une part, et les \u00eatres psychiques et spirituels d&rsquo;autre part ; les soucoupes volantes r\u00e9sulteraient alors du contact de ces \u00eatres psycho-physiques ou mythico-mat\u00e9riels avec notre univers intellectuel et moral.<\/p>\n<p style=\"text-align: justify;\">\n<p style=\"text-align: justify;\"><strong>Les anges et les humano\u00efdes<\/strong><\/p>\n<p style=\"text-align: justify;\">\n<p style=\"text-align: justify;\">C&rsquo;est ici qu&rsquo;il convient de souligner le comportement des humano\u00efdes quand ils se pr\u00e9sentent. Chose curieuse, on ne les voit jamais se livrer \u00e0 des besoins naturels. Il ne reste d&rsquo;eux qu&rsquo;une image. Ils sont comme des marionnettes en repr\u00e9sentation et en vitrine. Ils sont invuln\u00e9rables. En cas de bagarre, ils d\u00e9chargent une \u00e9nergie extr\u00eame et surtout invariablement ils glissent entre les doigts. Tout se passe comme s&rsquo;ils voulaient en m\u00eame temps appara\u00eetre ; et je dirai tout \u00e0 l&rsquo;heure combien le comportement de ces \u00eatres fictifs ou r\u00e9els que nous appelons humano\u00efdes est mythiquement semblable au comportement que la foi chr\u00e9tienne et juive attribue aux anges. Ce sont en somme des sous-anges : l&rsquo;expression me servira bient\u00f4t.<\/p>\n<p style=\"text-align: justify;\">\n<p style=\"text-align: justify;\">R\u00e9p\u00e9tons que nous sommes en pr\u00e9sence d&rsquo;une sorte d&rsquo;hallucination concr\u00e8te qui pr\u00e9sente une structure propre unifi\u00e9e \u00e0 notre niveau plan\u00e9taire. C&rsquo;est un r\u00eave obsessionnel et r\u00e9p\u00e9titif qui visite l&rsquo;humanit\u00e9 depuis trente ans officiellement, et qui est radicalement diff\u00e9rent de tout ce que la pathologie et la psychologie nous permettent de concevoir. C&rsquo;est un ph\u00e9nom\u00e8ne qui est irr\u00e9ductible aux ph\u00e9nom\u00e8nes qui nous sont connus. Il les d\u00e9tourne ; il les r\u00e9utilise. Il syst\u00e9matise et amplifie certaines facult\u00e9s de l&rsquo;esprit que nous appelons paranormales. C&rsquo;est donc un ph\u00e9nom\u00e8ne paranormal au plus haut degr\u00e9, qui concentre sous une forme mythique un faisceau de ph\u00e9nom\u00e8nes qui sont jusqu&rsquo;ici \u00e9tudi\u00e9s s\u00e9par\u00e9ment dans les laboratoires.<\/p>\n<p style=\"text-align: justify;\">\n<p style=\"text-align: justify;\">Je vais cesser de consid\u00e9rer ces questions d&rsquo;un point de vue en quelque sorte philosophique et scientifique pour changer d&rsquo;axe et les aborder d&rsquo;un point de vue religieux.<\/p>\n<p style=\"text-align: justify;\">J&rsquo;avais jadis, dans <em>Dialogues avec Monsieur Pouget<\/em>, paru en 1954, pos\u00e9 le probl\u00e8me du point de vue de la foi catholique. Qu&rsquo;il me soit permis de reprendre l&rsquo;argumentation qui \u00e9tait alors la mienne. Je posais la question de la pluralit\u00e9 des mondes, et j&rsquo;\u00e9crivais : \u00ab Qui nous dit qu&rsquo;avant ce cosmos-ci, dont la mise en route ne remonte peut-\u00eatre pas \u00e0 plus de quelques milliers de si\u00e8cles-lumi\u00e8re, il n&rsquo;y en a pas eu une infinit\u00e9 d&rsquo;autres, par cons\u00e9quent une infinit\u00e9 d&rsquo;autres humanit\u00e9s semblables \u00e0 celle-ci ? Or je me demande comment l&rsquo;Incarnation, qui est le dogme central du christianisme, peut \u00eatre concili\u00e9e avec ces humanit\u00e9s ainsi multipli\u00e9es ? Si je suis seul dans l&rsquo;univers, j&rsquo;\u00e9prouve une angoisse d&rsquo;avoir ce privil\u00e8ge, et le silence des espaces infinis m&rsquo;effraie. J&rsquo;ai la terreur d&rsquo;\u00eatre choisi. Si, au contraire, je suppose qu&rsquo;il y a des milliers de Verbes incarn\u00e9s autour des \u00e9toiles et dans les galaxies, je suis effray\u00e9 d&rsquo;\u00eatre perdu dans cette multitude. Et dans les deux cas ma foi vacille, soit par solitude, soit par multitude. \u00bb<\/p>\n<p style=\"text-align: justify;\">\n<p style=\"text-align: justify;\">\u00ab J&rsquo;ai interrog\u00e9 les th\u00e9ologiens. Ils m&rsquo;ont dit que la pluralit\u00e9 des Incarnations est possible d&rsquo;un point de vue strictement logique, et il suffit de relire le prologue de saint Jean pour le comprendre. Que dit en effet l&rsquo;Evangile johannique ? Il commence par poser que le Verbe (Logos) est Dieu. Puis il dit que ce Verbe s&rsquo;est fait chair. Il distingue donc entre le Logos en soi, que nous appelons la seconde personne de la Trinit\u00e9, et le Logos en tant qu&rsquo;incarn\u00e9, que nous appelons J\u00e9sus de Nazareth. Il laisse donc la possibilit\u00e9 de concevoir que le Logos a pu s&rsquo;incarner une autre fois. Et s&rsquo;il a pu s&rsquo;incarner une autre fois, qui nous dit qu&rsquo;il ne s&rsquo;est pas incarn\u00e9 un nombre infini d&rsquo;autres fois dans l&rsquo;infini de l&rsquo;espace et du temps que nous d\u00e9couvrent maintenant la lunette et le calcul ? Plus on cherche, en effet, et plus on trouve d&rsquo;\u00e9toiles accompagn\u00e9es de plan\u00e8tes. A partir du moment o\u00f9 l&rsquo;on suppose deux incarnations, on peut aussi bien en supposer un nombre ind\u00e9fini. Il n&rsquo;y a donc pas l\u00e0 de difficult\u00e9 logique. \u00bb<\/p>\n<p style=\"text-align: justify;\"><strong>L\u2019Incarnation sur d&rsquo;autres plan\u00e8tes ?<\/strong><\/p>\n<p style=\"text-align: justify;\">\n<p style=\"text-align: justify;\">\u00ab Quand on r\u00e9fl\u00e9chit profond\u00e9ment sur l&rsquo;Incarnation du Christ sur cette plan\u00e8te et qu&rsquo;on consid\u00e8re que le Christ est Dieu, qu&rsquo;il est donc l&rsquo;infini, ce qu&rsquo;il a communiqu\u00e9 \u00e0 sa vie terrestre et plus particuli\u00e8rement \u00e0 ses souffrances a une valeur proprement infinie, puisque ce sont les souffrances de Dieu. Dans ce cas, on peut admettre, alors m\u00eame qu&rsquo;il y a une pluralit\u00e9 d&rsquo;\u00eatres libres, d&rsquo;\u00eatres p\u00e9cheurs dans les galaxies, que l&rsquo;Incarnation qui s&rsquo;est faite sur la Terre a suffi pour sauver, sur\u00e9lever tous les mondes. Mais comment peut-on admettre que, si des humanit\u00e9s lointaines ont \u00e9t\u00e9 ainsi sauv\u00e9es et sur\u00e9lev\u00e9es par l&rsquo;Incarnation terrestre, elles ont pu l&rsquo;\u00eatre sans qu&rsquo;elles en aient eu connaissance ? Et, en supposant que cette connaissance pour ces humanit\u00e9s lointaines ait \u00e9t\u00e9 une connaissance r\u00e9elle, elle n&rsquo;aurait pu \u00eatre une connaissance de type historique ; il aurait fallu qu&rsquo;elle soit une connaissance r\u00e9v\u00e9l\u00e9e. \u00bb<\/p>\n<p style=\"text-align: justify;\">\n<p style=\"text-align: justify;\">\u00ab Supposons qu&rsquo;une humanit\u00e9 soit inform\u00e9e que le Christ s&rsquo;est incarn\u00e9 sur la \u00ab\u00a0Terre\u00a0\u00bb \u00e0 des millions d&rsquo;ann\u00e9es-lumi\u00e8re ou \u00e0 un laps de temps mesur\u00e9 par des milliards de si\u00e8cles : l&rsquo;Incarnation qui serait ainsi port\u00e9e \u00e0 la connaissance de nos fr\u00e8res ne serait plus un fait connu par le t\u00e9moignage de ceux qui ont v\u00e9cu avec le Verbe incarn\u00e9, qui l&rsquo;ont touch\u00e9, qui l&rsquo;ont palp\u00e9 ; elle serait une histoire r\u00e9v\u00e9l\u00e9e et qui n&rsquo;aurait pas possibilit\u00e9 de v\u00e9rification. Mais peut-\u00eatre n&rsquo;est-il pas n\u00e9cessaire que les humanit\u00e9s ainsi sauv\u00e9es par l&rsquo;unique Incarnation en aient connaissance ? \u00bb<\/p>\n<p style=\"text-align: justify;\">\n<p style=\"text-align: justify;\">\u00ab\u00a0Il m&rsquo;arrive de faire une supposition. Qui sait, me dis-je, si dans l&rsquo;infini du temps et de l&rsquo;espace d&rsquo;autres humanit\u00e9s ne connaissent pas le drame que nous allons conna\u00eetre apr\u00e8s vingt si\u00e8cles de christianisme ? Nous avons capt\u00e9 l&rsquo;\u00e9nergie qui se cache dans chaque grain de mati\u00e8re, mais, l&rsquo;ayant capt\u00e9e, nous pouvons nous en servir pour un g\u00e9nocide universel. Et qui sait si d&rsquo;autres esp\u00e8ces pensantes et aimantes n&rsquo;ont pas \u00e9t\u00e9 d\u00e9truites par la folie du savoir ? Qui sait si cette vieille id\u00e9e que l&rsquo;arbre du savoir est un arbre maudit parce que notre libert\u00e9 est incapable de supporter le savoir n&rsquo;est pas l&rsquo;\u00e9cho de ce qui s&rsquo;est pass\u00e9 dans bien des plan\u00e8tes ? Qui sait si tous les \u00eatres libres amoureux et pensants qui sont dispers\u00e9s dans la galaxie ne sont pas tous des \u00eatres d\u00e9chus, et par cons\u00e9quent ont besoin d&rsquo;un secours r\u00e9dempteur ? \u00bb<\/p>\n<p style=\"text-align: justify;\">\n<p style=\"text-align: justify;\"><strong>L&rsquo;espace n&rsquo;est peut-\u00eatre qu&rsquo;un \u00eelot\u2026<\/strong><\/p>\n<p style=\"text-align: justify;\">\n<p style=\"text-align: justify;\">En lisant ce texte ancien, je ne vois rien qui puisse y \u00eatre profond\u00e9ment modifi\u00e9. Mais il est clair que la solution propos\u00e9e est ensevelie dans un myst\u00e8re abyssal. C&rsquo;est l\u00e0 qu&rsquo;il importe de faire comme Job, c&rsquo;est-\u00e0-dire de mettre la main sur sa bouche et de consid\u00e9rer que la Terre o\u00f9 nous sommes, la toute petite histoire qui nous est connue soit par les documents soit par la r\u00e9v\u00e9lation juive et chr\u00e9tienne n&rsquo;\u00e9puisent en rien l&rsquo;invention, l&rsquo;imagination, la puissance infinie de Celui que nous appelons Dieu et auquel nous donnons la toute-puissance et la toute-invention. Ce que nous appelons le temps n&rsquo;est peut-\u00eatre qu&rsquo;un atome qui a suppos\u00e9 une infinit\u00e9 d&rsquo;autres temps ant\u00e9rieurs, d&rsquo;autres cosmos et d&rsquo;autres histoires ; et de m\u00eame ce que nous appelons l&rsquo;espace n&rsquo;est peut-\u00eatre qu&rsquo;un \u00eelot, un enclos, et peut-\u00eatre existe-t-il \u00e0 c\u00f4t\u00e9 de cet espace des hyperespaces que nous ne pouvons explorer. En d&rsquo;autres termes, ici plus que jamais il importe de se dire que, ce que nous savons, c&rsquo;est que nous ne savons rien.<\/p>\n<p style=\"text-align: justify;\">\n<p style=\"text-align: justify;\">Tout ce que nous pouvons dire, c&rsquo;est que la pluralit\u00e9 des mondes n&rsquo;est pas contraire \u00e0 la foi r\u00e9v\u00e9l\u00e9e dans les livres du jud\u00e9o-christianisme. Un point, c&rsquo;est tout.<\/p>\n<p style=\"text-align: justify;\">\n<p style=\"text-align: justify;\">Maintenant, revenons aux soucoupes : en quelle mesure les soucoupes volantes, \u00e0 supposer qu&rsquo;elles soient habit\u00e9es par des humano\u00efdes, s&rsquo;opposent-elles \u00e0 la vue chr\u00e9tienne du monde ? Je dirai que l&rsquo;impression que donnent les humano\u00efdes, c&rsquo;est d&rsquo;\u00eatre des esp\u00e8ces de cr\u00e9atures de type ang\u00e9lique, et ici je me reporte \u00e0 l&rsquo;id\u00e9e que la Bible nous propose sur ces \u00eatres interm\u00e9diaires entre l&rsquo;homme et Dieu qu&rsquo;on appelle des anges et qui vivent, disent les philosophes, dans cette dur\u00e9e interm\u00e9diaire entre l&rsquo;\u00e9ternit\u00e9 et le temps qu&rsquo;on appelle l&rsquo;\u00e9on. Alors, en pensant \u00e0 la hi\u00e9rarchie qui part des Puissances et des Dominations, qui passe par les S\u00e9raphins et les Ch\u00e9rubins, par les Archanges et les Anges, pour finir \u00e0 l&rsquo;\u00eatre compos\u00e9 qu&rsquo;on appelle l&rsquo;Homme, je me demande : qui sait si cette hi\u00e9rarchie ne se poursuivrait pas dans une esp\u00e8ce de sous-monde ang\u00e9lique ? Qui sait si ces humano\u00efdes ne seraient pas des sous-officiers, si l&rsquo;on peut dire, ou des agents subalternes de l&rsquo;ang\u00e9lologie ?<\/p>\n<p style=\"text-align: justify;\">\n<p style=\"text-align: justify;\">Il est clair qu&rsquo;il existe entre la conduite des apparitions dans les r\u00e9cits bibliques et la conduite des humano\u00efdes une ressemblance. Dans les deux cas, nous avons affaire \u00e0 des \u00eatres qui \u00e0 la fois se manifestent et se dissimulent. Et plusieurs personnes ont remarqu\u00e9 la ressemblance des r\u00e9cits d&rsquo;ufologie avec les r\u00e9cits de mariophanies du XIX<sup>e<\/sup> si\u00e8cle, \u00e0 Notre-Dame-de-la-Salette, \u00e0 Lourdes ou \u00e0 Fatima. Nous n&rsquo;en dirons pas plus, mais nous nous bornerons \u00e0 conclure, comme le fait Bertrand M\u00e9heust, par une r\u00e9f\u00e9rence \u00e0 Bergson.<\/p>\n<p style=\"text-align: justify;\"><strong> <\/strong><\/p>\n<p style=\"text-align: justify;\"><strong>Henri Bergson : une immense curiosit\u00e9 pour les ph\u00e9nom\u00e8nes marginaux<\/strong><\/p>\n<p style=\"text-align: justify;\">\n<p style=\"text-align: justify;\">Bergson pensait que sur cette plan\u00e8te la science s&rsquo;\u00e9tait d\u00e9velopp\u00e9e \u00e0 partir des choses physiques, et qu&rsquo;elle atteignait enfin les \u00eatres psychiques ; mais que le processus inverse aurait pu se produire et que la science aurait pu commencer par l&rsquo;\u00e9tude des ph\u00e9nom\u00e8nes psychiques. Alors, si les savants psychiques avaient consid\u00e9r\u00e9 comme normal ce que nous appelons maintenant paranormal, et qu&rsquo;ils aient aper\u00e7u dans le lointain un bateau \u00e0 vapeur, ils auraient parl\u00e9 d&rsquo;une apparition. En poursuivant cette id\u00e9e, on peut d\u00e9signer par le mot d&rsquo;\u00ab apparition \u00bb le surgissement d&rsquo;un ph\u00e9nom\u00e8ne que nous n&rsquo;attendons pas selon nos r\u00e8gles de normalit\u00e9. Et Bergson pensait que, si l&rsquo;on pouvait faire l&rsquo;\u00e9tude statistique et en m\u00eame temps profonde des convergences de ph\u00e9nom\u00e8nes marginaux appel\u00e9s paranormaux, on pourrait acqu\u00e9rir sur les sujets qui nous tiennent \u00e0 la gorge \u00e0 savoir l&rsquo;avenir de l&rsquo;humanit\u00e9, la signification de notre passage dans le temps, l&rsquo;immortalit\u00e9, les rapports avec les d\u00e9funts des indications qui ne seraient pas n\u00e9gligeables, car nous sommes pour ainsi dire immerg\u00e9s dans un monde que nous ne connaissons pas, comme les deux premi\u00e8res dimensions de l&rsquo;espace se posent ensevelies dans la troisi\u00e8me dimension, qui est une dimension de profondeur, et qui n&rsquo;est peut-\u00eatre pas la dimension derni\u00e8re. Et Bergson se penchait avec une intense curiosit\u00e9 sur les \u00e9tincelles aussit\u00f4t disparues qui pourraient nous appara\u00eetre de cet univers invisible dans lequel nous sommes plong\u00e9s et que les \u00e2mes mystiques consid\u00e8rent comme le vrai, comme le r\u00e9el.<\/p>\n<p style=\"text-align: justify;\">\n<p style=\"text-align: justify;\">C&rsquo;est dans cet esprit que je voudrais citer ici Bergson : \u00ab Supposons qu&rsquo;une lueur de ce monde inconnu nous arrive, visible aux yeux du corps, quelle transformation dans une humanit\u00e9 habitu\u00e9e g\u00e9n\u00e9ralement, quoi qu&rsquo;elle dise, \u00e0 n&rsquo;accepter pour existant que ce qu&rsquo;elle voit et ce qu&rsquo;elle touche ! L&rsquo;information qui nous viendrait ainsi ne concernerait peut-\u00eatre que ce qu&rsquo;il y a d&rsquo;inf\u00e9rieur dans les \u00e2mes, le dernier degr\u00e9 de la spiritualit\u00e9. \u00bb<\/p>\n<p style=\"text-align: justify;\">\n<p style=\"text-align: justify;\">Telle est l&rsquo;hypoth\u00e8se que je pr\u00e9sente, \u00e0 savoir que les soucoupes volantes et tous les probl\u00e8mes rattach\u00e9s \u00e0 ce que nous appelons les soucoupes volantes repr\u00e9sentent une zone interm\u00e9diaire, et sur laquelle nous n&rsquo;aurons sans doute jamais de connaissances vraiment positives, mais qui pour certains esprits sera l&rsquo;occasion de croire que l&rsquo;invisible existe, et qu&rsquo;il y a, comme disait Shakespeare, plus de choses dans l&rsquo;univers que nous l&rsquo;indique notre philosophie.<\/p>\n<p style=\"text-align: justify;\">Jean Guitton de l&rsquo;Acad\u00e9mie fran\u00e7aise<\/p>\n<p style=\"text-align: justify;\">\n<p style=\"text-align: justify;\">\n<hr style=\"text-align: justify;\" size=\"1\" \/>\n<p style=\"text-align: justify;\"><a id=\"ftn1\" href=\"#ftnref1\">[1]<\/a> <em>Les Dialogues avec Monsieur Pouget<\/em> ainsi que le <em>Portrait de Monsieur Pouget<\/em> ont \u00e9t\u00e9 \u00e9dit\u00e9s dans les \u0153uvres compl\u00e8tes de J. Guitton (Descl\u00e9e de Brouwer).<\/p>\n<p style=\"text-align: justify;\"><a id=\"ftn2\" href=\"#ftnref2\">[2]<\/a> Titre de l&rsquo;ouvrage d&rsquo;Aim\u00e9 Michel r\u00e9\u00e9dit\u00e9 aux \u00e9ditions Seghers.<\/p>\n","protected":false},"excerpt":{"rendered":"<p>Comme tout le monde, je suis pass\u00e9 par deux stades : celui d&rsquo;une incr\u00e9dulit\u00e9 radicale, puis celui de la surprise et de la r\u00e9flexion. Car, disciple de Bergson \u2014 qui m&rsquo;avait toujours \u00e9largi l&rsquo;esprit, qui m&rsquo;avait m\u00eame plusieurs fois parl\u00e9 de sa consid\u00e9ration pour les ph\u00e9nom\u00e8nes psychiques, qui m&rsquo;avait rappel\u00e9 l&rsquo;adage qu&rsquo;il est impossible de prouver l&rsquo;impossibilit\u00e9 d&rsquo;un fait \u2014 je n&rsquo;avais pas oppos\u00e9 \u00e0 ces ph\u00e9nom\u00e8nes (vrais ou faux) une fin de non-recevoir, pensant que cette attitude \u00e9tait typiquement antirationnelle et condamnable du point de vue de la science elle-m\u00eame.<\/p>\n","protected":false},"author":1,"featured_media":0,"comment_status":"closed","ping_status":"closed","sticky":false,"template":"","format":"standard","meta":{"footnotes":""},"categories":[775],"tags":[309,86,1350],"class_list":["post-7652","post","type-post","status-publish","format-standard","hentry","category-guitton-jean","tag-croyance","tag-ovni","tag-parapsychologie"],"yoast_head":"<!-- This site is optimized with the Yoast SEO plugin v27.0 - https:\/\/yoast.com\/product\/yoast-seo-wordpress\/ -->\n<title>Je crois aux soucoupes volantes par Jean Guitton - 3e mill\u00e9naire - Spiritualit\u00e9 - Connaissance de soi - Non-dualit\u00e9 - M\u00e9ditation<\/title>\n<meta name=\"robots\" content=\"index, follow, max-snippet:-1, max-image-preview:large, max-video-preview:-1\" \/>\n<link rel=\"canonical\" href=\"https:\/\/www.revue3emillenaire.com\/blog\/je-crois-aux-soucoupes-volantes-par-jean-guitton\/\" \/>\n<meta property=\"og:locale\" content=\"fr_FR\" \/>\n<meta property=\"og:type\" content=\"article\" \/>\n<meta property=\"og:title\" content=\"Je crois aux soucoupes volantes par Jean Guitton - 3e mill\u00e9naire - Spiritualit\u00e9 - Connaissance de soi - Non-dualit\u00e9 - M\u00e9ditation\" \/>\n<meta property=\"og:description\" content=\"Comme tout le monde, je suis pass\u00e9 par deux stades : celui d&#039;une incr\u00e9dulit\u00e9 radicale, puis celui de la surprise et de la r\u00e9flexion. Car, disciple de Bergson \u2014 qui m&#039;avait toujours \u00e9largi l&#039;esprit, qui m&#039;avait m\u00eame plusieurs fois parl\u00e9 de sa consid\u00e9ration pour les ph\u00e9nom\u00e8nes psychiques, qui m&#039;avait rappel\u00e9 l&#039;adage qu&#039;il est impossible de prouver l&#039;impossibilit\u00e9 d&#039;un fait \u2014 je n&#039;avais pas oppos\u00e9 \u00e0 ces ph\u00e9nom\u00e8nes (vrais ou faux) une fin de non-recevoir, pensant que cette attitude \u00e9tait typiquement antirationnelle et condamnable du point de vue de la science elle-m\u00eame.\" \/>\n<meta property=\"og:url\" content=\"https:\/\/www.revue3emillenaire.com\/blog\/je-crois-aux-soucoupes-volantes-par-jean-guitton\/\" \/>\n<meta property=\"og:site_name\" content=\"3e mill\u00e9naire - Spiritualit\u00e9 - Connaissance de soi - Non-dualit\u00e9 - M\u00e9ditation\" \/>\n<meta property=\"article:published_time\" content=\"2011-07-18T23:43:18+00:00\" \/>\n<meta property=\"article:modified_time\" content=\"2011-09-17T15:19:25+00:00\" \/>\n<meta name=\"author\" content=\"3e mill\u00e9naire\" \/>\n<meta name=\"twitter:card\" content=\"summary_large_image\" \/>\n<meta name=\"twitter:label1\" content=\"\u00c9crit par\" \/>\n\t<meta name=\"twitter:data1\" content=\"3e mill\u00e9naire\" \/>\n\t<meta name=\"twitter:label2\" content=\"Dur\u00e9e de lecture estim\u00e9e\" \/>\n\t<meta name=\"twitter:data2\" content=\"22 minutes\" \/>\n<script type=\"application\/ld+json\" class=\"yoast-schema-graph\">{\"@context\":\"https:\/\/schema.org\",\"@graph\":[{\"@type\":\"Article\",\"@id\":\"https:\/\/www.revue3emillenaire.com\/blog\/je-crois-aux-soucoupes-volantes-par-jean-guitton\/#article\",\"isPartOf\":{\"@id\":\"https:\/\/www.revue3emillenaire.com\/blog\/je-crois-aux-soucoupes-volantes-par-jean-guitton\/\"},\"author\":{\"name\":\"3e mill\u00e9naire\",\"@id\":\"https:\/\/www.revue3emillenaire.com\/blog\/#\/schema\/person\/9a3a7cc4ccaa707f402d4394327106d5\"},\"headline\":\"Je crois aux soucoupes volantes par Jean Guitton\",\"datePublished\":\"2011-07-18T23:43:18+00:00\",\"dateModified\":\"2011-09-17T15:19:25+00:00\",\"mainEntityOfPage\":{\"@id\":\"https:\/\/www.revue3emillenaire.com\/blog\/je-crois-aux-soucoupes-volantes-par-jean-guitton\/\"},\"wordCount\":4367,\"keywords\":[\"croyance\",\"OVNI\",\"Parapsychologie \/ Ph\u00e9nom\u00e8nes\"],\"articleSection\":[\"Guitton Jean\"],\"inLanguage\":\"fr-FR\"},{\"@type\":\"WebPage\",\"@id\":\"https:\/\/www.revue3emillenaire.com\/blog\/je-crois-aux-soucoupes-volantes-par-jean-guitton\/\",\"url\":\"https:\/\/www.revue3emillenaire.com\/blog\/je-crois-aux-soucoupes-volantes-par-jean-guitton\/\",\"name\":\"Je crois aux soucoupes volantes par Jean Guitton - 3e mill\u00e9naire - Spiritualit\u00e9 - Connaissance de soi - Non-dualit\u00e9 - M\u00e9ditation\",\"isPartOf\":{\"@id\":\"https:\/\/www.revue3emillenaire.com\/blog\/#website\"},\"datePublished\":\"2011-07-18T23:43:18+00:00\",\"dateModified\":\"2011-09-17T15:19:25+00:00\",\"author\":{\"@id\":\"https:\/\/www.revue3emillenaire.com\/blog\/#\/schema\/person\/9a3a7cc4ccaa707f402d4394327106d5\"},\"breadcrumb\":{\"@id\":\"https:\/\/www.revue3emillenaire.com\/blog\/je-crois-aux-soucoupes-volantes-par-jean-guitton\/#breadcrumb\"},\"inLanguage\":\"fr-FR\",\"potentialAction\":[{\"@type\":\"ReadAction\",\"target\":[\"https:\/\/www.revue3emillenaire.com\/blog\/je-crois-aux-soucoupes-volantes-par-jean-guitton\/\"]}]},{\"@type\":\"BreadcrumbList\",\"@id\":\"https:\/\/www.revue3emillenaire.com\/blog\/je-crois-aux-soucoupes-volantes-par-jean-guitton\/#breadcrumb\",\"itemListElement\":[{\"@type\":\"ListItem\",\"position\":1,\"name\":\"Accueil\",\"item\":\"https:\/\/www.revue3emillenaire.com\/blog\/\"},{\"@type\":\"ListItem\",\"position\":2,\"name\":\"Je crois aux soucoupes volantes par Jean Guitton\"}]},{\"@type\":\"WebSite\",\"@id\":\"https:\/\/www.revue3emillenaire.com\/blog\/#website\",\"url\":\"https:\/\/www.revue3emillenaire.com\/blog\/\",\"name\":\"3e mill\u00e9naire - Spiritualit\u00e9 - Connaissance de soi - Non-dualit\u00e9 - M\u00e9ditation\",\"description\":\"L&#039;Homme en devenir\",\"potentialAction\":[{\"@type\":\"SearchAction\",\"target\":{\"@type\":\"EntryPoint\",\"urlTemplate\":\"https:\/\/www.revue3emillenaire.com\/blog\/?s={search_term_string}\"},\"query-input\":{\"@type\":\"PropertyValueSpecification\",\"valueRequired\":true,\"valueName\":\"search_term_string\"}}],\"inLanguage\":\"fr-FR\"},{\"@type\":\"Person\",\"@id\":\"https:\/\/www.revue3emillenaire.com\/blog\/#\/schema\/person\/9a3a7cc4ccaa707f402d4394327106d5\",\"name\":\"3e mill\u00e9naire\",\"url\":\"https:\/\/www.revue3emillenaire.com\/blog\/author\/admin\/\"}]}<\/script>\n<!-- \/ Yoast SEO plugin. -->","yoast_head_json":{"title":"Je crois aux soucoupes volantes par Jean Guitton - 3e mill\u00e9naire - Spiritualit\u00e9 - Connaissance de soi - Non-dualit\u00e9 - M\u00e9ditation","robots":{"index":"index","follow":"follow","max-snippet":"max-snippet:-1","max-image-preview":"max-image-preview:large","max-video-preview":"max-video-preview:-1"},"canonical":"https:\/\/www.revue3emillenaire.com\/blog\/je-crois-aux-soucoupes-volantes-par-jean-guitton\/","og_locale":"fr_FR","og_type":"article","og_title":"Je crois aux soucoupes volantes par Jean Guitton - 3e mill\u00e9naire - Spiritualit\u00e9 - Connaissance de soi - Non-dualit\u00e9 - M\u00e9ditation","og_description":"Comme tout le monde, je suis pass\u00e9 par deux stades : celui d'une incr\u00e9dulit\u00e9 radicale, puis celui de la surprise et de la r\u00e9flexion. Car, disciple de Bergson \u2014 qui m'avait toujours \u00e9largi l'esprit, qui m'avait m\u00eame plusieurs fois parl\u00e9 de sa consid\u00e9ration pour les ph\u00e9nom\u00e8nes psychiques, qui m'avait rappel\u00e9 l'adage qu'il est impossible de prouver l'impossibilit\u00e9 d'un fait \u2014 je n'avais pas oppos\u00e9 \u00e0 ces ph\u00e9nom\u00e8nes (vrais ou faux) une fin de non-recevoir, pensant que cette attitude \u00e9tait typiquement antirationnelle et condamnable du point de vue de la science elle-m\u00eame.","og_url":"https:\/\/www.revue3emillenaire.com\/blog\/je-crois-aux-soucoupes-volantes-par-jean-guitton\/","og_site_name":"3e mill\u00e9naire - Spiritualit\u00e9 - Connaissance de soi - Non-dualit\u00e9 - M\u00e9ditation","article_published_time":"2011-07-18T23:43:18+00:00","article_modified_time":"2011-09-17T15:19:25+00:00","author":"3e mill\u00e9naire","twitter_card":"summary_large_image","twitter_misc":{"\u00c9crit par":"3e mill\u00e9naire","Dur\u00e9e de lecture estim\u00e9e":"22 minutes"},"schema":{"@context":"https:\/\/schema.org","@graph":[{"@type":"Article","@id":"https:\/\/www.revue3emillenaire.com\/blog\/je-crois-aux-soucoupes-volantes-par-jean-guitton\/#article","isPartOf":{"@id":"https:\/\/www.revue3emillenaire.com\/blog\/je-crois-aux-soucoupes-volantes-par-jean-guitton\/"},"author":{"name":"3e mill\u00e9naire","@id":"https:\/\/www.revue3emillenaire.com\/blog\/#\/schema\/person\/9a3a7cc4ccaa707f402d4394327106d5"},"headline":"Je crois aux soucoupes volantes par Jean Guitton","datePublished":"2011-07-18T23:43:18+00:00","dateModified":"2011-09-17T15:19:25+00:00","mainEntityOfPage":{"@id":"https:\/\/www.revue3emillenaire.com\/blog\/je-crois-aux-soucoupes-volantes-par-jean-guitton\/"},"wordCount":4367,"keywords":["croyance","OVNI","Parapsychologie \/ Ph\u00e9nom\u00e8nes"],"articleSection":["Guitton Jean"],"inLanguage":"fr-FR"},{"@type":"WebPage","@id":"https:\/\/www.revue3emillenaire.com\/blog\/je-crois-aux-soucoupes-volantes-par-jean-guitton\/","url":"https:\/\/www.revue3emillenaire.com\/blog\/je-crois-aux-soucoupes-volantes-par-jean-guitton\/","name":"Je crois aux soucoupes volantes par Jean Guitton - 3e mill\u00e9naire - Spiritualit\u00e9 - Connaissance de soi - Non-dualit\u00e9 - M\u00e9ditation","isPartOf":{"@id":"https:\/\/www.revue3emillenaire.com\/blog\/#website"},"datePublished":"2011-07-18T23:43:18+00:00","dateModified":"2011-09-17T15:19:25+00:00","author":{"@id":"https:\/\/www.revue3emillenaire.com\/blog\/#\/schema\/person\/9a3a7cc4ccaa707f402d4394327106d5"},"breadcrumb":{"@id":"https:\/\/www.revue3emillenaire.com\/blog\/je-crois-aux-soucoupes-volantes-par-jean-guitton\/#breadcrumb"},"inLanguage":"fr-FR","potentialAction":[{"@type":"ReadAction","target":["https:\/\/www.revue3emillenaire.com\/blog\/je-crois-aux-soucoupes-volantes-par-jean-guitton\/"]}]},{"@type":"BreadcrumbList","@id":"https:\/\/www.revue3emillenaire.com\/blog\/je-crois-aux-soucoupes-volantes-par-jean-guitton\/#breadcrumb","itemListElement":[{"@type":"ListItem","position":1,"name":"Accueil","item":"https:\/\/www.revue3emillenaire.com\/blog\/"},{"@type":"ListItem","position":2,"name":"Je crois aux soucoupes volantes par Jean Guitton"}]},{"@type":"WebSite","@id":"https:\/\/www.revue3emillenaire.com\/blog\/#website","url":"https:\/\/www.revue3emillenaire.com\/blog\/","name":"3e mill\u00e9naire - Spiritualit\u00e9 - Connaissance de soi - Non-dualit\u00e9 - M\u00e9ditation","description":"L&#039;Homme en devenir","potentialAction":[{"@type":"SearchAction","target":{"@type":"EntryPoint","urlTemplate":"https:\/\/www.revue3emillenaire.com\/blog\/?s={search_term_string}"},"query-input":{"@type":"PropertyValueSpecification","valueRequired":true,"valueName":"search_term_string"}}],"inLanguage":"fr-FR"},{"@type":"Person","@id":"https:\/\/www.revue3emillenaire.com\/blog\/#\/schema\/person\/9a3a7cc4ccaa707f402d4394327106d5","name":"3e mill\u00e9naire","url":"https:\/\/www.revue3emillenaire.com\/blog\/author\/admin\/"}]}},"_links":{"self":[{"href":"https:\/\/www.revue3emillenaire.com\/blog\/wp-json\/wp\/v2\/posts\/7652","targetHints":{"allow":["GET"]}}],"collection":[{"href":"https:\/\/www.revue3emillenaire.com\/blog\/wp-json\/wp\/v2\/posts"}],"about":[{"href":"https:\/\/www.revue3emillenaire.com\/blog\/wp-json\/wp\/v2\/types\/post"}],"author":[{"embeddable":true,"href":"https:\/\/www.revue3emillenaire.com\/blog\/wp-json\/wp\/v2\/users\/1"}],"replies":[{"embeddable":true,"href":"https:\/\/www.revue3emillenaire.com\/blog\/wp-json\/wp\/v2\/comments?post=7652"}],"version-history":[{"count":0,"href":"https:\/\/www.revue3emillenaire.com\/blog\/wp-json\/wp\/v2\/posts\/7652\/revisions"}],"wp:attachment":[{"href":"https:\/\/www.revue3emillenaire.com\/blog\/wp-json\/wp\/v2\/media?parent=7652"}],"wp:term":[{"taxonomy":"category","embeddable":true,"href":"https:\/\/www.revue3emillenaire.com\/blog\/wp-json\/wp\/v2\/categories?post=7652"},{"taxonomy":"post_tag","embeddable":true,"href":"https:\/\/www.revue3emillenaire.com\/blog\/wp-json\/wp\/v2\/tags?post=7652"}],"curies":[{"name":"wp","href":"https:\/\/api.w.org\/{rel}","templated":true}]}}