{"id":787,"date":"2009-12-23T00:44:17","date_gmt":"2009-12-22T23:44:17","guid":{"rendered":"http:\/\/www.revue3emillenaire.com\/blog\/?p=787"},"modified":"2011-09-22T22:34:29","modified_gmt":"2011-09-22T21:34:29","slug":"787","status":"publish","type":"post","link":"https:\/\/www.revue3emillenaire.com\/blog\/787\/","title":{"rendered":"Krishnamurti: \u00ab\u00a0la pens\u00e9e n&rsquo;est pas l&rsquo;intelligence\u00a0\u00bb par Robert Linssen"},"content":{"rendered":"<p style=\"text-align: justify;\">(Revue Aurores. N<sup>o <\/sup>43. Mai 1984)<\/p>\n<p style=\"text-align: justify;\">De nombreux hommes de science appartenant aux disciplines les plus vari\u00e9es ont r\u00e9cemment d\u00e9clar\u00e9 que les crises qui d\u00e9chirent le monde actuel r\u00e9sultent la plupart d&rsquo;une erreur fondamentale de perception. Les physiciens David Bohm et Fritjof Capra insistent sur ce point. Le Docteur Larry Dossey, Professeur \u00e0 l&rsquo;Universit\u00e9 du Nord Texas (U.S.A.) et directeur d&rsquo;une importante clinique vient de publier un ouvrage d&rsquo;une port\u00e9e remarquable<a href=\"#_edn1\">[1]<\/a>.<\/p>\n<p style=\"text-align: justify;\">Dans \u00ab Space, time and medecine \u00bb il nous montre \u00e0 quel point la plupart des maladies r\u00e9sultent d&rsquo;une perception erron\u00e9e de l&rsquo;espace et du temps. L&rsquo;ouvrage est d&rsquo;ailleurs pr\u00e9fac\u00e9 par Fr. Capra.<\/p>\n<p style=\"text-align: justify;\">KRISHNAMURTI insiste \u00e9galement sur l&rsquo;importance d&rsquo;une perception directe et globale tr\u00e8s diff\u00e9rente de celle qui nous est famili\u00e8re. Pour \u00eatre ad\u00e9quate et parfaite l&rsquo;attention implique des conditions qui sont rarement prises en consid\u00e9ration. Pour \u00eatre ad\u00e9quate, la perception requiert \u00e0 la fois une qualit\u00e9 d&rsquo;intelligence et un \u00e9l\u00e9ment d&rsquo;affectivit\u00e9 de qualit\u00e9 sup\u00e9rieure. L&rsquo;\u00e9l\u00e9ment affectif, au sens o\u00f9 l&rsquo;entend Krishnamurti, est d\u00e9gag\u00e9 du sentimentalisme et des impulsions qui nous sont famili\u00e8res. Pour Krishnamurti, l&rsquo;\u00e9l\u00e9ment affectif n&rsquo;est pas s\u00e9par\u00e9 de l&rsquo;intelligence. Pour cette raison il a utilis\u00e9 pendant plusieurs ann\u00e9es l&rsquo;expression d&rsquo; \u00abesprit-c\u0153ur\u00a0\u00bb.<\/p>\n<p style=\"text-align: justify;\">Quant au mot \u00abintelligence\u00bb, il sugg\u00e8re en g\u00e9n\u00e9ral des valeurs tr\u00e8s diverses dont la plupart impliquent la pens\u00e9e, le raisonnement. L&rsquo;enseignement de Krishnamurti dissipe imm\u00e9diatement toute possibilit\u00e9 de malentendu sur ce point. Il est cat\u00e9gorique: \u00ab la pens\u00e9e n&rsquo;est pas l&rsquo;intelligence \u00bb.<\/p>\n<p style=\"text-align: justify;\">La pens\u00e9e n&rsquo;est pas l&rsquo;intelligence parce qu&rsquo;elle n&rsquo;est que m\u00e9moire. Il n&rsquo;y a pas de pens\u00e9e sans un mot ou plusieurs mots conscients ou inconscients. Il n&rsquo;y a pas de pens\u00e9e sans une image ou plusieurs images, claires ou vagues, conscientes ou inconscientes. Ces mots et ces images ont \u00e9t\u00e9 enregistr\u00e9s ant\u00e9rieurement. Ils ne sont que m\u00e9moire. La pens\u00e9e fonctionne de fa\u00e7on m\u00e9canique, par d\u00e9duction ou par induction. Elle se situe dans un processus lin\u00e9aire de cause \u00e0 effet. Elle est prisonni\u00e8re du temps.<\/p>\n<p style=\"text-align: justify;\">Pour Krishnamurti, il existe un \u00e9tat d&rsquo;observation dans lequel la conscience de l&rsquo;observateur cesse d&rsquo;intervenir ou d&rsquo;interf\u00e9rer. Nous voil\u00e0 tr\u00e8s \u00e9loign\u00e9s de l&rsquo;approche des \u00e9v\u00e9nements telle qu&rsquo;elle est v\u00e9cue par l&rsquo;immense majorit\u00e9 des \u00eatres humains.<\/p>\n<p style=\"text-align: justify;\">L&rsquo;attention parfaite exige la r\u00e9alisation d&rsquo;une vigilance exceptionnelle. Celle-ci implique une grande souplesse d&rsquo;esprit la clart\u00e9, l&rsquo;ordre, la coh\u00e9rence ainsi qu&rsquo;une qualit\u00e9 sp\u00e9ciale de concentration. Cette qualit\u00e9 de concentration est en effet tr\u00e8s particuli\u00e8re du fait qu&rsquo;elle ne r\u00e9sulte pas d&rsquo;un acte de volont\u00e9, ni d&rsquo;une discipline que l&rsquo;on s&rsquo;impose de fa\u00e7on d\u00e9lib\u00e9r\u00e9e, mais plut\u00f4t d&rsquo;une disponibilit\u00e9 et d&rsquo;un silence int\u00e9rieur. Cette disponibilit\u00e9 et ce silence permettent l&rsquo;action d&rsquo;une r\u00e9alit\u00e9 que Krishnamurti d\u00e9signe par divers mots anglais tels que \u00ab\u00a0otherness\u00a0\u00bb ou \u00ab l&rsquo;Inconnu \u00bb (Unknown).<\/p>\n<p style=\"text-align: justify;\"><strong>UNE REALITE AUTRE<\/strong><\/p>\n<p style=\"text-align: justify;\">Cette \u00abr\u00e9alit\u00e9\u00bb est compl\u00e8tement \u00abautre\u00bb que tout ce que nous r\u00e9v\u00e8lent nos perceptions sensorielles. Il nous est impossible de la \u00ab conna\u00eetre \u00bb comme nous connaissons g\u00e9n\u00e9ralement les choses en comparant, en nommant, en les classant par cat\u00e9gorie, en se r\u00e9f\u00e9rant au pass\u00e9. Il est impossible de la conna\u00eetre \u00e9tant donn\u00e9 qu&rsquo;elle est toujours nouvelle, cr\u00e9atrice, impr\u00e9visible. Pour cette approche, Krishnamurti fait appel \u00e0 une qualit\u00e9 d&rsquo;attention qu&rsquo;il nomme \u00ab vision p\u00e9n\u00e9trante \u00bb. Il d\u00e9clare \u00e0 ce sujet, dans ses remarquables Lettres aux Ecoles:<\/p>\n<p style=\"text-align: justify;\">\u00ab La vision p\u00e9n\u00e9trante n&rsquo;est pas la d\u00e9duction minutieuse de la pens\u00e9e, son processus analytique ou la nature temporelle de la m\u00e9moire. C&rsquo;est la perception sans l&rsquo;observateur. Elle est instantan\u00e9e. L&rsquo;action intervient \u00e0 partir de cette perception instantan\u00e9e&#8230; Lorsqu&rsquo;il n&rsquo;y a pas la sensibilit\u00e9 qui est amour, la vision p\u00e9n\u00e9trante est \u00e9videmment tout \u00e0 fait impossible \u00bb.<\/p>\n<p style=\"text-align: justify;\">Ce fragment confirme ce que nous \u00e9noncions plus haut: l&rsquo;attention parfaite comporte non seulement un \u00e9l\u00e9ment d&rsquo;intelligence v\u00e9ritable mais aussi un \u00e9l\u00e9ment d&rsquo;affectivit\u00e9 sup\u00e9rieure.<\/p>\n<p style=\"text-align: justify;\">Le caract\u00e8re global de la \u00ab vision p\u00e9n\u00e9trante \u00bb est ensuite soulign\u00e9 par Krishnamurti dans le fragment suivant: \u00ab La vision p\u00e9n\u00e9trante est holistique, c&rsquo;est-\u00e0-dire qu&rsquo;elle implique la totalit\u00e9 de l&rsquo;esprit. La vision p\u00e9n\u00e9trante est l&rsquo;intelligence supr\u00eame, et cette intelligence se sert de la pens\u00e9e comme d&rsquo;un outil. La vision p\u00e9n\u00e9trante est l&rsquo;intelligence avec sa beaut\u00e9 et son amour. Les deux sont r\u00e9ellement ins\u00e9parables. Elles ne font vraiment qu&rsquo;un. Cela est la totalit\u00e9, ce qui est le plus sacr\u00e9.\u00bb<\/p>\n<p style=\"text-align: justify;\">Il est \u00e9vident que le v\u00e9cu de cette qualit\u00e9 d&rsquo;attention et de cet \u00e9tat d&rsquo;\u00eatre int\u00e9rieur exige, au niveau neurophysiologique, le fonctionnement d&rsquo;un cerveau capable d&rsquo;exprimer le maximum de ses possibilit\u00e9s.<\/p>\n<p style=\"text-align: justify;\">Pour ces raisons, Krishnamurti s&rsquo;est toujours int\u00e9ress\u00e9 \u00e0 la neurophysiologie du cerveau. Les plus grands sp\u00e9cialistes de cette discipline et des biologistes de r\u00e9putation internationale participent r\u00e9guli\u00e8rement aux r\u00e9unions de savants qui se tiennent p\u00e9riodiquement \u00e0 Brockwood en Angleterre, autour de Krishnamurti et de David Bohm.<\/p>\n<p style=\"text-align: justify;\">Une question a \u00e9t\u00e9 r\u00e9cemment pos\u00e9e \u00e0 Krishnamurti concernant les relations entre le cerveau, l&rsquo;esprit, la perception sans pens\u00e9e et la mutation spirituelle qui en r\u00e9sulte. Cette mutation psychologique et spirituelle en entra\u00eenerait-elle une mutation au niveau des cellules c\u00e9r\u00e9brales?<\/p>\n<p style=\"text-align: justify;\">Jusqu&rsquo;\u00e0 pr\u00e9sent, la plupart des sp\u00e9cialistes du cerveau consid\u00e9raient que la pens\u00e9e et la conscience n&rsquo;\u00e9taient que des \u00e9piph\u00e9nom\u00e8nes de la structure c\u00e9r\u00e9brale.<\/p>\n<p style=\"text-align: justify;\">Krishnamurti estime que cette fa\u00e7on de voir est fausse. Les Prix Nobel de neurophysiologie du cerveau, John Eccles et R. Sperry, consid\u00e8rent, quant \u00e0 eux, qu&rsquo;il existe un champ de conscience universel ind\u00e9pendamment du cerveau et que la structure c\u00e9r\u00e9brale permet d&rsquo;en t\u00e9moigner.<\/p>\n<p style=\"text-align: justify;\"><strong>LA CONNAISSANCE NE \u00abS&rsquo;ORIGINE\u00bb PAS DANS LE CERVEAU<\/strong><\/p>\n<p style=\"text-align: justify;\"><strong> <\/strong><\/p>\n<p style=\"text-align: justify;\">Nous rappellerons que David Bohm d\u00e9clarait dans un expos\u00e9 donn\u00e9 \u00e0 l&rsquo;Universit\u00e9 de Berkeley en 1977 que \u00ab La perception ultime ne s&rsquo;origine pas dans le cerveau ou dans une structure mat\u00e9rielle bien qu&rsquo;une structure mat\u00e9rielle soit la condition de sa manifestation. Le m\u00e9canisme subtil de la connaissance ne s&rsquo;origine pas dans le cerveau \u00bb (cit\u00e9 par Gary Zukav<a href=\"#_edn2\">[2]<\/a>).<\/p>\n<p style=\"text-align: justify;\">Ce qui vient d&rsquo;\u00eatre rappel\u00e9 nous permet de mieux comprendre certains passages de la r\u00e9ponse que Krishnamurti donne \u00e0 la question relative aux rapports entre le cerveau, la pens\u00e9e, l&rsquo;esprit, la mutation, etc.<\/p>\n<p style=\"text-align: justify;\">Krishnamurti d\u00e9clare notamment: \u00abLe cerveau a \u00e9volu\u00e9 au cours du temps. Il a fallu, \u00e0 partir de l&rsquo;unicellulaire, des millions d&rsquo;ann\u00e9es pour en arriver au singe, puis encore un million d&rsquo;ann\u00e9es avant que se soit acquise la station debout et ce, pour aboutir enfin au cerveau humain. Le cerveau humain est log\u00e9 dans le cr\u00e2ne, mais il permet d&rsquo;aller au del\u00e0 de lui-m\u00eame: tout en \u00e9tant assis l\u00e0, vous pouvez penser \u00e0 votre pays ou \u00e0 votre maison et vous y trouver instantan\u00e9ment par la pens\u00e9e, bien que vous soyez physiquement ici. Le cerveau a une capacit\u00e9 immense mais il a \u00e9t\u00e9 conditionn\u00e9 par les limitations du langage, par le climat, la nourriture, l&rsquo;environnement social \u00bb<a href=\"#_edn3\">[3]<\/a>.<\/p>\n<p style=\"text-align: justify;\">Krishnamurti pose ensuite la question de savoir si l&rsquo;\u00eatre humain a la possibilit\u00e9 de se lib\u00e9rer de cet \u00e9norme conditionnement du pass\u00e9. La r\u00e9ponse est positive. Il l&rsquo;a maintes fois exprim\u00e9e dans ses \u00e9crits et conf\u00e9rences. Cette exigence sert de titre \u00e0 l&rsquo;un de ses ouvrages intitul\u00e9 Se lib\u00e9rer du connu. Le connu \u00e9tant pour lui toutes les m\u00e9moires du pass\u00e9. Telle est la raison pour laquelle il d\u00e9clare souvent en anglais (you are a bundle of memories): vous n&rsquo;\u00eates qu&rsquo;un paquet de m\u00e9moires. Nous avons fr\u00e9quemment comment\u00e9 les implications de cette affirmation.<\/p>\n<p style=\"text-align: justify;\">Il est n\u00e9anmoins important de souligner que Krishnamurti insiste sur le fait que pour lui, cet affranchissement de l&#8217;emprise des m\u00e9moires est un fait v\u00e9cu par le d\u00e9passement complet des limitations de l&rsquo;\u00e9go. Il souligne le fait que les savants sont d&rsquo;accord avec le d\u00e9passement des conditionnements du cerveau mais d&rsquo;un point de vue th\u00e9orique uniquement intellectuel et scientifique. Ils ne s&rsquo;engagent jamais eux-m\u00eames dans le v\u00e9cu du processus exp\u00e9rimental m\u00eame. Krishnamurti d\u00e9clare notamment: \u00ab l&rsquo;orateur a discut\u00e9 de ce sujet avec plusieurs scientifiques et ceux-ci ne veulent pas aller aussi loin que l&rsquo;a fait l&rsquo;orateur. Ils le font th\u00e9oriquement mais pas effectivement, c&rsquo;est-\u00e0-dire, en s&rsquo;assurant que ne subsiste en soi pas une ombre d&rsquo;ego. \u00bb<\/p>\n<p style=\"text-align: justify;\"><strong>UN PROCESSUS DE 15 MILLIARDS D&rsquo;ANN\u00c9ES<\/strong><\/p>\n<p style=\"text-align: justify;\">L&rsquo;ego, qui est la totalit\u00e9 du conscient et de l&rsquo;inconscient individuel, n&rsquo;est que m\u00e9moire et le cerveau peut \u00eatre consid\u00e9r\u00e9 comme la mat\u00e9rialisation de milliards de m\u00e9moires. De nombreux savants sont d&rsquo;accord actuellement pour dire que la m\u00e9moire est un processus qui est apparu d\u00e8s la naissance d&rsquo;un univers il y a environ 15 milliards d&rsquo;ann\u00e9es. Telle \u00e9tait l&rsquo;hypoth\u00e8se formul\u00e9e par Jean Charon dans sa nouvelle \u00abpsycho-physique\u00bb. David Bohm a montr\u00e9 tout r\u00e9cemment que les \u00e9lectrons \u00abse r\u00e9pliquent\u00bb en fonction de leurs informations donc de leurs m\u00e9moires.<\/p>\n<p style=\"text-align: justify;\">Les progr\u00e8s de la psychologie nous r\u00e9v\u00e8lent par ailleurs que l&rsquo;\u00eatre humain est divis\u00e9 en fragments contradictoires entre lesquels existent de constantes tensions conflictuelles. Celles-ci finissent fr\u00e9quemment par provoquer des n\u00e9vroses et divers troubles de plus en plus nombreux.<\/p>\n<p style=\"text-align: justify;\">En r\u00e9sum\u00e9, l&rsquo;\u00eatre humain est dans une situation de d\u00e9sordre psychologiquement, donc nerveusement et au niveau du fonctionnement c\u00e9r\u00e9bral.<\/p>\n<p style=\"text-align: justify;\">Krishnamurti attire notre attention sur l\u2019importance de ce d\u00e9sordre et \u00e0 ses repr\u00e9sentations \u00e0 tous les niveaux. Ce d\u00e9sordre est constant et met l&rsquo;\u00eatre humain dans l&rsquo;incapacit\u00e9 de comprendre l&rsquo;Esprit et de b\u00e9n\u00e9ficier des richesses naturelles qu&rsquo;il nous destine.<\/p>\n<p style=\"text-align: justify;\">Telle sont les raisons pour lesquelles Krishnamurti d\u00e9clare: \u00abUn tel cerveau ne peut comprendre ce qu&rsquo;est l&rsquo;Esprit. Il ne s&rsquo;agit pas ici de \u00abmon esprit\u00bb ni de mon cerveau, ni de votre cerveau, mais de l&rsquo;Esprit; cet Esprit qui a cr\u00e9\u00e9 l&rsquo;univers, cet Esprit qui a cr\u00e9\u00e9 la cellule, cet Esprit qui est pure \u00e9nergie et intelligence.<\/p>\n<p style=\"text-align: justify;\">Quand le cerveau est libre, il peut avoir un lien avec l&rsquo;esprit. Les implications de la libert\u00e9 compl\u00e8te du cerveau sont immenses. Si nous n&rsquo;\u00e9tions pas si compliqu\u00e9s elles seraient tr\u00e8s simples. Mais parce que nous sommes tr\u00e8s compliqu\u00e9s, identifi\u00e9s \u00e0 des milliards de m\u00e9moires tr\u00e8s anciennes, il est pour nous, tr\u00e8s compliqu\u00e9 d&rsquo;arriver \u00e0 la simplicit\u00e9 int\u00e9rieure souhait\u00e9e.<\/p>\n<p style=\"text-align: justify;\">Il y a n\u00e9cessit\u00e9 absolue de \u00abmourir \u00e0 nous-m\u00eames\u00bb, \u00e0 nos habitudes, \u00e0 nos pr\u00e9jug\u00e9s, \u00e0 nos revendications, \u00e0 nos pr\u00e9f\u00e9rences, \u00e0 nos r\u00e9pulsions, \u00e0 nos attachements, \u00e0 l&rsquo;automatisme de nos classifications mentales.<\/p>\n<p style=\"text-align: justify;\">Il s&rsquo;agit d&rsquo;une v\u00e9ritable mutation psychologique et spirituelle. Celle-ci s&rsquo;inscrit d&rsquo;ailleurs dans les lois de la Nature. La Nature nous montre un d\u00e9passement constant des niveaux acquis. Les biologistes reconnaissent depuis quelque temps deux caract\u00e8res propres aux esp\u00e8ces vivantes de haute complexit\u00e9 cellulaire: l&rsquo;auto-organisation et l&rsquo;auto-transcendance.<\/p>\n<p style=\"text-align: justify;\">Les th\u00e9ories du Prix Nobel Ilya Prigogine sur les structures dissipatives exposent les m\u00eames id\u00e9es. La nature manifeste dans l&rsquo;\u00e9volution un caract\u00e8re inventif. Ses processus ont une dominante d&rsquo;irr\u00e9versibilit\u00e9. L&rsquo;univers n&rsquo;est pas une gigantesque m\u00e9canique form\u00e9e de rouages rigides fonctionnant de fa\u00e7on lin\u00e9aire et uniquement r\u00e9p\u00e9titive. Lorsqu&rsquo;une phase est atteinte, une p\u00e9riode de crise succ\u00e8de \u00e0 son m\u00fbrissement. Cette p\u00e9riode de crise permet de discerner les erreurs qui l&rsquo;ont engendr\u00e9e et une nouvelle phase s&rsquo;improvise selon des processus qui sont souvent rigoureusement non-pr\u00e9dictibles. Il y a, dans l&rsquo;\u00e9volution, l&rsquo;influence d&rsquo;un processus de cr\u00e9ation et d&rsquo;invention constante.<\/p>\n<p style=\"text-align: justify;\">Telles sont les raisons pour lesquelles, ainsi que l&rsquo;\u00e9crivait Sri Aurobindo, l&rsquo;\u00e9go\u00efsme fut une aide, mais il est l&rsquo;entrave. La pens\u00e9e fut une aide, mais elle est l&rsquo;entrave.<\/p>\n<p style=\"text-align: justify;\">L&rsquo;\u00e9tat de d\u00e9sordre dans lequel se trouve le cerveau peut \u00eatre une occasion permettant \u00e0 l&rsquo;\u00eatre humain d&rsquo;acc\u00e9der \u00e0 un niveau de conscience infiniment sup\u00e9rieur \u00e0 celui qui nous est familier. Il s&rsquo;agit, en fait, d&rsquo;une mutation spirituelle entra\u00eenant une mutation au niveau des cellules du cerveau. Le processus que nous venons d&rsquo;\u00e9voquer ici est en opposition radicale avec les enseignements de l&rsquo;\u00e9cole ancienne de la neurophysiologie du cerveau et ceux de plusieurs neurophysiologues rationalistes actuels, tel Changeux dans l&rsquo;homme neuronal, ouvrage visiblement destin\u00e9 \u00e0 d\u00e9fendre l&rsquo;ancienne vision m\u00e9caniste et d\u00e9valoriser les hypoth\u00e8ses non m\u00e9canistes d&rsquo;avant-garde.<\/p>\n<p style=\"text-align: justify;\">Le point de vue de Krishnamurti concernant la mutation des cellules c\u00e9r\u00e9brales est \u00e9nonc\u00e9 dans la r\u00e9ponse qu&rsquo;il donne \u00e0 une question relative \u00e0 ce probl\u00e8me:<\/p>\n<p style=\"text-align: justify;\">\u00abIl y a une mutation dans les cellules c\u00e9r\u00e9brales elles-m\u00eames non induites par un effort quelconque, ni par la volont\u00e9, ni par un quelconque motif mais quand il y a perception.\u00bb<\/p>\n<p style=\"text-align: justify;\">Tout est l\u00e0! Et lorsque le mot \u00abperception\u00bb est \u00e9voqu\u00e9 par Krishnamurti, est-il encore n\u00e9cessaire de r\u00e9p\u00e9ter qu&rsquo;il \u00e9voque un \u00e9tat d&rsquo;attention dans lequel n&rsquo;interviennent plus les automatismes de la m\u00e9moire, de la pens\u00e9e. Mais d\u00e8s lors se pose la question fondamentale de savoir \u00abQui\u00bb per\u00e7oit? \u00ab Qui\u00a0\u00bb per\u00e7oit lorsque tous les automatismes de m\u00e9moire, de choix, de jugement sont absents? \u00abQui\u00bb per\u00e7oit lorsque tous les r\u00e9sidus psychologiques du pass\u00e9 sont absents? \u00abQui\u00bb per\u00e7oit lorsqu&rsquo;il n&rsquo;y a plus de \u00abmoi\u00bb ou plus d&rsquo;ego? \u00abQui\u00bb per\u00e7oit lorsqu&rsquo;il ne reste plus qu&rsquo;un corps, une structure mat\u00e9rielle, un cerveau, d\u00e9pouill\u00e9 de tous les r\u00e9sidus et de tous les \u00e9chos du pass\u00e9? La r\u00e9ponse est claire et \u00e9vidente: c&rsquo;est l&rsquo;Esprit! Krishnamurti d\u00e9clarait \u2014nous l&rsquo;avons dit plus haut\u2014 \u00abCet Esprit qui a cr\u00e9\u00e9 l&rsquo;univers, cet Esprit qui a cr\u00e9\u00e9 la cellule, cet Esprit qui est pure \u00e9nergie et intelligence.\u00a0\u00bb<\/p>\n<p style=\"text-align: justify;\">En guise de conclusion nous dirons que seule la compr\u00e9hension intellectuelle de ce qui pr\u00e9c\u00e8de est absolument insuffisante et presque sans valeur par rapport au v\u00e9cu exp\u00e9rimental.<\/p>\n<p style=\"text-align: justify;\">Parler de la perception globale et la commenter offre quelque similitude avec la situation d&rsquo;un affam\u00e9 qui ne cesse de discuter sur la saveur merveilleuse d&rsquo;une nourriture exquise sans la d\u00e9guster.<\/p>\n<hr style=\"text-align: justify;\" size=\"1\" \/>\n<p style=\"text-align: justify;\"><a href=\"#_ednref1\">[1]<\/a> Dr. Larry Dossey, Space, time and medecine, Shambhala, Boulder U.S.A.<\/p>\n<p style=\"text-align: justify;\">\n<p style=\"text-align: justify;\"><a href=\"#_ednref2\">[2]<\/a> La Danse des \u00e9l\u00e9ments, Robert Laffont<\/p>\n<p style=\"text-align: justify;\"><a href=\"#_ednref3\">[3]<\/a> Extrait d&rsquo;une causerie de Krishnamurti donn\u00e9e \u00e0 Saanen en 1983 et reproduite partiellement dans la revue Aurores n\u00b037, nov. 1983<\/p>\n","protected":false},"excerpt":{"rendered":"<p>KRISHNAMURTI insiste \u00e9galement sur l&rsquo;importance d&rsquo;une perception directe et globale tr\u00e8s diff\u00e9rente de celle qui nous est famili\u00e8re. Pour \u00eatre ad\u00e9quate et parfaite l&rsquo;attention implique des conditions qui sont rarement prises en consid\u00e9ration. Pour \u00eatre ad\u00e9quate, la perception requiert \u00e0 la fois une qualit\u00e9 d&rsquo;intelligence et un \u00e9l\u00e9ment d&rsquo;affectivit\u00e9 de qualit\u00e9 sup\u00e9rieure. L&rsquo;\u00e9l\u00e9ment affectif, au sens o\u00f9 l&rsquo;entend Krishnamurti, est d\u00e9gag\u00e9 du sentimentalisme et des impulsions qui nous sont famili\u00e8res. Pour Krishnamurti, l&rsquo;\u00e9l\u00e9ment affectif n&rsquo;est pas s\u00e9par\u00e9 de l&rsquo;intelligence. Pour cette raison il a utilis\u00e9 pendant plusieurs ann\u00e9es l&rsquo;expression d&rsquo; \u00abesprit-c\u0153ur \u00bb.<\/p>\n","protected":false},"author":1,"featured_media":0,"comment_status":"closed","ping_status":"open","sticky":false,"template":"","format":"standard","meta":{"footnotes":""},"categories":[66],"tags":[105,6,104],"class_list":["post-787","post","type-post","status-publish","format-standard","hentry","category-r-linssen","tag-intelligence","tag-krishnamurti","tag-pensee"],"yoast_head":"<!-- This site is optimized with the Yoast SEO plugin v27.0 - https:\/\/yoast.com\/product\/yoast-seo-wordpress\/ -->\n<title>Krishnamurti: &quot;la pens\u00e9e n&#039;est pas l&#039;intelligence&quot; par Robert Linssen - 3e mill\u00e9naire - Spiritualit\u00e9 - Connaissance de soi - Non-dualit\u00e9 - M\u00e9ditation<\/title>\n<meta name=\"robots\" content=\"index, follow, max-snippet:-1, max-image-preview:large, max-video-preview:-1\" \/>\n<link rel=\"canonical\" href=\"https:\/\/www.revue3emillenaire.com\/blog\/787\/\" \/>\n<meta property=\"og:locale\" content=\"fr_FR\" \/>\n<meta property=\"og:type\" content=\"article\" \/>\n<meta property=\"og:title\" content=\"Krishnamurti: &quot;la pens\u00e9e n&#039;est pas l&#039;intelligence&quot; par Robert Linssen - 3e mill\u00e9naire - Spiritualit\u00e9 - Connaissance de soi - Non-dualit\u00e9 - M\u00e9ditation\" \/>\n<meta property=\"og:description\" content=\"KRISHNAMURTI insiste \u00e9galement sur l&#039;importance d&#039;une perception directe et globale tr\u00e8s diff\u00e9rente de celle qui nous est famili\u00e8re. Pour \u00eatre ad\u00e9quate et parfaite l&#039;attention implique des conditions qui sont rarement prises en consid\u00e9ration. Pour \u00eatre ad\u00e9quate, la perception requiert \u00e0 la fois une qualit\u00e9 d&#039;intelligence et un \u00e9l\u00e9ment d&#039;affectivit\u00e9 de qualit\u00e9 sup\u00e9rieure. L&#039;\u00e9l\u00e9ment affectif, au sens o\u00f9 l&#039;entend Krishnamurti, est d\u00e9gag\u00e9 du sentimentalisme et des impulsions qui nous sont famili\u00e8res. Pour Krishnamurti, l&#039;\u00e9l\u00e9ment affectif n&#039;est pas s\u00e9par\u00e9 de l&#039;intelligence. Pour cette raison il a utilis\u00e9 pendant plusieurs ann\u00e9es l&#039;expression d&#039; \u00abesprit-c\u0153ur \u00bb.\" \/>\n<meta property=\"og:url\" content=\"https:\/\/www.revue3emillenaire.com\/blog\/787\/\" \/>\n<meta property=\"og:site_name\" content=\"3e mill\u00e9naire - Spiritualit\u00e9 - Connaissance de soi - Non-dualit\u00e9 - M\u00e9ditation\" \/>\n<meta property=\"article:published_time\" content=\"2009-12-22T23:44:17+00:00\" \/>\n<meta property=\"article:modified_time\" content=\"2011-09-22T21:34:29+00:00\" \/>\n<meta name=\"author\" content=\"3e mill\u00e9naire\" \/>\n<meta name=\"twitter:card\" content=\"summary_large_image\" \/>\n<meta name=\"twitter:label1\" content=\"\u00c9crit par\" \/>\n\t<meta name=\"twitter:data1\" content=\"3e mill\u00e9naire\" \/>\n\t<meta name=\"twitter:label2\" content=\"Dur\u00e9e de lecture estim\u00e9e\" \/>\n\t<meta name=\"twitter:data2\" content=\"12 minutes\" \/>\n<script type=\"application\/ld+json\" class=\"yoast-schema-graph\">{\"@context\":\"https:\/\/schema.org\",\"@graph\":[{\"@type\":\"Article\",\"@id\":\"https:\/\/www.revue3emillenaire.com\/blog\/787\/#article\",\"isPartOf\":{\"@id\":\"https:\/\/www.revue3emillenaire.com\/blog\/787\/\"},\"author\":{\"name\":\"3e mill\u00e9naire\",\"@id\":\"https:\/\/www.revue3emillenaire.com\/blog\/#\/schema\/person\/9a3a7cc4ccaa707f402d4394327106d5\"},\"headline\":\"Krishnamurti: \u00ab\u00a0la pens\u00e9e n&rsquo;est pas l&rsquo;intelligence\u00a0\u00bb par Robert Linssen\",\"datePublished\":\"2009-12-22T23:44:17+00:00\",\"dateModified\":\"2011-09-22T21:34:29+00:00\",\"mainEntityOfPage\":{\"@id\":\"https:\/\/www.revue3emillenaire.com\/blog\/787\/\"},\"wordCount\":2450,\"keywords\":[\"intelligence\",\"Krishnamurti\",\"Pens\u00e9e\"],\"articleSection\":[\"Linssen Robert\"],\"inLanguage\":\"fr-FR\"},{\"@type\":\"WebPage\",\"@id\":\"https:\/\/www.revue3emillenaire.com\/blog\/787\/\",\"url\":\"https:\/\/www.revue3emillenaire.com\/blog\/787\/\",\"name\":\"Krishnamurti: \\\"la pens\u00e9e n'est pas l'intelligence\\\" par Robert Linssen - 3e mill\u00e9naire - Spiritualit\u00e9 - Connaissance de soi - Non-dualit\u00e9 - M\u00e9ditation\",\"isPartOf\":{\"@id\":\"https:\/\/www.revue3emillenaire.com\/blog\/#website\"},\"datePublished\":\"2009-12-22T23:44:17+00:00\",\"dateModified\":\"2011-09-22T21:34:29+00:00\",\"author\":{\"@id\":\"https:\/\/www.revue3emillenaire.com\/blog\/#\/schema\/person\/9a3a7cc4ccaa707f402d4394327106d5\"},\"breadcrumb\":{\"@id\":\"https:\/\/www.revue3emillenaire.com\/blog\/787\/#breadcrumb\"},\"inLanguage\":\"fr-FR\",\"potentialAction\":[{\"@type\":\"ReadAction\",\"target\":[\"https:\/\/www.revue3emillenaire.com\/blog\/787\/\"]}]},{\"@type\":\"BreadcrumbList\",\"@id\":\"https:\/\/www.revue3emillenaire.com\/blog\/787\/#breadcrumb\",\"itemListElement\":[{\"@type\":\"ListItem\",\"position\":1,\"name\":\"Accueil\",\"item\":\"https:\/\/www.revue3emillenaire.com\/blog\/\"},{\"@type\":\"ListItem\",\"position\":2,\"name\":\"Krishnamurti: \u00ab\u00a0la pens\u00e9e n&rsquo;est pas l&rsquo;intelligence\u00a0\u00bb par Robert Linssen\"}]},{\"@type\":\"WebSite\",\"@id\":\"https:\/\/www.revue3emillenaire.com\/blog\/#website\",\"url\":\"https:\/\/www.revue3emillenaire.com\/blog\/\",\"name\":\"3e mill\u00e9naire - Spiritualit\u00e9 - Connaissance de soi - Non-dualit\u00e9 - M\u00e9ditation\",\"description\":\"L&#039;Homme en devenir\",\"potentialAction\":[{\"@type\":\"SearchAction\",\"target\":{\"@type\":\"EntryPoint\",\"urlTemplate\":\"https:\/\/www.revue3emillenaire.com\/blog\/?s={search_term_string}\"},\"query-input\":{\"@type\":\"PropertyValueSpecification\",\"valueRequired\":true,\"valueName\":\"search_term_string\"}}],\"inLanguage\":\"fr-FR\"},{\"@type\":\"Person\",\"@id\":\"https:\/\/www.revue3emillenaire.com\/blog\/#\/schema\/person\/9a3a7cc4ccaa707f402d4394327106d5\",\"name\":\"3e mill\u00e9naire\",\"url\":\"https:\/\/www.revue3emillenaire.com\/blog\/author\/admin\/\"}]}<\/script>\n<!-- \/ Yoast SEO plugin. -->","yoast_head_json":{"title":"Krishnamurti: \"la pens\u00e9e n'est pas l'intelligence\" par Robert Linssen - 3e mill\u00e9naire - Spiritualit\u00e9 - Connaissance de soi - Non-dualit\u00e9 - M\u00e9ditation","robots":{"index":"index","follow":"follow","max-snippet":"max-snippet:-1","max-image-preview":"max-image-preview:large","max-video-preview":"max-video-preview:-1"},"canonical":"https:\/\/www.revue3emillenaire.com\/blog\/787\/","og_locale":"fr_FR","og_type":"article","og_title":"Krishnamurti: \"la pens\u00e9e n'est pas l'intelligence\" par Robert Linssen - 3e mill\u00e9naire - Spiritualit\u00e9 - Connaissance de soi - Non-dualit\u00e9 - M\u00e9ditation","og_description":"KRISHNAMURTI insiste \u00e9galement sur l'importance d'une perception directe et globale tr\u00e8s diff\u00e9rente de celle qui nous est famili\u00e8re. Pour \u00eatre ad\u00e9quate et parfaite l'attention implique des conditions qui sont rarement prises en consid\u00e9ration. Pour \u00eatre ad\u00e9quate, la perception requiert \u00e0 la fois une qualit\u00e9 d'intelligence et un \u00e9l\u00e9ment d'affectivit\u00e9 de qualit\u00e9 sup\u00e9rieure. L'\u00e9l\u00e9ment affectif, au sens o\u00f9 l'entend Krishnamurti, est d\u00e9gag\u00e9 du sentimentalisme et des impulsions qui nous sont famili\u00e8res. Pour Krishnamurti, l'\u00e9l\u00e9ment affectif n'est pas s\u00e9par\u00e9 de l'intelligence. Pour cette raison il a utilis\u00e9 pendant plusieurs ann\u00e9es l'expression d' \u00abesprit-c\u0153ur \u00bb.","og_url":"https:\/\/www.revue3emillenaire.com\/blog\/787\/","og_site_name":"3e mill\u00e9naire - Spiritualit\u00e9 - Connaissance de soi - Non-dualit\u00e9 - M\u00e9ditation","article_published_time":"2009-12-22T23:44:17+00:00","article_modified_time":"2011-09-22T21:34:29+00:00","author":"3e mill\u00e9naire","twitter_card":"summary_large_image","twitter_misc":{"\u00c9crit par":"3e mill\u00e9naire","Dur\u00e9e de lecture estim\u00e9e":"12 minutes"},"schema":{"@context":"https:\/\/schema.org","@graph":[{"@type":"Article","@id":"https:\/\/www.revue3emillenaire.com\/blog\/787\/#article","isPartOf":{"@id":"https:\/\/www.revue3emillenaire.com\/blog\/787\/"},"author":{"name":"3e mill\u00e9naire","@id":"https:\/\/www.revue3emillenaire.com\/blog\/#\/schema\/person\/9a3a7cc4ccaa707f402d4394327106d5"},"headline":"Krishnamurti: \u00ab\u00a0la pens\u00e9e n&rsquo;est pas l&rsquo;intelligence\u00a0\u00bb par Robert Linssen","datePublished":"2009-12-22T23:44:17+00:00","dateModified":"2011-09-22T21:34:29+00:00","mainEntityOfPage":{"@id":"https:\/\/www.revue3emillenaire.com\/blog\/787\/"},"wordCount":2450,"keywords":["intelligence","Krishnamurti","Pens\u00e9e"],"articleSection":["Linssen Robert"],"inLanguage":"fr-FR"},{"@type":"WebPage","@id":"https:\/\/www.revue3emillenaire.com\/blog\/787\/","url":"https:\/\/www.revue3emillenaire.com\/blog\/787\/","name":"Krishnamurti: \"la pens\u00e9e n'est pas l'intelligence\" par Robert Linssen - 3e mill\u00e9naire - Spiritualit\u00e9 - Connaissance de soi - Non-dualit\u00e9 - M\u00e9ditation","isPartOf":{"@id":"https:\/\/www.revue3emillenaire.com\/blog\/#website"},"datePublished":"2009-12-22T23:44:17+00:00","dateModified":"2011-09-22T21:34:29+00:00","author":{"@id":"https:\/\/www.revue3emillenaire.com\/blog\/#\/schema\/person\/9a3a7cc4ccaa707f402d4394327106d5"},"breadcrumb":{"@id":"https:\/\/www.revue3emillenaire.com\/blog\/787\/#breadcrumb"},"inLanguage":"fr-FR","potentialAction":[{"@type":"ReadAction","target":["https:\/\/www.revue3emillenaire.com\/blog\/787\/"]}]},{"@type":"BreadcrumbList","@id":"https:\/\/www.revue3emillenaire.com\/blog\/787\/#breadcrumb","itemListElement":[{"@type":"ListItem","position":1,"name":"Accueil","item":"https:\/\/www.revue3emillenaire.com\/blog\/"},{"@type":"ListItem","position":2,"name":"Krishnamurti: \u00ab\u00a0la pens\u00e9e n&rsquo;est pas l&rsquo;intelligence\u00a0\u00bb par Robert Linssen"}]},{"@type":"WebSite","@id":"https:\/\/www.revue3emillenaire.com\/blog\/#website","url":"https:\/\/www.revue3emillenaire.com\/blog\/","name":"3e mill\u00e9naire - Spiritualit\u00e9 - Connaissance de soi - Non-dualit\u00e9 - M\u00e9ditation","description":"L&#039;Homme en devenir","potentialAction":[{"@type":"SearchAction","target":{"@type":"EntryPoint","urlTemplate":"https:\/\/www.revue3emillenaire.com\/blog\/?s={search_term_string}"},"query-input":{"@type":"PropertyValueSpecification","valueRequired":true,"valueName":"search_term_string"}}],"inLanguage":"fr-FR"},{"@type":"Person","@id":"https:\/\/www.revue3emillenaire.com\/blog\/#\/schema\/person\/9a3a7cc4ccaa707f402d4394327106d5","name":"3e mill\u00e9naire","url":"https:\/\/www.revue3emillenaire.com\/blog\/author\/admin\/"}]}},"_links":{"self":[{"href":"https:\/\/www.revue3emillenaire.com\/blog\/wp-json\/wp\/v2\/posts\/787","targetHints":{"allow":["GET"]}}],"collection":[{"href":"https:\/\/www.revue3emillenaire.com\/blog\/wp-json\/wp\/v2\/posts"}],"about":[{"href":"https:\/\/www.revue3emillenaire.com\/blog\/wp-json\/wp\/v2\/types\/post"}],"author":[{"embeddable":true,"href":"https:\/\/www.revue3emillenaire.com\/blog\/wp-json\/wp\/v2\/users\/1"}],"replies":[{"embeddable":true,"href":"https:\/\/www.revue3emillenaire.com\/blog\/wp-json\/wp\/v2\/comments?post=787"}],"version-history":[{"count":0,"href":"https:\/\/www.revue3emillenaire.com\/blog\/wp-json\/wp\/v2\/posts\/787\/revisions"}],"wp:attachment":[{"href":"https:\/\/www.revue3emillenaire.com\/blog\/wp-json\/wp\/v2\/media?parent=787"}],"wp:term":[{"taxonomy":"category","embeddable":true,"href":"https:\/\/www.revue3emillenaire.com\/blog\/wp-json\/wp\/v2\/categories?post=787"},{"taxonomy":"post_tag","embeddable":true,"href":"https:\/\/www.revue3emillenaire.com\/blog\/wp-json\/wp\/v2\/tags?post=787"}],"curies":[{"name":"wp","href":"https:\/\/api.w.org\/{rel}","templated":true}]}}