{"id":7911,"date":"2011-08-28T18:56:07","date_gmt":"2011-08-28T17:56:07","guid":{"rendered":"http:\/\/www.revue3emillenaire.com\/blog\/?p=7911"},"modified":"2011-08-28T18:56:07","modified_gmt":"2011-08-28T17:56:07","slug":"vegetarisme-et-spiritualite-par-edoardo-bratina","status":"publish","type":"post","link":"https:\/\/www.revue3emillenaire.com\/blog\/vegetarisme-et-spiritualite-par-edoardo-bratina\/","title":{"rendered":"V\u00e9g\u00e9tarisme et spiritualit\u00e9 par Edoardo Bratina"},"content":{"rendered":"<p style=\"text-align: justify;\">(Revue Le Lotus Bleu. D\u00e9cembre 1982)<\/p>\n<p style=\"text-align: justify;\">\n<p style=\"text-align: justify;\">On sait que depuis l&rsquo;antiquit\u00e9 on recommandait \u00e0 ceux qui voulaient pratiquer une discipline spirituelle et notamment la m\u00e9ditation, de suivre des normes strictes d&rsquo;une alimentation v\u00e9g\u00e9tarienne, pour obtenir des r\u00e9sultats r\u00e9els dans cette discipline. De telles prescriptions \u00e9taient justifi\u00e9es non seulement pour des raisons morales, pour ne pas causer des souffrances \u00e0 des \u00eatres vivants, mais aussi pour des raisons d&rsquo;ordre physiologique, et il est en effet facile \u00e0 d\u00e9couvrir, par l&rsquo;exp\u00e9rience personnelle, que l&rsquo;alimentation v\u00e9g\u00e9tarienne constitue une condition essentielle pour obtenir les meilleurs r\u00e9sultats.<\/p>\n<p style=\"text-align: justify;\">\n<p style=\"text-align: justify;\">C.W. Leadbeater dans son opuscule \u00ab V\u00e9g\u00e9tarisme et Occultisme \u00bb met en \u00e9vidence les deux raisons principales qui militent en faveur du v\u00e9g\u00e9tarisme : celles qui sont physiologiques et celles qui sont occultes. Les premi\u00e8res se basent sur des recherches faites par des hommes de science \u00e9minents qui ont d\u00e9montr\u00e9 que l&rsquo;alimentation v\u00e9g\u00e9tarienne compl\u00e8te est la seule rationnelle pour l&rsquo;homme. En effet il ressort des statistiques que les v\u00e9g\u00e9tariens vivent plus longtemps, et qu&rsquo;ils sont moins sujets \u00e0 des maladies infectieuses et de d\u00e9g\u00e9n\u00e9rescence. Les raisons occultes invoqu\u00e9es par C.W. Leadbeater en faveur du v\u00e9g\u00e9tarisme r\u00e9sident dans le fait reconnu que chaque cellule de l&rsquo;organisme est un syst\u00e8me vibrant et il s&rsquo;ensuit que l&rsquo;assimilation par l&rsquo;homme de cellules animales stimule des vibrations analogues en l&rsquo;homme lui-m\u00eame. Les animaux \u00e9prouvent des \u00e9motions violentes qui de cette mani\u00e8re tendent \u00e0 se reproduire dans l&rsquo;homme qui se nourrit de leur chair, ce qui abaisse le niveau moyen de sa conscience sensible. En outre les animaux terroris\u00e9s par les mauvais traitements et l&rsquo;abattage impriment encore une plus grande violence \u00e0 leurs \u00e9motions ; et ils secr\u00e8tent dans le sang des toxines g\u00e9n\u00e9r\u00e9es par la peur, la fatigue et la haine envers l&rsquo;homme suscit\u00e9es en de telles conditions.<\/p>\n<p style=\"text-align: justify;\">\n<p style=\"text-align: justify;\">Plus r\u00e9cemment on a d\u00e9couvert \u00e9galement d&rsquo;autres m\u00e9canismes psychophysiologiques de la plus haute importance et facilement v\u00e9rifiables, et qui d\u00e9montrent d&rsquo;une fa\u00e7on incontestable que l&rsquo;alimentation v\u00e9g\u00e9tarienne est essentielle pour une m\u00e9ditation valable, reconnue comme base indispensable de toute discipline spirituelle.<\/p>\n<p style=\"text-align: justify;\">\n<p style=\"text-align: justify;\">On sait que la nourriture carn\u00e9e accroit l&rsquo;acidit\u00e9 du sang, tandis que l&rsquo;ingestion de v\u00e9g\u00e9taux et de fruits tend \u00e0 augmenter l&rsquo;alcalinit\u00e9. Nous savons \u00e9galement que l&rsquo;organisme r\u00e9agit \u00e0 l&rsquo;acidit\u00e9 par la diminution de l&rsquo;anhydride carbonique (CO<sub>2<\/sub>) dans le sang et un plus grand besoin en oxyg\u00e8ne : en outre l&rsquo;acidit\u00e9 favorise la prolif\u00e9ration microbienne.<\/p>\n<p style=\"text-align: justify;\">\n<p style=\"text-align: justify;\">L&rsquo;alimentation v\u00e9g\u00e9tarienne provoque l&rsquo;effet oppos\u00e9 ; elle r\u00e9duit l&rsquo;acidit\u00e9 du sang et d\u00e9termine ainsi automatiquement l&rsquo;augmentation de la pression de l&rsquo;anhydride carbonique (ou dioxyde de carbone) dans les poumons et par cons\u00e9quent une r\u00e9duction de la quantit\u00e9 d&rsquo;oxyg\u00e8ne qui afflue au cerveau.<\/p>\n<p style=\"text-align: justify;\">\n<p style=\"text-align: justify;\">Ce processus d\u00e9clenche une s\u00e9rie de r\u00e9actions en cha\u00eene. Le sang moins oxyg\u00e9n\u00e9 provoque la dilatation des vaisseaux sanguins du cerveau et favorise ainsi le rythme \u00ab alpha \u00bb qui est celui qui pr\u00e9vaut normalement \u00e0 l&rsquo;\u00e9tat de m\u00e9ditation et dans l&rsquo;exercice de la perception extrasensorielle. Le m\u00eame processus a lieu dans la relaxation neuromusculaire puisqu&rsquo;elle ralentit le rythme respiratoire, donc une moindre quantit\u00e9 d&rsquo;oxyg\u00e8ne est inhal\u00e9e, ce qui entra\u00eene une augmentation proportionnelle de l&rsquo;anhydride carbonique dans le sang. Ceci provoque l&rsquo;acc\u00e9l\u00e9ration du rythme c\u00e9r\u00e9bral correspondant \u00e0 l&rsquo;onde \u00ab alpha \u00bb, analogue \u00e0 celle qui s&rsquo;\u00e9tablit dans l&rsquo;\u00e9tat de m\u00e9ditation.<\/p>\n<p style=\"text-align: justify;\">\n<p style=\"text-align: justify;\">Une h\u00e9morragie subite provoque la m\u00eame condition ; la perte de sang entra\u00eene une oxyg\u00e9nation diminu\u00e9e du cerveau, un accroissement du CO<sub>2<\/sub> dans le sang, l&rsquo;effet du rythme c\u00e9r\u00e9bral \u00ab alpha \u00bb, la relaxation musculaire, la sensation du d\u00e9tachement des influences du monde, un sentiment de bien-\u00eatre, etc&#8230; Des \u00e9tats analogues se rencontrent \u00e9galement en haute montagne, o\u00f9 \u00e0 cause de la moindre quantit\u00e9 d&rsquo;oxyg\u00e8ne s&rsquo;\u00e9tablit spontan\u00e9ment le rythme c\u00e9r\u00e9bral \u00ab alpha \u00bb. C&rsquo;est peut-\u00eatre pour cette raison que les montagnards sont des gens calmes et r\u00e9fl\u00e9chis. La passion pour l&rsquo;alpinisme est due probablement \u00e0 une telle exp\u00e9rience de s\u00e9r\u00e9nit\u00e9 que procure la haute montagne. Les anachor\u00e8tes de toutes les religions choisissent leurs demeures sur les altitudes et c&rsquo;est peut-\u00eatre pour cette raison que le haut plateau du Tibet a \u00e9t\u00e9, depuis les temps les plus antiques, la r\u00e9sidence pr\u00e9f\u00e9r\u00e9e des mystiques et des mages.<\/p>\n<p style=\"text-align: justify;\">\n<p style=\"text-align: justify;\">Un alpiniste qui participait \u00e0 une exp\u00e9dition sur l&rsquo;Himalaya d\u00e9crivit en ces termes ses sensations lors de la mont\u00e9e sur l&rsquo;Everest : \u00ab Je sentis une moiti\u00e9 de moi-m\u00eame qui s&rsquo;\u00e9levait, pleine d&rsquo;une assurance sublime et consciente de la beaut\u00e9 des lieux ; elle gronda, encouragea et fortifia l&rsquo;autre partie de moi, qui supportait p\u00e9niblement les efforts de l&rsquo;ascension\u00a0\u00bb.<\/p>\n<p style=\"text-align: justify;\">\n<p style=\"text-align: justify;\">En ces derni\u00e8res ann\u00e9es de nombreux examens psychophysique ont \u00e9t\u00e9 accomplis sur des sujets en \u00e9tat de m\u00e9ditation comme des Yoguis indiens, des moines tib\u00e9tains et moines Zen japonais et \u00e9galement sur des personnes occidentales entra\u00een\u00e9es \u00e0 la m\u00e9ditation. Dans tous les cas on a constat\u00e9 la pr\u00e9sence de rythmes c\u00e9r\u00e9braux \u00ab alpha \u00bb de grande amplitude et la diminution de la consommation d&rsquo;oxyg\u00e8ne qui dans certains cas se r\u00e9duisit jusqu&rsquo;\u00e0 50 % du minimum consid\u00e9r\u00e9 comme n\u00e9cessaire pour le maintien des fonctions vitales.<\/p>\n<p style=\"text-align: justify;\">\n<p style=\"text-align: justify;\">En m\u00eame temps on a constat\u00e9 toutes les autres phases du processus en cha\u00eene. Ceci d\u00e9montre que l&rsquo;alimentation v\u00e9g\u00e9tarienne constitue une condition essentielle pour la pratique de la m\u00e9ditation en particulier et pour la vie spirituelle en g\u00e9n\u00e9ral, \u00e9tant donn\u00e9 qu&rsquo;elle pr\u00e9dispose au rythme c\u00e9r\u00e9bral \u00ab alpha \u00bb, qui s&rsquo;exprime par la s\u00e9r\u00e9nit\u00e9 et le calme int\u00e9rieur. Avec une nourriture carn\u00e9e il est presque impossible de conserver d&rsquo;une fa\u00e7on prolong\u00e9e le rythme \u00ab alpha \u00bb sans alt\u00e9rer les m\u00e9canismes psychophysiques et qui entra\u00eene des d\u00e9s\u00e9quilibres m\u00e9taboliques et l&rsquo;apparition de troubles organiques.<\/p>\n<p style=\"text-align: justify;\">\n<p style=\"text-align: justify;\">Il ne suffit \u00e9videmment pas d&rsquo;\u00eatre v\u00e9g\u00e9tarien pour devenir spirituel, pas plus qu&rsquo;un s\u00e9jour en haute montagne ne saurait y suffire, mais telles sont indubitablement les conditions qui favorisent la m\u00e9ditation laquelle ouvre la voie \u00e0 la Spiritualit\u00e9.<\/p>\n<p style=\"text-align: right;\">Edoardo BRATINA<\/p>\n<p style=\"text-align: right;\">Rivista Italiana di Teosofia, mai 1982<\/p>\n<p style=\"text-align: justify;\">\n","protected":false},"excerpt":{"rendered":"<p>L&rsquo;alimentation v\u00e9g\u00e9tarienne provoque l&rsquo;effet oppos\u00e9 ; elle r\u00e9duit l&rsquo;acidit\u00e9 du sang et d\u00e9termine ainsi automatiquement l&rsquo;augmentation de la pression de l&rsquo;anhydride carbonique (ou dioxyde de carbone) dans les poumons et par cons\u00e9quent une r\u00e9duction de la quantit\u00e9 d&rsquo;oxyg\u00e8ne qui afflue au cerveau.<\/p>\n","protected":false},"author":1,"featured_media":0,"comment_status":"closed","ping_status":"closed","sticky":false,"template":"","format":"standard","meta":{"footnotes":""},"categories":[15],"tags":[14],"class_list":["post-7911","post","type-post","status-publish","format-standard","hentry","category-theosophie","tag-meditation"],"yoast_head":"<!-- This site is optimized with the Yoast SEO plugin v27.0 - https:\/\/yoast.com\/product\/yoast-seo-wordpress\/ -->\n<title>V\u00e9g\u00e9tarisme et spiritualit\u00e9 par Edoardo Bratina - 3e mill\u00e9naire - Spiritualit\u00e9 - Connaissance de soi - Non-dualit\u00e9 - M\u00e9ditation<\/title>\n<meta name=\"robots\" content=\"index, follow, max-snippet:-1, max-image-preview:large, max-video-preview:-1\" \/>\n<link rel=\"canonical\" href=\"https:\/\/www.revue3emillenaire.com\/blog\/vegetarisme-et-spiritualite-par-edoardo-bratina\/\" \/>\n<meta property=\"og:locale\" content=\"fr_FR\" \/>\n<meta property=\"og:type\" content=\"article\" \/>\n<meta property=\"og:title\" content=\"V\u00e9g\u00e9tarisme et spiritualit\u00e9 par Edoardo Bratina - 3e mill\u00e9naire - Spiritualit\u00e9 - Connaissance de soi - Non-dualit\u00e9 - M\u00e9ditation\" \/>\n<meta property=\"og:description\" content=\"L&#039;alimentation v\u00e9g\u00e9tarienne provoque l&#039;effet oppos\u00e9 ; elle r\u00e9duit l&#039;acidit\u00e9 du sang et d\u00e9termine ainsi automatiquement l&#039;augmentation de la pression de l&#039;anhydride carbonique (ou dioxyde de carbone) dans les poumons et par cons\u00e9quent une r\u00e9duction de la quantit\u00e9 d&#039;oxyg\u00e8ne qui afflue au cerveau.\" \/>\n<meta property=\"og:url\" content=\"https:\/\/www.revue3emillenaire.com\/blog\/vegetarisme-et-spiritualite-par-edoardo-bratina\/\" \/>\n<meta property=\"og:site_name\" content=\"3e mill\u00e9naire - Spiritualit\u00e9 - Connaissance de soi - Non-dualit\u00e9 - M\u00e9ditation\" \/>\n<meta property=\"article:published_time\" content=\"2011-08-28T17:56:07+00:00\" \/>\n<meta name=\"author\" content=\"3e mill\u00e9naire\" \/>\n<meta name=\"twitter:card\" content=\"summary_large_image\" \/>\n<meta name=\"twitter:label1\" content=\"\u00c9crit par\" \/>\n\t<meta name=\"twitter:data1\" content=\"3e mill\u00e9naire\" \/>\n\t<meta name=\"twitter:label2\" content=\"Dur\u00e9e de lecture estim\u00e9e\" \/>\n\t<meta name=\"twitter:data2\" content=\"5 minutes\" \/>\n<script type=\"application\/ld+json\" class=\"yoast-schema-graph\">{\"@context\":\"https:\/\/schema.org\",\"@graph\":[{\"@type\":\"Article\",\"@id\":\"https:\/\/www.revue3emillenaire.com\/blog\/vegetarisme-et-spiritualite-par-edoardo-bratina\/#article\",\"isPartOf\":{\"@id\":\"https:\/\/www.revue3emillenaire.com\/blog\/vegetarisme-et-spiritualite-par-edoardo-bratina\/\"},\"author\":{\"name\":\"3e mill\u00e9naire\",\"@id\":\"https:\/\/www.revue3emillenaire.com\/blog\/#\/schema\/person\/9a3a7cc4ccaa707f402d4394327106d5\"},\"headline\":\"V\u00e9g\u00e9tarisme et spiritualit\u00e9 par Edoardo Bratina\",\"datePublished\":\"2011-08-28T17:56:07+00:00\",\"mainEntityOfPage\":{\"@id\":\"https:\/\/www.revue3emillenaire.com\/blog\/vegetarisme-et-spiritualite-par-edoardo-bratina\/\"},\"wordCount\":1077,\"keywords\":[\"M\u00e9ditation\"],\"articleSection\":[\"Th\u00e9osophie\"],\"inLanguage\":\"fr-FR\"},{\"@type\":\"WebPage\",\"@id\":\"https:\/\/www.revue3emillenaire.com\/blog\/vegetarisme-et-spiritualite-par-edoardo-bratina\/\",\"url\":\"https:\/\/www.revue3emillenaire.com\/blog\/vegetarisme-et-spiritualite-par-edoardo-bratina\/\",\"name\":\"V\u00e9g\u00e9tarisme et spiritualit\u00e9 par Edoardo Bratina - 3e mill\u00e9naire - Spiritualit\u00e9 - Connaissance de soi - Non-dualit\u00e9 - M\u00e9ditation\",\"isPartOf\":{\"@id\":\"https:\/\/www.revue3emillenaire.com\/blog\/#website\"},\"datePublished\":\"2011-08-28T17:56:07+00:00\",\"author\":{\"@id\":\"https:\/\/www.revue3emillenaire.com\/blog\/#\/schema\/person\/9a3a7cc4ccaa707f402d4394327106d5\"},\"breadcrumb\":{\"@id\":\"https:\/\/www.revue3emillenaire.com\/blog\/vegetarisme-et-spiritualite-par-edoardo-bratina\/#breadcrumb\"},\"inLanguage\":\"fr-FR\",\"potentialAction\":[{\"@type\":\"ReadAction\",\"target\":[\"https:\/\/www.revue3emillenaire.com\/blog\/vegetarisme-et-spiritualite-par-edoardo-bratina\/\"]}]},{\"@type\":\"BreadcrumbList\",\"@id\":\"https:\/\/www.revue3emillenaire.com\/blog\/vegetarisme-et-spiritualite-par-edoardo-bratina\/#breadcrumb\",\"itemListElement\":[{\"@type\":\"ListItem\",\"position\":1,\"name\":\"Accueil\",\"item\":\"https:\/\/www.revue3emillenaire.com\/blog\/\"},{\"@type\":\"ListItem\",\"position\":2,\"name\":\"V\u00e9g\u00e9tarisme et spiritualit\u00e9 par Edoardo Bratina\"}]},{\"@type\":\"WebSite\",\"@id\":\"https:\/\/www.revue3emillenaire.com\/blog\/#website\",\"url\":\"https:\/\/www.revue3emillenaire.com\/blog\/\",\"name\":\"3e mill\u00e9naire - Spiritualit\u00e9 - Connaissance de soi - Non-dualit\u00e9 - M\u00e9ditation\",\"description\":\"L&#039;Homme en devenir\",\"potentialAction\":[{\"@type\":\"SearchAction\",\"target\":{\"@type\":\"EntryPoint\",\"urlTemplate\":\"https:\/\/www.revue3emillenaire.com\/blog\/?s={search_term_string}\"},\"query-input\":{\"@type\":\"PropertyValueSpecification\",\"valueRequired\":true,\"valueName\":\"search_term_string\"}}],\"inLanguage\":\"fr-FR\"},{\"@type\":\"Person\",\"@id\":\"https:\/\/www.revue3emillenaire.com\/blog\/#\/schema\/person\/9a3a7cc4ccaa707f402d4394327106d5\",\"name\":\"3e mill\u00e9naire\",\"url\":\"https:\/\/www.revue3emillenaire.com\/blog\/author\/admin\/\"}]}<\/script>\n<!-- \/ Yoast SEO plugin. -->","yoast_head_json":{"title":"V\u00e9g\u00e9tarisme et spiritualit\u00e9 par Edoardo Bratina - 3e mill\u00e9naire - Spiritualit\u00e9 - Connaissance de soi - Non-dualit\u00e9 - M\u00e9ditation","robots":{"index":"index","follow":"follow","max-snippet":"max-snippet:-1","max-image-preview":"max-image-preview:large","max-video-preview":"max-video-preview:-1"},"canonical":"https:\/\/www.revue3emillenaire.com\/blog\/vegetarisme-et-spiritualite-par-edoardo-bratina\/","og_locale":"fr_FR","og_type":"article","og_title":"V\u00e9g\u00e9tarisme et spiritualit\u00e9 par Edoardo Bratina - 3e mill\u00e9naire - Spiritualit\u00e9 - Connaissance de soi - Non-dualit\u00e9 - M\u00e9ditation","og_description":"L'alimentation v\u00e9g\u00e9tarienne provoque l'effet oppos\u00e9 ; elle r\u00e9duit l'acidit\u00e9 du sang et d\u00e9termine ainsi automatiquement l'augmentation de la pression de l'anhydride carbonique (ou dioxyde de carbone) dans les poumons et par cons\u00e9quent une r\u00e9duction de la quantit\u00e9 d'oxyg\u00e8ne qui afflue au cerveau.","og_url":"https:\/\/www.revue3emillenaire.com\/blog\/vegetarisme-et-spiritualite-par-edoardo-bratina\/","og_site_name":"3e mill\u00e9naire - Spiritualit\u00e9 - Connaissance de soi - Non-dualit\u00e9 - M\u00e9ditation","article_published_time":"2011-08-28T17:56:07+00:00","author":"3e mill\u00e9naire","twitter_card":"summary_large_image","twitter_misc":{"\u00c9crit par":"3e mill\u00e9naire","Dur\u00e9e de lecture estim\u00e9e":"5 minutes"},"schema":{"@context":"https:\/\/schema.org","@graph":[{"@type":"Article","@id":"https:\/\/www.revue3emillenaire.com\/blog\/vegetarisme-et-spiritualite-par-edoardo-bratina\/#article","isPartOf":{"@id":"https:\/\/www.revue3emillenaire.com\/blog\/vegetarisme-et-spiritualite-par-edoardo-bratina\/"},"author":{"name":"3e mill\u00e9naire","@id":"https:\/\/www.revue3emillenaire.com\/blog\/#\/schema\/person\/9a3a7cc4ccaa707f402d4394327106d5"},"headline":"V\u00e9g\u00e9tarisme et spiritualit\u00e9 par Edoardo Bratina","datePublished":"2011-08-28T17:56:07+00:00","mainEntityOfPage":{"@id":"https:\/\/www.revue3emillenaire.com\/blog\/vegetarisme-et-spiritualite-par-edoardo-bratina\/"},"wordCount":1077,"keywords":["M\u00e9ditation"],"articleSection":["Th\u00e9osophie"],"inLanguage":"fr-FR"},{"@type":"WebPage","@id":"https:\/\/www.revue3emillenaire.com\/blog\/vegetarisme-et-spiritualite-par-edoardo-bratina\/","url":"https:\/\/www.revue3emillenaire.com\/blog\/vegetarisme-et-spiritualite-par-edoardo-bratina\/","name":"V\u00e9g\u00e9tarisme et spiritualit\u00e9 par Edoardo Bratina - 3e mill\u00e9naire - Spiritualit\u00e9 - Connaissance de soi - Non-dualit\u00e9 - M\u00e9ditation","isPartOf":{"@id":"https:\/\/www.revue3emillenaire.com\/blog\/#website"},"datePublished":"2011-08-28T17:56:07+00:00","author":{"@id":"https:\/\/www.revue3emillenaire.com\/blog\/#\/schema\/person\/9a3a7cc4ccaa707f402d4394327106d5"},"breadcrumb":{"@id":"https:\/\/www.revue3emillenaire.com\/blog\/vegetarisme-et-spiritualite-par-edoardo-bratina\/#breadcrumb"},"inLanguage":"fr-FR","potentialAction":[{"@type":"ReadAction","target":["https:\/\/www.revue3emillenaire.com\/blog\/vegetarisme-et-spiritualite-par-edoardo-bratina\/"]}]},{"@type":"BreadcrumbList","@id":"https:\/\/www.revue3emillenaire.com\/blog\/vegetarisme-et-spiritualite-par-edoardo-bratina\/#breadcrumb","itemListElement":[{"@type":"ListItem","position":1,"name":"Accueil","item":"https:\/\/www.revue3emillenaire.com\/blog\/"},{"@type":"ListItem","position":2,"name":"V\u00e9g\u00e9tarisme et spiritualit\u00e9 par Edoardo Bratina"}]},{"@type":"WebSite","@id":"https:\/\/www.revue3emillenaire.com\/blog\/#website","url":"https:\/\/www.revue3emillenaire.com\/blog\/","name":"3e mill\u00e9naire - Spiritualit\u00e9 - Connaissance de soi - Non-dualit\u00e9 - M\u00e9ditation","description":"L&#039;Homme en devenir","potentialAction":[{"@type":"SearchAction","target":{"@type":"EntryPoint","urlTemplate":"https:\/\/www.revue3emillenaire.com\/blog\/?s={search_term_string}"},"query-input":{"@type":"PropertyValueSpecification","valueRequired":true,"valueName":"search_term_string"}}],"inLanguage":"fr-FR"},{"@type":"Person","@id":"https:\/\/www.revue3emillenaire.com\/blog\/#\/schema\/person\/9a3a7cc4ccaa707f402d4394327106d5","name":"3e mill\u00e9naire","url":"https:\/\/www.revue3emillenaire.com\/blog\/author\/admin\/"}]}},"_links":{"self":[{"href":"https:\/\/www.revue3emillenaire.com\/blog\/wp-json\/wp\/v2\/posts\/7911","targetHints":{"allow":["GET"]}}],"collection":[{"href":"https:\/\/www.revue3emillenaire.com\/blog\/wp-json\/wp\/v2\/posts"}],"about":[{"href":"https:\/\/www.revue3emillenaire.com\/blog\/wp-json\/wp\/v2\/types\/post"}],"author":[{"embeddable":true,"href":"https:\/\/www.revue3emillenaire.com\/blog\/wp-json\/wp\/v2\/users\/1"}],"replies":[{"embeddable":true,"href":"https:\/\/www.revue3emillenaire.com\/blog\/wp-json\/wp\/v2\/comments?post=7911"}],"version-history":[{"count":0,"href":"https:\/\/www.revue3emillenaire.com\/blog\/wp-json\/wp\/v2\/posts\/7911\/revisions"}],"wp:attachment":[{"href":"https:\/\/www.revue3emillenaire.com\/blog\/wp-json\/wp\/v2\/media?parent=7911"}],"wp:term":[{"taxonomy":"category","embeddable":true,"href":"https:\/\/www.revue3emillenaire.com\/blog\/wp-json\/wp\/v2\/categories?post=7911"},{"taxonomy":"post_tag","embeddable":true,"href":"https:\/\/www.revue3emillenaire.com\/blog\/wp-json\/wp\/v2\/tags?post=7911"}],"curies":[{"name":"wp","href":"https:\/\/api.w.org\/{rel}","templated":true}]}}