{"id":8013,"date":"2011-09-09T23:32:33","date_gmt":"2011-09-09T22:32:33","guid":{"rendered":"http:\/\/www.revue3emillenaire.com\/blog\/?p=8013"},"modified":"2011-09-11T17:46:13","modified_gmt":"2011-09-11T16:46:13","slug":"la-biotonie-par-claude-philippe","status":"publish","type":"post","link":"https:\/\/www.revue3emillenaire.com\/blog\/la-biotonie-par-claude-philippe\/","title":{"rendered":"La Biotonie par Claude Philippe"},"content":{"rendered":"<p style=\"text-align: justify;\">(Revue CoEvoluion. N<sup>o<\/sup> 11. Hiver 1983)<\/p>\n<p style=\"text-align: justify;\">\n<p style=\"text-align: justify;\"><strong>Lib\u00e9rer notre respiration, d\u00e9velopper notre concentration, notre potentiel physique et psychologique, accro\u00eetre notre \u00e9nergie vitale, am\u00e9liorer notre \u00e9quilibre, autant de possibilit\u00e9s que Claude Philippe nous propose avec la biotonie. Au cours de sa formation professionnelle et personnelle aussi diverse que vari\u00e9e, il a r\u00e9ussi \u00e0 trouver le centre de sa propre spirale dont la synth\u00e8se harmonis\u00e9e s&rsquo;appelle biotonie. Claude Philippe a pratiqu\u00e9 le judo et l&rsquo;a\u00efkido sous la direction de Ma\u00eetre Kawaishi et de M. Andr\u00e9 Courtine pour le judo et Ma\u00eetre Noro pour l&rsquo;a\u00efkido. Il a pratiqu\u00e9 la m\u00e9ditation Zen sous la direction de Ma\u00eetre Taisen Deshimaru. A travaill\u00e9 pendant cinq ans avec Jacques Dropsy, auteur de \u00ab\u00a0vivre son corps\u00a0\u00bb (\u00c9ditions de l&rsquo;\u00c9pi). A particip\u00e9, en France et \u00e0 l&rsquo;\u00e9tranger (U.S.A., Japon, Canada) \u00e0 plusieurs stages pour professionnels, notamment en bio\u00e9nergie, Gestalt-Th\u00e9rapie et Rebirth<\/strong>.<\/p>\n<p style=\"text-align: justify;\"><strong> <\/strong><\/p>\n<p style=\"text-align: justify;\">\n<p style=\"text-align: justify;\"><strong>Marielle Pernin : Quel est l&rsquo;historique de la biotonie ?<\/strong><\/p>\n<p style=\"text-align: justify;\"><strong> <\/strong><\/p>\n<p style=\"text-align: justify;\"><strong>Claude Philippe<\/strong> : Il se confond avec ma progression et ma formation personnelles. D&rsquo;une part, en plus du chemin cit\u00e9 ci-dessus, j&rsquo;ai travaill\u00e9 plusieurs ann\u00e9es le shiatsu, \u00e9galement le seitai avec Tsuda, la danse africaine, la psycho-tonie avec Jacques Dropsy&#8230; La biotonie doit beaucoup \u00e0 ce dernier. D&rsquo;autre part, j&rsquo;ai cr\u00e9\u00e9 en France en 1963 une m\u00e9thode de lecture rapide et le Centre Europ\u00e9en de Lecture Rapide.<\/p>\n<p style=\"text-align: justify;\">\n<p style=\"text-align: justify;\">D\u00e9sirant orienter mes activit\u00e9s vers un domaine qui m&rsquo;int\u00e9ressait plus, toutes ces pratiques corporelles et ces techniques th\u00e9rapeutiques se sont peu \u00e0 peu fondues. Dans les stages que j&rsquo;animais \u00e0 la R\u00e9gie Renault, j&rsquo;ai introduit des techniques corporelles, comme la respiration, la relaxation, qui rendaient les participants plus r\u00e9ceptifs, d\u00e9tendus et attentifs que dans les autres groupes. Ainsi est n\u00e9e l&rsquo;id\u00e9e que je pouvais d\u00e9velopper plus largement une technique, une pratique, qui aurait pour but d&rsquo;aider les gens \u00e0 mieux fonctionner, \u00e0 mieux se centrer et \u00e0 \u00eatre mieux avec eux-m\u00eames.<\/p>\n<p style=\"text-align: justify;\">\n<p style=\"text-align: justify;\"><strong>M.P. Peux-tu donner une d\u00e9finition pr\u00e9cise de la biotonie ?<\/strong><\/p>\n<p style=\"text-align: justify;\">\n<p style=\"text-align: justify;\"><strong>C.P.<\/strong> La biotonie est la capacit\u00e9 de retourner \u00e0 un tonus juste du corps et de l&rsquo;esprit.<\/p>\n<p style=\"text-align: justify;\">\n<p style=\"text-align: justify;\"><strong>M.P. Dans le zen, la m\u00e9ditation, etc., on nous conseille de nous centrer. Qu&rsquo;est-ce que cela veut dire exactement ?<\/strong><\/p>\n<p style=\"text-align: justify;\"><strong> <\/strong><\/p>\n<p style=\"text-align: justify;\"><strong>C.P<\/strong>. On peut r\u00e9pondre \u00e0 plusieurs niveaux. Au niveau spirituel, se centrer, c&rsquo;est mettre en complet accord ses diff\u00e9rents corps : physique, \u00e9th\u00e9rique, astral,&#8230; Les diff\u00e9rents niveaux de l&rsquo;\u00eatre humain doivent \u00eatre en complet accord. La maladie, la souffrance, la pathologie peuvent ainsi \u00eatre interpr\u00e9t\u00e9es comme une non-co\u00efncidence de ces diff\u00e9rents niveaux.<\/p>\n<p style=\"text-align: justify;\">\n<p style=\"text-align: justify;\">De fa\u00e7on plus simple et plus concr\u00e8te, on consid\u00e8re que le corps poss\u00e8de plusieurs centres vitaux : un, situ\u00e9 dans la zone du c\u0153ur, du plexus solaire, un autre, plus haut entre les sourcils et un, 3 \u00e0 4 doigts en-dessous du nombril : le ki-ka\u00ef tanden ou centre vital correspondant aux pulsions, aux instincts, \u00e0 l&rsquo;\u00e9nergie du m\u00e9tabolisme et \u00e0 l&rsquo;inconscient. C&rsquo;est la zone obscure qui fabrique l&rsquo;\u00e9nergie.<\/p>\n<p style=\"text-align: justify;\">\n<p style=\"text-align: justify;\">Le plexus solaire correspond plus \u00e0 la zone des sentiments, du c\u0153ur, des \u00e9changes. Il r\u00e9gule compl\u00e8tement la respiration et les coordinations motrices. En acupuncture, c&rsquo;est le point de la relation \u00e0 soi. On comprend ais\u00e9ment qu&rsquo;un plexus solaire dur, comme on en rencontre souvent, exprime une relation \u00e0 soi qui n&rsquo;est pas id\u00e9ale. Se centrer, c&rsquo;est garder le contact avec le plexus solaire, comme le cavalier qui se place correctement sur sa selle pour que le cheval avance bien.<\/p>\n<p style=\"text-align: justify;\">\n<p style=\"text-align: justify;\">Le centre du bas, le hi-ka\u00ef tanden, a une grande importance ; il commande tous les aspects de la vitalit\u00e9. Dans la m\u00e9ditation zen, c&rsquo;est vers lui qu&rsquo;est dirig\u00e9e la concentration.<\/p>\n<p style=\"text-align: justify;\">\n<p style=\"text-align: justify;\"><strong>M.P. La respiration est la base de l&rsquo;\u00e9panouissement.<\/strong><\/p>\n<p style=\"text-align: justify;\"><strong> <\/strong><\/p>\n<p style=\"text-align: justify;\"><strong>C.P.<\/strong> Oui, mais je fais travailler aussi l&rsquo;aspect psychomoteur avec les coordinations gestuelles. Je mets en relation motricit\u00e9, respiration et coordinations centrales. Dans les \u00e9coles de danse, on apprend \u00e0 placer bras et jambes, \u00e0 obtenir un r\u00e9sultat \u00e0 partir de consignes p\u00e9riph\u00e9riques. Mais c&rsquo;est plus simple, c&rsquo;est automatique, lorsque la respiration est juste, libre, les gestes sont automatiquement bien coordonn\u00e9s. D&rsquo;ailleurs com\u00e9diens, chanteurs, musiciens pratiquent la biotonie. Louis Jouvet, Pierre Fresnay, Dulin, utilisaient ce principe. Il suffit d&rsquo;observer Maurice Andr\u00e9 ou Jean-Pierre Rampal ; ils poss\u00e8dent \u00e0 un haut degr\u00e9 cette qualit\u00e9 de coordination motrice et respiratoire. Avoir une respiration libre unifi\u00e9e et harmonis\u00e9e \u00e0 partir du centre du corps permet d&rsquo;accorder l&rsquo;instrument avant de l&rsquo;utiliser.<\/p>\n<p style=\"text-align: justify;\">\n<p style=\"text-align: justify;\"><strong>M.P. C&rsquo;est un programme enthousiasmant. Quel travail r\u00e9alises-tu avec la voix, le son ?<\/strong><\/p>\n<p style=\"text-align: justify;\"><strong> <\/strong><\/p>\n<p style=\"text-align: justify;\"><strong>C.P.<\/strong> La voix est une expression globale de la personne, elle permet de savoir o\u00f9 on en est, d&rsquo;une mani\u00e8re synth\u00e9tique. Les sons n&rsquo;ont pas tous la m\u00eame coloration affective. J&rsquo;utilise plusieurs sortes de sons :<\/p>\n<p style=\"text-align: justify;\">\n<p style=\"text-align: justify;\">&#8211; un son reli\u00e9 \u00e0 l&rsquo;affirmation de soi-m\u00eame. On voit tout de suite que la personne ayant des probl\u00e8mes dans cette zone a des difficult\u00e9s avec les sons correspondants.<\/p>\n<p style=\"text-align: justify;\">&#8211; un son reli\u00e9 \u00e0 l&rsquo;ouverture aux autres, la relation de parit\u00e9.<\/p>\n<p style=\"text-align: justify;\">&#8211; un son reli\u00e9 \u00e0 une relation plus englobante dans l&rsquo;amour pour les autres.<\/p>\n<p style=\"text-align: justify;\">\n<p style=\"text-align: justify;\">Il existe aussi des sons qui correspondent \u00e0 une relation plus vaste avec l&rsquo;univers, le cosmos.<\/p>\n<p style=\"text-align: justify;\">\n<p style=\"text-align: justify;\">On \u00e9vite le for\u00e7age, on retrouve la qualit\u00e9 \u00ab\u00a0naturelle\u00a0\u00bb de la voix. Il suffit de voir comme un b\u00e9b\u00e9 peut crier plusieurs heures sans s&rsquo;enrouer avec une force \u00e9tonnante par rapport \u00e0 son poids ou son volume. C&rsquo;est la preuve qu&rsquo;il respire naturellement. Peu d&rsquo;adultes en sont capables.<\/p>\n<p style=\"text-align: justify;\">\n<p style=\"text-align: justify;\"><strong>M.P. As-tu m\u00e9lang\u00e9 techniques orientales et techniques occidentales dans le travail que tu proposes ?<\/strong><\/p>\n<p style=\"text-align: justify;\"><strong> <\/strong><\/p>\n<p style=\"text-align: justify;\"><strong>C.P<\/strong>. Oui, car il existe toute une p\u00e9riode o\u00f9 l&rsquo;on travaille la respiration en position assise, o\u00f9, utilisant un coussin de zazen, j&rsquo;am\u00e8ne peu \u00e0 peu la personne vers une posture la plus proche de l&rsquo;id\u00e9al : celle du zazen, parfaite \u00e0 tous les points de vue, physiologique, psychologique, \u00e9nerg\u00e9tique <a id=\"ftnref1\" href=\"#ftn1\">[1]<\/a>.<\/p>\n<p style=\"text-align: justify;\">\n<p style=\"text-align: justify;\">Il n&rsquo;est pas question de parler de m\u00e9ditation, les consultants ne viennent pas dans ce but, mais cela ne m&#8217;emp\u00eache pas d&rsquo;utiliser la technique orientale aux besoins occidentaux. Pour moi, il n&rsquo;y a pas de fronti\u00e8re, pas de diff\u00e9rence, car pour un occidental, rester quelques minutes attentif \u00e0 sa respiration et \u00e0 la position de son corps est un progr\u00e8s consid\u00e9rable.<\/p>\n<p style=\"text-align: justify;\">\n<p style=\"text-align: justify;\">De nombreuses expressions populaires rendent compte de cette id\u00e9e de centre. Par exemple quelqu&rsquo;un \u00ab\u00a0hors de lui\u00a0\u00bb ne peut pas \u00eatre centr\u00e9. A ce moment l\u00e0, tout peut arriver, la personne perd totalement son contr\u00f4le. De m\u00eame, l&rsquo;expression des boxeurs \u00ab\u00a0il se d\u00e9sunit\u00a0\u00bb qui traduit le fait que ses mouvements sont moins coordonn\u00e9s, que ses coups n&rsquo;arrivent plus, qu&rsquo;il devient maladroit, qu&rsquo;il ralentit ; \u00e0 ce moment-l\u00e0 il est perdu. Cela veut dire que ses coordinations ne sont plus reli\u00e9es \u00e0 son centre. La fatigue aussi est un \u00e9l\u00e9ment qui tend \u00e0 nous d\u00e9sunir ; de m\u00eame une perturbation, disons mentale. On retrouve ici la notion d&rsquo;identit\u00e9 d&rsquo;un \u00eatre ainsi que celle de la dualit\u00e9 du conflit&#8230;<\/p>\n<p style=\"text-align: justify;\">\n<p style=\"text-align: justify;\">Le travail corporel biotonique int\u00e8gre absolument tous les niveaux spirituels et psychologiques.<\/p>\n<p style=\"text-align: justify;\">\n<p style=\"text-align: justify;\"><strong>M.P. Par quoi commence-t-on ? Par le souffle ? <\/strong><\/p>\n<p style=\"text-align: justify;\"><strong> <\/strong><\/p>\n<p style=\"text-align: justify;\"><strong>C.P.<\/strong> Le terme souffle est un peu abstrait; je parle de respiration. C&rsquo;est plus facile \u00e0 appr\u00e9hender. En biotonie, on apprend \u00e0 laisser faire la respiration, car notre respiration est le lien le plus direct avec notre inconscient et notre sant\u00e9. Elle est le r\u00e9gulateur central de l&rsquo;\u00e9quilibre et de la vitalit\u00e9. Dans les autres pratiques respiratoires on apprend \u00e0 contr\u00f4ler la dur\u00e9e de la respiration. En fait, on oublie quelque chose qui me para\u00eet essentiel : la respiration est avant tout une fonction naturelle qui fonctionne bien lorsque la personne est en bonne sant\u00e9. Chez beaucoup de gens, dans notre culture et \u00e0 notre \u00e9poque, cette respiration naturelle est perturb\u00e9e. Les personnes qui viennent me voir ne vont pas bien a priori et leur respiration est presque toujours perturb\u00e9e. Quand la respiration naturelle n&rsquo;est pas suffisamment libre et fluide, les coordinations respiratoires ne fonctionnent pas bien. Reich, Lowen et d&rsquo;autres ont bien expliqu\u00e9 les m\u00e9canismes des perturbations : en g\u00e9n\u00e9ral elles sont li\u00e9es \u00e0 l&rsquo;histoire de la personne, aux probl\u00e8mes qu&rsquo;elle a rencontr\u00e9s. D\u00e8s qu&rsquo;on parvient \u00e0 aider quelqu&rsquo;un \u00e0 retrouver une respiration plus libre, beaucoup de choses changent automatiquement dans sa vie et il acquiert ainsi un moyen d&rsquo;action puissant et naturel. C&rsquo;est un des \u00e9l\u00e9ments de base de la biotonie.<\/p>\n<p style=\"text-align: justify;\">\n<p style=\"text-align: justify;\"><strong>M.P. Que trouve-t-on d&rsquo;autre \u00e0 la base ? <\/strong><\/p>\n<p style=\"text-align: justify;\"><strong> <\/strong><\/p>\n<p style=\"text-align: justify;\"><strong>C.P.<\/strong> Par rapport \u00e0 la respiration ?<\/p>\n<p style=\"text-align: justify;\">\n<p style=\"text-align: justify;\"><strong>M.P. Oui, entre autre&#8230;<\/strong><\/p>\n<p style=\"text-align: justify;\"><strong> <\/strong><\/p>\n<p style=\"text-align: justify;\"><strong>C.P.<\/strong> Elle s&rsquo;aborde d&rsquo;abord couch\u00e9, afin de pouvoir mieux l&rsquo;observer. Pour moi c&rsquo;est plus facile de guider la personne qui travaille. Il ne s&rsquo;agit pas de relaxation, mais d&rsquo;une lib\u00e9ration de la respiration qui d\u00e9tend le plexus solaire. Couch\u00e9, le corps au repos n&rsquo;a pas besoin de tonus, il arrive ainsi qu&rsquo;on atteigne un \u00e9tat de relaxation profonde, mais ce n&rsquo;est pas l&rsquo;effet recherch\u00e9.<\/p>\n<p style=\"text-align: justify;\">\n<p style=\"text-align: justify;\">On peut avoir une respiration naturelle et libre, que l&rsquo;on soit couch\u00e9, debout ou assis. Un bon coureur de marathon le pratique durant 43 km. Un sportif en activit\u00e9 intense, un artiste de bon niveau, la poss\u00e8dent aussi. C&rsquo;est le travail le plus central et le plus fondamental.<\/p>\n<p style=\"text-align: justify;\">\n<p style=\"text-align: justify;\"><strong>M.P. En conclusion ?<\/strong><\/p>\n<p style=\"text-align: justify;\"><strong> <\/strong><\/p>\n<p style=\"text-align: justify;\"><strong>C.P.<\/strong> On pourrait dire que la biotonie, dans sa simplicit\u00e9, est un retour aux sources de l&rsquo;\u00eatre, un recentrage avec ses \u00e9nergies, par des moyens aussi simples que possible. Elle est fond\u00e9e sur l&rsquo;hypoth\u00e8se qu&rsquo;aucun \u00eatre humain n&rsquo;utilise sa vitalit\u00e9 et son potentiel au-del\u00e0 de 30 \u00e0 40%. Feldenkrais, un des \u00ab\u00a0papes\u00a0\u00bb des techniques corporelles dit que l&rsquo;on n&rsquo;utilise pas plus de 5% de son potentiel physique et psychologique. Avec la biotonie on peut am\u00e9liorer beaucoup&#8230; C&rsquo;est du moins ce qu&rsquo;on essaie de r\u00e9aliser.<\/p>\n<p style=\"text-align: justify;\">\n<p style=\"text-align: justify;\"><strong>M.P. J&rsquo;ajouterai qu&rsquo;il suffit de voir le calme et l&rsquo;\u00e9quilibre de Claude Philippe pour avoir envie de r\u00e9aliser la m\u00eame harmonie avec soi-m\u00eame que lui&#8230;?<\/strong><\/p>\n<p style=\"text-align: justify;\">\n<p style=\"text-align: justify;\">\n<hr style=\"text-align: justify;\" size=\"1\" \/>\n<p style=\"text-align: justify;\"><a id=\"ftn1\" href=\"#ftnref1\">[1]<\/a> La posture de zazen consiste \u00e0 s&rsquo;asseoir sur un coussin rond d&rsquo;environ 20 cm d&rsquo;\u00e9paisseur. Les jambes sont crois\u00e9es en lotus, demi-lotus ou en tailleur. Le dos est droit, la t\u00eate droite, le menton rentr\u00e9, la main gauche pos\u00e9e dans la droite, paumes vers le haut, pouces se tenant devant l&rsquo;abdomen \u00e0 peu pr\u00e8s au point kika\u00ef tenden. C&rsquo;est la posture du Bouddha.<\/p>\n","protected":false},"excerpt":{"rendered":"<p>Le terme souffle est un peu abstrait; je parle de respiration. C&rsquo;est plus facile \u00e0 appr\u00e9hender. En biotonie, on apprend \u00e0 laisser faire la respiration, car notre respiration est le lien le plus direct avec notre inconscient et notre sant\u00e9. Elle est le r\u00e9gulateur central de l&rsquo;\u00e9quilibre et de la vitalit\u00e9. Dans les autres pratiques respiratoires on apprend \u00e0 contr\u00f4ler la dur\u00e9e de la respiration. En fait, on oublie quelque chose qui me para\u00eet essentiel : la respiration est avant tout une fonction naturelle qui fonctionne bien lorsque la personne est en bonne sant\u00e9.<\/p>\n","protected":false},"author":1,"featured_media":0,"comment_status":"closed","ping_status":"closed","sticky":false,"template":"","format":"standard","meta":{"footnotes":""},"categories":[5,887],"tags":[576,358,972],"class_list":["post-8013","post","type-post","status-publish","format-standard","hentry","category-interview","category-therapies-alternatives","tag-relaxation","tag-respiration","tag-travail-corporel"],"yoast_head":"<!-- This site is optimized with the Yoast SEO plugin v27.0 - https:\/\/yoast.com\/product\/yoast-seo-wordpress\/ -->\n<title>La Biotonie par Claude Philippe - 3e mill\u00e9naire - Spiritualit\u00e9 - Connaissance de soi - Non-dualit\u00e9 - M\u00e9ditation<\/title>\n<meta name=\"robots\" content=\"index, follow, max-snippet:-1, max-image-preview:large, max-video-preview:-1\" \/>\n<link rel=\"canonical\" href=\"https:\/\/www.revue3emillenaire.com\/blog\/la-biotonie-par-claude-philippe\/\" \/>\n<meta property=\"og:locale\" content=\"fr_FR\" \/>\n<meta property=\"og:type\" content=\"article\" \/>\n<meta property=\"og:title\" content=\"La Biotonie par Claude Philippe - 3e mill\u00e9naire - Spiritualit\u00e9 - Connaissance de soi - Non-dualit\u00e9 - M\u00e9ditation\" \/>\n<meta property=\"og:description\" content=\"Le terme souffle est un peu abstrait; je parle de respiration. C&#039;est plus facile \u00e0 appr\u00e9hender. En biotonie, on apprend \u00e0 laisser faire la respiration, car notre respiration est le lien le plus direct avec notre inconscient et notre sant\u00e9. Elle est le r\u00e9gulateur central de l&#039;\u00e9quilibre et de la vitalit\u00e9. Dans les autres pratiques respiratoires on apprend \u00e0 contr\u00f4ler la dur\u00e9e de la respiration. En fait, on oublie quelque chose qui me para\u00eet essentiel : la respiration est avant tout une fonction naturelle qui fonctionne bien lorsque la personne est en bonne sant\u00e9.\" \/>\n<meta property=\"og:url\" content=\"https:\/\/www.revue3emillenaire.com\/blog\/la-biotonie-par-claude-philippe\/\" \/>\n<meta property=\"og:site_name\" content=\"3e mill\u00e9naire - Spiritualit\u00e9 - Connaissance de soi - Non-dualit\u00e9 - M\u00e9ditation\" \/>\n<meta property=\"article:published_time\" content=\"2011-09-09T22:32:33+00:00\" \/>\n<meta property=\"article:modified_time\" content=\"2011-09-11T16:46:13+00:00\" \/>\n<meta name=\"author\" content=\"3e mill\u00e9naire\" \/>\n<meta name=\"twitter:card\" content=\"summary_large_image\" \/>\n<meta name=\"twitter:label1\" content=\"\u00c9crit par\" \/>\n\t<meta name=\"twitter:data1\" content=\"3e mill\u00e9naire\" \/>\n\t<meta name=\"twitter:label2\" content=\"Dur\u00e9e de lecture estim\u00e9e\" \/>\n\t<meta name=\"twitter:data2\" content=\"9 minutes\" \/>\n<script type=\"application\/ld+json\" class=\"yoast-schema-graph\">{\"@context\":\"https:\/\/schema.org\",\"@graph\":[{\"@type\":\"Article\",\"@id\":\"https:\/\/www.revue3emillenaire.com\/blog\/la-biotonie-par-claude-philippe\/#article\",\"isPartOf\":{\"@id\":\"https:\/\/www.revue3emillenaire.com\/blog\/la-biotonie-par-claude-philippe\/\"},\"author\":{\"name\":\"3e mill\u00e9naire\",\"@id\":\"https:\/\/www.revue3emillenaire.com\/blog\/#\/schema\/person\/9a3a7cc4ccaa707f402d4394327106d5\"},\"headline\":\"La Biotonie par Claude Philippe\",\"datePublished\":\"2011-09-09T22:32:33+00:00\",\"dateModified\":\"2011-09-11T16:46:13+00:00\",\"mainEntityOfPage\":{\"@id\":\"https:\/\/www.revue3emillenaire.com\/blog\/la-biotonie-par-claude-philippe\/\"},\"wordCount\":1745,\"keywords\":[\"Relaxation\",\"respiration\",\"Travail corporel\"],\"articleSection\":[\"Entretien\/Interview\",\"Th\u00e9rapies &amp; Approches Alternatives\"],\"inLanguage\":\"fr-FR\"},{\"@type\":\"WebPage\",\"@id\":\"https:\/\/www.revue3emillenaire.com\/blog\/la-biotonie-par-claude-philippe\/\",\"url\":\"https:\/\/www.revue3emillenaire.com\/blog\/la-biotonie-par-claude-philippe\/\",\"name\":\"La Biotonie par Claude Philippe - 3e mill\u00e9naire - Spiritualit\u00e9 - Connaissance de soi - Non-dualit\u00e9 - M\u00e9ditation\",\"isPartOf\":{\"@id\":\"https:\/\/www.revue3emillenaire.com\/blog\/#website\"},\"datePublished\":\"2011-09-09T22:32:33+00:00\",\"dateModified\":\"2011-09-11T16:46:13+00:00\",\"author\":{\"@id\":\"https:\/\/www.revue3emillenaire.com\/blog\/#\/schema\/person\/9a3a7cc4ccaa707f402d4394327106d5\"},\"breadcrumb\":{\"@id\":\"https:\/\/www.revue3emillenaire.com\/blog\/la-biotonie-par-claude-philippe\/#breadcrumb\"},\"inLanguage\":\"fr-FR\",\"potentialAction\":[{\"@type\":\"ReadAction\",\"target\":[\"https:\/\/www.revue3emillenaire.com\/blog\/la-biotonie-par-claude-philippe\/\"]}]},{\"@type\":\"BreadcrumbList\",\"@id\":\"https:\/\/www.revue3emillenaire.com\/blog\/la-biotonie-par-claude-philippe\/#breadcrumb\",\"itemListElement\":[{\"@type\":\"ListItem\",\"position\":1,\"name\":\"Accueil\",\"item\":\"https:\/\/www.revue3emillenaire.com\/blog\/\"},{\"@type\":\"ListItem\",\"position\":2,\"name\":\"La Biotonie par Claude Philippe\"}]},{\"@type\":\"WebSite\",\"@id\":\"https:\/\/www.revue3emillenaire.com\/blog\/#website\",\"url\":\"https:\/\/www.revue3emillenaire.com\/blog\/\",\"name\":\"3e mill\u00e9naire - Spiritualit\u00e9 - Connaissance de soi - Non-dualit\u00e9 - M\u00e9ditation\",\"description\":\"L&#039;Homme en devenir\",\"potentialAction\":[{\"@type\":\"SearchAction\",\"target\":{\"@type\":\"EntryPoint\",\"urlTemplate\":\"https:\/\/www.revue3emillenaire.com\/blog\/?s={search_term_string}\"},\"query-input\":{\"@type\":\"PropertyValueSpecification\",\"valueRequired\":true,\"valueName\":\"search_term_string\"}}],\"inLanguage\":\"fr-FR\"},{\"@type\":\"Person\",\"@id\":\"https:\/\/www.revue3emillenaire.com\/blog\/#\/schema\/person\/9a3a7cc4ccaa707f402d4394327106d5\",\"name\":\"3e mill\u00e9naire\",\"url\":\"https:\/\/www.revue3emillenaire.com\/blog\/author\/admin\/\"}]}<\/script>\n<!-- \/ Yoast SEO plugin. -->","yoast_head_json":{"title":"La Biotonie par Claude Philippe - 3e mill\u00e9naire - Spiritualit\u00e9 - Connaissance de soi - Non-dualit\u00e9 - M\u00e9ditation","robots":{"index":"index","follow":"follow","max-snippet":"max-snippet:-1","max-image-preview":"max-image-preview:large","max-video-preview":"max-video-preview:-1"},"canonical":"https:\/\/www.revue3emillenaire.com\/blog\/la-biotonie-par-claude-philippe\/","og_locale":"fr_FR","og_type":"article","og_title":"La Biotonie par Claude Philippe - 3e mill\u00e9naire - Spiritualit\u00e9 - Connaissance de soi - Non-dualit\u00e9 - M\u00e9ditation","og_description":"Le terme souffle est un peu abstrait; je parle de respiration. C'est plus facile \u00e0 appr\u00e9hender. En biotonie, on apprend \u00e0 laisser faire la respiration, car notre respiration est le lien le plus direct avec notre inconscient et notre sant\u00e9. Elle est le r\u00e9gulateur central de l'\u00e9quilibre et de la vitalit\u00e9. Dans les autres pratiques respiratoires on apprend \u00e0 contr\u00f4ler la dur\u00e9e de la respiration. En fait, on oublie quelque chose qui me para\u00eet essentiel : la respiration est avant tout une fonction naturelle qui fonctionne bien lorsque la personne est en bonne sant\u00e9.","og_url":"https:\/\/www.revue3emillenaire.com\/blog\/la-biotonie-par-claude-philippe\/","og_site_name":"3e mill\u00e9naire - Spiritualit\u00e9 - Connaissance de soi - Non-dualit\u00e9 - M\u00e9ditation","article_published_time":"2011-09-09T22:32:33+00:00","article_modified_time":"2011-09-11T16:46:13+00:00","author":"3e mill\u00e9naire","twitter_card":"summary_large_image","twitter_misc":{"\u00c9crit par":"3e mill\u00e9naire","Dur\u00e9e de lecture estim\u00e9e":"9 minutes"},"schema":{"@context":"https:\/\/schema.org","@graph":[{"@type":"Article","@id":"https:\/\/www.revue3emillenaire.com\/blog\/la-biotonie-par-claude-philippe\/#article","isPartOf":{"@id":"https:\/\/www.revue3emillenaire.com\/blog\/la-biotonie-par-claude-philippe\/"},"author":{"name":"3e mill\u00e9naire","@id":"https:\/\/www.revue3emillenaire.com\/blog\/#\/schema\/person\/9a3a7cc4ccaa707f402d4394327106d5"},"headline":"La Biotonie par Claude Philippe","datePublished":"2011-09-09T22:32:33+00:00","dateModified":"2011-09-11T16:46:13+00:00","mainEntityOfPage":{"@id":"https:\/\/www.revue3emillenaire.com\/blog\/la-biotonie-par-claude-philippe\/"},"wordCount":1745,"keywords":["Relaxation","respiration","Travail corporel"],"articleSection":["Entretien\/Interview","Th\u00e9rapies &amp; Approches Alternatives"],"inLanguage":"fr-FR"},{"@type":"WebPage","@id":"https:\/\/www.revue3emillenaire.com\/blog\/la-biotonie-par-claude-philippe\/","url":"https:\/\/www.revue3emillenaire.com\/blog\/la-biotonie-par-claude-philippe\/","name":"La Biotonie par Claude Philippe - 3e mill\u00e9naire - Spiritualit\u00e9 - Connaissance de soi - Non-dualit\u00e9 - M\u00e9ditation","isPartOf":{"@id":"https:\/\/www.revue3emillenaire.com\/blog\/#website"},"datePublished":"2011-09-09T22:32:33+00:00","dateModified":"2011-09-11T16:46:13+00:00","author":{"@id":"https:\/\/www.revue3emillenaire.com\/blog\/#\/schema\/person\/9a3a7cc4ccaa707f402d4394327106d5"},"breadcrumb":{"@id":"https:\/\/www.revue3emillenaire.com\/blog\/la-biotonie-par-claude-philippe\/#breadcrumb"},"inLanguage":"fr-FR","potentialAction":[{"@type":"ReadAction","target":["https:\/\/www.revue3emillenaire.com\/blog\/la-biotonie-par-claude-philippe\/"]}]},{"@type":"BreadcrumbList","@id":"https:\/\/www.revue3emillenaire.com\/blog\/la-biotonie-par-claude-philippe\/#breadcrumb","itemListElement":[{"@type":"ListItem","position":1,"name":"Accueil","item":"https:\/\/www.revue3emillenaire.com\/blog\/"},{"@type":"ListItem","position":2,"name":"La Biotonie par Claude Philippe"}]},{"@type":"WebSite","@id":"https:\/\/www.revue3emillenaire.com\/blog\/#website","url":"https:\/\/www.revue3emillenaire.com\/blog\/","name":"3e mill\u00e9naire - Spiritualit\u00e9 - Connaissance de soi - Non-dualit\u00e9 - M\u00e9ditation","description":"L&#039;Homme en devenir","potentialAction":[{"@type":"SearchAction","target":{"@type":"EntryPoint","urlTemplate":"https:\/\/www.revue3emillenaire.com\/blog\/?s={search_term_string}"},"query-input":{"@type":"PropertyValueSpecification","valueRequired":true,"valueName":"search_term_string"}}],"inLanguage":"fr-FR"},{"@type":"Person","@id":"https:\/\/www.revue3emillenaire.com\/blog\/#\/schema\/person\/9a3a7cc4ccaa707f402d4394327106d5","name":"3e mill\u00e9naire","url":"https:\/\/www.revue3emillenaire.com\/blog\/author\/admin\/"}]}},"_links":{"self":[{"href":"https:\/\/www.revue3emillenaire.com\/blog\/wp-json\/wp\/v2\/posts\/8013","targetHints":{"allow":["GET"]}}],"collection":[{"href":"https:\/\/www.revue3emillenaire.com\/blog\/wp-json\/wp\/v2\/posts"}],"about":[{"href":"https:\/\/www.revue3emillenaire.com\/blog\/wp-json\/wp\/v2\/types\/post"}],"author":[{"embeddable":true,"href":"https:\/\/www.revue3emillenaire.com\/blog\/wp-json\/wp\/v2\/users\/1"}],"replies":[{"embeddable":true,"href":"https:\/\/www.revue3emillenaire.com\/blog\/wp-json\/wp\/v2\/comments?post=8013"}],"version-history":[{"count":0,"href":"https:\/\/www.revue3emillenaire.com\/blog\/wp-json\/wp\/v2\/posts\/8013\/revisions"}],"wp:attachment":[{"href":"https:\/\/www.revue3emillenaire.com\/blog\/wp-json\/wp\/v2\/media?parent=8013"}],"wp:term":[{"taxonomy":"category","embeddable":true,"href":"https:\/\/www.revue3emillenaire.com\/blog\/wp-json\/wp\/v2\/categories?post=8013"},{"taxonomy":"post_tag","embeddable":true,"href":"https:\/\/www.revue3emillenaire.com\/blog\/wp-json\/wp\/v2\/tags?post=8013"}],"curies":[{"name":"wp","href":"https:\/\/api.w.org\/{rel}","templated":true}]}}