{"id":9706,"date":"2011-10-22T01:25:32","date_gmt":"2011-10-22T00:25:32","guid":{"rendered":"http:\/\/www.revue3emillenaire.com\/blog\/?p=9706"},"modified":"2011-10-22T01:25:32","modified_gmt":"2011-10-22T00:25:32","slug":"un-temps-pour-naitre-un-temps-pour-faire-naitre-par-gabriel-loison","status":"publish","type":"post","link":"https:\/\/www.revue3emillenaire.com\/blog\/un-temps-pour-naitre-un-temps-pour-faire-naitre-par-gabriel-loison\/","title":{"rendered":"Un temps pour naitre, un temps pour faire naitre par Gabriel Loison"},"content":{"rendered":"<p style=\"text-align: justify;\">(Revue Co\u00c9volution. N<sup>o<\/sup> 12. Printemps 1983)<\/p>\n<p style=\"text-align: justify;\">Que penser d&rsquo;un cerisier qui donnerait ses fruits en octobre, et d&rsquo;un p\u00eacher qui donnerait les siens en f\u00e9vrier ? Les arbres, fruitiers ou non, suivent les cycles de leur nature en correspondance avec ceux des saisons de la terre.<\/p>\n<p style=\"text-align: justify;\">L&rsquo;Homme se soucie peu de ses cycles. Il f\u00e9conde, enfante, donne \u00ab ses fruits \u00bb \u00e0 n&rsquo;importe quel moment de sa vie. Mais, est-ce bien raisonnable ? N&rsquo;a-t-il pas, lui aussi, ses propres saisons ?<\/p>\n<p style=\"text-align: justify;\"><strong> <\/strong><\/p>\n<p style=\"text-align: justify;\"><strong>Tout est mouvement, tout est cycle<\/strong><\/p>\n<p style=\"text-align: justify;\">Depuis la nuit des temps, l&rsquo;Homme a observ\u00e9 en lui tout un ensemble de cycles. A l&rsquo;image des saisons de la terre, il sait que certains faits, certains troubles, certains ressentis, reviennent tous les ans, tous les mois, voire tous les jours.<\/p>\n<p style=\"text-align: justify;\">Mais, \u00e0 l&rsquo;image des saisons de la terre, il s&rsquo;est senti d\u00e9pendant de cette terre, et ses faits, ses troubles, ses ressentis, il les a imput\u00e9s \u00e0 l&rsquo;influence du lieu, de la terre, des astres, en oubliant qu&rsquo;il \u00e9tait lui-m\u00eame une terre, un cosmos \u00e0 lui tout seul.<\/p>\n<p style=\"text-align: justify;\">Bien s\u00fbr, l&rsquo;Homme re\u00e7oit de multiples influences du milieu, bien s\u00fbr, il subit les saisons de la terre et sa vertigineuse ronde cosmique, mais pour entrer en r\u00e9sonance avec le milieu, avec le cosmos, l&rsquo;Homme poss\u00e8de son propre syst\u00e8me \u00e9nerg\u00e9tique, ses propres cycles.<\/p>\n<p style=\"text-align: justify;\">La tradition, dans sa branche orientale, pr\u00f4ne l&rsquo;Homme \u00e9nerg\u00e9tique, l&rsquo;Homme r\u00e9gi par des cycles. La physique actuelle d\u00e9couvre ce que la tradition a toujours r\u00e9v\u00e9l\u00e9. L&rsquo;univers dynamique des physiciens rejoint l&rsquo;unit\u00e9 dynamique des oppos\u00e9s polaires du Tao manifest\u00e9 <a id=\"ftnref1\" href=\"#ftn1\">[1]<\/a>. De ce fait, la biologie n&rsquo;a pas voulu \u00eatre en reste. La relativit\u00e9 biologique a \u00e9t\u00e9 \u00ab red\u00e9couverte \u00bb par \u00c9mile Pinel et la chronobiologie a vu le jour&#8230;<\/p>\n<p style=\"text-align: justify;\">L&rsquo;Homme, aujourd&rsquo;hui, poss\u00e8de les moyens de v\u00e9rifier la Tradition, mais s&rsquo;il sait observer avec ses yeux, son intellect, il a oubli\u00e9 parfois les r\u00e8gles \u00e9l\u00e9mentaires de la nature. Il n&rsquo;\u00e9coute pas, ou peu, son monde int\u00e9rieur&#8230;<\/p>\n<p style=\"text-align: justify;\"><strong>Le tic-tac des horloges humaines<\/strong><\/p>\n<p style=\"text-align: justify;\">La premi\u00e8re horloge est r\u00e9gl\u00e9e sur le cycle de l&rsquo;alternance jour\/nuit. Il s&rsquo;agit du rythme nycth\u00e9m\u00e9ral. C&rsquo;est l&rsquo;horloge de tout le syst\u00e8me endocrinien, le tic-tac des hormones. O\u00f9 que l&rsquo;on soit, le m\u00e9canisme glandulaire se r\u00e8gle sur l&rsquo;alternance jour\/nuit du lieu.<\/p>\n<p style=\"text-align: justify;\">La Biom\u00e9trie \u00c9nerg\u00e9tique nous d\u00e9montre qu&rsquo;il existe un autre type d&rsquo;horloge. En effet, la loi fondamentale de la Biom\u00e9trie \u00c9nerg\u00e9tique est que chaque \u00eatre vivant poss\u00e8de une horloge biologique qui lui est propre. Cette horloge s&rsquo;accorde ou non avec les influences du milieu. Les r\u00e9actions \u00e9nerg\u00e9tiques \u00e9tablissent un niveau d&rsquo;adaptation (ou d&rsquo;inadaptation) correspondant \u00e0 un \u00e9tat du comportement psycho-physiologique.<\/p>\n<p style=\"text-align: justify;\">Cette horloge personnelle correspond \u00e0 l&rsquo;irrigation des fonctions organiques, d\u00e9limit\u00e9e en six grandes \u00e9tapes sur 24 heures.<\/p>\n<p style=\"text-align: justify;\">\u2014 la premi\u00e8re \u00e9tape est traduite par un syst\u00e8me d&rsquo;\u00e9change dont l&rsquo;oxyg\u00e9nation et l&rsquo;\u00e9limination du corps sont les principales fonctions.<\/p>\n<p style=\"text-align: justify;\">\u2014 la seconde \u00e9tape est surtout marqu\u00e9e par la fonction nutritionnelle (absorption et digestion).<\/p>\n<p style=\"text-align: justify;\">\u2014 la troisi\u00e8me \u00e9tape suit la fonction nutritionnelle par l&rsquo;assimilation, mais se caract\u00e9rise par la r\u00e9partition de l&rsquo;\u00e9nergie dans le sang.<\/p>\n<p style=\"text-align: justify;\">\u2014 la quatri\u00e8me \u00e9tape r\u00e9sout les probl\u00e8mes d&rsquo;\u00e9limination et de r\u00e9gulation corticosurr\u00e9nale.<\/p>\n<p style=\"text-align: justify;\">\u2014 la cinqui\u00e8me \u00e9tape d\u00e9veloppe les fonctions de circulation et de protection, ainsi que les fonctions psychiques de la sexualit\u00e9.<\/p>\n<p style=\"text-align: justify;\">\u2014 la sixi\u00e8me \u00e9tape comprend la distribution d&rsquo;\u00e9nergie aux cellules pendant le temps de sommeil.<\/p>\n<p style=\"text-align: justify;\">Cette circulation d&rsquo;\u00e9nergie dans le corps est d\u00e9montr\u00e9e par la m\u00e9decine chinoise, depuis que celle-ci existe. D&rsquo;apr\u00e8s ce postulat, tous les individus poss\u00e8dent cette horloge qui commence son cycle tous les jours \u00e0 la m\u00eame heure et pour tous. Ceci \u00e9tait vrai \u00e0 80 % des cas, il y a encore quelques ann\u00e9es.<\/p>\n<p style=\"text-align: justify;\">En effet, dans ce rythme \u00e9taient confondus, puisqu&rsquo;ils se superposaient exactement, le rythme personnel de l&rsquo;individu et le rythme nycth\u00e9m\u00e9ral. Ils se trouvaient confondus du fait que 80 % des enfants naissaient \u00ab au petit matin \u00bb, c&rsquo;est-\u00e0-dire, entre 3 et 5 heures du matin.<\/p>\n<p style=\"text-align: justify;\">Aujourd&rsquo;hui, deux raisons majeures perturbent la circulation de l&rsquo;\u00e9nergie dans le corps :<\/p>\n<p style=\"text-align: justify;\">\u2014 la premi\u00e8re est la naissance \u00e0 \u00ab l&rsquo;heure m\u00e9dicale \u00bb, c&rsquo;est-\u00e0-dire que l&rsquo;on avance ou retarde l&rsquo;accouchement suivant les disponibilit\u00e9s des m\u00e9decins.<\/p>\n<p style=\"text-align: justify;\">\u2014 la deuxi\u00e8me raison est due aux rapides migrations que nous permet notre progr\u00e8s technique.<\/p>\n<p style=\"text-align: justify;\">Cette perturbation de l&rsquo;\u00e9nergie favorise les troubles dans les fonctions et acc\u00e9l\u00e8re le processus d&rsquo;usure.<\/p>\n<p style=\"text-align: justify;\">La synchronisation ou d\u00e9synchronisation des deux horloges fait que nous avons faim \u00e0 certaines heures, que nous avons un \u00ab coup de pompe \u00bb \u00e0 d&rsquo;autres et explique qu&rsquo;il y a des gens du soir et des gens du matin.<\/p>\n<p style=\"text-align: justify;\"><strong>Les saisons de l&rsquo;Homme<\/strong><\/p>\n<p style=\"text-align: justify;\">L&rsquo;une des d\u00e9couvertes de la Biom\u00e9trie \u00c9nerg\u00e9tique est que l&rsquo;Homme poss\u00e8de ses propres saisons.<\/p>\n<p style=\"text-align: justify;\">En effet, l&rsquo;Homme est une terre qui, suivant son lieu de naissance, poss\u00e8de un rythme circannuel (365 jours \u00b1 40 jours, suivant les ann\u00e9es). Cette p\u00e9riodicit\u00e9 est repr\u00e9sent\u00e9e par un grand temps de charge et un grand temps de d\u00e9charge.<\/p>\n<p style=\"text-align: justify;\"><strong>Le temps de charge<\/strong>, c&rsquo;est un peu l&rsquo;hiver, avec la mont\u00e9e de s\u00e8ve dans les arbres, le bl\u00e9 qui germe sous terre, et le printemps avec la manifestation a\u00e9rienne, l&rsquo;\u00e9panouissement de toute la nature.<\/p>\n<p style=\"text-align: justify;\"><strong>Le temps de d\u00e9charge<\/strong>, c&rsquo;est un peu l&rsquo;\u00e9t\u00e9 avec sa chaleur lourde, ses orages, et l&rsquo;automne avec la chute des feuilles, la retomb\u00e9e de la s\u00e8ve.<\/p>\n<p style=\"text-align: justify;\">Mais toutes les ann\u00e9es n&rsquo;ont pas la m\u00eame qualit\u00e9 de saisons, le m\u00eame temps. Pour l&rsquo;Homme, c&rsquo;est similaire et les amplitudes annuelles sont li\u00e9es aux rythmes sanguins, diff\u00e9rents suivant les groupes.<\/p>\n<p style=\"text-align: justify;\">Pour simplifier l&rsquo;explication, nous dirons qu&rsquo;une ann\u00e9e humaine se divise en quatre saisons, le printemps commen\u00e7ant dans la p\u00e9riode d&rsquo;anniversaire. Toutefois, il faut souligner que cela est tr\u00e8s sch\u00e9matique, puisqu&rsquo;en r\u00e9alit\u00e9 entre en ligne de compte la loi du temps biologique qui veut que plus l&rsquo;\u00e9nergie est forte, plus le temps est court, et inversement.<\/p>\n<p style=\"text-align: justify;\">La femme qui d\u00e9sire concevoir un enfant doit donc tenir compte de ses propres saisons. Afin qu&rsquo;elle puisse donner une \u00ab enveloppe \u00bb \u00e9quilibr\u00e9e, un corps sain \u00e0 son enfant, elle devra le porter pendant sa p\u00e9riode la plus favorable, c&rsquo;est-\u00e0-dire, concevoir l&rsquo;enfant dans son \u00ab hiver \u00bb \u00e0 elle, pour le \u00ab\u00a0m\u00fbrir \u00bb pendant son \u00ab printemps \u00bb et son \u00ab \u00e9t\u00e9 \u00bb, et donner son fruit dans son \u00ab automne \u00bb. C&rsquo;est une loi \u00e9l\u00e9mentaire.<\/p>\n<p style=\"text-align: justify;\">Regardons le tableau ci-apr\u00e8s. Il est scind\u00e9 en quatre \u00ab grandes saisons \u00bb de la m\u00e8re, et repr\u00e9sente l&rsquo;\u00e9tat physique des enfants \u00e0 la naissance, enfants con\u00e7us dans une des quatre \u00ab saisons \u00bb du rythme annuel de la m\u00e8re.<\/p>\n<p style=\"text-align: justify;\">Ces statistiques montrent que, sur cent enfants con\u00e7us dans l&rsquo;\u00ab hiver \u00bb de la m\u00e8re, 8 seulement sont n\u00e9s avant terme, alors que 36 sont n\u00e9s avant terme chez ceux qui ont \u00e9t\u00e9 con\u00e7us dans l&rsquo;\u00ab \u00e9t\u00e9 \u00bb de la m\u00e8re. Autrement dit, il semble y avoir rejet pr\u00e9matur\u00e9ment.<\/p>\n<p style=\"text-align: justify;\">Nous constatons, par ailleurs, que 76 % des avortements spontan\u00e9s se produisent dans l&rsquo;\u00e9t\u00e9 et l&rsquo;automne de la m\u00e8re. Nous observons aussi que sur les enfants con\u00e7us dans la bonne p\u00e9riode, 18 % seulement font moins que le poids \u00e9talon, fix\u00e9 \u00e0 3 kilos, pour 38 % dans la p\u00e9riode oppos\u00e9e. Ces chiffres sont \u00e9galement significatifs pour les maladies et handicaps \u00e0 la naissance.<\/p>\n<p style=\"text-align: justify;\"><a href=\"http:\/\/www.revue3emillenaire.com\/blog\/wp-content\/uploads\/2011\/10\/loison.jpg\"><\/a><a href=\"http:\/\/www.revue3emillenaire.com\/blog\/wp-content\/uploads\/2011\/10\/loison.jpg\"><img loading=\"lazy\" decoding=\"async\" class=\"aligncenter size-full wp-image-9709\" title=\"loison\" src=\"http:\/\/www.revue3emillenaire.com\/blog\/wp-content\/uploads\/2011\/10\/loison.jpg\" alt=\"\" width=\"854\" height=\"322\" srcset=\"https:\/\/www.revue3emillenaire.com\/blog\/wp-content\/uploads\/2011\/10\/loison.jpg 854w, https:\/\/www.revue3emillenaire.com\/blog\/wp-content\/uploads\/2011\/10\/loison-300x113.jpg 300w\" sizes=\"auto, (max-width: 854px) 100vw, 854px\" \/><\/a><\/p>\n<p style=\"text-align: justify;\">Tout cela prouve que notre corps poss\u00e8de ce type de cycle ; un peu comme s&rsquo;il programmait, d\u00e8s 1a remont\u00e9e de l&rsquo;\u00e9nergie, la r\u00e9serve n\u00e9cessaire pour l&rsquo;ann\u00e9e.<\/p>\n<p style=\"text-align: justify;\">Dans le cas d&rsquo;une conception dans la bonne p\u00e9riode, le corps semble programmer l&rsquo;\u00e9nergie pour la m\u00e8re et l&rsquo;enfant, alors que dans la p\u00e9riode oppos\u00e9e il semble au contraire refuser, rejeter l&rsquo;intrus.<\/p>\n<p style=\"text-align: justify;\">Le constat est flagrant : une conception faite dans l&rsquo;\u00ab \u00e9t\u00e9 \u00bb de la m\u00e8re entra\u00eene une faiblesse g\u00e9n\u00e9ralis\u00e9e et, s&rsquo;il n&rsquo;y a pas rejet par le corps, notamment dans la fin de l&rsquo;\u00ab automne \u00bb de la m\u00e8re, il y a complications pour l&rsquo;enfant ou pour la m\u00e8re, ou pour les deux \u00e0 la fois.<\/p>\n<p style=\"text-align: justify;\"><strong>La compatibilit\u00e9 \u00e9nerg\u00e9tique du couple<\/strong><\/p>\n<p style=\"text-align: justify;\">Si la maman a une responsabilit\u00e9 dans le choix de la date de conception, le p\u00e8re \u00e9galement poss\u00e8de une p\u00e9riode plus propice \u00e0 la conception. Cette p\u00e9riode se situe dans l&rsquo;\u00ab \u00e9t\u00e9 \u00bb du p\u00e8re, c&rsquo;est-\u00e0-dire, au moment o\u00f9 il est en toute possession de ses moyens \u00e9nerg\u00e9tiques.<\/p>\n<p style=\"text-align: justify;\">Or, si le p\u00e8re doit concevoir pendant son \u00ab \u00e9t\u00e9 \u00bb et la m\u00e8re pendant son \u00ab hiver \u00bb, cela veut dire que le rythme annuel du couple se compose de deux rythmes en opposition. Autrement dit, dans l&rsquo;absolu, sur une ann\u00e9e, l&rsquo;homme et la femme doivent avoir une diff\u00e9rence de 6 mois entre leurs anniversaires.<\/p>\n<p style=\"text-align: justify;\">Le couple est fait pour durer et il est donc important qu&rsquo;il y ait toujours un des membres au maximum de ses moyens, \u00e9nerg\u00e9tiquement et psychiquement parlant.<\/p>\n<p style=\"text-align: justify;\">Si les deux membres du couple sont n\u00e9s au m\u00eame mois, nous disons qu&rsquo;ils ont le rythme des amants, soit intensit\u00e9 pendant six mois, mais d\u00e9faillance pendant les six autres mois.<\/p>\n<p style=\"text-align: justify;\">En ce qui concerne une conception par un couple ayant le rythme des amants, soit la m\u00e8re peut concevoir \u00e0 sa bonne p\u00e9riode et c&rsquo;est le p\u00e8re qui ne donne pas une \u00ab graine \u00bb dynamis\u00e9e ; soit le p\u00e8re donne une \u00ab graine \u00bb forte et la m\u00e8re n&rsquo;a pas un terrain actif, en mont\u00e9e d&rsquo;\u00e9nergie.<\/p>\n<p style=\"text-align: justify;\"><strong>La charge de parents<\/strong><\/p>\n<p style=\"text-align: justify;\">\u00catre parents n&rsquo;est pas si simple. On pense \u00e0 l&rsquo;\u00e9ducation, \u00e0 bien soigner l&rsquo;enfant, \u00e0 bien le nourrir, bien le v\u00eatir, mais la charge parentale commence avant la conception. C&rsquo;est, avant tout, une prise de conscience de la compatibilit\u00e9 \u00e9nerg\u00e9tique du couple, de la compatibilit\u00e9 temp\u00e9ramentale et des pr\u00e9dispositions biologiques.<\/p>\n<p style=\"text-align: justify;\">C&rsquo;est en parents responsables qu&rsquo;on doit regarder la nature des deux \u00e9l\u00e9ments du couple, en toute conscience, sans se masquer quoi que ce soit. Cela n&#8217;emp\u00eache rien \u00e0 l&rsquo;amour, au contraire.<\/p>\n<p style=\"text-align: justify;\">Le \u00ab vouloir faire na\u00eetre \u00bb se pr\u00e9pare et dans le corps et dans l&rsquo;esprit. Faciliter \u00e0 un \u00eatre tout son devenir en lui donnant un corps sain, \u00e9quilibr\u00e9, est le premier devoir des parents: Pour cela, il faut pr\u00e9parer le corps de la m\u00e8re comme on pr\u00e9pare un creuset, un moule, un nid.<\/p>\n<p style=\"text-align: justify;\">Il faut vivre l&rsquo;\u00eatre quand il est en formation et ce par les deux parents et savoir d\u00e9j\u00e0 qui il est pour qu&rsquo;il se d\u00e9veloppe dans son identit\u00e9. Ensuite, d\u00e8s que l&rsquo;enfant na\u00eet, la charge parentale est d&rsquo;autant plus lourde qu&rsquo;elle demande \u00e0 ne pas d\u00e9velopper cette machine humaine \u00e0 contresens mais \u00e0 canaliser l&rsquo;\u00eatre dans sa v\u00e9ritable fonction.<\/p>\n<p style=\"text-align: justify;\">Le pourquoi de cet \u00eatre sur terre&#8230;<\/p>\n<p style=\"text-align: justify;\">L&rsquo;abeille travaille sans v\u00e9ritablement conna\u00eetre son r\u00f4le sur terre. Elle s&rsquo;active \u00e0 ramasser du pollen, afin de faire le miel pour toute la communaut\u00e9. Elle pense que c&rsquo;est l\u00e0 sa vocation. Or, par cette activit\u00e9, elle va permettre de donner la vie, d&rsquo;engendrer fleurs et fruits, mais \u00e7\u00e0, elle ne le sait pas.<\/p>\n<p style=\"text-align: justify;\">Les parents doivent conna\u00eetre l&rsquo;orientation \u00e0 donner \u00e0 l&rsquo;enfant pour qu&rsquo;il fasse son miel, mais \u00e9galement pour qu&rsquo;il trouve par lui-m\u00eame le v\u00e9ritable but de son \u00e9volution.<\/p>\n<p style=\"text-align: justify;\">Piti\u00e9 ! qu&rsquo;on n&rsquo;oblige pas les abeilles \u00e0 jouer les bousiers&#8230;<\/p>\n<p style=\"text-align: center;\">*** *** ***<\/p>\n<table style=\"text-align: justify;\" border=\"1\" cellspacing=\"0\" cellpadding=\"0\" width=\"498\">\n<tbody>\n<tr>\n<td width=\"498\" valign=\"top\"><strong>Choisir de na\u00eetre &#8230;<\/strong><\/p>\n<p>La naissance est-elle un   choix d\u00e9lib\u00e9r\u00e9 ? Sans aucun doute ? Les parents ne sont alors que des   g\u00e9niteurs et non des cr\u00e9ateurs&#8230;<\/p>\n<p>A son premier bol d&rsquo;air,   l&rsquo;\u00eatre se lance dans son devenir. Il va grandir dans un monde, un temps, un   espace, jalonn\u00e9s de joies et de souffrances.<\/p>\n<p>Mais qui est-il, l\u00e0, \u00e0   l&rsquo;instant pr\u00e9cis de la premi\u00e8re respiration ? Peut-il \u00eatre quelque chose,   puisqu&rsquo;il vit sa premi\u00e8re minute hors du monde aquatique o\u00f9 il a pris forme   humaine pendant neuf mois ? Oui, il porte d\u00e9j\u00e0 en lui toute la m\u00e9moire du monde   avec, pour diff\u00e9rence par rapport aux autres \u00eatres, son propre temp\u00e9rament.<\/p>\n<p>Temp\u00e9rament vient du latin temperamentum   qui signifie \u00ab juste proportion \u00bb. Juste proportion ? Juste proportion de   quoi ?<\/p>\n<p>En fait, l&rsquo;\u00eatre poss\u00e8de un \u00e9quilibre entre   des proportions immanentes et des proportions transcendantes.<\/p>\n<p>Les proportions immanentes repr\u00e9sentent   toute la part visible, mesurable, palpable, donn\u00e9e par h\u00e9r\u00e9dit\u00e9. Autrement   dit toute l&rsquo;enveloppe physique et \u00e9nerg\u00e9tique composant la \u00ab machine humaine   \u00bb. C&rsquo;est le potentiel essentiel l\u00e9gu\u00e9 par les parents, les grands-parents,   les arri\u00e8res grands-parents, suivant les lois mend\u00e9liennes.<\/p>\n<p>La \u00ab machine \u00bb sera forte, \u00e9quilibr\u00e9e, avec   des structures sans faille ou, au contraire, faible, handicap\u00e9e, suivant les   actes responsables et conscients, ou irresponsables et inconscients, des   g\u00e9niteurs.<\/p>\n<p>Les proportions transcendantes repr\u00e9sentent   toutes les forces vives qui permettent \u00e0 l&rsquo;\u00eatre de vivre et d&rsquo;\u00e9voluer dans sa   v\u00e9ritable dimension, dans le pourquoi de sa vie d&rsquo;humain. C&rsquo;est l&rsquo;apport des   \u00e9l\u00e9ments atomiques et des influences vibratoires du milieu cosmique.<\/p>\n<p>Et c&rsquo;est l\u00e0 que l&rsquo;Homme poss\u00e8de une   richesse consid\u00e9rable : il est le fruit de l&rsquo;arbre g\u00e9n\u00e9alogique qui l&rsquo;a   procr\u00e9\u00e9 mais sa nature est model\u00e9e, riche, diff\u00e9rente, de par les influences   ioniques et cosmiques qu&rsquo;il a subies pendant sa formation intra-ut\u00e9rine et \u00e0   l&rsquo;instant de sa naissance.<\/p>\n<p>Quelles sont les proportions exactes qui   composent chaque individu ? Est-ce que les go\u00fbts, les aversions, les   aptitudes et les inaptitudes viennent de la structure h\u00e9r\u00e9ditaire ou des   proportions transcendantes ?<\/td>\n<\/tr>\n<\/tbody>\n<\/table>\n<table style=\"text-align: justify;\" border=\"1\" cellspacing=\"0\" cellpadding=\"0\" width=\"498\">\n<tbody>\n<tr>\n<td width=\"498\" valign=\"top\"><strong>choisir de na\u00eetre diff\u00e9rent &#8230;<\/strong><\/p>\n<p>Le jeu des combinaisons   temp\u00e9ramentales est illimit\u00e9 pour les m\u00eames composants g\u00e9n\u00e9rateurs. On le   constate par les diff\u00e9rences de temp\u00e9raments des enfants d&rsquo;une m\u00eame famille.<\/p>\n<p>Les proportions   transcendantes se divisent en deux cat\u00e9gories bien distinctes, semble-t-il, mais   cr\u00e9ant l&rsquo;une et l&rsquo;autre une synergie \u00e9volutive dans l&rsquo;\u00eatre et de l&rsquo;\u00eatre.<\/p>\n<p>\u2022 La premi\u00e8re a trait \u00e0   la continuit\u00e9 ionique des \u00e9nergies immortelles que je nomme \u00ab ant\u00e9riorit\u00e9   no\u00e9tique \u00bb.<\/p>\n<p>\u2022 La seconde a trait \u00e0   l&rsquo;influence des \u00e9nergies cosmiques \u00e0 l&rsquo;instant de naissance que je nomme \u00ab   bain cosmique \u00bb.<\/p>\n<p>Ces deux constituants   apportent au potentiel vital essentiel la vie au niveau mental, la conscience   et l&rsquo;\u00e9ventail des go\u00fbts.<\/p>\n<p>L&rsquo;\u00c9nergie est l&rsquo;essence   de toute vie. L&rsquo;\u00c9nergie est immortelle. L&rsquo;\u00c9nergie qui compose l&rsquo;Homme a donc   v\u00e9cu depuis le commencement du monde.<\/p>\n<p>Postulat troublant qui   permet une meilleure compr\u00e9hension de l&rsquo;Homme dans ses structures mentales, dans   ses r\u00e9actions pulsatives, dans son devenir. L&rsquo;Homme est dans un cycle   d&rsquo;incarnation et de r\u00e9incarnation. Le cycle de vie alterne entre la mort du   monde du dehors, d&rsquo;o\u00f9 naissance au monde du dehors.<\/p>\n<p>La vie est une permanence   infinie.<\/p>\n<p>Toute mort est une   naissance, toute naissance est une mort.<\/p>\n<p>Or, chaque renaissance   dans notre monde (monde du dehors) signifie pour l&rsquo;\u00eatre r\u00e9incarn\u00e9 :   ant\u00e9riorit\u00e9 \u00e0 d\u00e9passer, nature \u00e0 sublimer. Et c&rsquo;est l\u00e0 la raison qui lui a   fait choisir ses parents.<\/p>\n<p>L&rsquo;Homme vit une suite de   pulsions \u00e9nerg\u00e9tiques dues aux retentissements des v\u00e9cus ant\u00e9rieurs et subit   volontairement une escalade synerg\u00e9tique d&rsquo;ordre spirituel, de par son choix   dans l&rsquo;espace et dans le temps.<\/p>\n<p>D\u00e8s la naissance, la   difficult\u00e9 pour l&rsquo;\u00eatre est d&rsquo;affronter son milieu sans vouloir faire plier   l&rsquo;essentiel sous les rites illusoires de l&rsquo;existence. Pour cela, il lui faut   choisir des parents conscients de la dimension de l&rsquo;Homme&#8230;<\/td>\n<\/tr>\n<\/tbody>\n<\/table>\n<p style=\"text-align: right;\">Gabriel Loison<\/p>\n<p style=\"text-align: justify;\">Gabriel Loison, psychologue, concepteur de la Biom\u00e9trie \u00c9nerg\u00e9tique et de la <a href=\"http:\/\/www.revue3emillenaire.com\/blog\/?p=8004\" target=\"_blank\">Psychologie Spagyrique<\/a>\u2026<\/p>\n<hr style=\"text-align: justify;\" size=\"1\" \/>\n<p style=\"text-align: justify;\"><a id=\"ftn1\" href=\"#ftnref1\">[1]<\/a> Cf. Fritjof Capra, <em>le tao de la physique<\/em>, Ed. Tchou.<\/p>\n<p style=\"text-align: justify;\">\n","protected":false},"excerpt":{"rendered":"<p>[&#8230;] la loi fondamentale de la Biom\u00e9trie \u00c9nerg\u00e9tique est que chaque \u00eatre vivant poss\u00e8de une horloge biologique qui lui est propre. Cette horloge s&rsquo;accorde ou non avec les influences du milieu. Les r\u00e9actions \u00e9nerg\u00e9tiques \u00e9tablissent un niveau d&rsquo;adaptation (ou d&rsquo;inadaptation) correspondant \u00e0 un \u00e9tat du comportement psycho-physiologique.<\/p>\n","protected":false},"author":1,"featured_media":0,"comment_status":"closed","ping_status":"closed","sticky":false,"template":"","format":"standard","meta":{"footnotes":""},"categories":[996],"tags":[291,998,983,997],"class_list":["post-9706","post","type-post","status-publish","format-standard","hentry","category-loison-gabriel","tag-cycle","tag-horloge-biologique","tag-naissance","tag-rythme"],"yoast_head":"<!-- This site is optimized with the Yoast SEO plugin v27.0 - https:\/\/yoast.com\/product\/yoast-seo-wordpress\/ -->\n<title>Un temps pour naitre, un temps pour faire naitre par Gabriel Loison - 3e mill\u00e9naire - Spiritualit\u00e9 - Connaissance de soi - Non-dualit\u00e9 - M\u00e9ditation<\/title>\n<meta name=\"robots\" content=\"index, follow, max-snippet:-1, max-image-preview:large, max-video-preview:-1\" \/>\n<link rel=\"canonical\" href=\"https:\/\/www.revue3emillenaire.com\/blog\/un-temps-pour-naitre-un-temps-pour-faire-naitre-par-gabriel-loison\/\" \/>\n<meta property=\"og:locale\" content=\"fr_FR\" \/>\n<meta property=\"og:type\" content=\"article\" \/>\n<meta property=\"og:title\" content=\"Un temps pour naitre, un temps pour faire naitre par Gabriel Loison - 3e mill\u00e9naire - Spiritualit\u00e9 - Connaissance de soi - Non-dualit\u00e9 - M\u00e9ditation\" \/>\n<meta property=\"og:description\" content=\"[...] la loi fondamentale de la Biom\u00e9trie \u00c9nerg\u00e9tique est que chaque \u00eatre vivant poss\u00e8de une horloge biologique qui lui est propre. Cette horloge s&#039;accorde ou non avec les influences du milieu. Les r\u00e9actions \u00e9nerg\u00e9tiques \u00e9tablissent un niveau d&#039;adaptation (ou d&#039;inadaptation) correspondant \u00e0 un \u00e9tat du comportement psycho-physiologique.\" \/>\n<meta property=\"og:url\" content=\"https:\/\/www.revue3emillenaire.com\/blog\/un-temps-pour-naitre-un-temps-pour-faire-naitre-par-gabriel-loison\/\" \/>\n<meta property=\"og:site_name\" content=\"3e mill\u00e9naire - Spiritualit\u00e9 - Connaissance de soi - Non-dualit\u00e9 - M\u00e9ditation\" \/>\n<meta property=\"article:published_time\" content=\"2011-10-22T00:25:32+00:00\" \/>\n<meta property=\"og:image\" content=\"http:\/\/www.revue3emillenaire.com\/blog\/wp-content\/uploads\/2011\/10\/loison.jpg\" \/>\n<meta name=\"author\" content=\"3e mill\u00e9naire\" \/>\n<meta name=\"twitter:card\" content=\"summary_large_image\" \/>\n<meta name=\"twitter:label1\" content=\"\u00c9crit par\" \/>\n\t<meta name=\"twitter:data1\" content=\"3e mill\u00e9naire\" \/>\n\t<meta name=\"twitter:label2\" content=\"Dur\u00e9e de lecture estim\u00e9e\" \/>\n\t<meta name=\"twitter:data2\" content=\"13 minutes\" \/>\n<script type=\"application\/ld+json\" class=\"yoast-schema-graph\">{\"@context\":\"https:\/\/schema.org\",\"@graph\":[{\"@type\":\"Article\",\"@id\":\"https:\/\/www.revue3emillenaire.com\/blog\/un-temps-pour-naitre-un-temps-pour-faire-naitre-par-gabriel-loison\/#article\",\"isPartOf\":{\"@id\":\"https:\/\/www.revue3emillenaire.com\/blog\/un-temps-pour-naitre-un-temps-pour-faire-naitre-par-gabriel-loison\/\"},\"author\":{\"name\":\"3e mill\u00e9naire\",\"@id\":\"https:\/\/www.revue3emillenaire.com\/blog\/#\/schema\/person\/9a3a7cc4ccaa707f402d4394327106d5\"},\"headline\":\"Un temps pour naitre, un temps pour faire naitre par Gabriel Loison\",\"datePublished\":\"2011-10-22T00:25:32+00:00\",\"mainEntityOfPage\":{\"@id\":\"https:\/\/www.revue3emillenaire.com\/blog\/un-temps-pour-naitre-un-temps-pour-faire-naitre-par-gabriel-loison\/\"},\"wordCount\":2641,\"image\":{\"@id\":\"https:\/\/www.revue3emillenaire.com\/blog\/un-temps-pour-naitre-un-temps-pour-faire-naitre-par-gabriel-loison\/#primaryimage\"},\"thumbnailUrl\":\"http:\/\/www.revue3emillenaire.com\/blog\/wp-content\/uploads\/2011\/10\/loison.jpg\",\"keywords\":[\"cycle\",\"Horloge Biologique\",\"Naissance\",\"Rythme\"],\"articleSection\":[\"Loison Gabriel\"],\"inLanguage\":\"fr-FR\"},{\"@type\":\"WebPage\",\"@id\":\"https:\/\/www.revue3emillenaire.com\/blog\/un-temps-pour-naitre-un-temps-pour-faire-naitre-par-gabriel-loison\/\",\"url\":\"https:\/\/www.revue3emillenaire.com\/blog\/un-temps-pour-naitre-un-temps-pour-faire-naitre-par-gabriel-loison\/\",\"name\":\"Un temps pour naitre, un temps pour faire naitre par Gabriel Loison - 3e mill\u00e9naire - Spiritualit\u00e9 - Connaissance de soi - Non-dualit\u00e9 - M\u00e9ditation\",\"isPartOf\":{\"@id\":\"https:\/\/www.revue3emillenaire.com\/blog\/#website\"},\"primaryImageOfPage\":{\"@id\":\"https:\/\/www.revue3emillenaire.com\/blog\/un-temps-pour-naitre-un-temps-pour-faire-naitre-par-gabriel-loison\/#primaryimage\"},\"image\":{\"@id\":\"https:\/\/www.revue3emillenaire.com\/blog\/un-temps-pour-naitre-un-temps-pour-faire-naitre-par-gabriel-loison\/#primaryimage\"},\"thumbnailUrl\":\"http:\/\/www.revue3emillenaire.com\/blog\/wp-content\/uploads\/2011\/10\/loison.jpg\",\"datePublished\":\"2011-10-22T00:25:32+00:00\",\"author\":{\"@id\":\"https:\/\/www.revue3emillenaire.com\/blog\/#\/schema\/person\/9a3a7cc4ccaa707f402d4394327106d5\"},\"breadcrumb\":{\"@id\":\"https:\/\/www.revue3emillenaire.com\/blog\/un-temps-pour-naitre-un-temps-pour-faire-naitre-par-gabriel-loison\/#breadcrumb\"},\"inLanguage\":\"fr-FR\",\"potentialAction\":[{\"@type\":\"ReadAction\",\"target\":[\"https:\/\/www.revue3emillenaire.com\/blog\/un-temps-pour-naitre-un-temps-pour-faire-naitre-par-gabriel-loison\/\"]}]},{\"@type\":\"ImageObject\",\"inLanguage\":\"fr-FR\",\"@id\":\"https:\/\/www.revue3emillenaire.com\/blog\/un-temps-pour-naitre-un-temps-pour-faire-naitre-par-gabriel-loison\/#primaryimage\",\"url\":\"http:\/\/www.revue3emillenaire.com\/blog\/wp-content\/uploads\/2011\/10\/loison.jpg\",\"contentUrl\":\"http:\/\/www.revue3emillenaire.com\/blog\/wp-content\/uploads\/2011\/10\/loison.jpg\"},{\"@type\":\"BreadcrumbList\",\"@id\":\"https:\/\/www.revue3emillenaire.com\/blog\/un-temps-pour-naitre-un-temps-pour-faire-naitre-par-gabriel-loison\/#breadcrumb\",\"itemListElement\":[{\"@type\":\"ListItem\",\"position\":1,\"name\":\"Accueil\",\"item\":\"https:\/\/www.revue3emillenaire.com\/blog\/\"},{\"@type\":\"ListItem\",\"position\":2,\"name\":\"Un temps pour naitre, un temps pour faire naitre par Gabriel Loison\"}]},{\"@type\":\"WebSite\",\"@id\":\"https:\/\/www.revue3emillenaire.com\/blog\/#website\",\"url\":\"https:\/\/www.revue3emillenaire.com\/blog\/\",\"name\":\"3e mill\u00e9naire - Spiritualit\u00e9 - Connaissance de soi - Non-dualit\u00e9 - M\u00e9ditation\",\"description\":\"L&#039;Homme en devenir\",\"potentialAction\":[{\"@type\":\"SearchAction\",\"target\":{\"@type\":\"EntryPoint\",\"urlTemplate\":\"https:\/\/www.revue3emillenaire.com\/blog\/?s={search_term_string}\"},\"query-input\":{\"@type\":\"PropertyValueSpecification\",\"valueRequired\":true,\"valueName\":\"search_term_string\"}}],\"inLanguage\":\"fr-FR\"},{\"@type\":\"Person\",\"@id\":\"https:\/\/www.revue3emillenaire.com\/blog\/#\/schema\/person\/9a3a7cc4ccaa707f402d4394327106d5\",\"name\":\"3e mill\u00e9naire\",\"url\":\"https:\/\/www.revue3emillenaire.com\/blog\/author\/admin\/\"}]}<\/script>\n<!-- \/ Yoast SEO plugin. -->","yoast_head_json":{"title":"Un temps pour naitre, un temps pour faire naitre par Gabriel Loison - 3e mill\u00e9naire - Spiritualit\u00e9 - Connaissance de soi - Non-dualit\u00e9 - M\u00e9ditation","robots":{"index":"index","follow":"follow","max-snippet":"max-snippet:-1","max-image-preview":"max-image-preview:large","max-video-preview":"max-video-preview:-1"},"canonical":"https:\/\/www.revue3emillenaire.com\/blog\/un-temps-pour-naitre-un-temps-pour-faire-naitre-par-gabriel-loison\/","og_locale":"fr_FR","og_type":"article","og_title":"Un temps pour naitre, un temps pour faire naitre par Gabriel Loison - 3e mill\u00e9naire - Spiritualit\u00e9 - Connaissance de soi - Non-dualit\u00e9 - M\u00e9ditation","og_description":"[...] la loi fondamentale de la Biom\u00e9trie \u00c9nerg\u00e9tique est que chaque \u00eatre vivant poss\u00e8de une horloge biologique qui lui est propre. Cette horloge s'accorde ou non avec les influences du milieu. Les r\u00e9actions \u00e9nerg\u00e9tiques \u00e9tablissent un niveau d'adaptation (ou d'inadaptation) correspondant \u00e0 un \u00e9tat du comportement psycho-physiologique.","og_url":"https:\/\/www.revue3emillenaire.com\/blog\/un-temps-pour-naitre-un-temps-pour-faire-naitre-par-gabriel-loison\/","og_site_name":"3e mill\u00e9naire - Spiritualit\u00e9 - Connaissance de soi - Non-dualit\u00e9 - M\u00e9ditation","article_published_time":"2011-10-22T00:25:32+00:00","og_image":[{"url":"http:\/\/www.revue3emillenaire.com\/blog\/wp-content\/uploads\/2011\/10\/loison.jpg","type":"","width":"","height":""}],"author":"3e mill\u00e9naire","twitter_card":"summary_large_image","twitter_misc":{"\u00c9crit par":"3e mill\u00e9naire","Dur\u00e9e de lecture estim\u00e9e":"13 minutes"},"schema":{"@context":"https:\/\/schema.org","@graph":[{"@type":"Article","@id":"https:\/\/www.revue3emillenaire.com\/blog\/un-temps-pour-naitre-un-temps-pour-faire-naitre-par-gabriel-loison\/#article","isPartOf":{"@id":"https:\/\/www.revue3emillenaire.com\/blog\/un-temps-pour-naitre-un-temps-pour-faire-naitre-par-gabriel-loison\/"},"author":{"name":"3e mill\u00e9naire","@id":"https:\/\/www.revue3emillenaire.com\/blog\/#\/schema\/person\/9a3a7cc4ccaa707f402d4394327106d5"},"headline":"Un temps pour naitre, un temps pour faire naitre par Gabriel Loison","datePublished":"2011-10-22T00:25:32+00:00","mainEntityOfPage":{"@id":"https:\/\/www.revue3emillenaire.com\/blog\/un-temps-pour-naitre-un-temps-pour-faire-naitre-par-gabriel-loison\/"},"wordCount":2641,"image":{"@id":"https:\/\/www.revue3emillenaire.com\/blog\/un-temps-pour-naitre-un-temps-pour-faire-naitre-par-gabriel-loison\/#primaryimage"},"thumbnailUrl":"http:\/\/www.revue3emillenaire.com\/blog\/wp-content\/uploads\/2011\/10\/loison.jpg","keywords":["cycle","Horloge Biologique","Naissance","Rythme"],"articleSection":["Loison Gabriel"],"inLanguage":"fr-FR"},{"@type":"WebPage","@id":"https:\/\/www.revue3emillenaire.com\/blog\/un-temps-pour-naitre-un-temps-pour-faire-naitre-par-gabriel-loison\/","url":"https:\/\/www.revue3emillenaire.com\/blog\/un-temps-pour-naitre-un-temps-pour-faire-naitre-par-gabriel-loison\/","name":"Un temps pour naitre, un temps pour faire naitre par Gabriel Loison - 3e mill\u00e9naire - Spiritualit\u00e9 - Connaissance de soi - Non-dualit\u00e9 - M\u00e9ditation","isPartOf":{"@id":"https:\/\/www.revue3emillenaire.com\/blog\/#website"},"primaryImageOfPage":{"@id":"https:\/\/www.revue3emillenaire.com\/blog\/un-temps-pour-naitre-un-temps-pour-faire-naitre-par-gabriel-loison\/#primaryimage"},"image":{"@id":"https:\/\/www.revue3emillenaire.com\/blog\/un-temps-pour-naitre-un-temps-pour-faire-naitre-par-gabriel-loison\/#primaryimage"},"thumbnailUrl":"http:\/\/www.revue3emillenaire.com\/blog\/wp-content\/uploads\/2011\/10\/loison.jpg","datePublished":"2011-10-22T00:25:32+00:00","author":{"@id":"https:\/\/www.revue3emillenaire.com\/blog\/#\/schema\/person\/9a3a7cc4ccaa707f402d4394327106d5"},"breadcrumb":{"@id":"https:\/\/www.revue3emillenaire.com\/blog\/un-temps-pour-naitre-un-temps-pour-faire-naitre-par-gabriel-loison\/#breadcrumb"},"inLanguage":"fr-FR","potentialAction":[{"@type":"ReadAction","target":["https:\/\/www.revue3emillenaire.com\/blog\/un-temps-pour-naitre-un-temps-pour-faire-naitre-par-gabriel-loison\/"]}]},{"@type":"ImageObject","inLanguage":"fr-FR","@id":"https:\/\/www.revue3emillenaire.com\/blog\/un-temps-pour-naitre-un-temps-pour-faire-naitre-par-gabriel-loison\/#primaryimage","url":"http:\/\/www.revue3emillenaire.com\/blog\/wp-content\/uploads\/2011\/10\/loison.jpg","contentUrl":"http:\/\/www.revue3emillenaire.com\/blog\/wp-content\/uploads\/2011\/10\/loison.jpg"},{"@type":"BreadcrumbList","@id":"https:\/\/www.revue3emillenaire.com\/blog\/un-temps-pour-naitre-un-temps-pour-faire-naitre-par-gabriel-loison\/#breadcrumb","itemListElement":[{"@type":"ListItem","position":1,"name":"Accueil","item":"https:\/\/www.revue3emillenaire.com\/blog\/"},{"@type":"ListItem","position":2,"name":"Un temps pour naitre, un temps pour faire naitre par Gabriel Loison"}]},{"@type":"WebSite","@id":"https:\/\/www.revue3emillenaire.com\/blog\/#website","url":"https:\/\/www.revue3emillenaire.com\/blog\/","name":"3e mill\u00e9naire - Spiritualit\u00e9 - Connaissance de soi - Non-dualit\u00e9 - M\u00e9ditation","description":"L&#039;Homme en devenir","potentialAction":[{"@type":"SearchAction","target":{"@type":"EntryPoint","urlTemplate":"https:\/\/www.revue3emillenaire.com\/blog\/?s={search_term_string}"},"query-input":{"@type":"PropertyValueSpecification","valueRequired":true,"valueName":"search_term_string"}}],"inLanguage":"fr-FR"},{"@type":"Person","@id":"https:\/\/www.revue3emillenaire.com\/blog\/#\/schema\/person\/9a3a7cc4ccaa707f402d4394327106d5","name":"3e mill\u00e9naire","url":"https:\/\/www.revue3emillenaire.com\/blog\/author\/admin\/"}]}},"_links":{"self":[{"href":"https:\/\/www.revue3emillenaire.com\/blog\/wp-json\/wp\/v2\/posts\/9706","targetHints":{"allow":["GET"]}}],"collection":[{"href":"https:\/\/www.revue3emillenaire.com\/blog\/wp-json\/wp\/v2\/posts"}],"about":[{"href":"https:\/\/www.revue3emillenaire.com\/blog\/wp-json\/wp\/v2\/types\/post"}],"author":[{"embeddable":true,"href":"https:\/\/www.revue3emillenaire.com\/blog\/wp-json\/wp\/v2\/users\/1"}],"replies":[{"embeddable":true,"href":"https:\/\/www.revue3emillenaire.com\/blog\/wp-json\/wp\/v2\/comments?post=9706"}],"version-history":[{"count":0,"href":"https:\/\/www.revue3emillenaire.com\/blog\/wp-json\/wp\/v2\/posts\/9706\/revisions"}],"wp:attachment":[{"href":"https:\/\/www.revue3emillenaire.com\/blog\/wp-json\/wp\/v2\/media?parent=9706"}],"wp:term":[{"taxonomy":"category","embeddable":true,"href":"https:\/\/www.revue3emillenaire.com\/blog\/wp-json\/wp\/v2\/categories?post=9706"},{"taxonomy":"post_tag","embeddable":true,"href":"https:\/\/www.revue3emillenaire.com\/blog\/wp-json\/wp\/v2\/tags?post=9706"}],"curies":[{"name":"wp","href":"https:\/\/api.w.org\/{rel}","templated":true}]}}