{"id":9943,"date":"2011-11-05T17:14:31","date_gmt":"2011-11-05T16:14:31","guid":{"rendered":"http:\/\/www.revue3emillenaire.com\/blog\/?p=9943"},"modified":"2011-11-07T20:18:41","modified_gmt":"2011-11-07T19:18:41","slug":"la-connaissance-de-la-connaissance-ou-mon-cerveau-comme-laboratoire-par-stephane-lupasco","status":"publish","type":"post","link":"https:\/\/www.revue3emillenaire.com\/blog\/la-connaissance-de-la-connaissance-ou-mon-cerveau-comme-laboratoire-par-stephane-lupasco\/","title":{"rendered":"La connaissance de la connaissance ou mon cerveau comme laboratoire par St\u00e9phane Lupasco"},"content":{"rendered":"<p style=\"text-align: justify;\">(Revue 3<sup>e<\/sup> Mill\u00e9naire N<sup>o<\/sup> 6 Ancienne s\u00e9rie. Javier-F\u00e9vrier 1983)<\/p>\n<p style=\"text-align: justify;\">\n<p style=\"text-align: justify;\"><strong><em>Comment travaille un homme comme St\u00e9phane Lupasco (1900\u20131988)<\/em><\/strong> <strong><em>? \u00ab En regardant dans mon cerveau et en analysant ce qui s&rsquo;y passe \u00bb, r\u00e9pond-il. Cela parait \u00e9vident ! Pour lui ! Mais pour nous, il nous a sembl\u00e9 int\u00e9ressant de lui demander de d\u00e9velopper un peu cette r\u00e9ponse, pour lui, banale. En fait cela n&rsquo;a rien de banal, mais au contraire c&rsquo;est quelque chose de prodigieux qu&rsquo;il puisse examiner cette complexe machinerie \u00e0 fabriquer des th\u00e9ories qui paraissent encore bien difficiles \u00e0 assimiler par les plus brillants de nos contemporains.<\/em><\/strong><\/p>\n<p style=\"text-align: justify;\">\n<p style=\"text-align: justify;\">Il est bien entendu que tout se passe, dans l&rsquo;homme, au moyen de et \u00e0 travers le syst\u00e8me nerveux central, qui per\u00e7oit et agit.<\/p>\n<p style=\"text-align: justify;\">\n<p style=\"text-align: justify;\">Mais justement, ou bien l&rsquo;on observe les faits dans un laboratoire, et on les manipule pour attirer leurs lois, ou bien des illuminations, des intuitions inconscientes apparaissent, et apportent des solutions \u00e0 des probl\u00e8mes que certains savants n&rsquo;avaient pu r\u00e9soudre, comme le montre Basarab Nicolescu dans son article de 3<sup>e<\/sup> Mill\u00e9naire \u00ab <em><a href=\"http:\/\/basarab.nicolescu.perso.sfr.fr\/Basarab\/BOOKS\/Nous_particule_monde.pdf\" target=\"_blank\">Vision de la r\u00e9alit\u00e9 et R\u00e9alit\u00e9 de la vision<\/a><\/em> \u00bb, ou bien encore des faits se d\u00e9veloppant \u00e0 l&rsquo;int\u00e9rieur du cerveau, et c&rsquo;est ainsi que certaines lois peuvent appara\u00eetre : on approche deux p\u00f4les \u00e9lectriques, et l&rsquo;on constate que, s&rsquo;ils sont de m\u00eame signe ils se repoussent, de signes contraires ils s&rsquo;attirent, et l&rsquo;on tire les lois de l&rsquo;\u00e9lectrostatique. On greffe du tissu \u00e9tranger dans un endroit quelconque d&rsquo;un syst\u00e8me vital, et l&rsquo;on constate que le greffon est d\u00e9truit : c&rsquo;est le ph\u00e9nom\u00e8ne de rejet bien connu aujourd&rsquo;hui. La science avance la plupart du temps par des op\u00e9rations de laboratoire, o\u00f9 se trouvent les donn\u00e9es elles-m\u00eames que l&rsquo;on observe et th\u00e9orise.<\/p>\n<p style=\"text-align: justify;\">\n<p style=\"text-align: justify;\">Mais il n&rsquo;en va pas toujours de m\u00eame. Le vingti\u00e8me si\u00e8cle se signale par l&rsquo;apparition de constructions de la pens\u00e9e \u00e0 priori, qui pr\u00e9c\u00e8dent l&rsquo;exp\u00e9rience et que celle-ci v\u00e9rifie quelques ann\u00e9es plus tard.<\/p>\n<p style=\"text-align: justify;\">\n<p style=\"text-align: justify;\">Quelques exemples : la c\u00e9l\u00e8bre formule d&rsquo;Einstein E = mc<sup>2<\/sup> a \u00e9t\u00e9 \u00e9mise bien avant que la r\u00e9duction de la masse \u00e0 l&rsquo;\u00e9nergie f\u00fbt v\u00e9rifi\u00e9e, par son augmentation avec la vitesse de l&rsquo;\u00e9lectron, quelques ann\u00e9es plus tard. Il en est de m\u00eame de la m\u00e9canique ondulatoire de Broglie, qui ne fut constat\u00e9e, exp\u00e9rimentalement, que quelques ann\u00e9es plus tard, par Davisson et Germer. M\u00eame le fameux quantum de Planck h? fut imagin\u00e9 par Planck pour emp\u00eacher qu&rsquo;une \u00e9quation physique entra\u00eene l&rsquo;augmentation \u00e0 l&rsquo;infini de l&rsquo;\u00e9nergie par la fr\u00e9quence.<\/p>\n<p style=\"text-align: justify;\">\n<p style=\"text-align: justify;\">Quand je dis que mon cerveau est un laboratoire, je pr\u00e9cise qu&rsquo;il s&rsquo;agit pareillement de ph\u00e9nom\u00e8nes qui se d\u00e9roulent dans ma t\u00eate \u00e0 partir de l&rsquo;exp\u00e9rience que celle-ci a enregistr\u00e9, sans que pour autant les hommes de science dans les divers secteurs de la recherche aient aper\u00e7u leurs propri\u00e9t\u00e9s fondamentales, comme la logique qui les engendre, les organise et en constitue comme le moteur.<\/p>\n<p style=\"text-align: justify;\">\n<p style=\"text-align: justify;\">Je citerais en premier lieu l&rsquo;apparition exp\u00e9rimentale de la contradiction dans l&rsquo;exp\u00e9rience de l&rsquo;onde qui est \u00e0 la fois un corpuscule et du corpuscule qui est \u00e0 la fois une onde. Au lieu de tenter, comme on l&rsquo;a fait et comme on le fait encore de nos jours, de ramener tout \u00e0 l&rsquo;onde ou tout au corpuscule, pour \u00e9viter cette contradiction, je me suis empar\u00e9 d&rsquo;elle, en d\u00e9pit des habitudes tenaces de non-contradiction de tous les cerveaux, et j&rsquo;ai invent\u00e9 une logique du contradictoire. Les faits m&rsquo;ont apport\u00e9 et m&rsquo;apportent toujours des v\u00e9rifications de cette logique.<\/p>\n<p style=\"text-align: justify;\">\n<p style=\"text-align: justify;\">Par exemple : l&rsquo;\u00e9nergie, que tout le monde conna\u00eet, dont tout le monde parle, avec laquelle tout scientifique est aux prises, d&rsquo;autant plus qu&rsquo;\u00e0 partir de la prodigieuse d\u00e9couverte d&rsquo;Einstein ci-dessus cit\u00e9e, on sait que tout se ram\u00e8ne \u00e0 de l&rsquo;\u00e9nergie. Et cependant, l&rsquo;homme de laboratoire ext\u00e9rieur non c\u00e9r\u00e9bral, qui se trouve toujours en sa pr\u00e9sence, ne sait pas, ne conna\u00eet pas ses propri\u00e9t\u00e9s intrins\u00e8ques et sa logique immanente. Aussi, en voyant que l&rsquo;\u00e9nergie est soumise \u00e0 l&rsquo;entropie progressive, c&rsquo;est-\u00e0-dire \u00e0 une d\u00e9gradation lorsqu&rsquo;elle se trouve dans un syst\u00e8me ferm\u00e9, ce qui montre une homog\u00e9n\u00e9isation progressive, d&rsquo;autre part en voyant, dans mon cerveau bien entendu, qu&rsquo;une mati\u00e8re, la mati\u00e8re vivante, est une activit\u00e9 d&rsquo;h\u00e9t\u00e9rog\u00e9n\u00e9isation progressive, en pr\u00e9sence de ces voies de l&rsquo;\u00e9nergie j&rsquo;ai d\u00fb convenir que l&rsquo;\u00e9nergie poss\u00e8de en elle-m\u00eame deux orientations divergentes et contradictoires, de l&rsquo;homog\u00e9n\u00e8se et de l&rsquo;h\u00e9t\u00e9rog\u00e9n\u00e8se, qui sont celles de la contradiction A et non-A.<\/p>\n<p style=\"text-align: justify;\">\n<p style=\"text-align: justify;\">Cependant, dans mon cerveau j&rsquo;ai dit que si tout \u00e9tait encore en progression vers l&rsquo;homog\u00e9n\u00e9isation du deuxi\u00e8me principe de la thermodynamique, c&rsquo;est que quelque chose s&rsquo;opposait \u00e0 cette homog\u00e9n\u00e9isation totale, qu&rsquo;il y avait un obstacle, qui ne peut \u00eatre que celui de l&rsquo;h\u00e9t\u00e9rog\u00e9n\u00e9it\u00e9. Ni Prigogine, ni avant lui Boltzmann ne se sont pos\u00e9s le probl\u00e8me de l&rsquo;origine et de la possibilit\u00e9 de l&rsquo;\u00e9tat primordial d&rsquo;h\u00e9t\u00e9rog\u00e9n\u00e9it\u00e9 pour qu&rsquo;il y ait homog\u00e9n\u00e9isation progressive. M\u00eame l&rsquo;\u00e9nergie dissipative qu&rsquo;invoque Prigogine n&rsquo;est pas explicable, car, qu&rsquo;est-ce qui fait qu&rsquo;il y ait dissipation ? quelque chose doit exister qui la provoque.<\/p>\n<p style=\"text-align: justify;\">\n<p style=\"text-align: justify;\">Il appara\u00eet ainsi une deuxi\u00e8me loi de l&rsquo;\u00e9nergie, celle de la potentialit\u00e9 et de l&rsquo;actualisation, deux notions absolument capitales. Pour qu&rsquo;il y ait homog\u00e9n\u00e9isation qui s&rsquo;actualise progressivement, il a fallu qu&rsquo;il y ait actualisation initiale de l&rsquo;h\u00e9t\u00e9rog\u00e9n\u00e9it\u00e9, laquelle se potentialise au fur et \u00e0 mesure de l&rsquo;actualisation de l&rsquo;homog\u00e9n\u00e9it\u00e9.<\/p>\n<p style=\"text-align: justify;\">\n<p style=\"text-align: justify;\">Je me suis dit, d\u00e8s lors, que dans ces conditions, la mati\u00e8re vivante est une actualisation progressive de l&rsquo;homog\u00e9n\u00e9it\u00e9, et c&rsquo;est ce qui se passe dans tout syst\u00e8me vital, quel qu&rsquo;il soit, si on le scrute dans ses moindres d\u00e9tails, et que l&rsquo;immunologie met nettement en \u00e9vidence aujourd&rsquo;hui.<\/p>\n<p style=\"text-align: justify;\">\n<p style=\"text-align: justify;\">Ainsi, ont apparu dans mon cerveau les propri\u00e9t\u00e9s de l&rsquo;homog\u00e9n\u00e8se et de l&rsquo;h\u00e9t\u00e9rog\u00e9n\u00e8se, et celles de la potentialit\u00e9 et de l&rsquo;actualisation.<\/p>\n<p style=\"text-align: justify;\">\n<p style=\"text-align: justify;\">Mais, en songeant que tout syst\u00e8me, par exemple, atomique, mol\u00e9culaire, n&rsquo;est possible que par l&rsquo;attraction et la r\u00e9pulsion, je me suis dit qu&rsquo;il faut, pour qu&rsquo;un syst\u00e8me existe exp\u00e9rimentalement et logiquement, que ses constituants s&rsquo;attirent et se repoussent en m\u00eame temps, car s&rsquo;ils s&rsquo;attirent seulement ou s&rsquo;ils se repoussent seulement, il n&rsquo;y a pas de syst\u00e8me possible. Or, pour qu&rsquo;ils ne se repoussent pas \u00e0 l&rsquo;infini ou s&rsquo;attirent rigoureusement, il faut que ses dynamismes antagonistes passent seulement d&rsquo;un certain \u00e9tat d&rsquo;actualisation \u00e0 un certain \u00e9tat de potentialisation. Je d\u00e9couvre ainsi \u00e0 la fois la loi de l&rsquo;antagonisme : tout \u00e9l\u00e9ment implique un \u00e9l\u00e9ment antagoniste dont l&rsquo;actualisation entra\u00eene la potentialisation de l&rsquo;autre, c&rsquo;est la loi des syst\u00e9matisations de l&rsquo;\u00e9nergie : attraction et r\u00e9pulsion, homog\u00e9n\u00e9it\u00e9 et h\u00e9t\u00e9rog\u00e9n\u00e9it\u00e9 &#8211; car, si ces \u00e9l\u00e9ments sont tous homog\u00e8nes ils s&rsquo;accumulent dans un magma, il n&rsquo;y a plus de syst\u00e8me, s&rsquo;ils sont h\u00e9t\u00e9rog\u00e8nes, ils s&rsquo;\u00e9parpillent dans une diversification illimit\u00e9e.<\/p>\n<p style=\"text-align: justify;\">\n<p style=\"text-align: justify;\">Le principe de Pauli vient confirmer \u00e9galement d&rsquo;une mani\u00e8re \u00e9clatante ces consid\u00e9rations. On sait qu&rsquo;en vertu de ce principe tout \u00e9lectron, tout proton, toute particule dite mat\u00e9rielle, mais non le photon constitutif de la lumi\u00e8re, s&rsquo;excluent mutuellement, dans un atome ou dans un gaz, de leurs \u00e9tats quantiques : aucun ne peut avoir les m\u00eames nombres quantiques. C&rsquo;est l\u00e0 une h\u00e9t\u00e9rog\u00e9n\u00e9isation, une individualisation de ces particules qui, par ailleurs, sont identiques : m\u00eame masse, m\u00eame charge \u00e9lectrique, m\u00eame vitesse, etc. Ce principe est \u00e0 la base des diff\u00e9rents atomes de la Table de Mendele\u00efev, c&rsquo;est en vertu de ce principe que les \u00e9lectrons ne s&rsquo;accumulent pas tous sur la m\u00eame orbitale, \u00e0 partir de l&rsquo;hydrog\u00e8ne qui a un seul \u00e9lectron, vers l&rsquo;uranium qui en a 92.<\/p>\n<p style=\"text-align: justify;\">\n<p style=\"text-align: justify;\">Mais, un syst\u00e8me qui est n\u00e9gatif ou qui est positif, par un surplus d&rsquo;\u00e9lectrons ou un d\u00e9ficit, va attirer un syst\u00e8me \u00e0 charge \u00e9lectrique oppos\u00e9e, et c&rsquo;est ce qui va former les syst\u00e8mes de syst\u00e8mes. C&rsquo;est ainsi que j&rsquo;ai d\u00e9couvert, \u00e9labor\u00e9 et diffus\u00e9 la notion de syst\u00e8me de syst\u00e8mes, avec une suite de syst\u00e8mes de syst\u00e8mes de syst\u00e8mes, etc., constituant les \u00e9chafaudages des objets macrophysiques et biologiques.<\/p>\n<p style=\"text-align: justify;\">\n<p style=\"text-align: justify;\">Je note en passant, ce que je signale depuis des ann\u00e9es, que le principe de Pauli est \u00e0 l&rsquo;origine des syst\u00e8mes vitaux, et que la vie, par l\u00e0 m\u00eame, se trouve d\u00e9j\u00e0 dans le noyau atomique, dont les nucl\u00e9ons ob\u00e9issent \u00e9galement \u00e0 ce principe d&rsquo;exclusion.<\/p>\n<p style=\"text-align: justify;\">\n<p style=\"text-align: justify;\">Mais voici, dans mon cerveau, une autre consid\u00e9rable d\u00e9couverte : la troisi\u00e8me mati\u00e8re \u00e9nerg\u00e9tique et l&rsquo;\u00e9tat logique qui la commande. Son histoire est int\u00e9ressante parce qu&rsquo;elle s&rsquo;est r\u00e9v\u00e9l\u00e9e \u00e0 moi-m\u00eame en formalisant ma logique du contradictoire, c&rsquo;est-\u00e0-dire en partant d&rsquo;un axiome de base et en d\u00e9duisant par ses symboles alg\u00e9briques l&rsquo;op\u00e9ration que l&rsquo;\u00e9nergie engendre d&rsquo;elle-m\u00eame. Il faut naturellement pour le comprendre, se reporter \u00e0 mes ouvrages. Mais, ce qui s&rsquo;est pass\u00e9, c&rsquo;est qu&rsquo;il est apparu diverses implications en cha\u00eene, dont l&rsquo;une caract\u00e9rise la mati\u00e8re macro-physique avec la progression de l&rsquo;entropie ou homog\u00e9n\u00e9isation, une autre caract\u00e9rise la mati\u00e8re vivante par une progression et une complexification de l&rsquo;h\u00e9t\u00e9rog\u00e9n\u00e9isation, en lutte toutes deux par des actualisations et des potentialisations, dont l&rsquo;une domine statiquement l&rsquo;autre, et en fin une troisi\u00e8me interm\u00e9diaire, o\u00f9 les \u00e9nergies antagonistes ne s&rsquo;actualisent et ne se potentialisent qu&rsquo;\u00e0 demi, dans une semi-actualisation et une semi-potentialisation respectives et r\u00e9ciproques, constituant une troisi\u00e8me logique, la logique que j&rsquo;ai appel\u00e9e de l&rsquo;\u00e9tat T, du tiers-inclus, car dans la logique classique et toutes les logiques connues, il y a une actualisation rigoureuse du oui ou du non, de A ou de non-A, alors que nous nous trouvons ici dans une contradiction la plus forte o\u00f9 deux dynamismes ou \u00e9nergies antagonistes coexistent au m\u00eame degr\u00e9 d&rsquo;actualisation et de potentialisation du oui plus ou moins non et du non plus ou moins oui. Or, cette logique de l&rsquo;\u00e9tat T s&rsquo;av\u00e8re, chose \u00e9tonnante, \u00eatre celle du noyau atomique et en m\u00eame temps, comme je l&rsquo;ai montr\u00e9 dans mes travaux, du syst\u00e8me neuro-psychique de l&rsquo;homme. De toute fa\u00e7on, d&rsquo;ailleurs, qu&rsquo;elle soit une r\u00e9alit\u00e9 objective ou non, elle existe dans la logique de l&rsquo;\u00e9nergie en vertu de sa constitution intrins\u00e8que. Si l&rsquo;on n&rsquo;est pas d&rsquo;accord avec son existence nucl\u00e9aire ou neuro-psychique, telle que je l&rsquo;ai d\u00e9couverte apr\u00e8s coup, elle existe dans mon cerveau qui s&rsquo;en est saisi par la r\u00e9alit\u00e9 d\u00e9ductive de la formalisation alg\u00e9brique de l&rsquo;\u00e9nergie. Mais, je crois qu&rsquo;elle est sans doute la structure du noyau atomique, car sa densit\u00e9 \u00e9nergique, sa r\u00e9sistance et la difficult\u00e9 qu&rsquo;on \u00e9prouve \u00e0 le d\u00e9sint\u00e9grer, prouvent que l\u00e0 les \u00e9nergies antagonistes s&rsquo;\u00e9quilibrent puissamment et on le constate par la puissante \u00e9nergie dont il faut le bombarder pour le faire \u00e9clater, puissance qui consiste vraisemblablement \u00e0 augmenter fortement certains dynamismes au d\u00e9triment des autres qui s&rsquo;y opposent. D&rsquo;autant plus que le principe d&rsquo;exclusion de Pauli op\u00e8re \u00e9galement dans le noyau atomique contre ce qu&rsquo;on appelle le \u00ab r\u00e9pulsif-cor \u00bb ; nous avons ici une forte attraction des nucl\u00e9ons contre ce \u00ab r\u00e9pulsif-cor \u00bb sans lequel il n&rsquo;y aurait pas de nucl\u00e9ons.<\/p>\n<p style=\"text-align: justify;\">\n<p style=\"text-align: justify;\">En ce qui concerne le syst\u00e8me nerveux central, tout particuli\u00e8rement celui de l&rsquo;homme, je d\u00e9couvre ici les deux forces d&rsquo;homog\u00e9n\u00e9isation et d&rsquo;h\u00e9t\u00e9rog\u00e9n\u00e9isation contradictoires, dans un \u00e9quilibre de semi-actualisation et de semi-potentialisation, notamment des influx aff\u00e9rents et eff\u00e9rents et des organisations antagonistes des neuro-transmetteurs des synapses, constituant un \u00e9tat dit normal, forces qui sont en derni\u00e8re analyse les forces macro-physiques et les forces biologiques. Et, ce qui le montre le plus nettement c&rsquo;est pr\u00e9cis\u00e9ment les \u00e9tats mentaux anormaux, les psychoses, qui se caract\u00e9risent par l&rsquo;actualisation pr\u00e9dominante et m\u00eame insistante des uns ou des autres dynamismes en \u00e9quilibre conflictuel, donnant naissance, par exemple, \u00e0 la schizophr\u00e9nie ou \u00e0 la psychose maniaco-d\u00e9pressive comme \u00e0 la m\u00e9lancolie ; ici l&rsquo;on voit comment ces \u00e9nergies antagonistes en \u00e9quilibre se d\u00e9s\u00e9quilibrent en fonction de certaines d&rsquo;entre elles au d\u00e9triment des autres plus ou moins fortement potentialis\u00e9es.<\/p>\n<p style=\"text-align: justify;\">\n<p style=\"text-align: justify;\">Toutes ces constatations sont issues du laboratoire c\u00e9r\u00e9bral, et se trouvent ensuite v\u00e9rifi\u00e9es par l&rsquo;exp\u00e9rience : du moins expliquent-elles certains ph\u00e9nom\u00e8nes nucl\u00e9aires et neuro-psychiques.<\/p>\n<p style=\"text-align: justify;\">\n<p style=\"text-align: justify;\">Naturellement, il est assez difficile et subtil d&rsquo;\u00e9tablir une fronti\u00e8re nette en ce qui concerne les ph\u00e9nom\u00e8nes du laboratoire objectif et ceux du laboratoire mental. Les exemples pourtant que je viens de donner montrent quand m\u00eame la diff\u00e9rence qu&rsquo;il y a entre une \u00e9laboration th\u00e9orique \u00e0 partir de la manipulation des faits et celle qui est issue du cerveau lui-m\u00eame, et que l&rsquo;exp\u00e9rience objective v\u00e9rifie apr\u00e8s coup.<\/p>\n<p style=\"text-align: justify;\">\n<p style=\"text-align: justify;\">Sans doute, cette possibilit\u00e9 et cette libert\u00e9 de l&rsquo;imaginaire peut \u00eatre dangereuse. Combien de malades mentaux ai-je rencontr\u00e9 \u00e0 Sainte-Anne, imaginant et construisant des repr\u00e9sentations du monde. Aussi le cerveau comme laboratoire doit-il \u00eatre particuli\u00e8rement surveill\u00e9 et contr\u00f4l\u00e9 a posteriori, en chacune de ses d\u00e9marches a priori, lesquelles doivent partir des faits enregistr\u00e9s par le syst\u00e8me psychique. Ainsi, la logique trialectique que j&rsquo;ai \u00e9labor\u00e9e avec cet \u00e9tat T, si important, r\u00e9sulte de l&rsquo;examen mental de la microphysique qui r\u00e9v\u00e8le le contradictoire. Dans mon cerveau, la logique trialectique des trois valeurs n&rsquo;est pas une invention mais une d\u00e9couverte mentale \u00e0 partir des processus et des op\u00e9rations des ph\u00e9nom\u00e8nes \u00e9nerg\u00e9tiques, c&rsquo;est dans ce sens que je consid\u00e8re que mon cerveau est mon laboratoire.<\/p>\n<p style=\"text-align: justify;\">\n<p style=\"text-align: justify;\">Sans doute s&rsquo;agit-il de la connaissance de la connaissance, la connaissance mentale de la connaissance scientifique exp\u00e9rimentale, la conscience de la conscience qui lui procure les donn\u00e9es enregistr\u00e9es par les ph\u00e9nom\u00e8nes neuro-psychiques de la perception et de la motricit\u00e9 ou action.<\/p>\n<p style=\"text-align: justify;\">\n<p style=\"text-align: justify;\">Mais il faut qu&rsquo;une discipline scientifique extr\u00eamement rigoureuse pr\u00e9side aux \u00e9laborations intra-mentales du laboratoire psychique.<\/p>\n<p style=\"text-align: justify;\">\n<p style=\"text-align: justify;\">Que si ce laboratoire mental est celui de la destin\u00e9e des hommes et des peuples, c&rsquo;est-\u00e0-dire un laboratoire mental politique, on voit rien qu&rsquo;\u00e0 lire l&rsquo;Histoire ou la simple destin\u00e9e d&rsquo;un homme quelconque le nombre de r\u00e9ussites et de catastrophes que ce laboratoire mental politique engendre. Sans doute la bataille d&rsquo;Austerlitz a-t-elle \u00e9t\u00e9 con\u00e7ue dans le cerveau de Napol\u00e9on, mais la campagne de Russie \u00e9galement !<\/p>\n<p style=\"text-align: justify;\">\n<p style=\"text-align: justify;\">L&rsquo;imaginaire est une arme aussi prodigieuse que redoutable. Gare \u00e0 ceux qui la manipulent en toute libert\u00e9, quels en sont les garde-fous ?<\/p>\n<p style=\"text-align: justify;\">\n<p style=\"text-align: justify;\">Je crois peut-\u00eatre les trouver dans la logique \u00e0 trois valeurs et sa trialectique, dont il faut se p\u00e9n\u00e9trer et s&rsquo;armer en pr\u00e9sence des \u00eatres et des choses, mais cela c&rsquo;est une toute autre histoire.<\/p>\n<p style=\"text-align: justify;\">\n","protected":false},"excerpt":{"rendered":"<p>Quand je dis que mon cerveau est un laboratoire, je pr\u00e9cise qu&rsquo;il s&rsquo;agit pareillement de ph\u00e9nom\u00e8nes qui se d\u00e9roulent dans ma t\u00eate \u00e0 partir de l&rsquo;exp\u00e9rience que celle-ci a enregistr\u00e9, sans que pour autant les hommes de science dans les divers secteurs de la recherche aient aper\u00e7u leurs propri\u00e9t\u00e9s fondamentales, comme la logique qui les engendre, les organise et en constitue comme le moteur.<\/p>\n","protected":false},"author":1,"featured_media":0,"comment_status":"closed","ping_status":"closed","sticky":false,"template":"","format":"standard","meta":{"footnotes":""},"categories":[316],"tags":[317,131,99],"class_list":["post-9943","post","type-post","status-publish","format-standard","hentry","category-s-lupasco","tag-contradiction","tag-logique","tag-science"],"yoast_head":"<!-- This site is optimized with the Yoast SEO plugin v27.0 - https:\/\/yoast.com\/product\/yoast-seo-wordpress\/ -->\n<title>La connaissance de la connaissance ou mon cerveau comme laboratoire par St\u00e9phane Lupasco - 3e mill\u00e9naire - Spiritualit\u00e9 - Connaissance de soi - Non-dualit\u00e9 - M\u00e9ditation<\/title>\n<meta name=\"robots\" content=\"index, follow, max-snippet:-1, max-image-preview:large, max-video-preview:-1\" \/>\n<link rel=\"canonical\" href=\"https:\/\/www.revue3emillenaire.com\/blog\/la-connaissance-de-la-connaissance-ou-mon-cerveau-comme-laboratoire-par-stephane-lupasco\/\" \/>\n<meta property=\"og:locale\" content=\"fr_FR\" \/>\n<meta property=\"og:type\" content=\"article\" \/>\n<meta property=\"og:title\" content=\"La connaissance de la connaissance ou mon cerveau comme laboratoire par St\u00e9phane Lupasco - 3e mill\u00e9naire - Spiritualit\u00e9 - Connaissance de soi - Non-dualit\u00e9 - M\u00e9ditation\" \/>\n<meta property=\"og:description\" content=\"Quand je dis que mon cerveau est un laboratoire, je pr\u00e9cise qu&#039;il s&#039;agit pareillement de ph\u00e9nom\u00e8nes qui se d\u00e9roulent dans ma t\u00eate \u00e0 partir de l&#039;exp\u00e9rience que celle-ci a enregistr\u00e9, sans que pour autant les hommes de science dans les divers secteurs de la recherche aient aper\u00e7u leurs propri\u00e9t\u00e9s fondamentales, comme la logique qui les engendre, les organise et en constitue comme le moteur.\" \/>\n<meta property=\"og:url\" content=\"https:\/\/www.revue3emillenaire.com\/blog\/la-connaissance-de-la-connaissance-ou-mon-cerveau-comme-laboratoire-par-stephane-lupasco\/\" \/>\n<meta property=\"og:site_name\" content=\"3e mill\u00e9naire - Spiritualit\u00e9 - Connaissance de soi - Non-dualit\u00e9 - M\u00e9ditation\" \/>\n<meta property=\"article:published_time\" content=\"2011-11-05T16:14:31+00:00\" \/>\n<meta property=\"article:modified_time\" content=\"2011-11-07T19:18:41+00:00\" \/>\n<meta name=\"author\" content=\"3e mill\u00e9naire\" \/>\n<meta name=\"twitter:card\" content=\"summary_large_image\" \/>\n<meta name=\"twitter:label1\" content=\"\u00c9crit par\" \/>\n\t<meta name=\"twitter:data1\" content=\"3e mill\u00e9naire\" \/>\n\t<meta name=\"twitter:label2\" content=\"Dur\u00e9e de lecture estim\u00e9e\" \/>\n\t<meta name=\"twitter:data2\" content=\"13 minutes\" \/>\n<script type=\"application\/ld+json\" class=\"yoast-schema-graph\">{\"@context\":\"https:\/\/schema.org\",\"@graph\":[{\"@type\":\"Article\",\"@id\":\"https:\/\/www.revue3emillenaire.com\/blog\/la-connaissance-de-la-connaissance-ou-mon-cerveau-comme-laboratoire-par-stephane-lupasco\/#article\",\"isPartOf\":{\"@id\":\"https:\/\/www.revue3emillenaire.com\/blog\/la-connaissance-de-la-connaissance-ou-mon-cerveau-comme-laboratoire-par-stephane-lupasco\/\"},\"author\":{\"name\":\"3e mill\u00e9naire\",\"@id\":\"https:\/\/www.revue3emillenaire.com\/blog\/#\/schema\/person\/9a3a7cc4ccaa707f402d4394327106d5\"},\"headline\":\"La connaissance de la connaissance ou mon cerveau comme laboratoire par St\u00e9phane Lupasco\",\"datePublished\":\"2011-11-05T16:14:31+00:00\",\"dateModified\":\"2011-11-07T19:18:41+00:00\",\"mainEntityOfPage\":{\"@id\":\"https:\/\/www.revue3emillenaire.com\/blog\/la-connaissance-de-la-connaissance-ou-mon-cerveau-comme-laboratoire-par-stephane-lupasco\/\"},\"wordCount\":2579,\"keywords\":[\"contradiction\",\"logique\",\"Science\"],\"articleSection\":[\"Lupasco St\u00e9phane\"],\"inLanguage\":\"fr-FR\"},{\"@type\":\"WebPage\",\"@id\":\"https:\/\/www.revue3emillenaire.com\/blog\/la-connaissance-de-la-connaissance-ou-mon-cerveau-comme-laboratoire-par-stephane-lupasco\/\",\"url\":\"https:\/\/www.revue3emillenaire.com\/blog\/la-connaissance-de-la-connaissance-ou-mon-cerveau-comme-laboratoire-par-stephane-lupasco\/\",\"name\":\"La connaissance de la connaissance ou mon cerveau comme laboratoire par St\u00e9phane Lupasco - 3e mill\u00e9naire - Spiritualit\u00e9 - Connaissance de soi - Non-dualit\u00e9 - M\u00e9ditation\",\"isPartOf\":{\"@id\":\"https:\/\/www.revue3emillenaire.com\/blog\/#website\"},\"datePublished\":\"2011-11-05T16:14:31+00:00\",\"dateModified\":\"2011-11-07T19:18:41+00:00\",\"author\":{\"@id\":\"https:\/\/www.revue3emillenaire.com\/blog\/#\/schema\/person\/9a3a7cc4ccaa707f402d4394327106d5\"},\"breadcrumb\":{\"@id\":\"https:\/\/www.revue3emillenaire.com\/blog\/la-connaissance-de-la-connaissance-ou-mon-cerveau-comme-laboratoire-par-stephane-lupasco\/#breadcrumb\"},\"inLanguage\":\"fr-FR\",\"potentialAction\":[{\"@type\":\"ReadAction\",\"target\":[\"https:\/\/www.revue3emillenaire.com\/blog\/la-connaissance-de-la-connaissance-ou-mon-cerveau-comme-laboratoire-par-stephane-lupasco\/\"]}]},{\"@type\":\"BreadcrumbList\",\"@id\":\"https:\/\/www.revue3emillenaire.com\/blog\/la-connaissance-de-la-connaissance-ou-mon-cerveau-comme-laboratoire-par-stephane-lupasco\/#breadcrumb\",\"itemListElement\":[{\"@type\":\"ListItem\",\"position\":1,\"name\":\"Accueil\",\"item\":\"https:\/\/www.revue3emillenaire.com\/blog\/\"},{\"@type\":\"ListItem\",\"position\":2,\"name\":\"La connaissance de la connaissance ou mon cerveau comme laboratoire par St\u00e9phane Lupasco\"}]},{\"@type\":\"WebSite\",\"@id\":\"https:\/\/www.revue3emillenaire.com\/blog\/#website\",\"url\":\"https:\/\/www.revue3emillenaire.com\/blog\/\",\"name\":\"3e mill\u00e9naire - Spiritualit\u00e9 - Connaissance de soi - Non-dualit\u00e9 - M\u00e9ditation\",\"description\":\"L&#039;Homme en devenir\",\"potentialAction\":[{\"@type\":\"SearchAction\",\"target\":{\"@type\":\"EntryPoint\",\"urlTemplate\":\"https:\/\/www.revue3emillenaire.com\/blog\/?s={search_term_string}\"},\"query-input\":{\"@type\":\"PropertyValueSpecification\",\"valueRequired\":true,\"valueName\":\"search_term_string\"}}],\"inLanguage\":\"fr-FR\"},{\"@type\":\"Person\",\"@id\":\"https:\/\/www.revue3emillenaire.com\/blog\/#\/schema\/person\/9a3a7cc4ccaa707f402d4394327106d5\",\"name\":\"3e mill\u00e9naire\",\"url\":\"https:\/\/www.revue3emillenaire.com\/blog\/author\/admin\/\"}]}<\/script>\n<!-- \/ Yoast SEO plugin. -->","yoast_head_json":{"title":"La connaissance de la connaissance ou mon cerveau comme laboratoire par St\u00e9phane Lupasco - 3e mill\u00e9naire - Spiritualit\u00e9 - Connaissance de soi - Non-dualit\u00e9 - M\u00e9ditation","robots":{"index":"index","follow":"follow","max-snippet":"max-snippet:-1","max-image-preview":"max-image-preview:large","max-video-preview":"max-video-preview:-1"},"canonical":"https:\/\/www.revue3emillenaire.com\/blog\/la-connaissance-de-la-connaissance-ou-mon-cerveau-comme-laboratoire-par-stephane-lupasco\/","og_locale":"fr_FR","og_type":"article","og_title":"La connaissance de la connaissance ou mon cerveau comme laboratoire par St\u00e9phane Lupasco - 3e mill\u00e9naire - Spiritualit\u00e9 - Connaissance de soi - Non-dualit\u00e9 - M\u00e9ditation","og_description":"Quand je dis que mon cerveau est un laboratoire, je pr\u00e9cise qu'il s'agit pareillement de ph\u00e9nom\u00e8nes qui se d\u00e9roulent dans ma t\u00eate \u00e0 partir de l'exp\u00e9rience que celle-ci a enregistr\u00e9, sans que pour autant les hommes de science dans les divers secteurs de la recherche aient aper\u00e7u leurs propri\u00e9t\u00e9s fondamentales, comme la logique qui les engendre, les organise et en constitue comme le moteur.","og_url":"https:\/\/www.revue3emillenaire.com\/blog\/la-connaissance-de-la-connaissance-ou-mon-cerveau-comme-laboratoire-par-stephane-lupasco\/","og_site_name":"3e mill\u00e9naire - Spiritualit\u00e9 - Connaissance de soi - Non-dualit\u00e9 - M\u00e9ditation","article_published_time":"2011-11-05T16:14:31+00:00","article_modified_time":"2011-11-07T19:18:41+00:00","author":"3e mill\u00e9naire","twitter_card":"summary_large_image","twitter_misc":{"\u00c9crit par":"3e mill\u00e9naire","Dur\u00e9e de lecture estim\u00e9e":"13 minutes"},"schema":{"@context":"https:\/\/schema.org","@graph":[{"@type":"Article","@id":"https:\/\/www.revue3emillenaire.com\/blog\/la-connaissance-de-la-connaissance-ou-mon-cerveau-comme-laboratoire-par-stephane-lupasco\/#article","isPartOf":{"@id":"https:\/\/www.revue3emillenaire.com\/blog\/la-connaissance-de-la-connaissance-ou-mon-cerveau-comme-laboratoire-par-stephane-lupasco\/"},"author":{"name":"3e mill\u00e9naire","@id":"https:\/\/www.revue3emillenaire.com\/blog\/#\/schema\/person\/9a3a7cc4ccaa707f402d4394327106d5"},"headline":"La connaissance de la connaissance ou mon cerveau comme laboratoire par St\u00e9phane Lupasco","datePublished":"2011-11-05T16:14:31+00:00","dateModified":"2011-11-07T19:18:41+00:00","mainEntityOfPage":{"@id":"https:\/\/www.revue3emillenaire.com\/blog\/la-connaissance-de-la-connaissance-ou-mon-cerveau-comme-laboratoire-par-stephane-lupasco\/"},"wordCount":2579,"keywords":["contradiction","logique","Science"],"articleSection":["Lupasco St\u00e9phane"],"inLanguage":"fr-FR"},{"@type":"WebPage","@id":"https:\/\/www.revue3emillenaire.com\/blog\/la-connaissance-de-la-connaissance-ou-mon-cerveau-comme-laboratoire-par-stephane-lupasco\/","url":"https:\/\/www.revue3emillenaire.com\/blog\/la-connaissance-de-la-connaissance-ou-mon-cerveau-comme-laboratoire-par-stephane-lupasco\/","name":"La connaissance de la connaissance ou mon cerveau comme laboratoire par St\u00e9phane Lupasco - 3e mill\u00e9naire - Spiritualit\u00e9 - Connaissance de soi - Non-dualit\u00e9 - M\u00e9ditation","isPartOf":{"@id":"https:\/\/www.revue3emillenaire.com\/blog\/#website"},"datePublished":"2011-11-05T16:14:31+00:00","dateModified":"2011-11-07T19:18:41+00:00","author":{"@id":"https:\/\/www.revue3emillenaire.com\/blog\/#\/schema\/person\/9a3a7cc4ccaa707f402d4394327106d5"},"breadcrumb":{"@id":"https:\/\/www.revue3emillenaire.com\/blog\/la-connaissance-de-la-connaissance-ou-mon-cerveau-comme-laboratoire-par-stephane-lupasco\/#breadcrumb"},"inLanguage":"fr-FR","potentialAction":[{"@type":"ReadAction","target":["https:\/\/www.revue3emillenaire.com\/blog\/la-connaissance-de-la-connaissance-ou-mon-cerveau-comme-laboratoire-par-stephane-lupasco\/"]}]},{"@type":"BreadcrumbList","@id":"https:\/\/www.revue3emillenaire.com\/blog\/la-connaissance-de-la-connaissance-ou-mon-cerveau-comme-laboratoire-par-stephane-lupasco\/#breadcrumb","itemListElement":[{"@type":"ListItem","position":1,"name":"Accueil","item":"https:\/\/www.revue3emillenaire.com\/blog\/"},{"@type":"ListItem","position":2,"name":"La connaissance de la connaissance ou mon cerveau comme laboratoire par St\u00e9phane Lupasco"}]},{"@type":"WebSite","@id":"https:\/\/www.revue3emillenaire.com\/blog\/#website","url":"https:\/\/www.revue3emillenaire.com\/blog\/","name":"3e mill\u00e9naire - Spiritualit\u00e9 - Connaissance de soi - Non-dualit\u00e9 - M\u00e9ditation","description":"L&#039;Homme en devenir","potentialAction":[{"@type":"SearchAction","target":{"@type":"EntryPoint","urlTemplate":"https:\/\/www.revue3emillenaire.com\/blog\/?s={search_term_string}"},"query-input":{"@type":"PropertyValueSpecification","valueRequired":true,"valueName":"search_term_string"}}],"inLanguage":"fr-FR"},{"@type":"Person","@id":"https:\/\/www.revue3emillenaire.com\/blog\/#\/schema\/person\/9a3a7cc4ccaa707f402d4394327106d5","name":"3e mill\u00e9naire","url":"https:\/\/www.revue3emillenaire.com\/blog\/author\/admin\/"}]}},"_links":{"self":[{"href":"https:\/\/www.revue3emillenaire.com\/blog\/wp-json\/wp\/v2\/posts\/9943","targetHints":{"allow":["GET"]}}],"collection":[{"href":"https:\/\/www.revue3emillenaire.com\/blog\/wp-json\/wp\/v2\/posts"}],"about":[{"href":"https:\/\/www.revue3emillenaire.com\/blog\/wp-json\/wp\/v2\/types\/post"}],"author":[{"embeddable":true,"href":"https:\/\/www.revue3emillenaire.com\/blog\/wp-json\/wp\/v2\/users\/1"}],"replies":[{"embeddable":true,"href":"https:\/\/www.revue3emillenaire.com\/blog\/wp-json\/wp\/v2\/comments?post=9943"}],"version-history":[{"count":0,"href":"https:\/\/www.revue3emillenaire.com\/blog\/wp-json\/wp\/v2\/posts\/9943\/revisions"}],"wp:attachment":[{"href":"https:\/\/www.revue3emillenaire.com\/blog\/wp-json\/wp\/v2\/media?parent=9943"}],"wp:term":[{"taxonomy":"category","embeddable":true,"href":"https:\/\/www.revue3emillenaire.com\/blog\/wp-json\/wp\/v2\/categories?post=9943"},{"taxonomy":"post_tag","embeddable":true,"href":"https:\/\/www.revue3emillenaire.com\/blog\/wp-json\/wp\/v2\/tags?post=9943"}],"curies":[{"name":"wp","href":"https:\/\/api.w.org\/{rel}","templated":true}]}}