{"id":9955,"date":"2011-12-19T20:16:36","date_gmt":"2011-12-19T19:16:36","guid":{"rendered":"http:\/\/www.revue3emillenaire.com\/blog\/?p=9955"},"modified":"2011-12-19T20:16:36","modified_gmt":"2011-12-19T19:16:36","slug":"lillumination-ou-loeil-de-lesprit-par-aime-michel","status":"publish","type":"post","link":"https:\/\/www.revue3emillenaire.com\/blog\/lillumination-ou-loeil-de-lesprit-par-aime-michel\/","title":{"rendered":"L&rsquo;illumination ou l&rsquo;\u0153il de l&rsquo;esprit par Aim\u00e9 Michel"},"content":{"rendered":"<p style=\"text-align: justify;\">(Revue 3<sup>e<\/sup> Mill\u00e9naire N<sup>o<\/sup> 6 Ancienne s\u00e9rie. Janvier-F\u00e9vrier 1983)<\/p>\n<p style=\"text-align: justify;\">\n<p style=\"text-align: right;\">\u00ab <em>Le plus \u00e9tonnant \u00e0 premi\u00e8re vue, c&rsquo;est une apparence de soudaine illumination&#8230;<\/em> \u00bb<\/p>\n<p style=\"text-align: right;\">(Henri Poincar\u00e9, Science et M\u00e9thode).<\/p>\n<p style=\"text-align: justify;\">\n<p style=\"text-align: justify;\">Le serpent qui glisse vers sa proie, si soudain celle-ci vient \u00e0 dispara\u00eetre, c&rsquo;est-\u00e0-dire si elle cesse d&rsquo;\u00eatre per\u00e7ue par aucun de ses sens, qui sont tr\u00e8s diff\u00e9rents des n\u00f4tres, aussit\u00f4t sa poursuite cesse et il s&rsquo;en va vers d&rsquo;autres chasses. La proie peut n&rsquo;\u00eatre que cach\u00e9e, toute proche, \u00e9perdue d&rsquo;effroi. Cependant, si par aucun de ses sens, le serpent ne la per\u00e7oit, c&rsquo;est comme si elle avait cess\u00e9 d&rsquo;\u00eatre. Pour le serpent, ce qui n&rsquo;est pas per\u00e7u n&rsquo;existe pas <a id=\"ftnref1\" href=\"#ftn1\">[1]<\/a>.<\/p>\n<p style=\"text-align: justify;\">\n<p style=\"text-align: justify;\">Le chat, lui, n&rsquo;est pas dup\u00e9 par une proie qui dispara\u00eet. Il continue de la chercher, quoiqu&rsquo;il ne per\u00e7oive plus rien. Le chat qui guette patiemment devant un trou est une image famili\u00e8re.<\/p>\n<p style=\"text-align: justify;\">\n<p style=\"text-align: justify;\">La \u00abconscience\u00bb d&rsquo;un objet absent (ou appelons cela comme on voudra) est une performance psychique qui, dans l&rsquo;histoire de la vie, appara\u00eet avec les mammif\u00e8res, sp\u00e9cialement les carnivores, au d\u00e9but de l&rsquo;\u00e8re tertiaire, il y a une cinquantaine de millions d&rsquo;ann\u00e9es. Cette conscience qu&rsquo;est-elle au juste? Ceux qui \u00e9tudient les comportements animaux proposent diverses hypoth\u00e8ses. Comme il est de r\u00e8gle, l&rsquo;hypoth\u00e8se ouvertement pr\u00e9f\u00e9r\u00e9e est la plus r\u00e9ductrice, celle qui suppose le moins de \u00abphilosophie\u00bb et le plus de faits accessibles \u00e0 nos m\u00e9thodes. Pour expliquer le comportement du reptile, on a d&rsquo;abord dit que l&rsquo;animal ob\u00e9it \u00e0 des automatismes d\u00e9clench\u00e9s par des perceptions sensorielles. Coupez ces perceptions, l&rsquo;automatisme se met en panne dans l&rsquo;attente d&rsquo;une autre perception. Les comportements plus complexes des mammif\u00e8res rest\u00e8rent plus embarrassants jusque vers le milieu du si\u00e8cle. On supposait l&rsquo;existence de sch\u00e9mas inn\u00e9s, ou engramm\u00e9s \u00ab\u00e0 r\u00e9ponse diff\u00e9r\u00e9e\u00bb: le chat s&rsquo;assied devant le trou de souris non parce qu&rsquo;il attend une souris mais parce que la vue du trou d\u00e9clenche le r\u00e9flexe de s&rsquo;asseoir l\u00e0 et d&rsquo;y rester jusqu&rsquo;\u00e0 ce qu&rsquo;un \u00e9v\u00e9nement nouveau (l&rsquo;apparition de la souris) d\u00e9termine la suite du m\u00e9canisme. Tout n&rsquo;\u00e9tait que m\u00e9canisme. Tinbergen porta \u00e0 son plus haut raffinement cette m\u00e9thode explicative en manipulant \u00e0 volont\u00e9 \u00e0 l&rsquo;aide de leurres le petit poisson d&rsquo;eau douce appel\u00e9 \u00e9pinoche. Si l&rsquo;\u00e9pinoche m\u00e2le r\u00e9pondait si automatiquement \u00e0 la pr\u00e9sentation des leurres de Tinbergen simulant les taches color\u00e9es de la femelle, ou inversement, n&rsquo;\u00e9tait-ce pas la preuve que toute id\u00e9e de repr\u00e9sentation est une hypoth\u00e8se inutile pour comprendre le monde animal.<\/p>\n<p style=\"text-align: justify;\">\n<p style=\"text-align: justify;\">Je n&rsquo;oublie pas que l&rsquo;objet de cet article est l&rsquo;illumination int\u00e9rieure chez l&rsquo;homme car je pense que ce sont ceux qui veulent comprendre l&rsquo;homme en se passant de l&rsquo;animal qui oublient l&rsquo;essentiel puisque l&rsquo;homme est sorti de l&rsquo;animal il y a peu, que tout homme venant en ce monde commence par y \u00eatre un animal pendant environ un an, que les psychologues ont montr\u00e9 la profondeur des premi\u00e8res impressions du nouveau-n\u00e9, et qu&rsquo;enfin l&rsquo;organisme de l&rsquo;homme adulte, sp\u00e9cialement dans son cerveau, conserve les structures animales ancestrales, seulement d\u00e9rob\u00e9es \u00e0 notre attention par la fantasmagorie de la conscience. Profonde maxime chinoise: \u00abTout l&rsquo;animal est dans l&rsquo;homme, sinon tout l&rsquo;homme dans l&rsquo;animal.\u00bb<\/p>\n<p style=\"text-align: justify;\">\n<p style=\"text-align: justify;\">A partir du milieu de ce si\u00e8cle se succ\u00e8dent plusieurs d\u00e9couvertes montrant que le syst\u00e8me b\u00e2ti sur les m\u00e9canismes d\u00e9clencheurs est insuffisant. D&rsquo;abord Kleintman, Dement et Jouvet d\u00e9couvrent que l&rsquo;on peut \u00e9tudier la neurophysiologie du sommeil avec l&rsquo;\u00e9lectro-enc\u00e9phalographe qui enregistre les petits courants \u00e9lectriques d\u00e9velopp\u00e9s \u00e0 la surface du cr\u00e2ne par les activit\u00e9s c\u00e9r\u00e9brales. Ayant clairement identifi\u00e9 les ondes correspondant au r\u00eave (ondes appel\u00e9es paradoxales par Jouvet), l&rsquo;\u00e9cole de Lyon, o\u00f9 est Jouvet, les \u00e9tudie chez les animaux et d\u00e9couvre que ni les animaux inf\u00e9rieurs, ni les reptiles, ni les oiseaux (ou ceux-ci \u00e0 peine) ne r\u00eavent. Tous les mammif\u00e8res r\u00eavent, les carnassiers plus que les mammif\u00e8res et l&rsquo;homme plus que tout autre animal <a id=\"ftnref2\" href=\"#ftn2\">[2]<\/a>. Nous avons tous vu un chien s&rsquo;agiter en dormant comme un r\u00eaveur mais on pouvait douter. L&rsquo;apparition des ondes paradoxales \u00e0 l&rsquo;\u00e9lectro-c\u00e9phalographe l\u00e8ve ce doute. Jouvet les a appel\u00e9es paradoxales parce qu&rsquo;elles imitent celles que produit le cerveau lors de ses plus vives activit\u00e9s d&rsquo;\u00e9veil, alors que le corps, lui, est au contraire au plus profond de son sommeil.<\/p>\n<p style=\"text-align: justify;\">\n<p style=\"text-align: justify;\">D&rsquo;autres exp\u00e9riences, en rapport surtout avec les mouvements des yeux du dormeur, montrent que le cerveau r\u00eavant produit une activit\u00e9 d&rsquo;\u00e9veil parce qu&rsquo;il vit en effet subjectivement des activit\u00e9s semblables \u00e0 celles de l&rsquo;\u00e9tat d&rsquo;\u00e9veil. Je ne fais que rappeler rapidement ces exp\u00e9riences admirables et connues, les premi\u00e8res qui entrouvrirent les Portes de la Nuit dont parle Hom\u00e8re. Portes qui, depuis le commencement du monde, fermaient sur lui-m\u00eame, pour toujours semblait-il, l&rsquo;univers du mental.<\/p>\n<p style=\"text-align: justify;\">\n<p style=\"text-align: justify;\">Le souvenir du v\u00e9cu n&rsquo;implique pas la libert\u00e9 du mental. Je veux dire qu&rsquo;on peut se rappeler ce qu&rsquo;on a v\u00e9cu sans d\u00e9couvrir que l&rsquo;on peut penser \u00e0 autre chose que du souvenir, sans voir que l&rsquo;on peut penser n&rsquo;importe quoi, y compris d&rsquo;abord de l&rsquo;irr\u00e9el, du fantasmagorique, en toute libert\u00e9.<\/p>\n<p style=\"text-align: justify;\">\n<p style=\"text-align: justify;\">En revanche, le souvenir du r\u00eave ne peut pas ne pas montrer la libert\u00e9 du mental. Si l&rsquo;on se rappelle un r\u00eave sachant qu&rsquo;on ne l&rsquo;a pas v\u00e9cu, alors on voit que le mental n&rsquo;est pas esclave, que l&rsquo;on peut s&rsquo;asseoir au fond de la caverne en regardant danser la flamme et se so\u00fbler d&rsquo;illusions, multiplier infiniment le quotidien, le mat\u00e9riel, en repousser autant qu&rsquo;on veut les bornes. Je change en victoire l&rsquo;\u00e9chec de ma derni\u00e8re chasse, je vois, je pr\u00e9vois tous les incidents possibles de la prochaine, et comment y faire face.<\/p>\n<p style=\"text-align: justify;\">\n<p style=\"text-align: justify;\">Prodige de la science patiente et mesureuse: en examinant les kilom\u00e8tres de papier \u00e9gratign\u00e9s par les aiguilles enregistreuses de l&rsquo;\u00e9lectroenc\u00e9phalographe, elle d\u00e9couvre que le r\u00eave n&rsquo;existe ni chez le poisson, ni chez l&rsquo;amphibien, ni chez le reptile, mais que tous les mammif\u00e8res r\u00eavent, donc que l&rsquo;on r\u00eave depuis la fin de l&rsquo;\u00e8re secondaire, donc que les premiers hommes devinrent hommes alors que leur ascendance r\u00eavait depuis des millions d&rsquo;ann\u00e9es.<\/p>\n<p style=\"text-align: justify;\">\n<p style=\"text-align: justify;\">Pendant tous ces millions d&rsquo;ann\u00e9es, la pens\u00e9e a donc sans le savoir, exerc\u00e9 sa libert\u00e9 dans le r\u00eave. Ainsi le r\u00eave pal\u00e9ontologique fut comme une immense pr\u00e9monition. En 1982, la science ne sait toujours pas \u00e0 quoi sert le r\u00eave, soit \u00e0 l&rsquo;homme, soit \u00e0 l&rsquo;esp\u00e8ce ou autrement. Mais par dessus la nu\u00e9e des g\u00e9n\u00e9rations, chaque nuit, bien avant que l&rsquo;homme f\u00fbt la repr\u00e9sentation sans acte, la pens\u00e9e lib\u00e9r\u00e9e du corps monta de la terre endormie, pr\u00e9figurant l&rsquo;\u00e9veil de l&rsquo;homme et peut-\u00eatre le pr\u00e9parant. Comme une graine longuement germe avant qu&rsquo;apparaisse la premi\u00e8re pousse, la terre r\u00eavait ses futures pens\u00e9es qu&rsquo;aucune voix n&rsquo;exprimait encore.<\/p>\n<p style=\"text-align: justify;\">\n<p style=\"text-align: justify;\">Troublante id\u00e9e qu&rsquo;il en est peut-\u00eatre encore ainsi, que nos r\u00eaves annoncent notre futur lointain et que chaque nuit nous vivons sans le comprendre un futur qui deviendra pr\u00e9sent quand l&rsquo;homme ne sera plus! J&rsquo;ai souvent ce sentiment quand je me retourne dans mon sommeil, l&rsquo;inexprimable non-moi qui d\u00e9j\u00e0 m&rsquo;habite s&rsquo;\u00e9veillant \u00e0 demi du silence de mon corps, puis s&rsquo;effa\u00e7ant d\u00e8s que mon attention essaie de le scruter. Car ce que nous pensons nous cache ce que nous sommes. Il faut un corps silencieux pour que le moi enseveli dans le concert des sens \u00e9merge ainsi que le signal derri\u00e8re un bruit de fond. C&rsquo;est ce qu&rsquo;ont toujours enseign\u00e9 les sagesses traditionnelles. La deuxi\u00e8me \u00abinstruction spirituelle\u00bb de Ma\u00eetre Eckhart veut que l&rsquo;on soit \u00abrenonc\u00e9\u00bb: \u00abun esprit renonc\u00e9 est celui qui n&rsquo;est troubl\u00e9 par rien\u00bb <a id=\"ftnref3\" href=\"#ftn3\">[3]<\/a>. Et pour Jean de La Croix: \u00abquant \u00e0 exprimer ce qui se passe dans ce sanctuaire intime, cela est impossible\u00bb <a id=\"ftnref4\" href=\"#ftn4\">[4]<\/a>. Plotin: \u00absouvent je m&rsquo;\u00e9veille de mon corps \u00e0 moi-m\u00eame, ext\u00e9rieur aux choses, int\u00e9rieur \u00e0 moi. Je vois alors une beaut\u00e9 d&rsquo;une indicible majest\u00e9&#8230; C&rsquo;est l\u00e0 que je me fixe, au-del\u00e0 de toute r\u00e9alit\u00e9 spirituelle. Puis, apr\u00e8s ce repos dans le divin, retombant de l&rsquo;intuition dans la r\u00e9flexion et le raisonnement, je me demande comment j&rsquo;ai pu jamais, cette fois encore, descendre ainsi\u00bb <a id=\"ftnref5\" href=\"#ftn5\">[5]<\/a>.<\/p>\n<p style=\"text-align: justify;\">\n<p style=\"text-align: justify;\">Le t\u00e9moignage des mystiques, m\u00eame \u00abpa\u00efens\u00bb comme Plotin ou Numenius, a \u00e9t\u00e9 quelque peu lessiv\u00e9 par la science, c&rsquo;est vrai. L&rsquo;esprit moderne se m\u00e9fie avec raison des ma\u00eetres qui r\u00e9cusent la raison, comme le fait express\u00e9ment Plotin. De tout ma\u00eetre d&rsquo;ailleurs il se m\u00e9fie \u00e0 juste titre, si l&rsquo;on abdique la raison, qui nous gardera de retomber dans les mar\u00e9cages d&rsquo;o\u00f9 son s\u00e9v\u00e8re exercice seul nous a tir\u00e9s? \u00abRien n&rsquo;est plus conforme \u00e0 la raison que ce d\u00e9saveu de la raison\u00bb dit Pascal. J&rsquo;ai longtemps admir\u00e9 cette maxime, mais elle est imprudente.<\/p>\n<p style=\"text-align: justify;\">\n<p style=\"text-align: justify;\">Cependant, loin que ce d\u00e9saveu soit n\u00e9cessaire, c&rsquo;est au contraire la raison qui nous commande de consid\u00e9rer avec attention ce que nous ne comprenons pas. L&rsquo;animal r\u00eave sans savoir qu&rsquo;il r\u00eave. Il agite dans son sommeil des repr\u00e9sentations imaginaires dont la d\u00e9couverte consciente fera de lui un homme puisque l&rsquo;homme fait \u00e9veill\u00e9 et librement ce que fait \u00e0 son insu l&rsquo;animal endormi.<\/p>\n<p style=\"text-align: justify;\">Comment l&rsquo;homme est-il devenu, au moins partiellement, ma\u00eetre de ses repr\u00e9sentations, c&rsquo;est ce que nous ignorons <a id=\"ftnref6\" href=\"#ftn6\">[6]<\/a>. Mais le pr\u00e9historien suit au fil du temps la naissance de cette ma\u00eetrise, qui fut longue. Ramasser une pierre qui tra\u00eene et la tailler, c&rsquo;est faire aussi bien que le pic \u00e9peiche qui taille une pi\u00e8ce de bois pour y caler sa noix et l&rsquo;attaquer avec son bec. Aller chercher au loin une certaine qualit\u00e9 de pierre pour en faire plusieurs outils qu&rsquo;ensuite on portera sur soi, cela suppose la repr\u00e9sentation lib\u00e9r\u00e9e qui est le propre de l&rsquo;homme. Avant d&rsquo;aller chercher cette pierre, il a fallu imaginer une longue s\u00e9rie d&rsquo;actes sans en faire aucun.<\/p>\n<p style=\"text-align: justify;\">\n<p style=\"text-align: justify;\">Imaginer une longue s\u00e9rie d&rsquo;actes sans en faire aucun, tous les mammif\u00e8res le font, mais sans le savoir, quand ils r\u00eavent. C&rsquo;est le passage du r\u00eave \u00e0 l&rsquo;\u00e9veil \u00e0 un moment de la pr\u00e9histoire qui marque le changement, et c&rsquo;est en quoi l&rsquo;homme fut, comme je l&rsquo;ai dit, r\u00eav\u00e9 par l&rsquo;animal tout au long de l&rsquo;\u00e8re tertiaire, tout le temps que les Alpes et l&rsquo;Himalaya s&rsquo;\u00e9levaient vers le ciel. <em>Nesciens nescientem<\/em>: l&rsquo;animal ne savait pas qu&rsquo;il r\u00eavait l&rsquo;homme, et l&rsquo;homme, quant \u00e0 lui, n&rsquo;existant pas encore, ignorait qu&rsquo;il \u00e9tait r\u00eav\u00e9!<\/p>\n<p style=\"text-align: justify;\">\n<p style=\"text-align: justify;\">Et voil\u00e0 que l&rsquo;homme longuement pr\u00e9m\u00e9dit\u00e9 par la nature \u00e0 son tour r\u00eave, et plus qu&rsquo;aucun \u00eatre vivant. A qui donc r\u00eave-t-il?<\/p>\n<p style=\"text-align: justify;\">\n<p style=\"text-align: justify;\">Conjecture: le r\u00eave de l&rsquo;homme poursuit le m\u00eame chemin pr\u00e9monitoire. Nous r\u00eavons celui qui viendra, notre successeur sur cette plan\u00e8te ou ailleurs. C&rsquo;est une conjecture po\u00e9tique, mais je ne vois pas pourquoi la science ne serait pas mati\u00e8re \u00e0 po\u00e9sie, comme tout ce qui est.<\/p>\n<p style=\"text-align: justify;\">\n<p style=\"text-align: justify;\">Ainsi prendrait son sens l&rsquo;\u00e9tranget\u00e9 du r\u00eave: il est \u00e9trange parce qu&rsquo;il nous d\u00e9passe. Par lui nous participons sans la comprendre \u00e0 une vie qui n&rsquo;est plus celle de l&rsquo;homme. Nous y participons plus ou moins, selon ce que chacun y voit qui plus ou moins le d\u00e9passe. Je n&rsquo;approfondirai pas davantage une conjecture \u00e0 laquelle je r\u00e9fl\u00e9chis depuis trop longtemps, me bornant \u00e0 une allusion o\u00f9 chacun, je crois, reconna\u00eetra dans le r\u00eave, voir une chose absente, ou imaginaire dans son moindre d\u00e9tail, par exemple un visage inconnu ou depuis longtemps oubli\u00e9. La m\u00e9moire visuelle absolue, permettant de voir chaque feuille d&rsquo;un arbre ou relire un livre page \u00e0 page, est une raret\u00e9 que les psychologues \u00e9tudient depuis peu et qu&rsquo;ils appellent \u00abm\u00e9moire eid\u00e9tique\u00bb. On peut la provoquer par la stimulation \u00e9lectrique de certaines r\u00e9gions du cerveau, comme on le sait depuis les exp\u00e9riences de Wilder Penfield.<\/p>\n<p style=\"text-align: justify;\">\n<p style=\"text-align: justify;\">Elle est alors per\u00e7ue comme une hallucination. A supposer m\u00eame que souvent la pr\u00e9cision hallucinatoire du r\u00eave nous trompe, qu&rsquo;elle ne soit pas souvenir mais construction imaginaire, il est certain que nous sommes incapables, \u00e9veill\u00e9s, d&rsquo;utiliser ainsi notre imagination <a id=\"ftnref7\" href=\"#ftn7\">[7]<\/a>. Mais laissons un moment le r\u00eave et suivons une autre piste.<\/p>\n<p style=\"text-align: justify;\">\n<p style=\"text-align: justify;\">Donc \u00e0 un moment de notre ascendance pr\u00e9historique, moment qui fut sans doute tr\u00e8s long, la libert\u00e9 du r\u00eave \u00e9mergea dans la conscience \u00e9veill\u00e9e et enfanta le monde de la repr\u00e9sentation, puis celui des id\u00e9es.<\/p>\n<p style=\"text-align: justify;\">\n<p style=\"text-align: justify;\">Le monde des id\u00e9es culmine dans l&rsquo;illumination, telle qu&rsquo;elle est d\u00e9crite par les cr\u00e9ateurs, math\u00e9maticiens comme Poincar\u00e9 et Hadamard, musiciens comme Mozart. Choisissons Mozart, dont le t\u00e9moignage est moins souvent cit\u00e9 <a id=\"ftnref8\" href=\"#ftn8\">[8]<\/a>.<\/p>\n<p style=\"text-align: justify;\">\n<p style=\"text-align: justify;\">Comme Poincar\u00e9, il dit que l&rsquo;illumination lui vient souvent la nuit, quand le sommeil le fuit. Les th\u00e8mes surgissent rapidement dans son esprit avec leurs variations, le contrepoint, l&rsquo;instrumentation: \u00abtout cela explose dans mon \u00e2me&#8230; et (bient\u00f4t) l&rsquo;ensemble se dresse quasiment termin\u00e9, comme un beau tableau ou une magnifique statue, en un clin d&rsquo;\u0153il. Je n&rsquo;entends pas les parties successivement dans mon imagination, mais bien, en v\u00e9rit\u00e9, toutes d&rsquo;un coup, (gleich alles zusammen). Ce qu&rsquo;est cette d\u00e9lectation, je ne saurais la d\u00e9crire! Toute l&rsquo;invention, la production surviennent comme en un r\u00eave vivant. Mais le plus d\u00e9licieux, finalement, c&rsquo;est d&rsquo;entendre r\u00e9ellement tout, tout ensemble\u00bb (\u00abtout ensemble\u00bb en fran\u00e7ais dans la lettre.)<\/p>\n<p style=\"text-align: justify;\">\n<p style=\"text-align: justify;\">\u00abTout ensemble\u00bb dit Mozart. Comme Poincar\u00e9: \u00abau moment o\u00f9 je mettais le pied dans l&rsquo;omnibus, alors que rien dans mes pens\u00e9es pr\u00e9c\u00e9dentes ne le pr\u00e9parait, l&rsquo;id\u00e9e me vient\u00bb&#8230; (une id\u00e9e terriblement abstraite sur les fonctions elliptiques.) Ou comme Tcha\u00efkovski dans une lettre dat\u00e9e de Florence, le 1<sup>er<\/sup> mars 1878: \u00aben g\u00e9n\u00e9ral, le germe de la future composition (il s&rsquo;agit d&rsquo;une symphonie!) vient soudainement et \u00e0 l&rsquo;improviste <a id=\"ftnref9\" href=\"#ftn9\">[9]<\/a>\u00bb&#8230;.<\/p>\n<p style=\"text-align: justify;\">\n<p style=\"text-align: justify;\">Dans Illumination, on reconna\u00eet le mot lumen, luminis \u00ablumi\u00e8re\u00bb. On n&rsquo;a jamais remarqu\u00e9, me semble-t-il, l&rsquo;illumination intellectuelle invariablement rapport\u00e9e \u00e0 un seul sens, la vue. Pourquoi ne dit-on pas \u00absonorisation\u00bb, ou \u00abodorisation\u00bb ? C&rsquo;est ainsi, m\u00eame les aveugles m\u00e9taphorisent leur cr\u00e9ation par le sens qu&rsquo;ils n&rsquo;ont pas. La fameuse madeleine de Proust suscite une vision accompagn\u00e9e de sentiments. Mozart parle de tableau, de statue. Approfondissons cette remarque superficielle.<\/p>\n<p style=\"text-align: justify;\">\n<p style=\"text-align: justify;\">Qu&rsquo;est-ce qu&rsquo;une id\u00e9e? Vieux probl\u00e8me.<\/p>\n<p style=\"text-align: justify;\">\n<p style=\"text-align: justify;\">Tournons-le par le mot id\u00e9e; id\u00e9e vient du grec \u00abid\u00e9a\u00bb signifiant chez les plus anciens auteurs \u00abaspect ext\u00e9rieur\u00bb, \u00abapparence\u00bb, \u00abforme\u00bb. Exemple : H\u00e9rodote racontant la bataille o\u00f9 Cr\u00e9sus est \u00e9cras\u00e9 par les Perses dit que \u00able cheval redoute le chameau dont il ne peut supporter ni l&rsquo;aspect ni l&rsquo;odeur\u00bb. Le mot \u00abaspect\u00bb est dans le grec d&rsquo;H\u00e9rodote \u00abideen\u00bb (accusatif). Texte bien int\u00e9ressant, puisqu&rsquo;il ne s&rsquo;agit que d&rsquo;animaux et que \u00abid\u00e9a\u00bb est accol\u00e9 \u00e0 \u00abodm\u00ebn\u00bb, \u00abodeur\u00bb. En suivant l&rsquo;histoire de ce mot dans un grand dictionnaire grec, on voit le mot se purifier avec le temps et finir par signifier \u00abla forme id\u00e9ale\u00bb platonicienne. (R\u00e9publique, 507 b, etc.). Mais d&rsquo;o\u00f9 vient le grec \u00abid\u00e9a\u00bb lui-m\u00eame. D&rsquo;une racine indo-europ\u00e9enne \u00abweid\u00bb indiquant la vision. N&rsquo;est-il pas passionnant de d\u00e9couvrir que d\u00e9j\u00e0, dans le sanskrit \u00abveda\u00bb veut dire \u00abj&rsquo;ai vu\u00bb c&rsquo;est-\u00e0-dire \u00abje sais\u00bb (cf. <em>Les Vedas<\/em>), exactement comme, en grec, le mot signifiant \u00abje sais\u00bb n&rsquo;est pas un pr\u00e9sent, mais un parfait, \u00aboida\u00bb? On voit l\u00e0 la m\u00e9canique mentale de l&rsquo;homme au travail pendant les mill\u00e9naires qui ont pr\u00e9c\u00e9d\u00e9 le grec et le sanskrit et produit les m\u00eames objets (les mots) par une \u00e9volution parall\u00e8le. Les mots sont des objets en perp\u00e9tuelle d\u00e9gradation comme les cailloux du torrent. Leur \u00e9nonciation s&rsquo;use, matrem devient matre, m\u00e8re, et leur sens aussi s&rsquo;use : matricule en latin veut dire \u00abregistre\u00bb, le mot \u00abmati\u00e8re\u00bb a m\u00eame origine. L&rsquo;usure du sens trahit les lois profondes de la pens\u00e9e comme le lit du torrent montre la pente.<\/p>\n<p style=\"text-align: justify;\">\n<p style=\"text-align: justify;\">Les mots recueillis par l&rsquo;\u00e9criture apr\u00e8s d&rsquo;innombrables si\u00e8cles permettent de remonter le temps jusqu&rsquo;\u00e0 la langue originelle et de d\u00e9crire leur long parcours, comme l&rsquo;exploration des cailloux en bas du torrent apprend au g\u00e9ologue toutes les roches travers\u00e9es. Les roches, ici, sont la pens\u00e9e de l&rsquo;homme.<\/p>\n<p style=\"text-align: justify;\">\n<p style=\"text-align: justify;\">A l&rsquo;origine cette antique racine indo-europ\u00e9enne \u00abweid\u00bb en rapport avec la vision et de l\u00e0 dans toutes les langues qui en d\u00e9rivent, de l&rsquo;islandais et du lituanien \u00e0 l&rsquo;arm\u00e9nien et au sanskrit, appara\u00eet un amoncellement de mots d\u00e9signant les activit\u00e9s de l&rsquo;esprit. En grec, non seulement \u00abid\u00e9a\u00bb, mais \u00abeidesis\u00bb, science, \u00abhistoria\u00bb, information, \u00abeidos\u00bb, autre mot pour apparence, \u00abeidolon\u00bb, image; en latin \u00abvidere\u00bb, d&rsquo;o\u00f9 sont venus: voir, vision, mais aussi \u00abevidem\u00bb, \u00abprovidentia\u00bb, \u00abprudentia\u00bb, en gothique \u00abwitan\u00bb, savoir, en allemand \u00abwissen\u00bb, savoir, \u00abwitz\u00bb, esprit, en anglais \u00abwit\u00bb, esprit, \u00abwise\u00bb, sage etc.<\/p>\n<p style=\"text-align: justify;\">\n<p style=\"text-align: justify;\">Ces remarques n&rsquo;apprennent rien au linguiste, \u00e0 qui je les emprunte. En raison de leur possible signification philosophique, sugg\u00e9r\u00e9e plus loin, je me suis demand\u00e9 si le glissement mill\u00e9naire de la vision de l&rsquo;\u0153il \u00e0 celle de l&rsquo;esprit n&rsquo;exprimerait pas seulement une particularit\u00e9 des peuples parlant les langues indo-europ\u00e9ennes. Qu&rsquo;en est-il du chinois, par exemple?<\/p>\n<p style=\"text-align: justify;\">\n<p style=\"text-align: justify;\">Renseignement pris, le mot \u00abid\u00e9e\u00bb y compte six ou sept \u00e9quivalences. On y retrouve la m\u00eame tendance et m\u00eame tr\u00e8s frappante : \u00abkuan\u00bb signifie \u00abregarder au loin\u00bb, \u00abconsid\u00e9rer\u00bb, \u00abcontempler\u00bb, \u00abobserver\u00bb, \u00abaspect\u00bb, \u00abapparence\u00bb (rappelons-nous la phrase d&rsquo;H\u00e9rodote) et enfin \u00abconception\u00bb, \u00abpoint de vue\u00bb, \u00abid\u00e9e\u00bb (kian nien).<\/p>\n<p style=\"text-align: justify;\">\n<p style=\"text-align: justify;\">Il est vrai qu&rsquo;une autre racine, \u00abkai\u00bb, qui avec une deuxi\u00e8me racine \u00abnien\u00bb signifie \u00abconcept\u00bb et \u00abid\u00e9e\u00bb, d\u00e9signe la r\u00e9glette qui sert \u00e0 \u00e9galiser une mesure de grain. Son origine n&rsquo;est donc pas plus visuelle que celle de nos mots \u00abconcept\u00bb ou \u00abmesure\u00bb. Je n&rsquo;ai pas dit que toutes les activit\u00e9s de l&rsquo;esprit proc\u00e8dent de la vision, mais que la racine indo-europ\u00e9enne d\u00e9signant la vision glisse toujours vers l&rsquo;expression des id\u00e9es. Il en est bien de m\u00eame dans d&rsquo;autres langues. Signalons encore en chinois: \u00abkan\u00bb, \u00abregarder\u00bb, \u00abvoir\u00bb, \u00abobserver\u00bb et de l\u00e0 \u00abkan fa\u00bb, \u00abmani\u00e8re de voir\u00bb, \u00abpoint de vue\u00bb, ainsi que \u00abchien\u00bb, \u00abvoir\u00bb, \u00abapercevoir\u00bb, et de l\u00e0 \u00abchien chieh\u00bb, \u00abopinion\u00bb, \u00abavis\u00bb, \u00abjugement\u00bb.<\/p>\n<p style=\"text-align: justify;\">\n<p style=\"text-align: justify;\">Dans le symbole de Nic\u00e9e, qui d\u00e9finit la foi chr\u00e9tienne, il est dit que Dieu est cr\u00e9ateur de toutes les choses visibles et invisibles, visibilium omnium et invisibilium. Par invisible, ce texte ne d\u00e9signe pas, bien entendu, les objets de la physique quantique ou les astres situ\u00e9s au-del\u00e0 de l&rsquo;horizon cosmologique. Le monde invisible du concile de Nic\u00e9e est celui de l&rsquo;esprit, qu&rsquo;aucun sens ne saurait percevoir et notamment pas l&rsquo;\u0153il. Thomas, le fameux ap\u00f4tre sceptique, veut pour \u00eatre convaincu, voir et toucher.<\/p>\n<p style=\"text-align: justify;\">\n<p style=\"text-align: justify;\">Revenant pour conclure sur la signification pr\u00e9monitoire du r\u00eave en tenant compte de ces remarques (et d&rsquo;autres qu&rsquo;il serait trop long d&rsquo;exposer), je compl\u00e8te donc ainsi ma conjecture: une des capacit\u00e9s surhumaines, post-humaines, dont le r\u00eave nous donne l&rsquo;exp\u00e9rience est la vision imaginaire absolue ; c&rsquo;est-\u00e0-dire la possibilit\u00e9 de consid\u00e9rer \u00e0 volont\u00e9 une repr\u00e9sentation imaginaire ou une id\u00e9e dans son absolue pr\u00e9cision, comme l&rsquo;\u0153il examine ce qu&rsquo;il voit.<\/p>\n<p style=\"text-align: justify;\">\n<p style=\"text-align: justify;\">Nous savons malheureusement que l&rsquo;homme n&rsquo;a pas cette capacit\u00e9. Dans son dictionnaire philosophique, Voltaire remarque que le propre de l&rsquo;esprit est d&rsquo;ignorer ce qu&rsquo;il pensera une minute plus tard. Une seconde avant de mettre le pied sur la marche de l&rsquo;autobus, Poincar\u00e9 ignore que la solution de son probl\u00e8me sur les fonctions elliptiques va exploser dans son esprit. Nous ne sommes pas ma\u00eetres de ce qu&rsquo;il y a en nous de proprement humain, notre pens\u00e9e.<\/p>\n<p style=\"text-align: justify;\">\n<p style=\"text-align: justify;\">Dans sa lettre cit\u00e9e plus haut, Mozart \u00e9merveill\u00e9 par la source jaillissante de sa cr\u00e9ation est si conscient de n&rsquo;en \u00eatre pas ma\u00eetre qu&rsquo;il en rend gr\u00e2ce \u00e0 Dieu. La langue exprime bien que la source de nos pens\u00e9es nous \u00e9chappe, en l&rsquo;appelant un \u00abdon\u00bb. Le mot \u00abg\u00e9nie\u00bb renvoie lui aussi \u00e0 un personnage divin, qui donne sans se montrer.<\/p>\n<p style=\"text-align: justify;\">\n<p style=\"text-align: justify;\">La libert\u00e9 du r\u00eave \u00e9mergeant du corps (je ne fais pas ce que je r\u00eave) c&rsquo;est l&rsquo;homme. Cette libert\u00e9 est encore loin, quand mon corps est endormi, de son accomplissement.<\/p>\n<p style=\"text-align: justify;\">\n<p style=\"text-align: justify;\">Je peux penser ce que je ne fais pas. Mais non sans difficult\u00e9 je ne peux ni penser exactement ce que je veux, ni arr\u00eater les encha\u00eenements d\u00e9sordonn\u00e9s de mon flux mental. Je ne ma\u00eetrise qu&rsquo;une part infime de ce que fait mon esprit. L&rsquo;essentiel m&rsquo;\u00e9chappe.<\/p>\n<p style=\"text-align: justify;\">\n<p style=\"text-align: justify;\">Si j&rsquo;\u00e9tais ma\u00eetre de mon esprit, ma condition serait chang\u00e9e. Je verrais la source jaillissante dont Mozart rendait gr\u00e2ce \u00e0 son Dieu. Et pourquoi douterais-je de l&rsquo;intuition d&rsquo;un Mozart? Il sait mieux que moi de quoi il parle quand il d\u00e9crit la source merveilleuse: peut-\u00eatre la condition surhumaine est-elle la conscience du divin, comme l&rsquo;ont dit tant d&rsquo;hommes que nous appelons grands parce qu&rsquo;ils ont, en effet, vu ce que nous ne voyons pas. Et peut-\u00eatre nous serait-il donn\u00e9 de le contempler, comme ces m\u00eames hommes l&rsquo;affirment, si seulement nous savions commander assez \u00e0 ce que nous pensons pour en arr\u00eater le flux intarissable, et voir enfin ce que nous sommes. Petite flamme vacillante, cesse un instant de m&rsquo;\u00e9blouir, permets \u00e0 mon regard de se d\u00e9tacher de toi pour scruter l&rsquo;espace infini que je devine autour de moi.<\/p>\n<p style=\"text-align: justify;\">\n<p style=\"text-align: justify;\">\n<hr style=\"text-align: justify;\" size=\"1\" \/>\n<p style=\"text-align: justify;\"><a id=\"ftn1\" href=\"#ftnref1\">[1]<\/a> W.H. Thorpe<em>: Learning and instincts in animals<\/em>, Methuen, Londres, 2<sup>e<\/sup> \u00e9dition, 1963.<\/p>\n<p style=\"text-align: justify;\"><a id=\"ftn2\" href=\"#ftnref2\">[2]<\/a> L&rsquo;homme r\u00eave toutes les 90 minutes environ, et la dur\u00e9e de son r\u00eave s&rsquo;accro\u00eet \u00e0 chaque cycle jusqu&rsquo;au r\u00e9veil. Toutes autres d\u00e9couvertes surprenantes permettant de mesurer \u00e0 quel point les anciennes th\u00e9ories du r\u00eave (Freud en particulier) sont d\u00e9pass\u00e9es; on sait maintenant que le cycle de 90 minutes se poursuit m\u00eame en \u00e9tat d&rsquo;\u00e9veil et qu&rsquo;il existe d\u00e9j\u00e0 chez le f\u0153tus. Quels \u00abphantasmes refoul\u00e9s\u00bb peuvent bien tourmenter le f\u0153tus?<\/p>\n<p style=\"text-align: justify;\"><a id=\"ftn3\" href=\"#ftnref3\">[3]<\/a> Ma\u00eetre Eckhart: <em>Les Trait\u00e9s<\/em> (Le Seuil, Paris 1971).<\/p>\n<p style=\"text-align: justify;\"><a id=\"ftn4\" href=\"#ftnref3\">[4]<\/a> Saint Jean de La Croix: <em>Vive Flamme<\/em>, etc. Inexprimable parce que sans r\u00e9f\u00e9rence \u00e0 aucune exp\u00e9rience sensible. Les id\u00e9es les plus abstraites proviennent par une voie plus ou moins longue de l&rsquo;exp\u00e9rience sensible. Il s&rsquo;agit donc dans l&rsquo;illusion d&rsquo;une exp\u00e9rience totalement coup\u00e9e des sens.<\/p>\n<p style=\"text-align: justify;\"><a id=\"ftn5\" href=\"#ftnref5\">[5]<\/a> Platon: <em>Enn\u00e9ades<\/em>, IV, 8, 1, 1.<\/p>\n<p style=\"text-align: justify;\"><a id=\"ftn6\" href=\"#ftnref6\">[6]<\/a> Le tout r\u00e9cent <em>Trait\u00e9 du Vivant<\/em> de Jacques Ruffi\u00e9 (Fayard, Paris 1982) montre par son ampleur m\u00eame le peu que l&rsquo;on sait. Tout un ph\u00e9nom\u00e8ne unique sur la plan\u00e8te Terre, la conscience r\u00e9fl\u00e9chie, ne se pr\u00eate pas aux m\u00e9thodes actuelles de la science. La maxime d&rsquo;Aristote, il n&rsquo;y a de science que du g\u00e9n\u00e9ral, reste vraie.<\/p>\n<p style=\"text-align: justify;\"><a id=\"ftn7\" href=\"#ftnref7\">[7]<\/a> Certains peintres en sont capables. Apr\u00e8s avoir examin\u00e9 un paysage avec attention, ils peuvent, rentr\u00e9s chez eux, le peindre avec une pr\u00e9cision photographique: c&rsquo;est \u00abla m\u00e9moire eid\u00e9tique\u00bb des psychologues. Des \u00e9tudes r\u00e9centes montreraient que cette m\u00e9moire existe assez souvent au moment de la pubert\u00e9, puis dispara\u00eet.<\/p>\n<p style=\"text-align: justify;\"><a id=\"ftn8\" href=\"#ftnref8\">[8]<\/a> E. Holmes: <em>The life of Mozart<\/em>, including his correspondence (Chapman and Hall, Londres 1878, p. 211).<\/p>\n<p style=\"text-align: justify;\"><a id=\"ftn9\" href=\"#ftnref9\">[9]<\/a> R. Newmarch: <em>Life and letters of P.I. Tcha\u00efkovski<\/em> (John Lane, Londres 1906).<\/p>\n<div id=\"-chrome-auto-translate-plugin-dialog\" style=\"display: none; opacity: 1 !important; border-color: none !important; background: transparent !important; padding: 0 !important; margin: 0 !important; position: absolute !important; top: 0; left: 0; overflow: visible !important; z-index: 999999 !important; text-align: left !important;\">\n<div style=\"max-width: 300px !important; color: #fafafa !important; opacity: 0.8 !important; border-color: #000000 !important; border-width: 0px !important; -webkit-border-radius: 10px !important; background-color: #363636 !important; font-size: 16px !important; padding: 8px !important; overflow: visible !important; background-image: -webkit-gradient(linear, left top, right bottom, color-stop(0%, #000), color-stop(50%, #363636), color-stop(100%, #000)); z-index: 999999 !important; text-align: left  !important;\"><\/div>\n<p><img decoding=\"async\" style=\"position: absolute !important; z-index: -1 !important; right: 1px !important; top: -20px !important; cursor: pointer !important; -webkit-border-radius: 20px; background-color: rgba(200, 200, 200, 0.3) !important; padding: 3px 5px 0 !important; margin: 0 !important;\" onclick=\"document.location.href='http:\/\/translate.google.com\/';\" src=\"http:\/\/www.google.com\/uds\/css\/small-logo.png\" alt=\"\" \/><\/div>\n","protected":false},"excerpt":{"rendered":"<p>Comment l&rsquo;homme est-il devenu, au moins partiellement, ma\u00eetre de ses repr\u00e9sentations, c&rsquo;est ce que nous ignorons. Mais le pr\u00e9historien suit au fil du temps la naissance de cette ma\u00eetrise, qui fut longue. Ramasser une pierre qui tra\u00eene et la tailler, c&rsquo;est faire aussi bien que le pic \u00e9peiche qui taille une pi\u00e8ce de bois pour y caler sa noix et l&rsquo;attaquer avec son bec. Aller chercher au loin une certaine qualit\u00e9 de pierre pour en faire plusieurs outils qu&rsquo;ensuite on portera sur soi, cela suppose la repr\u00e9sentation lib\u00e9r\u00e9e qui est le propre de l&rsquo;homme. Avant d&rsquo;aller chercher cette pierre, il a fallu imaginer une longue s\u00e9rie d&rsquo;actes sans en faire aucun.<\/p>\n","protected":false},"author":1,"featured_media":0,"comment_status":"closed","ping_status":"closed","sticky":false,"template":"","format":"standard","meta":{"footnotes":""},"categories":[534],"tags":[37,108,603,104,53],"class_list":["post-9955","post","type-post","status-publish","format-standard","hentry","category-michel-aime","tag-conscience","tag-evolution","tag-intuition","tag-pensee","tag-reve"],"yoast_head":"<!-- This site is optimized with the Yoast SEO plugin v27.0 - https:\/\/yoast.com\/product\/yoast-seo-wordpress\/ -->\n<title>L&#039;illumination ou l&#039;\u0153il de l&#039;esprit par Aim\u00e9 Michel - 3e mill\u00e9naire - Spiritualit\u00e9 - Connaissance de soi - Non-dualit\u00e9 - M\u00e9ditation<\/title>\n<meta name=\"robots\" content=\"index, follow, max-snippet:-1, max-image-preview:large, max-video-preview:-1\" \/>\n<link rel=\"canonical\" href=\"https:\/\/www.revue3emillenaire.com\/blog\/lillumination-ou-loeil-de-lesprit-par-aime-michel\/\" \/>\n<meta property=\"og:locale\" content=\"fr_FR\" \/>\n<meta property=\"og:type\" content=\"article\" \/>\n<meta property=\"og:title\" content=\"L&#039;illumination ou l&#039;\u0153il de l&#039;esprit par Aim\u00e9 Michel - 3e mill\u00e9naire - Spiritualit\u00e9 - Connaissance de soi - Non-dualit\u00e9 - M\u00e9ditation\" \/>\n<meta property=\"og:description\" content=\"Comment l&#039;homme est-il devenu, au moins partiellement, ma\u00eetre de ses repr\u00e9sentations, c&#039;est ce que nous ignorons. Mais le pr\u00e9historien suit au fil du temps la naissance de cette ma\u00eetrise, qui fut longue. Ramasser une pierre qui tra\u00eene et la tailler, c&#039;est faire aussi bien que le pic \u00e9peiche qui taille une pi\u00e8ce de bois pour y caler sa noix et l&#039;attaquer avec son bec. Aller chercher au loin une certaine qualit\u00e9 de pierre pour en faire plusieurs outils qu&#039;ensuite on portera sur soi, cela suppose la repr\u00e9sentation lib\u00e9r\u00e9e qui est le propre de l&#039;homme. Avant d&#039;aller chercher cette pierre, il a fallu imaginer une longue s\u00e9rie d&#039;actes sans en faire aucun.\" \/>\n<meta property=\"og:url\" content=\"https:\/\/www.revue3emillenaire.com\/blog\/lillumination-ou-loeil-de-lesprit-par-aime-michel\/\" \/>\n<meta property=\"og:site_name\" content=\"3e mill\u00e9naire - Spiritualit\u00e9 - Connaissance de soi - Non-dualit\u00e9 - M\u00e9ditation\" \/>\n<meta property=\"article:published_time\" content=\"2011-12-19T19:16:36+00:00\" \/>\n<meta property=\"og:image\" content=\"http:\/\/www.google.com\/uds\/css\/small-logo.png\" \/>\n<meta name=\"author\" content=\"3e mill\u00e9naire\" \/>\n<meta name=\"twitter:card\" content=\"summary_large_image\" \/>\n<meta name=\"twitter:label1\" content=\"\u00c9crit par\" \/>\n\t<meta name=\"twitter:data1\" content=\"3e mill\u00e9naire\" \/>\n\t<meta name=\"twitter:label2\" content=\"Dur\u00e9e de lecture estim\u00e9e\" \/>\n\t<meta name=\"twitter:data2\" content=\"20 minutes\" \/>\n<script type=\"application\/ld+json\" class=\"yoast-schema-graph\">{\"@context\":\"https:\/\/schema.org\",\"@graph\":[{\"@type\":\"Article\",\"@id\":\"https:\/\/www.revue3emillenaire.com\/blog\/lillumination-ou-loeil-de-lesprit-par-aime-michel\/#article\",\"isPartOf\":{\"@id\":\"https:\/\/www.revue3emillenaire.com\/blog\/lillumination-ou-loeil-de-lesprit-par-aime-michel\/\"},\"author\":{\"name\":\"3e mill\u00e9naire\",\"@id\":\"https:\/\/www.revue3emillenaire.com\/blog\/#\/schema\/person\/9a3a7cc4ccaa707f402d4394327106d5\"},\"headline\":\"L&rsquo;illumination ou l&rsquo;\u0153il de l&rsquo;esprit par Aim\u00e9 Michel\",\"datePublished\":\"2011-12-19T19:16:36+00:00\",\"mainEntityOfPage\":{\"@id\":\"https:\/\/www.revue3emillenaire.com\/blog\/lillumination-ou-loeil-de-lesprit-par-aime-michel\/\"},\"wordCount\":3975,\"image\":{\"@id\":\"https:\/\/www.revue3emillenaire.com\/blog\/lillumination-ou-loeil-de-lesprit-par-aime-michel\/#primaryimage\"},\"thumbnailUrl\":\"http:\/\/www.google.com\/uds\/css\/small-logo.png\",\"keywords\":[\"Conscience\",\"\u00c9volution\",\"Intuition\",\"Pens\u00e9e\",\"R\u00eave\"],\"articleSection\":[\"Michel Aim\u00e9\"],\"inLanguage\":\"fr-FR\"},{\"@type\":\"WebPage\",\"@id\":\"https:\/\/www.revue3emillenaire.com\/blog\/lillumination-ou-loeil-de-lesprit-par-aime-michel\/\",\"url\":\"https:\/\/www.revue3emillenaire.com\/blog\/lillumination-ou-loeil-de-lesprit-par-aime-michel\/\",\"name\":\"L'illumination ou l'\u0153il de l'esprit par Aim\u00e9 Michel - 3e mill\u00e9naire - Spiritualit\u00e9 - Connaissance de soi - Non-dualit\u00e9 - M\u00e9ditation\",\"isPartOf\":{\"@id\":\"https:\/\/www.revue3emillenaire.com\/blog\/#website\"},\"primaryImageOfPage\":{\"@id\":\"https:\/\/www.revue3emillenaire.com\/blog\/lillumination-ou-loeil-de-lesprit-par-aime-michel\/#primaryimage\"},\"image\":{\"@id\":\"https:\/\/www.revue3emillenaire.com\/blog\/lillumination-ou-loeil-de-lesprit-par-aime-michel\/#primaryimage\"},\"thumbnailUrl\":\"http:\/\/www.google.com\/uds\/css\/small-logo.png\",\"datePublished\":\"2011-12-19T19:16:36+00:00\",\"author\":{\"@id\":\"https:\/\/www.revue3emillenaire.com\/blog\/#\/schema\/person\/9a3a7cc4ccaa707f402d4394327106d5\"},\"breadcrumb\":{\"@id\":\"https:\/\/www.revue3emillenaire.com\/blog\/lillumination-ou-loeil-de-lesprit-par-aime-michel\/#breadcrumb\"},\"inLanguage\":\"fr-FR\",\"potentialAction\":[{\"@type\":\"ReadAction\",\"target\":[\"https:\/\/www.revue3emillenaire.com\/blog\/lillumination-ou-loeil-de-lesprit-par-aime-michel\/\"]}]},{\"@type\":\"ImageObject\",\"inLanguage\":\"fr-FR\",\"@id\":\"https:\/\/www.revue3emillenaire.com\/blog\/lillumination-ou-loeil-de-lesprit-par-aime-michel\/#primaryimage\",\"url\":\"http:\/\/www.google.com\/uds\/css\/small-logo.png\",\"contentUrl\":\"http:\/\/www.google.com\/uds\/css\/small-logo.png\"},{\"@type\":\"BreadcrumbList\",\"@id\":\"https:\/\/www.revue3emillenaire.com\/blog\/lillumination-ou-loeil-de-lesprit-par-aime-michel\/#breadcrumb\",\"itemListElement\":[{\"@type\":\"ListItem\",\"position\":1,\"name\":\"Accueil\",\"item\":\"https:\/\/www.revue3emillenaire.com\/blog\/\"},{\"@type\":\"ListItem\",\"position\":2,\"name\":\"L&rsquo;illumination ou l&rsquo;\u0153il de l&rsquo;esprit par Aim\u00e9 Michel\"}]},{\"@type\":\"WebSite\",\"@id\":\"https:\/\/www.revue3emillenaire.com\/blog\/#website\",\"url\":\"https:\/\/www.revue3emillenaire.com\/blog\/\",\"name\":\"3e mill\u00e9naire - Spiritualit\u00e9 - Connaissance de soi - Non-dualit\u00e9 - M\u00e9ditation\",\"description\":\"L&#039;Homme en devenir\",\"potentialAction\":[{\"@type\":\"SearchAction\",\"target\":{\"@type\":\"EntryPoint\",\"urlTemplate\":\"https:\/\/www.revue3emillenaire.com\/blog\/?s={search_term_string}\"},\"query-input\":{\"@type\":\"PropertyValueSpecification\",\"valueRequired\":true,\"valueName\":\"search_term_string\"}}],\"inLanguage\":\"fr-FR\"},{\"@type\":\"Person\",\"@id\":\"https:\/\/www.revue3emillenaire.com\/blog\/#\/schema\/person\/9a3a7cc4ccaa707f402d4394327106d5\",\"name\":\"3e mill\u00e9naire\",\"url\":\"https:\/\/www.revue3emillenaire.com\/blog\/author\/admin\/\"}]}<\/script>\n<!-- \/ Yoast SEO plugin. -->","yoast_head_json":{"title":"L'illumination ou l'\u0153il de l'esprit par Aim\u00e9 Michel - 3e mill\u00e9naire - Spiritualit\u00e9 - Connaissance de soi - Non-dualit\u00e9 - M\u00e9ditation","robots":{"index":"index","follow":"follow","max-snippet":"max-snippet:-1","max-image-preview":"max-image-preview:large","max-video-preview":"max-video-preview:-1"},"canonical":"https:\/\/www.revue3emillenaire.com\/blog\/lillumination-ou-loeil-de-lesprit-par-aime-michel\/","og_locale":"fr_FR","og_type":"article","og_title":"L'illumination ou l'\u0153il de l'esprit par Aim\u00e9 Michel - 3e mill\u00e9naire - Spiritualit\u00e9 - Connaissance de soi - Non-dualit\u00e9 - M\u00e9ditation","og_description":"Comment l'homme est-il devenu, au moins partiellement, ma\u00eetre de ses repr\u00e9sentations, c'est ce que nous ignorons. Mais le pr\u00e9historien suit au fil du temps la naissance de cette ma\u00eetrise, qui fut longue. Ramasser une pierre qui tra\u00eene et la tailler, c'est faire aussi bien que le pic \u00e9peiche qui taille une pi\u00e8ce de bois pour y caler sa noix et l'attaquer avec son bec. Aller chercher au loin une certaine qualit\u00e9 de pierre pour en faire plusieurs outils qu'ensuite on portera sur soi, cela suppose la repr\u00e9sentation lib\u00e9r\u00e9e qui est le propre de l'homme. Avant d'aller chercher cette pierre, il a fallu imaginer une longue s\u00e9rie d'actes sans en faire aucun.","og_url":"https:\/\/www.revue3emillenaire.com\/blog\/lillumination-ou-loeil-de-lesprit-par-aime-michel\/","og_site_name":"3e mill\u00e9naire - Spiritualit\u00e9 - Connaissance de soi - Non-dualit\u00e9 - M\u00e9ditation","article_published_time":"2011-12-19T19:16:36+00:00","og_image":[{"url":"http:\/\/www.google.com\/uds\/css\/small-logo.png","type":"","width":"","height":""}],"author":"3e mill\u00e9naire","twitter_card":"summary_large_image","twitter_misc":{"\u00c9crit par":"3e mill\u00e9naire","Dur\u00e9e de lecture estim\u00e9e":"20 minutes"},"schema":{"@context":"https:\/\/schema.org","@graph":[{"@type":"Article","@id":"https:\/\/www.revue3emillenaire.com\/blog\/lillumination-ou-loeil-de-lesprit-par-aime-michel\/#article","isPartOf":{"@id":"https:\/\/www.revue3emillenaire.com\/blog\/lillumination-ou-loeil-de-lesprit-par-aime-michel\/"},"author":{"name":"3e mill\u00e9naire","@id":"https:\/\/www.revue3emillenaire.com\/blog\/#\/schema\/person\/9a3a7cc4ccaa707f402d4394327106d5"},"headline":"L&rsquo;illumination ou l&rsquo;\u0153il de l&rsquo;esprit par Aim\u00e9 Michel","datePublished":"2011-12-19T19:16:36+00:00","mainEntityOfPage":{"@id":"https:\/\/www.revue3emillenaire.com\/blog\/lillumination-ou-loeil-de-lesprit-par-aime-michel\/"},"wordCount":3975,"image":{"@id":"https:\/\/www.revue3emillenaire.com\/blog\/lillumination-ou-loeil-de-lesprit-par-aime-michel\/#primaryimage"},"thumbnailUrl":"http:\/\/www.google.com\/uds\/css\/small-logo.png","keywords":["Conscience","\u00c9volution","Intuition","Pens\u00e9e","R\u00eave"],"articleSection":["Michel Aim\u00e9"],"inLanguage":"fr-FR"},{"@type":"WebPage","@id":"https:\/\/www.revue3emillenaire.com\/blog\/lillumination-ou-loeil-de-lesprit-par-aime-michel\/","url":"https:\/\/www.revue3emillenaire.com\/blog\/lillumination-ou-loeil-de-lesprit-par-aime-michel\/","name":"L'illumination ou l'\u0153il de l'esprit par Aim\u00e9 Michel - 3e mill\u00e9naire - Spiritualit\u00e9 - Connaissance de soi - Non-dualit\u00e9 - M\u00e9ditation","isPartOf":{"@id":"https:\/\/www.revue3emillenaire.com\/blog\/#website"},"primaryImageOfPage":{"@id":"https:\/\/www.revue3emillenaire.com\/blog\/lillumination-ou-loeil-de-lesprit-par-aime-michel\/#primaryimage"},"image":{"@id":"https:\/\/www.revue3emillenaire.com\/blog\/lillumination-ou-loeil-de-lesprit-par-aime-michel\/#primaryimage"},"thumbnailUrl":"http:\/\/www.google.com\/uds\/css\/small-logo.png","datePublished":"2011-12-19T19:16:36+00:00","author":{"@id":"https:\/\/www.revue3emillenaire.com\/blog\/#\/schema\/person\/9a3a7cc4ccaa707f402d4394327106d5"},"breadcrumb":{"@id":"https:\/\/www.revue3emillenaire.com\/blog\/lillumination-ou-loeil-de-lesprit-par-aime-michel\/#breadcrumb"},"inLanguage":"fr-FR","potentialAction":[{"@type":"ReadAction","target":["https:\/\/www.revue3emillenaire.com\/blog\/lillumination-ou-loeil-de-lesprit-par-aime-michel\/"]}]},{"@type":"ImageObject","inLanguage":"fr-FR","@id":"https:\/\/www.revue3emillenaire.com\/blog\/lillumination-ou-loeil-de-lesprit-par-aime-michel\/#primaryimage","url":"http:\/\/www.google.com\/uds\/css\/small-logo.png","contentUrl":"http:\/\/www.google.com\/uds\/css\/small-logo.png"},{"@type":"BreadcrumbList","@id":"https:\/\/www.revue3emillenaire.com\/blog\/lillumination-ou-loeil-de-lesprit-par-aime-michel\/#breadcrumb","itemListElement":[{"@type":"ListItem","position":1,"name":"Accueil","item":"https:\/\/www.revue3emillenaire.com\/blog\/"},{"@type":"ListItem","position":2,"name":"L&rsquo;illumination ou l&rsquo;\u0153il de l&rsquo;esprit par Aim\u00e9 Michel"}]},{"@type":"WebSite","@id":"https:\/\/www.revue3emillenaire.com\/blog\/#website","url":"https:\/\/www.revue3emillenaire.com\/blog\/","name":"3e mill\u00e9naire - Spiritualit\u00e9 - Connaissance de soi - Non-dualit\u00e9 - M\u00e9ditation","description":"L&#039;Homme en devenir","potentialAction":[{"@type":"SearchAction","target":{"@type":"EntryPoint","urlTemplate":"https:\/\/www.revue3emillenaire.com\/blog\/?s={search_term_string}"},"query-input":{"@type":"PropertyValueSpecification","valueRequired":true,"valueName":"search_term_string"}}],"inLanguage":"fr-FR"},{"@type":"Person","@id":"https:\/\/www.revue3emillenaire.com\/blog\/#\/schema\/person\/9a3a7cc4ccaa707f402d4394327106d5","name":"3e mill\u00e9naire","url":"https:\/\/www.revue3emillenaire.com\/blog\/author\/admin\/"}]}},"_links":{"self":[{"href":"https:\/\/www.revue3emillenaire.com\/blog\/wp-json\/wp\/v2\/posts\/9955","targetHints":{"allow":["GET"]}}],"collection":[{"href":"https:\/\/www.revue3emillenaire.com\/blog\/wp-json\/wp\/v2\/posts"}],"about":[{"href":"https:\/\/www.revue3emillenaire.com\/blog\/wp-json\/wp\/v2\/types\/post"}],"author":[{"embeddable":true,"href":"https:\/\/www.revue3emillenaire.com\/blog\/wp-json\/wp\/v2\/users\/1"}],"replies":[{"embeddable":true,"href":"https:\/\/www.revue3emillenaire.com\/blog\/wp-json\/wp\/v2\/comments?post=9955"}],"version-history":[{"count":0,"href":"https:\/\/www.revue3emillenaire.com\/blog\/wp-json\/wp\/v2\/posts\/9955\/revisions"}],"wp:attachment":[{"href":"https:\/\/www.revue3emillenaire.com\/blog\/wp-json\/wp\/v2\/media?parent=9955"}],"wp:term":[{"taxonomy":"category","embeddable":true,"href":"https:\/\/www.revue3emillenaire.com\/blog\/wp-json\/wp\/v2\/categories?post=9955"},{"taxonomy":"post_tag","embeddable":true,"href":"https:\/\/www.revue3emillenaire.com\/blog\/wp-json\/wp\/v2\/tags?post=9955"}],"curies":[{"name":"wp","href":"https:\/\/api.w.org\/{rel}","templated":true}]}}