{"id":2002,"date":"2011-02-11T04:36:22","date_gmt":"2011-02-11T04:36:22","guid":{"rendered":"http:\/\/www.revue3emillenaire.com\/it\/?p=2002"},"modified":"2016-04-03T23:04:06","modified_gmt":"2016-04-03T23:04:06","slug":"pensieri-di-pascal-de-neufville","status":"publish","type":"post","link":"https:\/\/www.revue3emillenaire.com\/it\/pensieri-di-pascal-de-neufville\/","title":{"rendered":"Pensieri di Pascal de Neufville"},"content":{"rendered":"<p>Dall&#8217;archivio di 3millenaire a cura di L. Scalabrini.<\/p>\n<p>Non si tratta di sbarazzarsi del conosciuto con l\u2019esclusione, ma si tratta di comprenderlo totalmente, completamente solo, senza intermediario, onestamente.<br \/>\nCon questa comprensione globale, senza concessione, c\u2019\u00e8 liberazione dal conosciuto; questo \u00e8 messo al suo giusto posto, non \u00e8 pi\u00f9 causa di conflitto.<\/p>\n<p>E\u2019 difficile realizzare che non si pu\u00f2 agire sul pensiero perch\u00e9 si \u00e8 quello stesso pensiero. E tuttavia, quella separazione del pensatore dal suo pensiero \u00e8 all\u2019origine di tutti i conflitti.<\/p>\n<p>Quando l\u2019io prende coscienza che E\u2019 quel pensiero, e che quel pensiero non pu\u00f2 afferrare il presente, poich\u00e9 \u00e8 il risultato del passato, allora il pensiero si estingue da solo ed anche l\u2019io.<\/p>\n<p>Cos\u2019\u00e8 un individuo pienamente responsabile?<\/p>\n<p>E\u2019 un essere che, avendo compreso globalmente la sua appartenenza al mondo, agisce di conseguenza.<\/p>\n<p>E\u2019 essenziale osservare molto attentamente, quando si fa un progetto d\u2019ordine materiale ( organizzazione di un impiego del tempo, viaggi, ecc\u2026) , se non si sovrappone al tempo cronologico inevitabile il tempo psicologico illusorio, se non si proietta un\u2019immagine di se stessi, un\u2019immagine del passato, dunque un\u2019immagine morta, verso un futuro dove si sarebbe\u00a0 pi\u00f9 o meno ci\u00f2 che si era o ci\u00f2 che si crede di essere nel presente.<br \/>\nNon c\u2019\u00e8 futuro se non nel calendario, non lo si pu\u00f2 concepire che sotto questo angolo, perch\u00e9 altrimenti ci si trova in un vissuto conflittuale, un miraggio.<br \/>\nIl pensiero \u00e8 semplicemente una corrente secondaria dello stesso fiume. Energia che ha come funzione la\u00a0 conservazione dell\u2019organismo vivente.<\/p>\n","protected":false},"excerpt":{"rendered":"<p>Dall&#8217;archivio di 3millenaire a cura di L. Scalabrini. Non si tratta di sbarazzarsi del conosciuto con l\u2019esclusione, ma si tratta di comprenderlo totalmente, completamente solo, senza intermediario, onestamente. Con questa comprensione globale, senza concessione, c\u2019\u00e8 liberazione dal conosciuto; questo \u00e8 messo al suo giusto posto, non \u00e8 pi\u00f9 causa di conflitto. E\u2019 difficile realizzare che [&hellip;]<\/p>\n","protected":false},"author":1,"featured_media":0,"comment_status":"open","ping_status":"open","sticky":false,"template":"","format":"standard","meta":{"footnotes":""},"categories":[251],"tags":[118],"class_list":["post-2002","post","type-post","status-publish","format-standard","hentry","category-pascal-de-neufville","tag-ricerca-interiore"],"_links":{"self":[{"href":"https:\/\/www.revue3emillenaire.com\/it\/wp-json\/wp\/v2\/posts\/2002","targetHints":{"allow":["GET"]}}],"collection":[{"href":"https:\/\/www.revue3emillenaire.com\/it\/wp-json\/wp\/v2\/posts"}],"about":[{"href":"https:\/\/www.revue3emillenaire.com\/it\/wp-json\/wp\/v2\/types\/post"}],"author":[{"embeddable":true,"href":"https:\/\/www.revue3emillenaire.com\/it\/wp-json\/wp\/v2\/users\/1"}],"replies":[{"embeddable":true,"href":"https:\/\/www.revue3emillenaire.com\/it\/wp-json\/wp\/v2\/comments?post=2002"}],"version-history":[{"count":0,"href":"https:\/\/www.revue3emillenaire.com\/it\/wp-json\/wp\/v2\/posts\/2002\/revisions"}],"wp:attachment":[{"href":"https:\/\/www.revue3emillenaire.com\/it\/wp-json\/wp\/v2\/media?parent=2002"}],"wp:term":[{"taxonomy":"category","embeddable":true,"href":"https:\/\/www.revue3emillenaire.com\/it\/wp-json\/wp\/v2\/categories?post=2002"},{"taxonomy":"post_tag","embeddable":true,"href":"https:\/\/www.revue3emillenaire.com\/it\/wp-json\/wp\/v2\/tags?post=2002"}],"curies":[{"name":"wp","href":"https:\/\/api.w.org\/{rel}","templated":true}]}}