{"id":2294,"date":"2011-05-13T07:00:55","date_gmt":"2011-05-13T07:00:55","guid":{"rendered":"http:\/\/www.revue3emillenaire.com\/it\/?p=2294"},"modified":"2016-04-03T23:03:48","modified_gmt":"2016-04-03T23:03:48","slug":"il-segreto-delle-cose","status":"publish","type":"post","link":"https:\/\/www.revue3emillenaire.com\/it\/il-segreto-delle-cose\/","title":{"rendered":"Il segreto delle cose"},"content":{"rendered":"<p>dall\u2019archivio di 3millenaire,a cura di L. Scalabrini<\/p>\n<p>Le persone si rompono la testa<\/p>\n<p>per sapere perch\u00e9 e come<\/p>\n<p>le cose sono cos\u00ec.<\/p>\n<p>Passano tutto il tempo<\/p>\n<p>a domandarsi perch\u00e9<\/p>\n<p>sono cos\u00ec,<\/p>\n<p>perch\u00e9 fanno quello<\/p>\n<p>e non fanno questo.<\/p>\n<p>E si inquietano molto<\/p>\n<p>per sapere ci\u00f2 che saranno<\/p>\n<p>dopo la loro morte<\/p>\n<p>Perch\u00e9 e come?<\/p>\n<p>Anche i figli\u2026<\/p>\n<p>Perch\u00e9 pulcinella \u00e8 blu<\/p>\n<p>davanti e rosso dietro?<\/p>\n<p>Dietro \u00e8 tutto nero.<\/p>\n<p>Il blu e il rosso,<\/p>\n<p>non il contrario;<\/p>\n<p>la vita anche<\/p>\n<p>e i visi\u2026<\/p>\n<p>\u2014Ma perch\u00e9?<\/p>\n<p>Perch\u00e9 le cose<\/p>\n<p>che vivono non sono<\/p>\n<p>come le monete<\/p>\n<p>marcate dalle due parti?<\/p>\n<p>\u2014 Sono quello che sono,<\/p>\n<p>nel presente del tempo.<\/p>\n<p>Questo non pone mai domande<\/p>\n<p>sul presente. Perch\u00e9?<\/p>\n<p>Perch\u00e9 questo non \u00e8 mai<\/p>\n<p>del tutto arrivato,<\/p>\n<p>n\u00e9 del tutto passato \u2026<\/p>\n<p>ma no, perch\u00e9 niente\u2026<\/p>\n<p>Ma siete dunque morti<\/p>\n<p>o non ancora nati<\/p>\n<p>poich\u00e9 non sapete<\/p>\n<p>ci\u00f2 che \u00e8?<\/p>\n<p>Non sapete dunque<\/p>\n<p>ancora il segreto?<\/p>\n<p>\u2014 Il segreto?<\/p>\n<p>\u2014 Zitto! Il segreto delle cose<\/p>\n<p>che non hanno n\u00e9 perch\u00e9 n\u00e9 come,<\/p>\n<p>Il segreto delle cose che sono,<\/p>\n<p>cos\u00ec, semplicemente.<\/p>\n<p>Andr\u00e9 LEVEILLY<\/p>\n","protected":false},"excerpt":{"rendered":"<p>dall\u2019archivio di 3millenaire,a cura di L. Scalabrini Le persone si rompono la testa per sapere perch\u00e9 e come le cose sono cos\u00ec. Passano tutto il tempo a domandarsi perch\u00e9 sono cos\u00ec, perch\u00e9 fanno quello e non fanno questo. E si inquietano molto per sapere ci\u00f2 che saranno dopo la loro morte Perch\u00e9 e come? Anche [&hellip;]<\/p>\n","protected":false},"author":1,"featured_media":0,"comment_status":"open","ping_status":"open","sticky":false,"template":"","format":"standard","meta":{"footnotes":""},"categories":[1],"tags":[257],"class_list":["post-2294","post","type-post","status-publish","format-standard","hentry","category-senza-categoria","tag-poesia"],"_links":{"self":[{"href":"https:\/\/www.revue3emillenaire.com\/it\/wp-json\/wp\/v2\/posts\/2294","targetHints":{"allow":["GET"]}}],"collection":[{"href":"https:\/\/www.revue3emillenaire.com\/it\/wp-json\/wp\/v2\/posts"}],"about":[{"href":"https:\/\/www.revue3emillenaire.com\/it\/wp-json\/wp\/v2\/types\/post"}],"author":[{"embeddable":true,"href":"https:\/\/www.revue3emillenaire.com\/it\/wp-json\/wp\/v2\/users\/1"}],"replies":[{"embeddable":true,"href":"https:\/\/www.revue3emillenaire.com\/it\/wp-json\/wp\/v2\/comments?post=2294"}],"version-history":[{"count":0,"href":"https:\/\/www.revue3emillenaire.com\/it\/wp-json\/wp\/v2\/posts\/2294\/revisions"}],"wp:attachment":[{"href":"https:\/\/www.revue3emillenaire.com\/it\/wp-json\/wp\/v2\/media?parent=2294"}],"wp:term":[{"taxonomy":"category","embeddable":true,"href":"https:\/\/www.revue3emillenaire.com\/it\/wp-json\/wp\/v2\/categories?post=2294"},{"taxonomy":"post_tag","embeddable":true,"href":"https:\/\/www.revue3emillenaire.com\/it\/wp-json\/wp\/v2\/tags?post=2294"}],"curies":[{"name":"wp","href":"https:\/\/api.w.org\/{rel}","templated":true}]}}